{"id":45860,"date":"2026-09-03T18:00:29","date_gmt":"2026-09-03T16:00:29","guid":{"rendered":"https:\/\/www.atmosferamag.it\/?p=45860"},"modified":"2026-09-03T18:00:47","modified_gmt":"2026-09-03T16:00:47","slug":"matteo-terragni-matlight-milano-intervista","status":"publish","type":"post","link":"https:\/\/www.atmosferamag.it\/it\/matteo-terragni-matlight-milano-intervista\/","title":{"rendered":"Matteo Terragni e Matlight Milano: la visione imprenditoriale di un ex investitore finanziario diventato designer"},"content":{"rendered":"\t\t<div data-elementor-type=\"wp-post\" data-elementor-id=\"45860\" class=\"elementor elementor-45860 elementor-45834\" data-elementor-post-type=\"post\">\n\t\t\t\t\t\t<section class=\"elementor-section elementor-top-section elementor-element elementor-element-b08cc3b elementor-section-boxed elementor-section-height-default elementor-section-height-default\" data-id=\"b08cc3b\" data-element_type=\"section\" data-e-type=\"section\">\n\t\t\t\t\t\t<div class=\"elementor-container elementor-column-gap-default\">\n\t\t\t\t\t<div class=\"elementor-column elementor-col-100 elementor-top-column elementor-element elementor-element-99837cd\" data-id=\"99837cd\" data-element_type=\"column\" data-e-type=\"column\">\n\t\t\t<div class=\"elementor-widget-wrap elementor-element-populated\">\n\t\t\t\t\t\t<div class=\"elementor-element elementor-element-044e4d5 elementor-widget elementor-widget-text-editor\" data-id=\"044e4d5\" data-element_type=\"widget\" data-e-type=\"widget\" data-widget_type=\"text-editor.default\">\n\t\t\t\t<div class=\"elementor-widget-container\">\n\t\t\t\t\t\t\t\t\t<h6 style=\"font-weight: 400;\">Cover: Arcadia70 Duo<\/h6>\t\t\t\t\t\t\t\t<\/div>\n\t\t\t\t<\/div>\n\t\t\t\t<section class=\"elementor-section elementor-inner-section elementor-element elementor-element-73f33e6 elementor-section-boxed elementor-section-height-default elementor-section-height-default\" data-id=\"73f33e6\" data-element_type=\"section\" data-e-type=\"section\">\n\t\t\t\t\t\t<div class=\"elementor-container elementor-column-gap-no\">\n\t\t\t\t\t<div class=\"elementor-column elementor-col-50 elementor-inner-column elementor-element elementor-element-fd6bc89\" data-id=\"fd6bc89\" data-element_type=\"column\" data-e-type=\"column\">\n\t\t\t<div class=\"elementor-widget-wrap elementor-element-populated\">\n\t\t\t\t\t\t<div class=\"elementor-element elementor-element-8bab8d7 elementor-widget elementor-widget-text-editor\" data-id=\"8bab8d7\" data-element_type=\"widget\" data-e-type=\"widget\" data-widget_type=\"text-editor.default\">\n\t\t\t\t<div class=\"elementor-widget-container\">\n\t\t\t\t\t\t\t\t\t<p style=\"font-weight: 400;\">Pietre naturali, metalli preziosi e luce che si fondono in un unico oggetto. Questa la ricetta delle elegantissime lampade di <a href=\"https:\/\/matlight-milano.com\/\" target=\"_blank\" rel=\"noopener\"><strong><span style=\"text-decoration: underline;\">Matlight Milano<\/span><\/strong><\/a><strong>, marchio meneghino <\/strong>che ha fatto una <strong>sintesi tra alta qualit\u00e0<\/strong><strong>, produzione artigianale e forme geometriche, pure<\/strong> la sua bandiera. A tu per tu con il <strong>founder e CEO Matteo Terragn<\/strong>i abbiamo scoperto che ogni lampada pu\u00f2 essere considerata un pezzo unico, perch\u00e9 un taglio di <span style=\"text-decoration: underline;\"><a href=\"https:\/\/www.atmosferamag.it\/it\/lampade-di-marmo\/\" target=\"_blank\" rel=\"noopener\">onice o di alabastro<\/a><\/span> non sar\u00e0 mai uguale a nessun altro. \u00abAbbiamo l&#8217;ambizione di creare prodotti destinati a durare nel tempo sia nei materiali che nell&#8217;estetica\u00bb, scrive Terragni sulle pagine del sito. Una dichiarazione di intenti molto chiara e precisa, perseguita da oltre 10 anni con cura artigianale e con approccio imprenditoriale.<\/p>\t\t\t\t\t\t\t\t<\/div>\n\t\t\t\t<\/div>\n\t\t\t\t\t<\/div>\n\t\t<\/div>\n\t\t\t\t<div class=\"elementor-column elementor-col-50 elementor-inner-column elementor-element elementor-element-7db80cb\" data-id=\"7db80cb\" data-element_type=\"column\" data-e-type=\"column\">\n\t\t\t<div class=\"elementor-widget-wrap elementor-element-populated\">\n\t\t\t\t\t\t<div class=\"elementor-element elementor-element-220a2f2 elementor-widget elementor-widget-image\" data-id=\"220a2f2\" data-element_type=\"widget\" data-e-type=\"widget\" data-widget_type=\"image.default\">\n\t\t\t\t<div class=\"elementor-widget-container\">\n\t\t\t\t\t\t\t\t\t\t\t\t<figure class=\"wp-caption\">\n\t\t\t\t\t\t\t\t\t\t<img fetchpriority=\"high\" decoding=\"async\" width=\"768\" height=\"1024\" src=\"https:\/\/www.atmosferamag.it\/wp-content\/uploads\/2026\/09\/Matteo-Terragni_CEO_MATLIGHT_PORTRAITS_0328_HIGHRES-768x1024.jpg\" class=\"attachment-large size-large wp-image-45838\" alt=\"\" srcset=\"https:\/\/www.atmosferamag.it\/wp-content\/uploads\/2026\/09\/Matteo-Terragni_CEO_MATLIGHT_PORTRAITS_0328_HIGHRES-768x1024.jpg 768w, https:\/\/www.atmosferamag.it\/wp-content\/uploads\/2026\/09\/Matteo-Terragni_CEO_MATLIGHT_PORTRAITS_0328_HIGHRES-225x300.jpg 225w, https:\/\/www.atmosferamag.it\/wp-content\/uploads\/2026\/09\/Matteo-Terragni_CEO_MATLIGHT_PORTRAITS_0328_HIGHRES-1152x1536.jpg 1152w, https:\/\/www.atmosferamag.it\/wp-content\/uploads\/2026\/09\/Matteo-Terragni_CEO_MATLIGHT_PORTRAITS_0328_HIGHRES-1536x2048.jpg 1536w, https:\/\/www.atmosferamag.it\/wp-content\/uploads\/2026\/09\/Matteo-Terragni_CEO_MATLIGHT_PORTRAITS_0328_HIGHRES-scaled.jpg 1920w\" sizes=\"(max-width: 768px) 100vw, 768px\" \/>\t\t\t\t\t\t\t\t\t\t\t<figcaption class=\"widget-image-caption wp-caption-text\">Matteo Terragni, founder e CEO di Matlight Milano<\/figcaption>\n\t\t\t\t\t\t\t\t\t\t<\/figure>\n\t\t\t\t\t\t\t\t\t<\/div>\n\t\t\t\t<\/div>\n\t\t\t\t\t<\/div>\n\t\t<\/div>\n\t\t\t\t\t<\/div>\n\t\t<\/section>\n\t\t\t\t<section class=\"elementor-section elementor-inner-section elementor-element elementor-element-c33dac2 elementor-section-boxed elementor-section-height-default elementor-section-height-default\" data-id=\"c33dac2\" data-element_type=\"section\" data-e-type=\"section\">\n\t\t\t\t\t\t<div class=\"elementor-container elementor-column-gap-no\">\n\t\t\t\t\t<div class=\"elementor-column elementor-col-50 elementor-inner-column elementor-element elementor-element-703e94d\" data-id=\"703e94d\" data-element_type=\"column\" data-e-type=\"column\">\n\t\t\t<div class=\"elementor-widget-wrap elementor-element-populated\">\n\t\t\t\t\t\t<div class=\"elementor-element elementor-element-9976364 elementor-widget elementor-widget-text-editor\" data-id=\"9976364\" data-element_type=\"widget\" data-e-type=\"widget\" data-widget_type=\"text-editor.default\">\n\t\t\t\t<div class=\"elementor-widget-container\">\n\t\t\t\t\t\t\t\t\t<p style=\"font-weight: 400;\"><strong>Qual \u00e8 il suo background professionale e come \u00e8 nata Matlight Milano?<\/strong><\/p><p style=\"font-weight: 400;\">\u00abDopo diversi anni trascorsi nel settore finanziario, lavorando per banche d\u2019investimento internazionali e occupandomi di progetti di internazionalizzazione per aziende italiane, ho sentito l\u2019esigenza di trasformare una passione coltivata da sempre in un progetto imprenditoriale. Il design, e in particolare il rapporto tra materia e luce, mi ha sempre affascinato. <strong>Nel 2014 ho fondato Matlight Milano con l\u2019obiettivo di creare un marchio artigianale capace di proporre un approccio originale all\u2019illuminazione decorativa<\/strong>. L\u2019idea era quella di <strong>mettere al centro materiali naturali come alabastro, onice e selenite<\/strong>, valorizzandone le caratteristiche attraverso la luce e creando oggetti dal forte contenuto materico ed emozionale\u00bb.<\/p>\t\t\t\t\t\t\t\t<\/div>\n\t\t\t\t<\/div>\n\t\t\t\t\t<\/div>\n\t\t<\/div>\n\t\t\t\t<div class=\"elementor-column elementor-col-50 elementor-inner-column elementor-element elementor-element-9938309\" data-id=\"9938309\" data-element_type=\"column\" data-e-type=\"column\">\n\t\t\t<div class=\"elementor-widget-wrap elementor-element-populated\">\n\t\t\t\t\t\t<div class=\"elementor-element elementor-element-231b33e elementor-widget elementor-widget-image\" data-id=\"231b33e\" data-element_type=\"widget\" data-e-type=\"widget\" data-widget_type=\"image.default\">\n\t\t\t\t<div class=\"elementor-widget-container\">\n\t\t\t\t\t\t\t\t\t\t\t\t<figure class=\"wp-caption\">\n\t\t\t\t\t\t\t\t\t\t<img decoding=\"async\" width=\"683\" height=\"1024\" src=\"https:\/\/www.atmosferamag.it\/wp-content\/uploads\/2026\/09\/Matlight-wall-sconce-stick-amethyst-brass-06-683x1024.jpg\" class=\"attachment-large size-large wp-image-45843\" alt=\"\" srcset=\"https:\/\/www.atmosferamag.it\/wp-content\/uploads\/2026\/09\/Matlight-wall-sconce-stick-amethyst-brass-06-683x1024.jpg 683w, https:\/\/www.atmosferamag.it\/wp-content\/uploads\/2026\/09\/Matlight-wall-sconce-stick-amethyst-brass-06-200x300.jpg 200w, https:\/\/www.atmosferamag.it\/wp-content\/uploads\/2026\/09\/Matlight-wall-sconce-stick-amethyst-brass-06-768x1152.jpg 768w, https:\/\/www.atmosferamag.it\/wp-content\/uploads\/2026\/09\/Matlight-wall-sconce-stick-amethyst-brass-06-1024x1536.jpg 1024w, https:\/\/www.atmosferamag.it\/wp-content\/uploads\/2026\/09\/Matlight-wall-sconce-stick-amethyst-brass-06-1366x2048.jpg 1366w, https:\/\/www.atmosferamag.it\/wp-content\/uploads\/2026\/09\/Matlight-wall-sconce-stick-amethyst-brass-06-scaled.jpg 1707w\" sizes=\"(max-width: 683px) 100vw, 683px\" \/>\t\t\t\t\t\t\t\t\t\t\t<figcaption class=\"widget-image-caption wp-caption-text\">Stick Elite<\/figcaption>\n\t\t\t\t\t\t\t\t\t\t<\/figure>\n\t\t\t\t\t\t\t\t\t<\/div>\n\t\t\t\t<\/div>\n\t\t\t\t\t<\/div>\n\t\t<\/div>\n\t\t\t\t\t<\/div>\n\t\t<\/section>\n\t\t\t\t<div class=\"elementor-element elementor-element-91393e6 elementor-widget elementor-widget-text-editor\" data-id=\"91393e6\" data-element_type=\"widget\" data-e-type=\"widget\" data-widget_type=\"text-editor.default\">\n\t\t\t\t<div class=\"elementor-widget-container\">\n\t\t\t\t\t\t\t\t\t<p style=\"font-weight: 400;\"><strong>Quali sono i punti di forza del brand e la sua unicit\u00e0?<\/strong><\/p><p style=\"font-weight: 400;\">\u00abL\u2019unicit\u00e0 di Matlight Milano risiede proprio nell\u2019<strong>incontro tra pietra e luce<\/strong>. Ogni collezione nasce dall\u2019osservazione di come la luce attraversa, riflette o esalta le caratteristiche di materiali naturali come alabastro, onice e selenite. <strong>La pietra<\/strong> non \u00e8 un semplice elemento decorativo, ma il <strong>punto di partenza del progetto<\/strong>. Le sue venature, trasparenze e variazioni cromatiche rendono ogni pezzo irripetibile e contribuiscono a creare atmosfere uniche. Non a caso il nostro motto \u00e8:\u00a0<strong>\u201cStone Meets Light\u201d<\/strong>\u00bb.<\/p>\t\t\t\t\t\t\t\t<\/div>\n\t\t\t\t<\/div>\n\t\t\t\t<div class=\"elementor-element elementor-element-3250691 elementor-widget elementor-widget-text-editor\" data-id=\"3250691\" data-element_type=\"widget\" data-e-type=\"widget\" data-widget_type=\"text-editor.default\">\n\t\t\t\t<div class=\"elementor-widget-container\">\n\t\t\t\t\t\t\t\t\t<p style=\"font-weight: 400;\"><strong>La produzione delle lampade Matlight Milano \u00e8 interamente artigianale. A chi vi rivolgete per le lavorazioni?<\/strong><\/p><p style=\"font-weight: 400;\">\u00abCollaboriamo con una rete consolidata di <strong>artigiani specializzati tra Milano e la Lombardia<\/strong>, ciascuno <strong>con competenze specifiche nella lavorazione dei metalli e della pietra naturale<\/strong>. La realizzazione di una lampada Matlight coinvolge processi diversi che spaziano dalla lavorazione dell\u2019ottone \u2013 tornitura, piegatura, saldatura e finitura galvanica \u2013 fino alle tecnologie pi\u00f9 avanzate per la lavorazione della pietra, come il taglio a getto d\u2019acqua e le lavorazioni su macchine CNC a cinque assi. Questa sinergia tra sapere artigianale e tecnologia ci consente di mantenere un elevato livello qualitativo e una grande flessibilit\u00e0 progettuale\u00bb.<\/p>\t\t\t\t\t\t\t\t<\/div>\n\t\t\t\t<\/div>\n\t\t\t\t<div class=\"elementor-element elementor-element-884178f elementor-widget elementor-widget-image\" data-id=\"884178f\" data-element_type=\"widget\" data-e-type=\"widget\" data-widget_type=\"image.default\">\n\t\t\t\t<div class=\"elementor-widget-container\">\n\t\t\t\t\t\t\t\t\t\t\t\t<figure class=\"wp-caption\">\n\t\t\t\t\t\t\t\t\t\t<img decoding=\"async\" width=\"800\" height=\"534\" src=\"https:\/\/www.atmosferamag.it\/wp-content\/uploads\/2026\/09\/10-1024x683.jpg\" class=\"attachment-large size-large wp-image-45845\" alt=\"\" srcset=\"https:\/\/www.atmosferamag.it\/wp-content\/uploads\/2026\/09\/10-1024x683.jpg 1024w, https:\/\/www.atmosferamag.it\/wp-content\/uploads\/2026\/09\/10-300x200.jpg 300w, https:\/\/www.atmosferamag.it\/wp-content\/uploads\/2026\/09\/10-768x512.jpg 768w, https:\/\/www.atmosferamag.it\/wp-content\/uploads\/2026\/09\/10-1536x1025.jpg 1536w, https:\/\/www.atmosferamag.it\/wp-content\/uploads\/2026\/09\/10.jpg 2048w\" sizes=\"(max-width: 800px) 100vw, 800px\" \/>\t\t\t\t\t\t\t\t\t\t\t<figcaption class=\"widget-image-caption wp-caption-text\">Officine Profumarie Satinine Milano<\/figcaption>\n\t\t\t\t\t\t\t\t\t\t<\/figure>\n\t\t\t\t\t\t\t\t\t<\/div>\n\t\t\t\t<\/div>\n\t\t\t\t<section class=\"elementor-section elementor-inner-section elementor-element elementor-element-752c83e elementor-section-boxed elementor-section-height-default elementor-section-height-default\" data-id=\"752c83e\" data-element_type=\"section\" data-e-type=\"section\">\n\t\t\t\t\t\t<div class=\"elementor-container elementor-column-gap-no\">\n\t\t\t\t\t<div class=\"elementor-column elementor-col-50 elementor-inner-column elementor-element elementor-element-2309314\" data-id=\"2309314\" data-element_type=\"column\" data-e-type=\"column\">\n\t\t\t<div class=\"elementor-widget-wrap elementor-element-populated\">\n\t\t\t\t\t\t<div class=\"elementor-element elementor-element-ae69aba elementor-widget elementor-widget-text-editor\" data-id=\"ae69aba\" data-element_type=\"widget\" data-e-type=\"widget\" data-widget_type=\"text-editor.default\">\n\t\t\t\t<div class=\"elementor-widget-container\">\n\t\t\t\t\t\t\t\t\t<p style=\"font-weight: 400;\"><strong>Chi disegna le lampade? Avete un ufficio stile interno?<\/strong><\/p><p style=\"font-weight: 400;\">\u00ab<strong>La maggior parte<\/strong> delle collezioni presenti oggi a catalogo \u00e8 stata <strong>progettata e sviluppata direttamente da me<\/strong>. Seguo personalmente l\u2019intero processo creativo, dall\u2019idea iniziale fino alla prototipazione. Parallelamente, Matlight Milano collabora regolarmente con <strong>architetti e designer, sia per personalizzare modelli esistenti sia per sviluppare nuovi prodotti<\/strong>. Alcune collaborazioni sono sfociate in vere e proprie collezioni entrate stabilmente nel catalogo, come quelle realizzate con Droulers Architecture, Ekaterina Elizarova e LC Atelier. Recentemente abbiamo inoltre avviato una <strong>nuova collaborazione con la designer Mara Bragagnolo, autrice del concept dello showroom <\/strong><span style=\"text-decoration: underline;\"><a href=\"https:\/\/www.atmosferamag.it\/it\/officine-profumarie-satinine-milano-luce\/\" target=\"_blank\" rel=\"noopener\"><strong>Officine Profumarie Satinine Milano<\/strong><\/a><\/span>, con la quale stiamo sviluppando una nuova collezione che verr\u00e0 presentata nei prossimi mesi\u00bb.<\/p>\t\t\t\t\t\t\t\t<\/div>\n\t\t\t\t<\/div>\n\t\t\t\t\t<\/div>\n\t\t<\/div>\n\t\t\t\t<div class=\"elementor-column elementor-col-50 elementor-inner-column elementor-element elementor-element-2a8d593\" data-id=\"2a8d593\" data-element_type=\"column\" data-e-type=\"column\">\n\t\t\t<div class=\"elementor-widget-wrap elementor-element-populated\">\n\t\t\t\t\t\t<div class=\"elementor-element elementor-element-d214e26 elementor-widget elementor-widget-image\" data-id=\"d214e26\" data-element_type=\"widget\" data-e-type=\"widget\" data-widget_type=\"image.default\">\n\t\t\t\t<div class=\"elementor-widget-container\">\n\t\t\t\t\t\t\t\t\t\t\t\t<figure class=\"wp-caption\">\n\t\t\t\t\t\t\t\t\t\t<img loading=\"lazy\" decoding=\"async\" width=\"765\" height=\"1024\" src=\"https:\/\/www.atmosferamag.it\/wp-content\/uploads\/2026\/09\/Arcadia70-Solo-Ambientata-Dettaglio-dett2-765x1024.jpg\" class=\"attachment-large size-large wp-image-45847\" alt=\"\" srcset=\"https:\/\/www.atmosferamag.it\/wp-content\/uploads\/2026\/09\/Arcadia70-Solo-Ambientata-Dettaglio-dett2-765x1024.jpg 765w, https:\/\/www.atmosferamag.it\/wp-content\/uploads\/2026\/09\/Arcadia70-Solo-Ambientata-Dettaglio-dett2-224x300.jpg 224w, https:\/\/www.atmosferamag.it\/wp-content\/uploads\/2026\/09\/Arcadia70-Solo-Ambientata-Dettaglio-dett2-768x1029.jpg 768w, https:\/\/www.atmosferamag.it\/wp-content\/uploads\/2026\/09\/Arcadia70-Solo-Ambientata-Dettaglio-dett2-1147x1536.jpg 1147w, https:\/\/www.atmosferamag.it\/wp-content\/uploads\/2026\/09\/Arcadia70-Solo-Ambientata-Dettaglio-dett2-1529x2048.jpg 1529w, https:\/\/www.atmosferamag.it\/wp-content\/uploads\/2026\/09\/Arcadia70-Solo-Ambientata-Dettaglio-dett2-scaled.jpg 1911w\" sizes=\"(max-width: 765px) 100vw, 765px\" \/>\t\t\t\t\t\t\t\t\t\t\t<figcaption class=\"widget-image-caption wp-caption-text\">Arcadia70 Solo<\/figcaption>\n\t\t\t\t\t\t\t\t\t\t<\/figure>\n\t\t\t\t\t\t\t\t\t<\/div>\n\t\t\t\t<\/div>\n\t\t\t\t\t<\/div>\n\t\t<\/div>\n\t\t\t\t\t<\/div>\n\t\t<\/section>\n\t\t\t\t<section class=\"elementor-section elementor-inner-section elementor-element elementor-element-b9accfd elementor-section-boxed elementor-section-height-default elementor-section-height-default\" data-id=\"b9accfd\" data-element_type=\"section\" data-e-type=\"section\">\n\t\t\t\t\t\t<div class=\"elementor-container elementor-column-gap-no\">\n\t\t\t\t\t<div class=\"elementor-column elementor-col-50 elementor-inner-column elementor-element elementor-element-b4fe3b1\" data-id=\"b4fe3b1\" data-element_type=\"column\" data-e-type=\"column\">\n\t\t\t<div class=\"elementor-widget-wrap elementor-element-populated\">\n\t\t\t\t\t\t<div class=\"elementor-element elementor-element-ed80d0a elementor-widget elementor-widget-text-editor\" data-id=\"ed80d0a\" data-element_type=\"widget\" data-e-type=\"widget\" data-widget_type=\"text-editor.default\">\n\t\t\t\t<div class=\"elementor-widget-container\">\n\t\t\t\t\t\t\t\t\t<p style=\"font-weight: 400;\"><strong>A chi vi rivolgete principalmente? Dove si possono vedere e acquistare le vostre creazioni?<\/strong><\/p><p style=\"font-weight: 400;\">\u00abIl nostro interlocutore principale \u00e8 rappresentato dagli studi di architettura e interior design internazionali che selezionano i nostri prodotti per progetti residenziali, hospitality e contract di alto livello. Riceviamo comunque anche richieste dirette da parte di clienti privati alla ricerca di pezzi distintivi e altamente personalizzabili. Dal punto di vista commerciale operiamo sia direttamente sia attraverso piattaforme internazionali di riferimento nel settore del design e del lusso, come 1stDibs e Artemest, che contribuiscono a dare visibilit\u00e0 alle nostre collezioni soprattutto sul mercato statunitense\u00bb.<\/p>\t\t\t\t\t\t\t\t<\/div>\n\t\t\t\t<\/div>\n\t\t\t\t\t<\/div>\n\t\t<\/div>\n\t\t\t\t<div class=\"elementor-column elementor-col-50 elementor-inner-column elementor-element elementor-element-86d52c9\" data-id=\"86d52c9\" data-element_type=\"column\" data-e-type=\"column\">\n\t\t\t<div class=\"elementor-widget-wrap elementor-element-populated\">\n\t\t\t\t\t\t<div class=\"elementor-element elementor-element-ede3a39 elementor-widget elementor-widget-image\" data-id=\"ede3a39\" data-element_type=\"widget\" data-e-type=\"widget\" data-widget_type=\"image.default\">\n\t\t\t\t<div class=\"elementor-widget-container\">\n\t\t\t\t\t\t\t\t\t\t\t\t<figure class=\"wp-caption\">\n\t\t\t\t\t\t\t\t\t\t<img loading=\"lazy\" decoding=\"async\" width=\"800\" height=\"800\" src=\"https:\/\/www.atmosferamag.it\/wp-content\/uploads\/2026\/09\/2_Matlight-Milano_Fungotto_Nickel_Lifestyle-dett-1024x1024.jpg\" class=\"attachment-large size-large wp-image-45849\" alt=\"\" srcset=\"https:\/\/www.atmosferamag.it\/wp-content\/uploads\/2026\/09\/2_Matlight-Milano_Fungotto_Nickel_Lifestyle-dett-1024x1024.jpg 1024w, https:\/\/www.atmosferamag.it\/wp-content\/uploads\/2026\/09\/2_Matlight-Milano_Fungotto_Nickel_Lifestyle-dett-300x300.jpg 300w, https:\/\/www.atmosferamag.it\/wp-content\/uploads\/2026\/09\/2_Matlight-Milano_Fungotto_Nickel_Lifestyle-dett-150x150.jpg 150w, https:\/\/www.atmosferamag.it\/wp-content\/uploads\/2026\/09\/2_Matlight-Milano_Fungotto_Nickel_Lifestyle-dett-768x768.jpg 768w, https:\/\/www.atmosferamag.it\/wp-content\/uploads\/2026\/09\/2_Matlight-Milano_Fungotto_Nickel_Lifestyle-dett-1536x1536.jpg 1536w, https:\/\/www.atmosferamag.it\/wp-content\/uploads\/2026\/09\/2_Matlight-Milano_Fungotto_Nickel_Lifestyle-dett-2048x2048.jpg 2048w, https:\/\/www.atmosferamag.it\/wp-content\/uploads\/2026\/09\/2_Matlight-Milano_Fungotto_Nickel_Lifestyle-dett-500x500.jpg 500w\" sizes=\"(max-width: 800px) 100vw, 800px\" \/>\t\t\t\t\t\t\t\t\t\t\t<figcaption class=\"widget-image-caption wp-caption-text\">Fungotto Nickel<\/figcaption>\n\t\t\t\t\t\t\t\t\t\t<\/figure>\n\t\t\t\t\t\t\t\t\t<\/div>\n\t\t\t\t<\/div>\n\t\t\t\t\t<\/div>\n\t\t<\/div>\n\t\t\t\t\t<\/div>\n\t\t<\/section>\n\t\t\t\t<section class=\"elementor-section elementor-inner-section elementor-element elementor-element-e70257c elementor-section-boxed elementor-section-height-default elementor-section-height-default\" data-id=\"e70257c\" data-element_type=\"section\" data-e-type=\"section\">\n\t\t\t\t\t\t<div class=\"elementor-container elementor-column-gap-no\">\n\t\t\t\t\t<div class=\"elementor-column elementor-col-50 elementor-inner-column elementor-element elementor-element-9fb186e\" data-id=\"9fb186e\" data-element_type=\"column\" data-e-type=\"column\">\n\t\t\t<div class=\"elementor-widget-wrap elementor-element-populated\">\n\t\t\t\t\t\t<div class=\"elementor-element elementor-element-cfa64fb elementor-widget elementor-widget-text-editor\" data-id=\"cfa64fb\" data-element_type=\"widget\" data-e-type=\"widget\" data-widget_type=\"text-editor.default\">\n\t\t\t\t<div class=\"elementor-widget-container\">\n\t\t\t\t\t\t\t\t\t<p style=\"font-weight: 400;\"><strong>Matlight Milano \u00e8 specializzata nella progettazione di lampade custom per progetti high-end. Che tipo di supporto date ad architetti e interior designer? Quali sono i progetti di cui andate pi\u00f9 orgogliosi?<\/strong><\/p><p style=\"font-weight: 400;\">\u00abNel corso degli anni<strong> abbiamo realizzato numerosi progetti su misura per studi di architettura, gallerie di design e marchi internazionali<\/strong>. <strong>Oggi<\/strong> abbiamo scelto di concentrare le nostre energie principalmente sullo <strong>sviluppo del brand e delle collezioni Matlight,<\/strong> mantenendo per\u00f2 un elevato grado di personalizzazione dei modelli a catalogo. Supportiamo architetti e interior designer nella scelta di materiali, finiture, dimensioni e soluzioni illuminotecniche, affinch\u00e9 ogni prodotto possa integrarsi perfettamente nel progetto. Tra le realizzazioni di cui andiamo particolarmente orgogliosi fmi piace citare il Carlton Hotel di St. Moritz, dove le nostre applique Grand Stick personalizzate illuminano il ristorante principale; la nuova sede di Morgan Stanley a Parigi, per la quale sono state selezionate le applique Stick; la Caviar House a Londra, con l\u2019installazione delle Grand Stick nella sala principale; i Conrad Algarve Luxury Apartments in Portogallo, dove i pendenti Selene e le lampade da tavolo Funghetto arredano gli appartamenti; la Royal Mansour di Casablanca, con diverse installazioni delle collezioni Stick e Levante\u00bb.<\/p>\t\t\t\t\t\t\t\t<\/div>\n\t\t\t\t<\/div>\n\t\t\t\t\t<\/div>\n\t\t<\/div>\n\t\t\t\t<div class=\"elementor-column elementor-col-50 elementor-inner-column elementor-element elementor-element-9c5d414\" data-id=\"9c5d414\" data-element_type=\"column\" data-e-type=\"column\">\n\t\t\t<div class=\"elementor-widget-wrap elementor-element-populated\">\n\t\t\t\t\t\t<div class=\"elementor-element elementor-element-b2a57a9 elementor-widget elementor-widget-image\" data-id=\"b2a57a9\" data-element_type=\"widget\" data-e-type=\"widget\" data-widget_type=\"image.default\">\n\t\t\t\t<div class=\"elementor-widget-container\">\n\t\t\t\t\t\t\t\t\t\t\t\t<figure class=\"wp-caption\">\n\t\t\t\t\t\t\t\t\t\t<img loading=\"lazy\" decoding=\"async\" width=\"800\" height=\"949\" src=\"https:\/\/www.atmosferamag.it\/wp-content\/uploads\/2026\/09\/14_Matlight-Milano_Funghetto-B_Nickel_Lifestyle_dett-863x1024.jpg\" class=\"attachment-large size-large wp-image-45841\" alt=\"\" srcset=\"https:\/\/www.atmosferamag.it\/wp-content\/uploads\/2026\/09\/14_Matlight-Milano_Funghetto-B_Nickel_Lifestyle_dett-863x1024.jpg 863w, https:\/\/www.atmosferamag.it\/wp-content\/uploads\/2026\/09\/14_Matlight-Milano_Funghetto-B_Nickel_Lifestyle_dett-253x300.jpg 253w, https:\/\/www.atmosferamag.it\/wp-content\/uploads\/2026\/09\/14_Matlight-Milano_Funghetto-B_Nickel_Lifestyle_dett-768x911.jpg 768w, https:\/\/www.atmosferamag.it\/wp-content\/uploads\/2026\/09\/14_Matlight-Milano_Funghetto-B_Nickel_Lifestyle_dett-1295x1536.jpg 1295w, https:\/\/www.atmosferamag.it\/wp-content\/uploads\/2026\/09\/14_Matlight-Milano_Funghetto-B_Nickel_Lifestyle_dett-1726x2048.jpg 1726w\" sizes=\"(max-width: 800px) 100vw, 800px\" \/>\t\t\t\t\t\t\t\t\t\t\t<figcaption class=\"widget-image-caption wp-caption-text\">Funghetto Nickel<\/figcaption>\n\t\t\t\t\t\t\t\t\t\t<\/figure>\n\t\t\t\t\t\t\t\t\t<\/div>\n\t\t\t\t<\/div>\n\t\t\t\t\t<\/div>\n\t\t<\/div>\n\t\t\t\t\t<\/div>\n\t\t<\/section>\n\t\t\t\t<section class=\"elementor-section elementor-inner-section elementor-element elementor-element-5c99c4b elementor-section-boxed elementor-section-height-default elementor-section-height-default\" data-id=\"5c99c4b\" data-element_type=\"section\" data-e-type=\"section\">\n\t\t\t\t\t\t<div class=\"elementor-container elementor-column-gap-no\">\n\t\t\t\t\t<div class=\"elementor-column elementor-col-50 elementor-inner-column elementor-element elementor-element-8caf23c\" data-id=\"8caf23c\" data-element_type=\"column\" data-e-type=\"column\">\n\t\t\t<div class=\"elementor-widget-wrap elementor-element-populated\">\n\t\t\t\t\t\t<div class=\"elementor-element elementor-element-21fbb76 elementor-widget elementor-widget-text-editor\" data-id=\"21fbb76\" data-element_type=\"widget\" data-e-type=\"widget\" data-widget_type=\"text-editor.default\">\n\t\t\t\t<div class=\"elementor-widget-container\">\n\t\t\t\t\t\t\t\t\t<p style=\"font-weight: 400;\"><strong>Quali novit\u00e0 avete presentato allo scorso Fuorisalone e in che direzione sta andando la vostra ricerca?<\/strong><\/p><p style=\"font-weight: 400;\">\u00abIn occasione dell\u2019ultimo Fuorisalone abbiamo presentato Arcadia 70, una nuova lampada da tavolo in alabastro e nichel satinato disponibile nelle versioni Solo e Duo. Il progetto si ispira alle forme morbide e scultoree del design degli anni Settanta, reinterpretate attraverso un linguaggio contemporaneo e integrate con soluzioni tecnologiche come il comando touch. <span lang=\"it\">Abbiamo inoltre introdotto il nickel satinato all\u2019interno della nostra gamma di finiture, applicandolo ad alcuni dei nostri modelli pi\u00f9 iconici, tra cui Funghetto, Fungotto, Stick e Grand Stick. Una scelta che riflette la volont\u00e0 di esplorare nuovi linguaggi estetici mantenendo invariata l\u2019identit\u00e0 materica del brand\u00bb.<\/span><\/p>\t\t\t\t\t\t\t\t<\/div>\n\t\t\t\t<\/div>\n\t\t\t\t\t<\/div>\n\t\t<\/div>\n\t\t\t\t<div class=\"elementor-column elementor-col-50 elementor-inner-column elementor-element elementor-element-cc4ab7f\" data-id=\"cc4ab7f\" data-element_type=\"column\" data-e-type=\"column\">\n\t\t\t<div class=\"elementor-widget-wrap elementor-element-populated\">\n\t\t\t\t\t\t<div class=\"elementor-element elementor-element-1ba674a elementor-widget elementor-widget-image\" data-id=\"1ba674a\" data-element_type=\"widget\" data-e-type=\"widget\" data-widget_type=\"image.default\">\n\t\t\t\t<div class=\"elementor-widget-container\">\n\t\t\t\t\t\t\t\t\t\t\t\t<figure class=\"wp-caption\">\n\t\t\t\t\t\t\t\t\t\t<img loading=\"lazy\" decoding=\"async\" width=\"768\" height=\"1024\" src=\"https:\/\/www.atmosferamag.it\/wp-content\/uploads\/2026\/09\/Matlight-wall-sconce-stick-sodalite-brass-03-768x1024.jpg\" class=\"attachment-large size-large wp-image-45856\" alt=\"\" srcset=\"https:\/\/www.atmosferamag.it\/wp-content\/uploads\/2026\/09\/Matlight-wall-sconce-stick-sodalite-brass-03-768x1024.jpg 768w, https:\/\/www.atmosferamag.it\/wp-content\/uploads\/2026\/09\/Matlight-wall-sconce-stick-sodalite-brass-03-225x300.jpg 225w, https:\/\/www.atmosferamag.it\/wp-content\/uploads\/2026\/09\/Matlight-wall-sconce-stick-sodalite-brass-03-1152x1536.jpg 1152w, https:\/\/www.atmosferamag.it\/wp-content\/uploads\/2026\/09\/Matlight-wall-sconce-stick-sodalite-brass-03-1536x2048.jpg 1536w, https:\/\/www.atmosferamag.it\/wp-content\/uploads\/2026\/09\/Matlight-wall-sconce-stick-sodalite-brass-03-scaled.jpg 1920w\" sizes=\"(max-width: 768px) 100vw, 768px\" \/>\t\t\t\t\t\t\t\t\t\t\t<figcaption class=\"widget-image-caption wp-caption-text\">Stick Elite<\/figcaption>\n\t\t\t\t\t\t\t\t\t\t<\/figure>\n\t\t\t\t\t\t\t\t\t<\/div>\n\t\t\t\t<\/div>\n\t\t\t\t\t<\/div>\n\t\t<\/div>\n\t\t\t\t\t<\/div>\n\t\t<\/section>\n\t\t\t\t<div class=\"elementor-element elementor-element-18ff677 elementor-widget elementor-widget-text-editor\" data-id=\"18ff677\" data-element_type=\"widget\" data-e-type=\"widget\" data-widget_type=\"text-editor.default\">\n\t\t\t\t<div class=\"elementor-widget-container\">\n\t\t\t\t\t\t\t\t\t<p style=\"font-weight: 400;\"><strong>Dove volete arrivare? Qual \u00e8 la vostra visione futura? State lavorando a progetti particolari? Pensate di aprire uno showroom a Milano?<\/strong><\/p><p style=\"font-weight: 400;\">\u00abLa nostra visione \u00e8 continuare a <strong>consolidare il posizionamento di Matlight Milano come marchio di riferimento nel settore dell\u2019illuminazione decorativa artigianale<\/strong>, sia in Italia sia sui mercati internazionali. Vogliamo <strong>crescere senza rinunciare ai valori che ci contraddistinguono<\/strong>: qualit\u00e0 dei materiali, attenzione ai dettagli, lavorazione artigianale e capacit\u00e0 di personalizzazione. Parallelamente stiamo investendo nell\u2019ottimizzazione dei processi produttivi per rispondere in modo sempre pi\u00f9 efficiente alla crescente domanda proveniente dal mercato internazionale. Per quanto riguarda uno <span style=\"text-decoration: underline;\"><a href=\"https:\/\/www.atmosferamag.it\/it\/flagship-venini-nemo-fontanaarte-milano\/\" target=\"_blank\" rel=\"noopener\">showroom monomarca a Milano<\/a><\/span>, \u00e8 certamente una possibilit\u00e0 che consideriamo per il futuro. Oggi, tuttavia, la nostra priorit\u00e0 \u00e8 continuare a sviluppare il prodotto e rafforzare la presenza del brand attraverso collaborazioni strategiche e progetti di alto profilo\u00bb.<\/p>\t\t\t\t\t\t\t\t<\/div>\n\t\t\t\t<\/div>\n\t\t\t\t\t<\/div>\n\t\t<\/div>\n\t\t\t\t\t<\/div>\n\t\t<\/section>\n\t\t\t\t<\/div>\n\t\t","protected":false},"excerpt":{"rendered":"<p>Quattro chiacchiere con il fondatore della realt\u00e0 tutta italiana che crea lampade high-end decorative dal gusto contemporaneo, che utilizza materie eccezionali e tecniche di alto artigianato.<\/p>\n","protected":false},"author":8,"featured_media":45870,"comment_status":"closed","ping_status":"closed","sticky":false,"template":"","format":"standard","meta":{"footnotes":""},"categories":[38,39],"tags":[],"class_list":["post-45860","post","type-post","status-publish","format-standard","has-post-thumbnail","hentry","category-editorial","category-stories"],"yoast_head":"<!-- This site is optimized with the Yoast SEO plugin v27.7 - https:\/\/yoast.com\/product\/yoast-seo-wordpress\/ -->\n<title>Intervista a Matteo Terragni, founder e CEO di Matlight Milano | Atmosfera Mag<\/title>\n<meta name=\"description\" content=\"Matteo Terragni racconta la nascita di Matlight Milano, il dialogo tra pietra e luce, la produzione artigianale e il futuro del brand di lampade high-end.\" \/>\n<meta name=\"robots\" content=\"index, follow, max-snippet:-1, max-image-preview:large, max-video-preview:-1\" \/>\n<link rel=\"canonical\" href=\"https:\/\/www.atmosferamag.it\/it\/matteo-terragni-matlight-milano-intervista\/\" \/>\n<meta property=\"og:locale\" content=\"it_IT\" \/>\n<meta property=\"og:type\" content=\"article\" \/>\n<meta property=\"og:title\" content=\"Intervista a Matteo Terragni, founder e CEO di Matlight Milano | Atmosfera Mag\" \/>\n<meta property=\"og:description\" content=\"Matteo Terragni racconta la nascita di Matlight Milano, il dialogo tra pietra e luce, la produzione artigianale e il futuro del brand di lampade high-end.\" \/>\n<meta property=\"og:url\" content=\"https:\/\/www.atmosferamag.it\/it\/matteo-terragni-matlight-milano-intervista\/\" \/>\n<meta property=\"og:site_name\" content=\"Atmosfera Mag\" \/>\n<meta property=\"article:publisher\" content=\"https:\/\/www.facebook.com\/people\/Atmosfera-Mag\/100086538670476\/\" \/>\n<meta property=\"article:published_time\" content=\"2026-09-03T16:00:29+00:00\" \/>\n<meta property=\"article:modified_time\" content=\"2026-09-03T16:00:47+00:00\" \/>\n<meta property=\"og:image\" content=\"https:\/\/www.atmosferamag.it\/wp-content\/uploads\/2026\/09\/cover.jpg\" \/>\n\t<meta property=\"og:image:width\" content=\"1200\" \/>\n\t<meta property=\"og:image:height\" content=\"627\" \/>\n\t<meta property=\"og:image:type\" content=\"image\/jpeg\" \/>\n<meta name=\"author\" content=\"Francesca Tagliabue\" \/>\n<meta name=\"twitter:card\" content=\"summary_large_image\" \/>\n<meta name=\"twitter:label1\" content=\"Scritto da\" \/>\n\t<meta name=\"twitter:data1\" content=\"Francesca Tagliabue\" \/>\n\t<meta name=\"twitter:label2\" content=\"Tempo di lettura stimato\" \/>\n\t<meta name=\"twitter:data2\" content=\"7 minuti\" \/>\n<script type=\"application\/ld+json\" class=\"yoast-schema-graph\">{\"@context\":\"https:\\\/\\\/schema.org\",\"@graph\":[{\"@type\":\"Article\",\"@id\":\"https:\\\/\\\/www.atmosferamag.it\\\/it\\\/matteo-terragni-matlight-milano-intervista\\\/#article\",\"isPartOf\":{\"@id\":\"https:\\\/\\\/www.atmosferamag.it\\\/it\\\/matteo-terragni-matlight-milano-intervista\\\/\"},\"author\":{\"name\":\"Francesca Tagliabue\",\"@id\":\"https:\\\/\\\/www.atmosferamag.it\\\/it\\\/#\\\/schema\\\/person\\\/e94f8c49f46f6497fd88caef7bb88408\"},\"headline\":\"Matteo Terragni e Matlight Milano: la visione imprenditoriale di un ex investitore finanziario diventato designer\",\"datePublished\":\"2026-09-03T16:00:29+00:00\",\"dateModified\":\"2026-09-03T16:00:47+00:00\",\"mainEntityOfPage\":{\"@id\":\"https:\\\/\\\/www.atmosferamag.it\\\/it\\\/matteo-terragni-matlight-milano-intervista\\\/\"},\"wordCount\":1118,\"publisher\":{\"@id\":\"https:\\\/\\\/www.atmosferamag.it\\\/it\\\/#organization\"},\"image\":{\"@id\":\"https:\\\/\\\/www.atmosferamag.it\\\/it\\\/matteo-terragni-matlight-milano-intervista\\\/#primaryimage\"},\"thumbnailUrl\":\"https:\\\/\\\/www.atmosferamag.it\\\/wp-content\\\/uploads\\\/2026\\\/09\\\/cover.jpg\",\"articleSection\":[\"Editorial\",\"Stories\"],\"inLanguage\":\"it-IT\"},{\"@type\":\"WebPage\",\"@id\":\"https:\\\/\\\/www.atmosferamag.it\\\/it\\\/matteo-terragni-matlight-milano-intervista\\\/\",\"url\":\"https:\\\/\\\/www.atmosferamag.it\\\/it\\\/matteo-terragni-matlight-milano-intervista\\\/\",\"name\":\"Intervista a Matteo Terragni, founder e CEO di Matlight Milano | Atmosfera Mag\",\"isPartOf\":{\"@id\":\"https:\\\/\\\/www.atmosferamag.it\\\/it\\\/#website\"},\"primaryImageOfPage\":{\"@id\":\"https:\\\/\\\/www.atmosferamag.it\\\/it\\\/matteo-terragni-matlight-milano-intervista\\\/#primaryimage\"},\"image\":{\"@id\":\"https:\\\/\\\/www.atmosferamag.it\\\/it\\\/matteo-terragni-matlight-milano-intervista\\\/#primaryimage\"},\"thumbnailUrl\":\"https:\\\/\\\/www.atmosferamag.it\\\/wp-content\\\/uploads\\\/2026\\\/09\\\/cover.jpg\",\"datePublished\":\"2026-09-03T16:00:29+00:00\",\"dateModified\":\"2026-09-03T16:00:47+00:00\",\"description\":\"Matteo Terragni racconta la nascita di Matlight Milano, il dialogo tra pietra e luce, la produzione artigianale e il futuro del brand di lampade high-end.\",\"breadcrumb\":{\"@id\":\"https:\\\/\\\/www.atmosferamag.it\\\/it\\\/matteo-terragni-matlight-milano-intervista\\\/#breadcrumb\"},\"inLanguage\":\"it-IT\",\"potentialAction\":[{\"@type\":\"ReadAction\",\"target\":[\"https:\\\/\\\/www.atmosferamag.it\\\/it\\\/matteo-terragni-matlight-milano-intervista\\\/\"]}]},{\"@type\":\"ImageObject\",\"inLanguage\":\"it-IT\",\"@id\":\"https:\\\/\\\/www.atmosferamag.it\\\/it\\\/matteo-terragni-matlight-milano-intervista\\\/#primaryimage\",\"url\":\"https:\\\/\\\/www.atmosferamag.it\\\/wp-content\\\/uploads\\\/2026\\\/09\\\/cover.jpg\",\"contentUrl\":\"https:\\\/\\\/www.atmosferamag.it\\\/wp-content\\\/uploads\\\/2026\\\/09\\\/cover.jpg\",\"width\":1200,\"height\":627},{\"@type\":\"BreadcrumbList\",\"@id\":\"https:\\\/\\\/www.atmosferamag.it\\\/it\\\/matteo-terragni-matlight-milano-intervista\\\/#breadcrumb\",\"itemListElement\":[{\"@type\":\"ListItem\",\"position\":1,\"name\":\"Home\",\"item\":\"https:\\\/\\\/www.atmosferamag.it\\\/it\\\/\"},{\"@type\":\"ListItem\",\"position\":2,\"name\":\"Matteo Terragni e Matlight Milano: la visione imprenditoriale di un ex investitore finanziario diventato designer\"}]},{\"@type\":\"WebSite\",\"@id\":\"https:\\\/\\\/www.atmosferamag.it\\\/it\\\/#website\",\"url\":\"https:\\\/\\\/www.atmosferamag.it\\\/it\\\/\",\"name\":\"Atmosfera Mag\",\"description\":\"La luce in tutte le sue forme\",\"publisher\":{\"@id\":\"https:\\\/\\\/www.atmosferamag.it\\\/it\\\/#organization\"},\"potentialAction\":[{\"@type\":\"SearchAction\",\"target\":{\"@type\":\"EntryPoint\",\"urlTemplate\":\"https:\\\/\\\/www.atmosferamag.it\\\/it\\\/?s={search_term_string}\"},\"query-input\":{\"@type\":\"PropertyValueSpecification\",\"valueRequired\":true,\"valueName\":\"search_term_string\"}}],\"inLanguage\":\"it-IT\"},{\"@type\":\"Organization\",\"@id\":\"https:\\\/\\\/www.atmosferamag.it\\\/it\\\/#organization\",\"name\":\"Atmosfera Mag\",\"url\":\"https:\\\/\\\/www.atmosferamag.it\\\/it\\\/\",\"logo\":{\"@type\":\"ImageObject\",\"inLanguage\":\"it-IT\",\"@id\":\"https:\\\/\\\/www.atmosferamag.it\\\/it\\\/#\\\/schema\\\/logo\\\/image\\\/\",\"url\":\"https:\\\/\\\/www.atmosferamag.it\\\/wp-content\\\/uploads\\\/2022\\\/09\\\/titolo.png\",\"contentUrl\":\"https:\\\/\\\/www.atmosferamag.it\\\/wp-content\\\/uploads\\\/2022\\\/09\\\/titolo.png\",\"width\":2728,\"height\":406,\"caption\":\"Atmosfera Mag\"},\"image\":{\"@id\":\"https:\\\/\\\/www.atmosferamag.it\\\/it\\\/#\\\/schema\\\/logo\\\/image\\\/\"},\"sameAs\":[\"https:\\\/\\\/www.facebook.com\\\/people\\\/Atmosfera-Mag\\\/100086538670476\\\/\",\"https:\\\/\\\/www.instagram.com\\\/atmosferamag\\\/\",\"https:\\\/\\\/www.pinterest.it\\\/atmosfera_mag\\\/\"]},{\"@type\":\"Person\",\"@id\":\"https:\\\/\\\/www.atmosferamag.it\\\/it\\\/#\\\/schema\\\/person\\\/e94f8c49f46f6497fd88caef7bb88408\",\"name\":\"Francesca Tagliabue\",\"image\":{\"@type\":\"ImageObject\",\"inLanguage\":\"it-IT\",\"@id\":\"https:\\\/\\\/secure.gravatar.com\\\/avatar\\\/cc6f1d40096ee5dd7102d500a12269d3815701fb844aa918834b119c4244a97f?s=96&d=mm&r=g\",\"url\":\"https:\\\/\\\/secure.gravatar.com\\\/avatar\\\/cc6f1d40096ee5dd7102d500a12269d3815701fb844aa918834b119c4244a97f?s=96&d=mm&r=g\",\"contentUrl\":\"https:\\\/\\\/secure.gravatar.com\\\/avatar\\\/cc6f1d40096ee5dd7102d500a12269d3815701fb844aa918834b119c4244a97f?s=96&d=mm&r=g\",\"caption\":\"Francesca Tagliabue\"},\"url\":\"https:\\\/\\\/www.atmosferamag.it\\\/it\\\/author\\\/francesca-tagliabue\\\/\"}]}<\/script>\n<!-- \/ Yoast SEO plugin. -->","yoast_head_json":{"title":"Intervista a Matteo Terragni, founder e CEO di Matlight Milano | Atmosfera Mag","description":"Matteo Terragni racconta la nascita di Matlight Milano, il dialogo tra pietra e luce, la produzione artigianale e il futuro del brand di lampade high-end.","robots":{"index":"index","follow":"follow","max-snippet":"max-snippet:-1","max-image-preview":"max-image-preview:large","max-video-preview":"max-video-preview:-1"},"canonical":"https:\/\/www.atmosferamag.it\/it\/matteo-terragni-matlight-milano-intervista\/","og_locale":"it_IT","og_type":"article","og_title":"Intervista a Matteo Terragni, founder e CEO di Matlight Milano | Atmosfera Mag","og_description":"Matteo Terragni racconta la nascita di Matlight Milano, il dialogo tra pietra e luce, la produzione artigianale e il futuro del brand di lampade high-end.","og_url":"https:\/\/www.atmosferamag.it\/it\/matteo-terragni-matlight-milano-intervista\/","og_site_name":"Atmosfera Mag","article_publisher":"https:\/\/www.facebook.com\/people\/Atmosfera-Mag\/100086538670476\/","article_published_time":"2026-09-03T16:00:29+00:00","article_modified_time":"2026-09-03T16:00:47+00:00","og_image":[{"width":1200,"height":627,"url":"https:\/\/www.atmosferamag.it\/wp-content\/uploads\/2026\/09\/cover.jpg","type":"image\/jpeg"}],"author":"Francesca Tagliabue","twitter_card":"summary_large_image","twitter_misc":{"Scritto da":"Francesca Tagliabue","Tempo di lettura stimato":"7 minuti"},"schema":{"@context":"https:\/\/schema.org","@graph":[{"@type":"Article","@id":"https:\/\/www.atmosferamag.it\/it\/matteo-terragni-matlight-milano-intervista\/#article","isPartOf":{"@id":"https:\/\/www.atmosferamag.it\/it\/matteo-terragni-matlight-milano-intervista\/"},"author":{"name":"Francesca Tagliabue","@id":"https:\/\/www.atmosferamag.it\/it\/#\/schema\/person\/e94f8c49f46f6497fd88caef7bb88408"},"headline":"Matteo Terragni e Matlight Milano: la visione imprenditoriale di un ex investitore finanziario diventato designer","datePublished":"2026-09-03T16:00:29+00:00","dateModified":"2026-09-03T16:00:47+00:00","mainEntityOfPage":{"@id":"https:\/\/www.atmosferamag.it\/it\/matteo-terragni-matlight-milano-intervista\/"},"wordCount":1118,"publisher":{"@id":"https:\/\/www.atmosferamag.it\/it\/#organization"},"image":{"@id":"https:\/\/www.atmosferamag.it\/it\/matteo-terragni-matlight-milano-intervista\/#primaryimage"},"thumbnailUrl":"https:\/\/www.atmosferamag.it\/wp-content\/uploads\/2026\/09\/cover.jpg","articleSection":["Editorial","Stories"],"inLanguage":"it-IT"},{"@type":"WebPage","@id":"https:\/\/www.atmosferamag.it\/it\/matteo-terragni-matlight-milano-intervista\/","url":"https:\/\/www.atmosferamag.it\/it\/matteo-terragni-matlight-milano-intervista\/","name":"Intervista a Matteo Terragni, founder e CEO di Matlight Milano | Atmosfera Mag","isPartOf":{"@id":"https:\/\/www.atmosferamag.it\/it\/#website"},"primaryImageOfPage":{"@id":"https:\/\/www.atmosferamag.it\/it\/matteo-terragni-matlight-milano-intervista\/#primaryimage"},"image":{"@id":"https:\/\/www.atmosferamag.it\/it\/matteo-terragni-matlight-milano-intervista\/#primaryimage"},"thumbnailUrl":"https:\/\/www.atmosferamag.it\/wp-content\/uploads\/2026\/09\/cover.jpg","datePublished":"2026-09-03T16:00:29+00:00","dateModified":"2026-09-03T16:00:47+00:00","description":"Matteo Terragni racconta la nascita di Matlight Milano, il dialogo tra pietra e luce, la produzione artigianale e il futuro del brand di lampade high-end.","breadcrumb":{"@id":"https:\/\/www.atmosferamag.it\/it\/matteo-terragni-matlight-milano-intervista\/#breadcrumb"},"inLanguage":"it-IT","potentialAction":[{"@type":"ReadAction","target":["https:\/\/www.atmosferamag.it\/it\/matteo-terragni-matlight-milano-intervista\/"]}]},{"@type":"ImageObject","inLanguage":"it-IT","@id":"https:\/\/www.atmosferamag.it\/it\/matteo-terragni-matlight-milano-intervista\/#primaryimage","url":"https:\/\/www.atmosferamag.it\/wp-content\/uploads\/2026\/09\/cover.jpg","contentUrl":"https:\/\/www.atmosferamag.it\/wp-content\/uploads\/2026\/09\/cover.jpg","width":1200,"height":627},{"@type":"BreadcrumbList","@id":"https:\/\/www.atmosferamag.it\/it\/matteo-terragni-matlight-milano-intervista\/#breadcrumb","itemListElement":[{"@type":"ListItem","position":1,"name":"Home","item":"https:\/\/www.atmosferamag.it\/it\/"},{"@type":"ListItem","position":2,"name":"Matteo Terragni e Matlight Milano: la visione imprenditoriale di un ex investitore finanziario diventato designer"}]},{"@type":"WebSite","@id":"https:\/\/www.atmosferamag.it\/it\/#website","url":"https:\/\/www.atmosferamag.it\/it\/","name":"Atmosfera Mag","description":"La luce in tutte le sue forme","publisher":{"@id":"https:\/\/www.atmosferamag.it\/it\/#organization"},"potentialAction":[{"@type":"SearchAction","target":{"@type":"EntryPoint","urlTemplate":"https:\/\/www.atmosferamag.it\/it\/?s={search_term_string}"},"query-input":{"@type":"PropertyValueSpecification","valueRequired":true,"valueName":"search_term_string"}}],"inLanguage":"it-IT"},{"@type":"Organization","@id":"https:\/\/www.atmosferamag.it\/it\/#organization","name":"Atmosfera Mag","url":"https:\/\/www.atmosferamag.it\/it\/","logo":{"@type":"ImageObject","inLanguage":"it-IT","@id":"https:\/\/www.atmosferamag.it\/it\/#\/schema\/logo\/image\/","url":"https:\/\/www.atmosferamag.it\/wp-content\/uploads\/2022\/09\/titolo.png","contentUrl":"https:\/\/www.atmosferamag.it\/wp-content\/uploads\/2022\/09\/titolo.png","width":2728,"height":406,"caption":"Atmosfera Mag"},"image":{"@id":"https:\/\/www.atmosferamag.it\/it\/#\/schema\/logo\/image\/"},"sameAs":["https:\/\/www.facebook.com\/people\/Atmosfera-Mag\/100086538670476\/","https:\/\/www.instagram.com\/atmosferamag\/","https:\/\/www.pinterest.it\/atmosfera_mag\/"]},{"@type":"Person","@id":"https:\/\/www.atmosferamag.it\/it\/#\/schema\/person\/e94f8c49f46f6497fd88caef7bb88408","name":"Francesca Tagliabue","image":{"@type":"ImageObject","inLanguage":"it-IT","@id":"https:\/\/secure.gravatar.com\/avatar\/cc6f1d40096ee5dd7102d500a12269d3815701fb844aa918834b119c4244a97f?s=96&d=mm&r=g","url":"https:\/\/secure.gravatar.com\/avatar\/cc6f1d40096ee5dd7102d500a12269d3815701fb844aa918834b119c4244a97f?s=96&d=mm&r=g","contentUrl":"https:\/\/secure.gravatar.com\/avatar\/cc6f1d40096ee5dd7102d500a12269d3815701fb844aa918834b119c4244a97f?s=96&d=mm&r=g","caption":"Francesca Tagliabue"},"url":"https:\/\/www.atmosferamag.it\/it\/author\/francesca-tagliabue\/"}]}},"_links":{"self":[{"href":"https:\/\/www.atmosferamag.it\/it\/wp-json\/wp\/v2\/posts\/45860","targetHints":{"allow":["GET"]}}],"collection":[{"href":"https:\/\/www.atmosferamag.it\/it\/wp-json\/wp\/v2\/posts"}],"about":[{"href":"https:\/\/www.atmosferamag.it\/it\/wp-json\/wp\/v2\/types\/post"}],"author":[{"embeddable":true,"href":"https:\/\/www.atmosferamag.it\/it\/wp-json\/wp\/v2\/users\/8"}],"replies":[{"embeddable":true,"href":"https:\/\/www.atmosferamag.it\/it\/wp-json\/wp\/v2\/comments?post=45860"}],"version-history":[{"count":10,"href":"https:\/\/www.atmosferamag.it\/it\/wp-json\/wp\/v2\/posts\/45860\/revisions"}],"predecessor-version":[{"id":45879,"href":"https:\/\/www.atmosferamag.it\/it\/wp-json\/wp\/v2\/posts\/45860\/revisions\/45879"}],"wp:featuredmedia":[{"embeddable":true,"href":"https:\/\/www.atmosferamag.it\/it\/wp-json\/wp\/v2\/media\/45870"}],"wp:attachment":[{"href":"https:\/\/www.atmosferamag.it\/it\/wp-json\/wp\/v2\/media?parent=45860"}],"wp:term":[{"taxonomy":"category","embeddable":true,"href":"https:\/\/www.atmosferamag.it\/it\/wp-json\/wp\/v2\/categories?post=45860"},{"taxonomy":"post_tag","embeddable":true,"href":"https:\/\/www.atmosferamag.it\/it\/wp-json\/wp\/v2\/tags?post=45860"}],"curies":[{"name":"wp","href":"https:\/\/api.w.org\/{rel}","templated":true}]}}