{"id":44252,"date":"2026-04-30T17:20:23","date_gmt":"2026-04-30T15:20:23","guid":{"rendered":"https:\/\/www.atmosferamag.it\/?p=44252"},"modified":"2026-04-30T17:21:21","modified_gmt":"2026-04-30T15:21:21","slug":"intervista-1024-architecture","status":"publish","type":"post","link":"https:\/\/www.atmosferamag.it\/it\/intervista-1024-architecture\/","title":{"rendered":"1024 architecture: le idee sono i processi"},"content":{"rendered":"\t\t<div data-elementor-type=\"wp-post\" data-elementor-id=\"44252\" class=\"elementor elementor-44252 elementor-43721\" data-elementor-post-type=\"post\">\n\t\t\t\t\t\t<section class=\"elementor-section elementor-top-section elementor-element elementor-element-b08cc3b elementor-section-boxed elementor-section-height-default elementor-section-height-default\" data-id=\"b08cc3b\" data-element_type=\"section\" data-e-type=\"section\">\n\t\t\t\t\t\t<div class=\"elementor-container elementor-column-gap-default\">\n\t\t\t\t\t<div class=\"elementor-column elementor-col-100 elementor-top-column elementor-element elementor-element-99837cd\" data-id=\"99837cd\" data-element_type=\"column\" data-e-type=\"column\">\n\t\t\t<div class=\"elementor-widget-wrap elementor-element-populated\">\n\t\t\t\t\t\t<div class=\"elementor-element elementor-element-79c5a56 elementor-widget elementor-widget-text-editor\" data-id=\"79c5a56\" data-element_type=\"widget\" data-e-type=\"widget\" data-widget_type=\"text-editor.default\">\n\t\t\t\t<div class=\"elementor-widget-container\">\n\t\t\t\t\t\t\t\t\t<p style=\"font-weight: 400;\">Opere coinvolgenti fatte di <span style=\"text-decoration: underline;\"><a href=\"https:\/\/www.atmosferamag.it\/it\/listening-bar-lighting-design\/\" target=\"_blank\" rel=\"noopener\">luci e suoni<\/a><\/span>, che modificano la percezione degli ambienti e utilizzano lo spazio come tela. \u00c8 questa l&#8217;essenza del lavoro e della ricerca di <span style=\"text-decoration: underline;\"><a href=\"https:\/\/www.1024architecture.net\/\" target=\"_blank\" rel=\"noopener\">1024 architecture<\/a><\/span>, studio digital-tecnologico fondato nel 2007 da Pier Schneider e Fran\u00e7ois Wunschel, compagni d&#8217;aula all&#8217;\u00c9cole Nationale Sup\u00e9rieure d\u2019Architecture de Strasbourg. Nel 2014 il duo divenne un trio, con l&#8217;ingresso in studio di Nico Merlin, architetto e compositore. Da allora, lo studio si \u00e8 concentrato sulla creazione e produzione di installazioni audiovisive, fondendo architettura e arti visive in un insieme di opere riconosciuto a livello internazionale.<\/p>\t\t\t\t\t\t\t\t<\/div>\n\t\t\t\t<\/div>\n\t\t\t\t<div class=\"elementor-element elementor-element-3646240 elementor-widget elementor-widget-image\" data-id=\"3646240\" data-element_type=\"widget\" data-e-type=\"widget\" data-widget_type=\"image.default\">\n\t\t\t\t<div class=\"elementor-widget-container\">\n\t\t\t\t\t\t\t\t\t\t\t\t<figure class=\"wp-caption\">\n\t\t\t\t\t\t\t\t\t\t<img fetchpriority=\"high\" decoding=\"async\" width=\"800\" height=\"534\" src=\"https:\/\/www.atmosferamag.it\/wp-content\/uploads\/2026\/04\/1024-PHOREST-2025-Nicolas-Trouillard-11-1-1024x683.jpg\" class=\"attachment-large size-large wp-image-44203\" alt=\"\" srcset=\"https:\/\/www.atmosferamag.it\/wp-content\/uploads\/2026\/04\/1024-PHOREST-2025-Nicolas-Trouillard-11-1-1024x683.jpg 1024w, https:\/\/www.atmosferamag.it\/wp-content\/uploads\/2026\/04\/1024-PHOREST-2025-Nicolas-Trouillard-11-1-300x200.jpg 300w, https:\/\/www.atmosferamag.it\/wp-content\/uploads\/2026\/04\/1024-PHOREST-2025-Nicolas-Trouillard-11-1-768x512.jpg 768w, https:\/\/www.atmosferamag.it\/wp-content\/uploads\/2026\/04\/1024-PHOREST-2025-Nicolas-Trouillard-11-1-1536x1024.jpg 1536w\" sizes=\"(max-width: 800px) 100vw, 800px\" \/>\t\t\t\t\t\t\t\t\t\t\t<figcaption class=\"widget-image-caption wp-caption-text\">Phorest. Foto Nicolas Trouillard<\/figcaption>\n\t\t\t\t\t\t\t\t\t\t<\/figure>\n\t\t\t\t\t\t\t\t\t<\/div>\n\t\t\t\t<\/div>\n\t\t\t\t<div class=\"elementor-element elementor-element-79d85f9 elementor-widget elementor-widget-text-editor\" data-id=\"79d85f9\" data-element_type=\"widget\" data-e-type=\"widget\" data-widget_type=\"text-editor.default\">\n\t\t\t\t<div class=\"elementor-widget-container\">\n\t\t\t\t\t\t\t\t\t<p style=\"font-weight: 400;\">Dalla realizzazione di oggetti di piccola scala destinati a mostre al chiuso fino a installazioni monumentali nello spazio pubblico, ci\u00f2 che distingue i lavori di 1024 \u00e8 il loro approccio unico allo spazio attraverso gli strumenti della geometria, della luce, del suono e del movimento. Paesaggi urbani, scenografie site specific e sculture luminose, 1024 architecture opera su scale differenti, giocando a confondere sensi e percezioni.<\/p>\t\t\t\t\t\t\t\t<\/div>\n\t\t\t\t<\/div>\n\t\t\t\t<div class=\"elementor-element elementor-element-dc23bf9 elementor-widget elementor-widget-text-editor\" data-id=\"dc23bf9\" data-element_type=\"widget\" data-e-type=\"widget\" data-widget_type=\"text-editor.default\">\n\t\t\t\t<div class=\"elementor-widget-container\">\n\t\t\t\t\t\t\t\t\t<p style=\"font-weight: 400;\"><strong>Da dove viene il nome dello studio?<\/strong><\/p><p style=\"font-weight: 400;\">PIER: \u00ab<strong>1024 \u00e8 un numero magico<\/strong>. 1024 \u00e8 uguale a 2 elevato alla potenza di 10, perch\u00e9 all\u2019inizio eravamo 2 fondatori e gli unici membri dello studio, ma avevamo energia per 10. \u00c8 anche un numero ricorrente nell\u2019informatica, per esempio 1024 byte = 1 kilobyte. Inoltre 1024 era una risoluzione di base per schermi e videoproiezioni quando abbiamo iniziato questo progetto. Ci siamo incontrati alla scuola di architettura di Strasburgo alla fine del 1993 e l\u2019approccio architettonico e il processo creativo fanno parte della nostra cultura di base. Fin dall\u2019inizio, con 1024 architecture <strong>volevamo fondere il lavoro architettonico, spaziale e fisico con ci\u00f2 che \u00e8 immateriale: il codice digitale e i pixel di luce in movimento<\/strong>\u00bb.<\/p>\t\t\t\t\t\t\t\t<\/div>\n\t\t\t\t<\/div>\n\t\t\t\t<div class=\"elementor-element elementor-element-fc78518 elementor-widget elementor-widget-image\" data-id=\"fc78518\" data-element_type=\"widget\" data-e-type=\"widget\" data-widget_type=\"image.default\">\n\t\t\t\t<div class=\"elementor-widget-container\">\n\t\t\t\t\t\t\t\t\t\t\t\t<figure class=\"wp-caption\">\n\t\t\t\t\t\t\t\t\t\t<img decoding=\"async\" width=\"800\" height=\"451\" src=\"https:\/\/www.atmosferamag.it\/wp-content\/uploads\/2026\/04\/1024_LIGHTWAVE-04-1-1024x577.jpg\" class=\"attachment-large size-large wp-image-44211\" alt=\"\" srcset=\"https:\/\/www.atmosferamag.it\/wp-content\/uploads\/2026\/04\/1024_LIGHTWAVE-04-1-1024x577.jpg 1024w, https:\/\/www.atmosferamag.it\/wp-content\/uploads\/2026\/04\/1024_LIGHTWAVE-04-1-300x169.jpg 300w, https:\/\/www.atmosferamag.it\/wp-content\/uploads\/2026\/04\/1024_LIGHTWAVE-04-1-768x433.jpg 768w, https:\/\/www.atmosferamag.it\/wp-content\/uploads\/2026\/04\/1024_LIGHTWAVE-04-1-1536x866.jpg 1536w, https:\/\/www.atmosferamag.it\/wp-content\/uploads\/2026\/04\/1024_LIGHTWAVE-04-1-2048x1154.jpg 2048w, https:\/\/www.atmosferamag.it\/wp-content\/uploads\/2026\/04\/1024_LIGHTWAVE-04-1-180x100.jpg 180w\" sizes=\"(max-width: 800px) 100vw, 800px\" \/>\t\t\t\t\t\t\t\t\t\t\t<figcaption class=\"widget-image-caption wp-caption-text\">Lightwave<\/figcaption>\n\t\t\t\t\t\t\t\t\t\t<\/figure>\n\t\t\t\t\t\t\t\t\t<\/div>\n\t\t\t\t<\/div>\n\t\t\t\t<div class=\"elementor-element elementor-element-756efdd elementor-widget elementor-widget-text-editor\" data-id=\"756efdd\" data-element_type=\"widget\" data-e-type=\"widget\" data-widget_type=\"text-editor.default\">\n\t\t\t\t<div class=\"elementor-widget-container\">\n\t\t\t\t\t\t\t\t\t<p style=\"font-weight: 400;\"><strong>1024 architecture ha sempre lavorato con luce e suono. Come \u00e8 cambiato nel tempo il vostro approccio al design e in che modo le nuove tecnologie vi hanno aiutato a dare forma alle vostre idee?<\/strong><\/p><p style=\"font-weight: 400;\">PIER: \u00abNon solo luce e suono: <strong>lo spazio \u00e8 sempre stato la nostra prima tela e il centro del nostro interesse<\/strong>. Essendoci formati come architetti, siamo sempre stati molto curiosi di capire come rendere lo spazio pi\u00f9 reattivo, in movimento, mutevole o persino \u201cdanzante\u201d. Per quanto riguarda la tecnologia, <strong>da pi\u00f9 di 15 anni sviluppiamo il nostro software<\/strong> per far accadere la magia:\u00a0 <a href=\"https:\/\/madmapper.com\/\" target=\"_blank\" rel=\"noopener\"><span style=\"text-decoration: underline;\">MadMapper<\/span><\/a>. \u00c8 lo strumento che inizialmente avevamo sognato e che poi abbiamo realizzato per poter creare i progetti che avevamo in mente. Da allora MadMapper \u00e8 lo strumento che utilizziamo in tutti i nostri progetti; <strong>\u00e8 anche un software commerciale che condividiamo con molti artisti digitali in tutto il mondo<\/strong>. Lo sviluppiamo e lo progettiamo come ci serve per il nostro lavoro e lo facciamo evolvere ogni giorno in base ai nuovi progetti e agli strumenti di cui abbiamo bisogno\u00bb.<\/p>\t\t\t\t\t\t\t\t<\/div>\n\t\t\t\t<\/div>\n\t\t\t\t<div class=\"elementor-element elementor-element-deca4d5 elementor-widget elementor-widget-image\" data-id=\"deca4d5\" data-element_type=\"widget\" data-e-type=\"widget\" data-widget_type=\"image.default\">\n\t\t\t\t<div class=\"elementor-widget-container\">\n\t\t\t\t\t\t\t\t\t\t\t\t<figure class=\"wp-caption\">\n\t\t\t\t\t\t\t\t\t\t<img decoding=\"async\" width=\"800\" height=\"534\" src=\"https:\/\/www.atmosferamag.it\/wp-content\/uploads\/2026\/04\/1024_ECRIN_Brice-Robert-10-1024x683.jpg\" class=\"attachment-large size-large wp-image-44213\" alt=\"\" srcset=\"https:\/\/www.atmosferamag.it\/wp-content\/uploads\/2026\/04\/1024_ECRIN_Brice-Robert-10-1024x683.jpg 1024w, https:\/\/www.atmosferamag.it\/wp-content\/uploads\/2026\/04\/1024_ECRIN_Brice-Robert-10-300x200.jpg 300w, https:\/\/www.atmosferamag.it\/wp-content\/uploads\/2026\/04\/1024_ECRIN_Brice-Robert-10-768x512.jpg 768w, https:\/\/www.atmosferamag.it\/wp-content\/uploads\/2026\/04\/1024_ECRIN_Brice-Robert-10-1536x1024.jpg 1536w, https:\/\/www.atmosferamag.it\/wp-content\/uploads\/2026\/04\/1024_ECRIN_Brice-Robert-10-2048x1365.jpg 2048w\" sizes=\"(max-width: 800px) 100vw, 800px\" \/>\t\t\t\t\t\t\t\t\t\t\t<figcaption class=\"widget-image-caption wp-caption-text\">Ecrin. Foto Brice Robert<\/figcaption>\n\t\t\t\t\t\t\t\t\t\t<\/figure>\n\t\t\t\t\t\t\t\t\t<\/div>\n\t\t\t\t<\/div>\n\t\t\t\t<div class=\"elementor-element elementor-element-04fda51 elementor-widget elementor-widget-text-editor\" data-id=\"04fda51\" data-element_type=\"widget\" data-e-type=\"widget\" data-widget_type=\"text-editor.default\">\n\t\t\t\t<div class=\"elementor-widget-container\">\n\t\t\t\t\t\t\t\t\t<p style=\"font-weight: 400;\"><strong>Come dividete i compiti all\u2019interno dello studio?<\/strong><\/p><p style=\"font-weight: 400;\">PIER: \u00abFran\u00e7ois si occupa maggiormente del \u201clato 1024 del lavoro\u201d, cio\u00e8 degli aspetti immateriali: codifica numerica e digitale, programmazione, input creativo e tecnologico. Io sono pi\u00f9 concentrato sul lato architettonico, occupandomi della progettazione e produzione fisica, della riflessione <em>site-specific<\/em>, dell\u2019organizzazione e delle relazioni pubbliche. Nico \u2013 che si \u00e8 unito a noi pi\u00f9 di 10 anni fa \u2013 si occupa di molti aspetti legati al design e alla produzione dei nostri progetti. Ha anche ottime competenze come musicista, per questo oggi realizza gran parte della musica e del sound design delle nostre installazioni, come nei progetti <em>Ecrin<\/em>, <em>Volume<\/em>, <em>Space Beat<\/em> o <em>Scanline<\/em>. Si esibisce anche dal vivo con Fran\u00e7ois per spettacoli audiovisivi in tempo reale come <em>2048.A.D<\/em> o <em>Space XY<\/em>, e quando realizziamo un\u2019attivazione visiva live di <em>Vortex<\/em> ci esibiamo tutti insieme nello stesso momento, ma spesso dividiamo i media: uno sui laser, uno sul video e il terzo sulle luci\u00bb.<\/p>\t\t\t\t\t\t\t\t<\/div>\n\t\t\t\t<\/div>\n\t\t\t\t<div class=\"elementor-element elementor-element-34343f4 elementor-widget elementor-widget-image\" data-id=\"34343f4\" data-element_type=\"widget\" data-e-type=\"widget\" data-widget_type=\"image.default\">\n\t\t\t\t<div class=\"elementor-widget-container\">\n\t\t\t\t\t\t\t\t\t\t\t\t<figure class=\"wp-caption\">\n\t\t\t\t\t\t\t\t\t\t<img loading=\"lazy\" decoding=\"async\" width=\"800\" height=\"534\" src=\"https:\/\/www.atmosferamag.it\/wp-content\/uploads\/2026\/04\/1024_Exposition-Pulse-Anthony-Dehez-3-1-1024x683.jpg\" class=\"attachment-large size-large wp-image-44215\" alt=\"\" srcset=\"https:\/\/www.atmosferamag.it\/wp-content\/uploads\/2026\/04\/1024_Exposition-Pulse-Anthony-Dehez-3-1-1024x683.jpg 1024w, https:\/\/www.atmosferamag.it\/wp-content\/uploads\/2026\/04\/1024_Exposition-Pulse-Anthony-Dehez-3-1-300x200.jpg 300w, https:\/\/www.atmosferamag.it\/wp-content\/uploads\/2026\/04\/1024_Exposition-Pulse-Anthony-Dehez-3-1-768x512.jpg 768w, https:\/\/www.atmosferamag.it\/wp-content\/uploads\/2026\/04\/1024_Exposition-Pulse-Anthony-Dehez-3-1-1536x1024.jpg 1536w, https:\/\/www.atmosferamag.it\/wp-content\/uploads\/2026\/04\/1024_Exposition-Pulse-Anthony-Dehez-3-1-2048x1365.jpg 2048w\" sizes=\"(max-width: 800px) 100vw, 800px\" \/>\t\t\t\t\t\t\t\t\t\t\t<figcaption class=\"widget-image-caption wp-caption-text\">Pulse. Foto Anthony Dehez<\/figcaption>\n\t\t\t\t\t\t\t\t\t\t<\/figure>\n\t\t\t\t\t\t\t\t\t<\/div>\n\t\t\t\t<\/div>\n\t\t\t\t<div class=\"elementor-element elementor-element-91393e6 elementor-widget elementor-widget-text-editor\" data-id=\"91393e6\" data-element_type=\"widget\" data-e-type=\"widget\" data-widget_type=\"text-editor.default\">\n\t\t\t\t<div class=\"elementor-widget-container\">\n\t\t\t\t\t\t\t\t\t<p style=\"font-weight: 400;\"><strong>Chi sono i vostri clienti e a chi si rivolge principalmente il vostro lavoro?<\/strong><\/p><p style=\"font-weight: 400;\">PIER: \u00abI nostri clienti sono molto diversi tra loro, dalle istituzioni pubbliche ai clienti privati. Lavoriamo per centri culturali e artistici come la Philharmonie de Paris (per la quale abbiamo realizzato <em>Core<\/em> nella mostra <em>Electro<\/em>) o la Gait\u00e9 Lyrique di Parigi, per cui abbiamo realizzato <em>Space Beat<\/em>. Collaboriamo con festival d\u2019arte o produttori di mostre come la Biennale di Arte di Venezia, la Nuit Blanche di Parigi, il festival Mutek a Montreal e Barcellona o il Gloed Festival a Stavanger. Partecipiamo anche a eventi specifici nello spazio pubblico, come quando abbiamo realizzato <em>Ecrin<\/em> alla <a href=\"http:\/\/www.atmosferamag.it\/\" target=\"_blank\" rel=\"noopener\"><span style=\"text-decoration: underline;\">F\u00eate des Lumi\u00e8res di Lione<\/span><\/a>. Naturalmente lavoriamo anche con architetti, costruttori e promotori per installazioni permanenti legate a progetti architettonici o edifici, come il Darwin Ecosystem a Bordeaux per il progetto <em>Vortex<\/em> o con AAVP Architects per il progetto <em>Phase<\/em>. <strong>Le nostre creazioni sono rivolte a tutti, dai 7 ai 77 anni!<\/strong> Personalmente adoro il fatto che i bambini possano apprezzare i nostri progetti tanto quanto gli appassionati di arte digitale\u00bb.<\/p>\t\t\t\t\t\t\t\t<\/div>\n\t\t\t\t<\/div>\n\t\t\t\t<div class=\"elementor-element elementor-element-2b39dd4 elementor-widget elementor-widget-image\" data-id=\"2b39dd4\" data-element_type=\"widget\" data-e-type=\"widget\" data-widget_type=\"image.default\">\n\t\t\t\t<div class=\"elementor-widget-container\">\n\t\t\t\t\t\t\t\t\t\t\t\t<figure class=\"wp-caption\">\n\t\t\t\t\t\t\t\t\t\t<img loading=\"lazy\" decoding=\"async\" width=\"800\" height=\"534\" src=\"https:\/\/www.atmosferamag.it\/wp-content\/uploads\/2026\/04\/1024_NEWG_HD_05_Nicolas-Trouillard-1024x683.jpg\" class=\"attachment-large size-large wp-image-44220\" alt=\"\" srcset=\"https:\/\/www.atmosferamag.it\/wp-content\/uploads\/2026\/04\/1024_NEWG_HD_05_Nicolas-Trouillard-1024x683.jpg 1024w, https:\/\/www.atmosferamag.it\/wp-content\/uploads\/2026\/04\/1024_NEWG_HD_05_Nicolas-Trouillard-300x200.jpg 300w, https:\/\/www.atmosferamag.it\/wp-content\/uploads\/2026\/04\/1024_NEWG_HD_05_Nicolas-Trouillard-768x512.jpg 768w\" sizes=\"(max-width: 800px) 100vw, 800px\" \/>\t\t\t\t\t\t\t\t\t\t\t<figcaption class=\"widget-image-caption wp-caption-text\">New G. Foto Nicolas Trouillard<\/figcaption>\n\t\t\t\t\t\t\t\t\t\t<\/figure>\n\t\t\t\t\t\t\t\t\t<\/div>\n\t\t\t\t<\/div>\n\t\t\t\t<div class=\"elementor-element elementor-element-5d10139 elementor-widget elementor-widget-text-editor\" data-id=\"5d10139\" data-element_type=\"widget\" data-e-type=\"widget\" data-widget_type=\"text-editor.default\">\n\t\t\t\t<div class=\"elementor-widget-container\">\n\t\t\t\t\t\t\t\t\t<p style=\"font-weight: 400;\">FRAN\u00c7OISE: \u00abIo sono il mio primo cliente, il mio primo spettatore. Un\u2019opera nasce prima di tutto perch\u00e9 deve nascere \u2014 deve emergere, liberarsi da dentro di me, per andare avanti e portare ad altre opere. Spesso \u00e8 una necessit\u00e0 pi\u00f9 che una risposta a una richiesta o a un problema da risolvere. <strong>Tendo quindi a vedere i clienti come opportunit\u00e0 per rendere reali idee che esistevano gi\u00e0<\/strong>\u00bb.<\/p>\t\t\t\t\t\t\t\t<\/div>\n\t\t\t\t<\/div>\n\t\t\t\t<div class=\"elementor-element elementor-element-b725cf2 elementor-widget elementor-widget-text-editor\" data-id=\"b725cf2\" data-element_type=\"widget\" data-e-type=\"widget\" data-widget_type=\"text-editor.default\">\n\t\t\t\t<div class=\"elementor-widget-container\">\n\t\t\t\t\t\t\t\t\t<p style=\"font-weight: 400;\"><strong>Quali emozioni cercate di evocare attraverso i vostri progetti?<\/strong><\/p><p style=\"font-weight: 400;\">FRAN\u00c7OISE: \u00abCome artista, qualsiasi emozione vale la pena di essere provocata: rifiuto, paura, odio, amore, curiosit\u00e0, sospetto, meraviglia. Ci\u00f2 che conta \u00e8 generare una reazione \u2014 entrare in relazione con il pubblico attraverso l\u2019opera. Sollevare domande sul mondo. Le risposte appartengono al pubblico. Osserviamo la natura e ne traiamo ispirazione per ricreare, attraverso una visione artistica, ci\u00f2 che ci emoziona. Spesso si tratta di movimenti organici \u2014 tremori, sfarfallii, battiti \u2014 ritmi sottili che rivelano come anche la tecnologia possa sembrare viva\u00bb.<\/p>\t\t\t\t\t\t\t\t<\/div>\n\t\t\t\t<\/div>\n\t\t\t\t<div class=\"elementor-element elementor-element-8c73587 elementor-widget elementor-widget-image\" data-id=\"8c73587\" data-element_type=\"widget\" data-e-type=\"widget\" data-widget_type=\"image.default\">\n\t\t\t\t<div class=\"elementor-widget-container\">\n\t\t\t\t\t\t\t\t\t\t\t\t<figure class=\"wp-caption\">\n\t\t\t\t\t\t\t\t\t\t<img loading=\"lazy\" decoding=\"async\" width=\"800\" height=\"450\" src=\"https:\/\/www.atmosferamag.it\/wp-content\/uploads\/2026\/04\/1024_Phorest-in-the-woods.5.1-1024x576.jpg\" class=\"attachment-large size-large wp-image-44222\" alt=\"\" srcset=\"https:\/\/www.atmosferamag.it\/wp-content\/uploads\/2026\/04\/1024_Phorest-in-the-woods.5.1-1024x576.jpg 1024w, https:\/\/www.atmosferamag.it\/wp-content\/uploads\/2026\/04\/1024_Phorest-in-the-woods.5.1-300x169.jpg 300w, https:\/\/www.atmosferamag.it\/wp-content\/uploads\/2026\/04\/1024_Phorest-in-the-woods.5.1-768x432.jpg 768w, https:\/\/www.atmosferamag.it\/wp-content\/uploads\/2026\/04\/1024_Phorest-in-the-woods.5.1-1536x864.jpg 1536w, https:\/\/www.atmosferamag.it\/wp-content\/uploads\/2026\/04\/1024_Phorest-in-the-woods.5.1-2048x1152.jpg 2048w, https:\/\/www.atmosferamag.it\/wp-content\/uploads\/2026\/04\/1024_Phorest-in-the-woods.5.1-180x100.jpg 180w\" sizes=\"(max-width: 800px) 100vw, 800px\" \/>\t\t\t\t\t\t\t\t\t\t\t<figcaption class=\"widget-image-caption wp-caption-text\">Phorest.<\/figcaption>\n\t\t\t\t\t\t\t\t\t\t<\/figure>\n\t\t\t\t\t\t\t\t\t<\/div>\n\t\t\t\t<\/div>\n\t\t\t\t<div class=\"elementor-element elementor-element-e97a137 elementor-widget elementor-widget-text-editor\" data-id=\"e97a137\" data-element_type=\"widget\" data-e-type=\"widget\" data-widget_type=\"text-editor.default\">\n\t\t\t\t<div class=\"elementor-widget-container\">\n\t\t\t\t\t\t\t\t\t<p style=\"font-weight: 400;\">PIER: \u00abCi piace introdurre comportamenti organici nei nostri progetti, per farli sembrare vivi e creare emozioni profonde e reali nelle persone che li vedono o interagiscono con essi. Ci piace rivelare la bellezza di un luogo naturale, come in <em>Phorest<\/em>, oppure amplificare una situazione urbana e renderla poetica oltre che grandiosa, come in <em>Ecrin<\/em>, o ancora creare esperienze divertenti e giocose con la serie <em>1D Arcade<\/em> e con <em>Puppet<\/em> o <em>Playground<\/em>, due videogiochi interattivi realizzati con Vitalic. Ci piace generare emozioni forti e profonde con i nostri progetti, dalla paura alla gioia. <em>The Walking Cube<\/em>, per esempio, ha avuto un enorme successo con i bambini: all\u2019inizio provano paura quando lo scoprono, poi lo accettano, iniziano a \u201caddomesticarlo\u201d e alla fine ballano tutti con lui, riproducendo insieme la sua coreografia\u00bb.<\/p><p style=\"font-weight: 400;\">NICO: \u00abNella musica spesso attingo alla mia storia personale di ascoltatore. Mi piace inserire passaggi o frasi musicali che evocano una sottile sensazione di <em>d\u00e9j\u00e0 vu<\/em>, creando per il pubblico un punto di accesso emotivo familiare \u2014 una sorta di zona di comfort che non si trova sempre negli ambienti dell\u2019arte digitale\u00bb.<\/p>\t\t\t\t\t\t\t\t<\/div>\n\t\t\t\t<\/div>\n\t\t\t\t<div class=\"elementor-element elementor-element-a90d856 elementor-widget elementor-widget-image\" data-id=\"a90d856\" data-element_type=\"widget\" data-e-type=\"widget\" data-widget_type=\"image.default\">\n\t\t\t\t<div class=\"elementor-widget-container\">\n\t\t\t\t\t\t\t\t\t\t\t\t<figure class=\"wp-caption\">\n\t\t\t\t\t\t\t\t\t\t<img loading=\"lazy\" decoding=\"async\" width=\"800\" height=\"331\" src=\"https:\/\/www.atmosferamag.it\/wp-content\/uploads\/2026\/04\/1024_Playground_12-2-1024x424.jpg\" class=\"attachment-large size-large wp-image-44227\" alt=\"\" srcset=\"https:\/\/www.atmosferamag.it\/wp-content\/uploads\/2026\/04\/1024_Playground_12-2-1024x424.jpg 1024w, https:\/\/www.atmosferamag.it\/wp-content\/uploads\/2026\/04\/1024_Playground_12-2-300x124.jpg 300w, https:\/\/www.atmosferamag.it\/wp-content\/uploads\/2026\/04\/1024_Playground_12-2-768x318.jpg 768w, https:\/\/www.atmosferamag.it\/wp-content\/uploads\/2026\/04\/1024_Playground_12-2-1536x635.jpg 1536w, https:\/\/www.atmosferamag.it\/wp-content\/uploads\/2026\/04\/1024_Playground_12-2-2048x847.jpg 2048w\" sizes=\"(max-width: 800px) 100vw, 800px\" \/>\t\t\t\t\t\t\t\t\t\t\t<figcaption class=\"widget-image-caption wp-caption-text\">Playground.<\/figcaption>\n\t\t\t\t\t\t\t\t\t\t<\/figure>\n\t\t\t\t\t\t\t\t\t<\/div>\n\t\t\t\t<\/div>\n\t\t\t\t<div class=\"elementor-element elementor-element-7b80a98 elementor-widget elementor-widget-text-editor\" data-id=\"7b80a98\" data-element_type=\"widget\" data-e-type=\"widget\" data-widget_type=\"text-editor.default\">\n\t\t\t\t<div class=\"elementor-widget-container\">\n\t\t\t\t\t\t\t\t\t<p style=\"font-weight: 400;\"><strong>Geometria, ritmo e ripetizione sono elementi ricorrenti nel vostro lavoro. Come definireste il vostro linguaggio visivo e concettuale? C\u2019\u00e8 un progetto che pi\u00f9 di altri rappresenta la vostra filosofia?<\/strong><\/p><p style=\"font-weight: 400;\">FRAN\u00c7OISE: \u00ab<strong>Poich\u00e9 le idee sono un processo, il progetto pi\u00f9 recente \u00e8 sempre quello pi\u00f9 attuale e rappresentativo<\/strong>. Il nostro lavoro \u00e8 un percorso che si snoda tra i meandri della vita, gli ostacoli della produzione e la dura realt\u00e0 dei budget. <em>Volume<\/em> riflette la nostra attuale tendenza a trarre ispirazione dai sistemi viventi e a rappresentarli attraverso la tecnologia digitale \u2014 animandoli con movimenti guidati dal suono e modellandone la forma tramite algoritmi\u00bb.<\/p><p style=\"font-weight: 400;\">PIER: \u00abIn effetti <strong>amiamo le geometrie e le forme di base nel nostro lavoro<\/strong>: un pixel \u00e8 quadrato! All\u2019inizio abbiamo realizzato molti progetti cubici, a partire da <em>Square Cube<\/em>, il primo progetto di 1024 architecture (2007). \u00c8 un cubo fisico aumentato da visual mappati sincronizzati con la musica. \u00c8 stato davvero l\u2019inizio della nostra <strong>avventura artistica, all\u2019incrocio tra architettura e arte digitale, mescolate alla musica<\/strong>. Ci piace creare una relazione forte e profonda tra spazio, pixel e suono. In seguito abbiamo realizzato molti altri progetti legati al cubo, come <em>Tesseract<\/em>, una cattedrale di luce e suono che il pubblico pu\u00f2 sperimentare dall\u2019interno, oppure <em>Walking Cube<\/em> \u2014 una vera struttura cubica che prende vita, si muove, salta e danza. Anche <em>Core<\/em> \u00e8 un cubo di luce in cui la musica viene trasformata in un volume luminoso che danza dentro questa forma cubica. Pi\u00f9 recentemente anche <em>Volume<\/em> si \u00e8 unito ai progetti di geometria cubica: un volume organico di luce che esplora i limiti dello spazio cubico che abita. Ma ci piace anche esplorare altre geometrie, come nei progetti <em>Vortex<\/em> o <em>Ecrin<\/em>, pi\u00f9 esplosi e iperboloidi rispetto al cubo, oppure geometrie organiche e ondulazioni come nell\u2019installazione <em>Phorest<\/em>\u00bb.<\/p>\t\t\t\t\t\t\t\t<\/div>\n\t\t\t\t<\/div>\n\t\t\t\t<div class=\"elementor-element elementor-element-e63c398 elementor-widget elementor-widget-image\" data-id=\"e63c398\" data-element_type=\"widget\" data-e-type=\"widget\" data-widget_type=\"image.default\">\n\t\t\t\t<div class=\"elementor-widget-container\">\n\t\t\t\t\t\t\t\t\t\t\t\t<figure class=\"wp-caption\">\n\t\t\t\t\t\t\t\t\t\t<img loading=\"lazy\" decoding=\"async\" width=\"800\" height=\"398\" src=\"https:\/\/www.atmosferamag.it\/wp-content\/uploads\/2026\/04\/1024-PHOREST-2025-Nicolas-Trouillard-08-Cropped-2-1024x509.jpg\" class=\"attachment-large size-large wp-image-44235\" alt=\"\" srcset=\"https:\/\/www.atmosferamag.it\/wp-content\/uploads\/2026\/04\/1024-PHOREST-2025-Nicolas-Trouillard-08-Cropped-2-1024x509.jpg 1024w, https:\/\/www.atmosferamag.it\/wp-content\/uploads\/2026\/04\/1024-PHOREST-2025-Nicolas-Trouillard-08-Cropped-2-300x149.jpg 300w, https:\/\/www.atmosferamag.it\/wp-content\/uploads\/2026\/04\/1024-PHOREST-2025-Nicolas-Trouillard-08-Cropped-2-768x382.jpg 768w, https:\/\/www.atmosferamag.it\/wp-content\/uploads\/2026\/04\/1024-PHOREST-2025-Nicolas-Trouillard-08-Cropped-2-1536x764.jpg 1536w, https:\/\/www.atmosferamag.it\/wp-content\/uploads\/2026\/04\/1024-PHOREST-2025-Nicolas-Trouillard-08-Cropped-2-2048x1018.jpg 2048w\" sizes=\"(max-width: 800px) 100vw, 800px\" \/>\t\t\t\t\t\t\t\t\t\t\t<figcaption class=\"widget-image-caption wp-caption-text\">Phorest. Foto nicolas Trouillard<\/figcaption>\n\t\t\t\t\t\t\t\t\t\t<\/figure>\n\t\t\t\t\t\t\t\t\t<\/div>\n\t\t\t\t<\/div>\n\t\t\t\t<div class=\"elementor-element elementor-element-a7dc508 elementor-widget elementor-widget-text-editor\" data-id=\"a7dc508\" data-element_type=\"widget\" data-e-type=\"widget\" data-widget_type=\"text-editor.default\">\n\t\t\t\t<div class=\"elementor-widget-container\">\n\t\t\t\t\t\t\t\t\t<p style=\"font-weight: 400;\">NICO: \u00abQuando penso alla geometria, al ritmo e alla ripetizione nel nostro universo sonoro e spaziale, vedo due linee di ricerca diametralmente opposte nel nostro lavoro. Da un lato ci sono progetti come <em>Volume<\/em> o <em>Space Beat<\/em>. In queste opere una parte del suono \u00e8 letteralmente prodotta dall\u2019installazione stessa. In <em>Volume<\/em>, per esempio, abbiamo sviluppato modelli generativi che creano frequenze casuali a ogni ciclo. Queste frequenze vengono analizzate e tradotte in parametri che guidano l\u2019animazione visiva. Di conseguenza ogni ciclo produce un evento sonoro unico e una temporalit\u00e0 in continua evoluzione \u2014 nessuna iterazione \u00e8 mai identica alla precedente. Ci\u00f2 che mi interessa in questo approccio \u00e8 preservare un certo grado di organicit\u00e0 nell\u2019opera. Cerchiamo di far comportare il sistema quasi come una forma di proto-vita: autonoma, evolutiva e parzialmente imprevedibile, piuttosto che completamente precomposta. Dall\u2019altro lato ci sono progetti come <em>Ecrin<\/em> e <em>Scanline<\/em>, che definirei pi\u00f9 \u201ccinematografici\u201d. In queste opere immagine e suono sono assemblati all\u2019interno di una timeline precisa. Questo ci permette di costruire con cura tensione, rilascio e climax, modellando l\u2019esperienza del pubblico attraverso una struttura temporale controllata, pi\u00f9 vicina al linguaggio cinematografico. Entrambi gli approcci esplorano la relazione tra suono e spazio da direzioni opposte: uno emerge da sistemi generativi autonomi, mentre l\u2019altro si basa sulla composizione e su una drammaturgia intenzionale. Muoversi tra questi due poli \u00e8 centrale nel nostro modo di lavorare come collettivo\u00bb.<\/p>\t\t\t\t\t\t\t\t<\/div>\n\t\t\t\t<\/div>\n\t\t\t\t<section class=\"elementor-section elementor-inner-section elementor-element elementor-element-eb4a5fc elementor-section-boxed elementor-section-height-default elementor-section-height-default\" data-id=\"eb4a5fc\" data-element_type=\"section\" data-e-type=\"section\">\n\t\t\t\t\t\t<div class=\"elementor-container elementor-column-gap-no\">\n\t\t\t\t\t<div class=\"elementor-column elementor-col-50 elementor-inner-column elementor-element elementor-element-1ab3305\" data-id=\"1ab3305\" data-element_type=\"column\" data-e-type=\"column\">\n\t\t\t<div class=\"elementor-widget-wrap elementor-element-populated\">\n\t\t\t\t\t\t<div class=\"elementor-element elementor-element-92c6269 elementor-widget elementor-widget-text-editor\" data-id=\"92c6269\" data-element_type=\"widget\" data-e-type=\"widget\" data-widget_type=\"text-editor.default\">\n\t\t\t\t<div class=\"elementor-widget-container\">\n\t\t\t\t\t\t\t\t\t<p style=\"font-weight: 400;\"><strong>Come cambia il vostro approccio quando progettate per uno spazio interno rispetto a uno esterno o aperto?<\/strong><\/p><p style=\"font-weight: 400;\">PIER: \u00ab<strong>Gli ambienti esterni o urbani richiedono spesso un approccio pi\u00f9 architettonico e una relazione <em>site-specific<\/em><\/strong> con il luogo per concepire l\u2019installazione artistica. <em>Vortex<\/em> o <em>Ecrin<\/em> sono buoni esempi di come una situazione architettonica o urbana specifica generi l\u2019idea del progetto. <strong>Il contesto ispira l\u2019opera: \u00e8 il primo input, il punto di partenza della riflessione. I progetti indoor sono invece pi\u00f9 astratti<\/strong>, pensati come sculture autonome di luce: qui non c\u2019\u00e8 contesto, contano solo le pure questioni artistiche. A volte \u00e8 anche una tecnologia a ispirare una nuova opera o un prodotto innovativo, come lo schermo LED trasparente: il prodotto diventa il punto di partenza, lo testiamo, sperimentiamo e poi sviluppiamo il progetto in base a ci\u00f2 che immaginiamo di poter fare con questa nuova tecnologia\u00bb.<\/p>\t\t\t\t\t\t\t\t<\/div>\n\t\t\t\t<\/div>\n\t\t\t\t\t<\/div>\n\t\t<\/div>\n\t\t\t\t<div class=\"elementor-column elementor-col-50 elementor-inner-column elementor-element elementor-element-2f60ec1\" data-id=\"2f60ec1\" data-element_type=\"column\" data-e-type=\"column\">\n\t\t\t<div class=\"elementor-widget-wrap elementor-element-populated\">\n\t\t\t\t\t\t<div class=\"elementor-element elementor-element-31b9e5d elementor-widget elementor-widget-image\" data-id=\"31b9e5d\" data-element_type=\"widget\" data-e-type=\"widget\" data-widget_type=\"image.default\">\n\t\t\t\t<div class=\"elementor-widget-container\">\n\t\t\t\t\t\t\t\t\t\t\t\t<figure class=\"wp-caption\">\n\t\t\t\t\t\t\t\t\t\t<img loading=\"lazy\" decoding=\"async\" width=\"683\" height=\"1024\" src=\"https:\/\/www.atmosferamag.it\/wp-content\/uploads\/2026\/04\/1024_ECRIN_Iulian-Rotaru_02-683x1024.jpg\" class=\"attachment-large size-large wp-image-44237\" alt=\"\" srcset=\"https:\/\/www.atmosferamag.it\/wp-content\/uploads\/2026\/04\/1024_ECRIN_Iulian-Rotaru_02-683x1024.jpg 683w, https:\/\/www.atmosferamag.it\/wp-content\/uploads\/2026\/04\/1024_ECRIN_Iulian-Rotaru_02-200x300.jpg 200w, https:\/\/www.atmosferamag.it\/wp-content\/uploads\/2026\/04\/1024_ECRIN_Iulian-Rotaru_02-768x1152.jpg 768w, https:\/\/www.atmosferamag.it\/wp-content\/uploads\/2026\/04\/1024_ECRIN_Iulian-Rotaru_02-1024x1536.jpg 1024w, https:\/\/www.atmosferamag.it\/wp-content\/uploads\/2026\/04\/1024_ECRIN_Iulian-Rotaru_02-1366x2048.jpg 1366w, https:\/\/www.atmosferamag.it\/wp-content\/uploads\/2026\/04\/1024_ECRIN_Iulian-Rotaru_02-scaled.jpg 1707w\" sizes=\"(max-width: 683px) 100vw, 683px\" \/>\t\t\t\t\t\t\t\t\t\t\t<figcaption class=\"widget-image-caption wp-caption-text\">Ecrin. Foto Iulian Rotaru<\/figcaption>\n\t\t\t\t\t\t\t\t\t\t<\/figure>\n\t\t\t\t\t\t\t\t\t<\/div>\n\t\t\t\t<\/div>\n\t\t\t\t\t<\/div>\n\t\t<\/div>\n\t\t\t\t\t<\/div>\n\t\t<\/section>\n\t\t\t\t<div class=\"elementor-element elementor-element-16ec69e elementor-widget elementor-widget-text-editor\" data-id=\"16ec69e\" data-element_type=\"widget\" data-e-type=\"widget\" data-widget_type=\"text-editor.default\">\n\t\t\t\t<div class=\"elementor-widget-container\">\n\t\t\t\t\t\t\t\t\t<p style=\"font-weight: 400;\"><strong>Chi sono i vostri mentori o maestri? Chi vi ispira di pi\u00f9? Ci sono altri studi o professionisti contemporanei che ammirate particolarmente e perch\u00e9?<\/strong><\/p><p style=\"font-weight: 400;\">FRAN\u00c7OISE: \u00abIspirato dall\u2019arte e dalla scienza, mi piace chiedermi di cosa siamo fatti, da dove veniamo e dove stiamo andando. La fisica quantistica, per esempio, crea un forte legame tra arte astratta e scienza, permettendoci di mettere in discussione la nostra realt\u00e0. La curiosit\u00e0 \u00e8 la mia pi\u00f9 grande fonte di ispirazione \u2014 ed \u00e8 inesauribile\u00bb.<\/p><p style=\"font-weight: 400;\">PIER: \u00abAbbiamo molti mentori e maestri diversi, in vari campi artistici. Potrei citare artisti contemporanei come Gordon Matta-Clark, Christo, Daniel Buren, James Turrell, Andy Goldsworthy o JR e Arne Quinze tra i pi\u00f9 giovani. Anche architetti, da Tadao Ando a Toyo Ito, per citare solo alcune ispirazioni giapponesi. E ovviamente musicisti, da Pierre Henry e Philip Glass fino a Thomas Bangalter (Daft Punk) e Pascal Arbez (Vitalic). I miei mentori personali sono Patrick Bouchain (architetto) e Hubert Reeves (astrofisico). E s\u00ec, naturalmente ammiro anche molti studi contemporanei, come 404.zero, Christopher Bauder &amp; Robert Henke, Nonotak, Refik Anadol, perch\u00e9 hanno tutti una direzione artistica chiara e spingono l\u2019arte digitale in direzioni diverse e personali\u00bb.<\/p>\t\t\t\t\t\t\t\t<\/div>\n\t\t\t\t<\/div>\n\t\t\t\t<section class=\"elementor-section elementor-inner-section elementor-element elementor-element-401ff70 elementor-section-boxed elementor-section-height-default elementor-section-height-default\" data-id=\"401ff70\" data-element_type=\"section\" data-e-type=\"section\">\n\t\t\t\t\t\t<div class=\"elementor-container elementor-column-gap-no\">\n\t\t\t\t\t<div class=\"elementor-column elementor-col-50 elementor-inner-column elementor-element elementor-element-6772889\" data-id=\"6772889\" data-element_type=\"column\" data-e-type=\"column\">\n\t\t\t<div class=\"elementor-widget-wrap elementor-element-populated\">\n\t\t\t\t\t\t<div class=\"elementor-element elementor-element-fe3d0fb elementor-widget elementor-widget-text-editor\" data-id=\"fe3d0fb\" data-element_type=\"widget\" data-e-type=\"widget\" data-widget_type=\"text-editor.default\">\n\t\t\t\t<div class=\"elementor-widget-container\">\n\t\t\t\t\t\t\t\t\t<p>NICO: \u00abUna delle figure che mi ha affascinato di pi\u00f9, attraverso le sue idee, i suoi scritti e i suoi film, \u00e8 Alejandro Jodorowsky. Dopotutto qualcuno doveva portare un po\u2019 di magia in questo mondo cartesiano\u2026 Un\u2019installazione artistica che mi colpisce profondamente \u00e8 <em>Beam Drop Inhotim<\/em> di Chris Burden. Ci\u00f2 che mi colpisce di quest\u2019opera \u00e8 la sua semplicit\u00e0 monumentale: tutto si svolge attraverso un unico gesto. L\u2019atto stesso della costruzione diventa l\u2019opera, lasciando una parte significativa del processo al caso e al caos. Ultimamente sto ascoltando molto: <em>Origin of Symmetry<\/em>dei Muse, <em>Einstein on the Beach<\/em> di Philip Glass, <em>DIE<\/em> di Iosonouncane e il set di Yousuke Yukimatsu al Boiler Room Tokyo\u00bb.<\/p>\t\t\t\t\t\t\t\t<\/div>\n\t\t\t\t<\/div>\n\t\t\t\t\t<\/div>\n\t\t<\/div>\n\t\t\t\t<div class=\"elementor-column elementor-col-50 elementor-inner-column elementor-element elementor-element-2a2c196\" data-id=\"2a2c196\" data-element_type=\"column\" data-e-type=\"column\">\n\t\t\t<div class=\"elementor-widget-wrap elementor-element-populated\">\n\t\t\t\t\t\t<div class=\"elementor-element elementor-element-4becbb3 elementor-widget elementor-widget-image\" data-id=\"4becbb3\" data-element_type=\"widget\" data-e-type=\"widget\" data-widget_type=\"image.default\">\n\t\t\t\t<div class=\"elementor-widget-container\">\n\t\t\t\t\t\t\t\t\t\t\t\t<figure class=\"wp-caption\">\n\t\t\t\t\t\t\t\t\t\t<img loading=\"lazy\" decoding=\"async\" width=\"800\" height=\"1000\" src=\"https:\/\/www.atmosferamag.it\/wp-content\/uploads\/2026\/04\/240926_NT_DSC03804.jpg\" class=\"attachment-large size-large wp-image-44245\" alt=\"\" \/>\t\t\t\t\t\t\t\t\t\t\t<figcaption class=\"widget-image-caption wp-caption-text\">New G.<\/figcaption>\n\t\t\t\t\t\t\t\t\t\t<\/figure>\n\t\t\t\t\t\t\t\t\t<\/div>\n\t\t\t\t<\/div>\n\t\t\t\t\t<\/div>\n\t\t<\/div>\n\t\t\t\t\t<\/div>\n\t\t<\/section>\n\t\t\t\t<div class=\"elementor-element elementor-element-27ae5bb elementor-widget elementor-widget-text-editor\" data-id=\"27ae5bb\" data-element_type=\"widget\" data-e-type=\"widget\" data-widget_type=\"text-editor.default\">\n\t\t\t\t<div class=\"elementor-widget-container\">\n\t\t\t\t\t\t\t\t\t<p style=\"font-weight: 400;\"><strong>A cosa state lavorando in questo momento? In quale direzione si sta muovendo la vostra ricerca?<\/strong><\/p><p style=\"font-weight: 400;\">PIER: \u00ab<strong>Ci stiamo concentrando sempre di pi\u00f9 sulla Digital Land Art<\/strong> e su come fondere arte digitale e natura\u2026 e penso sia estremamente stimolante e significativo, sia artisticamente sia ecologicamente, capire come l\u2019arte digitale possa aiutare a osservare e percepire i paesaggi naturali in modo diverso\u00bb.<\/p><p style=\"font-weight: 400;\">NICO: \u00abAttualmente divido la mia settimana tra il nostro studio di Parigi e uno studio in campagna, dove mi concentro sulla prototipazione di nuove installazioni \u2014 soprattutto opere all\u2019aperto \u2014 come parte di un tentativo di accelerare una transizione verso una forma di arte digitale che operi alla scala del paesaggio. Compongo anche nuovi suoni, che conservo con cura, pronti per essere utilizzati quando arriver\u00e0 il momento giusto\u00bb.<\/p>\t\t\t\t\t\t\t\t<\/div>\n\t\t\t\t<\/div>\n\t\t\t\t\t<\/div>\n\t\t<\/div>\n\t\t\t\t\t<\/div>\n\t\t<\/section>\n\t\t\t\t<\/div>\n\t\t","protected":false},"excerpt":{"rendered":"<p>Luci, suoni e colori che ridefiniscono lo spazio, questa l&#8217;essenza del lavoro dello studio francese, una realt\u00e0 sperimentale che opera a cavallo tra architettura, lighting e digital creando opere che sono adatte a tutti, dai 7 ai 77 anni<\/p>\n","protected":false},"author":8,"featured_media":44199,"comment_status":"closed","ping_status":"closed","sticky":false,"template":"","format":"standard","meta":{"footnotes":""},"categories":[38,39],"tags":[],"class_list":["post-44252","post","type-post","status-publish","format-standard","has-post-thumbnail","hentry","category-editorial","category-stories"],"yoast_head":"<!-- This site is optimized with the Yoast SEO plugin v26.0 - https:\/\/yoast.com\/wordpress\/plugins\/seo\/ -->\n<title>Intervista a 1024 architecture, opere tra luce musica e spazio | Atmosfera Mag<\/title>\n<meta name=\"description\" content=\"Leggi l&#039;intervista allo studio francese 1024 architecture, specializzato nella creazione di opere digitali a cavallo tra materiale e immateriale\" \/>\n<meta name=\"robots\" content=\"index, follow, max-snippet:-1, max-image-preview:large, max-video-preview:-1\" \/>\n<link rel=\"canonical\" href=\"https:\/\/www.atmosferamag.it\/it\/intervista-1024-architecture\/\" \/>\n<meta property=\"og:locale\" content=\"it_IT\" \/>\n<meta property=\"og:type\" content=\"article\" \/>\n<meta property=\"og:title\" content=\"Intervista a 1024 architecture, opere tra luce musica e spazio | Atmosfera Mag\" \/>\n<meta property=\"og:description\" content=\"Leggi l&#039;intervista allo studio francese 1024 architecture, specializzato nella creazione di opere digitali a cavallo tra materiale e immateriale\" \/>\n<meta property=\"og:url\" content=\"https:\/\/www.atmosferamag.it\/it\/intervista-1024-architecture\/\" \/>\n<meta property=\"og:site_name\" content=\"Atmosfera Mag\" \/>\n<meta property=\"article:publisher\" content=\"https:\/\/www.facebook.com\/people\/Atmosfera-Mag\/100086538670476\/\" \/>\n<meta property=\"article:published_time\" content=\"2026-04-30T15:20:23+00:00\" \/>\n<meta property=\"article:modified_time\" content=\"2026-04-30T15:21:21+00:00\" \/>\n<meta property=\"og:image\" content=\"https:\/\/www.atmosferamag.it\/wp-content\/uploads\/2026\/04\/Portrait-Artists-1024-architecture-scaled.jpg\" \/>\n\t<meta property=\"og:image:width\" content=\"2560\" \/>\n\t<meta property=\"og:image:height\" content=\"1554\" \/>\n\t<meta property=\"og:image:type\" content=\"image\/jpeg\" \/>\n<meta name=\"author\" content=\"Francesca Tagliabue\" \/>\n<meta name=\"twitter:card\" content=\"summary_large_image\" \/>\n<meta name=\"twitter:label1\" content=\"Scritto da\" \/>\n\t<meta name=\"twitter:data1\" content=\"Francesca Tagliabue\" \/>\n\t<meta name=\"twitter:label2\" content=\"Tempo di lettura stimato\" \/>\n\t<meta name=\"twitter:data2\" content=\"15 minuti\" \/>\n<script type=\"application\/ld+json\" class=\"yoast-schema-graph\">{\"@context\":\"https:\/\/schema.org\",\"@graph\":[{\"@type\":\"Article\",\"@id\":\"https:\/\/www.atmosferamag.it\/it\/intervista-1024-architecture\/#article\",\"isPartOf\":{\"@id\":\"https:\/\/www.atmosferamag.it\/it\/intervista-1024-architecture\/\"},\"author\":{\"name\":\"Francesca Tagliabue\",\"@id\":\"https:\/\/www.atmosferamag.it\/it\/#\/schema\/person\/e94f8c49f46f6497fd88caef7bb88408\"},\"headline\":\"1024 architecture: le idee sono i processi\",\"datePublished\":\"2026-04-30T15:20:23+00:00\",\"dateModified\":\"2026-04-30T15:21:21+00:00\",\"mainEntityOfPage\":{\"@id\":\"https:\/\/www.atmosferamag.it\/it\/intervista-1024-architecture\/\"},\"wordCount\":2259,\"publisher\":{\"@id\":\"https:\/\/www.atmosferamag.it\/it\/#organization\"},\"image\":{\"@id\":\"https:\/\/www.atmosferamag.it\/it\/intervista-1024-architecture\/#primaryimage\"},\"thumbnailUrl\":\"https:\/\/www.atmosferamag.it\/wp-content\/uploads\/2026\/04\/Portrait-Artists-1024-architecture-scaled.jpg\",\"articleSection\":[\"Editorial\",\"Stories\"],\"inLanguage\":\"it-IT\"},{\"@type\":\"WebPage\",\"@id\":\"https:\/\/www.atmosferamag.it\/it\/intervista-1024-architecture\/\",\"url\":\"https:\/\/www.atmosferamag.it\/it\/intervista-1024-architecture\/\",\"name\":\"Intervista a 1024 architecture, opere tra luce musica e spazio | Atmosfera Mag\",\"isPartOf\":{\"@id\":\"https:\/\/www.atmosferamag.it\/it\/#website\"},\"primaryImageOfPage\":{\"@id\":\"https:\/\/www.atmosferamag.it\/it\/intervista-1024-architecture\/#primaryimage\"},\"image\":{\"@id\":\"https:\/\/www.atmosferamag.it\/it\/intervista-1024-architecture\/#primaryimage\"},\"thumbnailUrl\":\"https:\/\/www.atmosferamag.it\/wp-content\/uploads\/2026\/04\/Portrait-Artists-1024-architecture-scaled.jpg\",\"datePublished\":\"2026-04-30T15:20:23+00:00\",\"dateModified\":\"2026-04-30T15:21:21+00:00\",\"description\":\"Leggi l'intervista allo studio francese 1024 architecture, specializzato nella creazione di opere digitali a cavallo tra materiale e immateriale\",\"breadcrumb\":{\"@id\":\"https:\/\/www.atmosferamag.it\/it\/intervista-1024-architecture\/#breadcrumb\"},\"inLanguage\":\"it-IT\",\"potentialAction\":[{\"@type\":\"ReadAction\",\"target\":[\"https:\/\/www.atmosferamag.it\/it\/intervista-1024-architecture\/\"]}]},{\"@type\":\"ImageObject\",\"inLanguage\":\"it-IT\",\"@id\":\"https:\/\/www.atmosferamag.it\/it\/intervista-1024-architecture\/#primaryimage\",\"url\":\"https:\/\/www.atmosferamag.it\/wp-content\/uploads\/2026\/04\/Portrait-Artists-1024-architecture-scaled.jpg\",\"contentUrl\":\"https:\/\/www.atmosferamag.it\/wp-content\/uploads\/2026\/04\/Portrait-Artists-1024-architecture-scaled.jpg\",\"width\":2560,\"height\":1554},{\"@type\":\"BreadcrumbList\",\"@id\":\"https:\/\/www.atmosferamag.it\/it\/intervista-1024-architecture\/#breadcrumb\",\"itemListElement\":[{\"@type\":\"ListItem\",\"position\":1,\"name\":\"Home\",\"item\":\"https:\/\/www.atmosferamag.it\/it\/\"},{\"@type\":\"ListItem\",\"position\":2,\"name\":\"1024 architecture: le idee sono i processi\"}]},{\"@type\":\"WebSite\",\"@id\":\"https:\/\/www.atmosferamag.it\/it\/#website\",\"url\":\"https:\/\/www.atmosferamag.it\/it\/\",\"name\":\"Atmosfera Mag\",\"description\":\"La luce in tutte le sue forme\",\"publisher\":{\"@id\":\"https:\/\/www.atmosferamag.it\/it\/#organization\"},\"potentialAction\":[{\"@type\":\"SearchAction\",\"target\":{\"@type\":\"EntryPoint\",\"urlTemplate\":\"https:\/\/www.atmosferamag.it\/it\/?s={search_term_string}\"},\"query-input\":{\"@type\":\"PropertyValueSpecification\",\"valueRequired\":true,\"valueName\":\"search_term_string\"}}],\"inLanguage\":\"it-IT\"},{\"@type\":\"Organization\",\"@id\":\"https:\/\/www.atmosferamag.it\/it\/#organization\",\"name\":\"Atmosfera Mag\",\"url\":\"https:\/\/www.atmosferamag.it\/it\/\",\"logo\":{\"@type\":\"ImageObject\",\"inLanguage\":\"it-IT\",\"@id\":\"https:\/\/www.atmosferamag.it\/it\/#\/schema\/logo\/image\/\",\"url\":\"https:\/\/www.atmosferamag.it\/wp-content\/uploads\/2022\/09\/titolo.png\",\"contentUrl\":\"https:\/\/www.atmosferamag.it\/wp-content\/uploads\/2022\/09\/titolo.png\",\"width\":2728,\"height\":406,\"caption\":\"Atmosfera Mag\"},\"image\":{\"@id\":\"https:\/\/www.atmosferamag.it\/it\/#\/schema\/logo\/image\/\"},\"sameAs\":[\"https:\/\/www.facebook.com\/people\/Atmosfera-Mag\/100086538670476\/\",\"https:\/\/www.instagram.com\/atmosferamag\/\",\"https:\/\/www.pinterest.it\/atmosfera_mag\/\"]},{\"@type\":\"Person\",\"@id\":\"https:\/\/www.atmosferamag.it\/it\/#\/schema\/person\/e94f8c49f46f6497fd88caef7bb88408\",\"name\":\"Francesca Tagliabue\",\"image\":{\"@type\":\"ImageObject\",\"inLanguage\":\"it-IT\",\"@id\":\"https:\/\/www.atmosferamag.it\/it\/#\/schema\/person\/image\/\",\"url\":\"https:\/\/secure.gravatar.com\/avatar\/cc6f1d40096ee5dd7102d500a12269d3815701fb844aa918834b119c4244a97f?s=96&d=mm&r=g\",\"contentUrl\":\"https:\/\/secure.gravatar.com\/avatar\/cc6f1d40096ee5dd7102d500a12269d3815701fb844aa918834b119c4244a97f?s=96&d=mm&r=g\",\"caption\":\"Francesca Tagliabue\"},\"url\":\"https:\/\/www.atmosferamag.it\/it\/author\/francesca-tagliabue\/\"}]}<\/script>\n<!-- \/ Yoast SEO plugin. -->","yoast_head_json":{"title":"Intervista a 1024 architecture, opere tra luce musica e spazio | Atmosfera Mag","description":"Leggi l'intervista allo studio francese 1024 architecture, specializzato nella creazione di opere digitali a cavallo tra materiale e immateriale","robots":{"index":"index","follow":"follow","max-snippet":"max-snippet:-1","max-image-preview":"max-image-preview:large","max-video-preview":"max-video-preview:-1"},"canonical":"https:\/\/www.atmosferamag.it\/it\/intervista-1024-architecture\/","og_locale":"it_IT","og_type":"article","og_title":"Intervista a 1024 architecture, opere tra luce musica e spazio | Atmosfera Mag","og_description":"Leggi l'intervista allo studio francese 1024 architecture, specializzato nella creazione di opere digitali a cavallo tra materiale e immateriale","og_url":"https:\/\/www.atmosferamag.it\/it\/intervista-1024-architecture\/","og_site_name":"Atmosfera Mag","article_publisher":"https:\/\/www.facebook.com\/people\/Atmosfera-Mag\/100086538670476\/","article_published_time":"2026-04-30T15:20:23+00:00","article_modified_time":"2026-04-30T15:21:21+00:00","og_image":[{"width":2560,"height":1554,"url":"https:\/\/www.atmosferamag.it\/wp-content\/uploads\/2026\/04\/Portrait-Artists-1024-architecture-scaled.jpg","type":"image\/jpeg"}],"author":"Francesca Tagliabue","twitter_card":"summary_large_image","twitter_misc":{"Scritto da":"Francesca Tagliabue","Tempo di lettura stimato":"15 minuti"},"schema":{"@context":"https:\/\/schema.org","@graph":[{"@type":"Article","@id":"https:\/\/www.atmosferamag.it\/it\/intervista-1024-architecture\/#article","isPartOf":{"@id":"https:\/\/www.atmosferamag.it\/it\/intervista-1024-architecture\/"},"author":{"name":"Francesca Tagliabue","@id":"https:\/\/www.atmosferamag.it\/it\/#\/schema\/person\/e94f8c49f46f6497fd88caef7bb88408"},"headline":"1024 architecture: le idee sono i processi","datePublished":"2026-04-30T15:20:23+00:00","dateModified":"2026-04-30T15:21:21+00:00","mainEntityOfPage":{"@id":"https:\/\/www.atmosferamag.it\/it\/intervista-1024-architecture\/"},"wordCount":2259,"publisher":{"@id":"https:\/\/www.atmosferamag.it\/it\/#organization"},"image":{"@id":"https:\/\/www.atmosferamag.it\/it\/intervista-1024-architecture\/#primaryimage"},"thumbnailUrl":"https:\/\/www.atmosferamag.it\/wp-content\/uploads\/2026\/04\/Portrait-Artists-1024-architecture-scaled.jpg","articleSection":["Editorial","Stories"],"inLanguage":"it-IT"},{"@type":"WebPage","@id":"https:\/\/www.atmosferamag.it\/it\/intervista-1024-architecture\/","url":"https:\/\/www.atmosferamag.it\/it\/intervista-1024-architecture\/","name":"Intervista a 1024 architecture, opere tra luce musica e spazio | Atmosfera Mag","isPartOf":{"@id":"https:\/\/www.atmosferamag.it\/it\/#website"},"primaryImageOfPage":{"@id":"https:\/\/www.atmosferamag.it\/it\/intervista-1024-architecture\/#primaryimage"},"image":{"@id":"https:\/\/www.atmosferamag.it\/it\/intervista-1024-architecture\/#primaryimage"},"thumbnailUrl":"https:\/\/www.atmosferamag.it\/wp-content\/uploads\/2026\/04\/Portrait-Artists-1024-architecture-scaled.jpg","datePublished":"2026-04-30T15:20:23+00:00","dateModified":"2026-04-30T15:21:21+00:00","description":"Leggi l'intervista allo studio francese 1024 architecture, specializzato nella creazione di opere digitali a cavallo tra materiale e immateriale","breadcrumb":{"@id":"https:\/\/www.atmosferamag.it\/it\/intervista-1024-architecture\/#breadcrumb"},"inLanguage":"it-IT","potentialAction":[{"@type":"ReadAction","target":["https:\/\/www.atmosferamag.it\/it\/intervista-1024-architecture\/"]}]},{"@type":"ImageObject","inLanguage":"it-IT","@id":"https:\/\/www.atmosferamag.it\/it\/intervista-1024-architecture\/#primaryimage","url":"https:\/\/www.atmosferamag.it\/wp-content\/uploads\/2026\/04\/Portrait-Artists-1024-architecture-scaled.jpg","contentUrl":"https:\/\/www.atmosferamag.it\/wp-content\/uploads\/2026\/04\/Portrait-Artists-1024-architecture-scaled.jpg","width":2560,"height":1554},{"@type":"BreadcrumbList","@id":"https:\/\/www.atmosferamag.it\/it\/intervista-1024-architecture\/#breadcrumb","itemListElement":[{"@type":"ListItem","position":1,"name":"Home","item":"https:\/\/www.atmosferamag.it\/it\/"},{"@type":"ListItem","position":2,"name":"1024 architecture: le idee sono i processi"}]},{"@type":"WebSite","@id":"https:\/\/www.atmosferamag.it\/it\/#website","url":"https:\/\/www.atmosferamag.it\/it\/","name":"Atmosfera Mag","description":"La luce in tutte le sue forme","publisher":{"@id":"https:\/\/www.atmosferamag.it\/it\/#organization"},"potentialAction":[{"@type":"SearchAction","target":{"@type":"EntryPoint","urlTemplate":"https:\/\/www.atmosferamag.it\/it\/?s={search_term_string}"},"query-input":{"@type":"PropertyValueSpecification","valueRequired":true,"valueName":"search_term_string"}}],"inLanguage":"it-IT"},{"@type":"Organization","@id":"https:\/\/www.atmosferamag.it\/it\/#organization","name":"Atmosfera Mag","url":"https:\/\/www.atmosferamag.it\/it\/","logo":{"@type":"ImageObject","inLanguage":"it-IT","@id":"https:\/\/www.atmosferamag.it\/it\/#\/schema\/logo\/image\/","url":"https:\/\/www.atmosferamag.it\/wp-content\/uploads\/2022\/09\/titolo.png","contentUrl":"https:\/\/www.atmosferamag.it\/wp-content\/uploads\/2022\/09\/titolo.png","width":2728,"height":406,"caption":"Atmosfera Mag"},"image":{"@id":"https:\/\/www.atmosferamag.it\/it\/#\/schema\/logo\/image\/"},"sameAs":["https:\/\/www.facebook.com\/people\/Atmosfera-Mag\/100086538670476\/","https:\/\/www.instagram.com\/atmosferamag\/","https:\/\/www.pinterest.it\/atmosfera_mag\/"]},{"@type":"Person","@id":"https:\/\/www.atmosferamag.it\/it\/#\/schema\/person\/e94f8c49f46f6497fd88caef7bb88408","name":"Francesca Tagliabue","image":{"@type":"ImageObject","inLanguage":"it-IT","@id":"https:\/\/www.atmosferamag.it\/it\/#\/schema\/person\/image\/","url":"https:\/\/secure.gravatar.com\/avatar\/cc6f1d40096ee5dd7102d500a12269d3815701fb844aa918834b119c4244a97f?s=96&d=mm&r=g","contentUrl":"https:\/\/secure.gravatar.com\/avatar\/cc6f1d40096ee5dd7102d500a12269d3815701fb844aa918834b119c4244a97f?s=96&d=mm&r=g","caption":"Francesca Tagliabue"},"url":"https:\/\/www.atmosferamag.it\/it\/author\/francesca-tagliabue\/"}]}},"_links":{"self":[{"href":"https:\/\/www.atmosferamag.it\/it\/wp-json\/wp\/v2\/posts\/44252","targetHints":{"allow":["GET"]}}],"collection":[{"href":"https:\/\/www.atmosferamag.it\/it\/wp-json\/wp\/v2\/posts"}],"about":[{"href":"https:\/\/www.atmosferamag.it\/it\/wp-json\/wp\/v2\/types\/post"}],"author":[{"embeddable":true,"href":"https:\/\/www.atmosferamag.it\/it\/wp-json\/wp\/v2\/users\/8"}],"replies":[{"embeddable":true,"href":"https:\/\/www.atmosferamag.it\/it\/wp-json\/wp\/v2\/comments?post=44252"}],"version-history":[{"count":38,"href":"https:\/\/www.atmosferamag.it\/it\/wp-json\/wp\/v2\/posts\/44252\/revisions"}],"predecessor-version":[{"id":44291,"href":"https:\/\/www.atmosferamag.it\/it\/wp-json\/wp\/v2\/posts\/44252\/revisions\/44291"}],"wp:featuredmedia":[{"embeddable":true,"href":"https:\/\/www.atmosferamag.it\/it\/wp-json\/wp\/v2\/media\/44199"}],"wp:attachment":[{"href":"https:\/\/www.atmosferamag.it\/it\/wp-json\/wp\/v2\/media?parent=44252"}],"wp:term":[{"taxonomy":"category","embeddable":true,"href":"https:\/\/www.atmosferamag.it\/it\/wp-json\/wp\/v2\/categories?post=44252"},{"taxonomy":"post_tag","embeddable":true,"href":"https:\/\/www.atmosferamag.it\/it\/wp-json\/wp\/v2\/tags?post=44252"}],"curies":[{"name":"wp","href":"https:\/\/api.w.org\/{rel}","templated":true}]}}