{"id":42508,"date":"2026-01-30T10:42:23","date_gmt":"2026-01-30T09:42:23","guid":{"rendered":"https:\/\/www.atmosferamag.it\/?p=42508"},"modified":"2026-01-30T11:50:15","modified_gmt":"2026-01-30T10:50:15","slug":"salone-mobile-milano-2026","status":"publish","type":"post","link":"https:\/\/www.atmosferamag.it\/it\/salone-mobile-milano-2026\/","title":{"rendered":"Cosa sappiamo del Salone del Mobile.Milano 2026 (e perch\u00e9 non perderselo)"},"content":{"rendered":"\t\t<div data-elementor-type=\"wp-post\" data-elementor-id=\"42508\" class=\"elementor elementor-42508 elementor-42523\" data-elementor-post-type=\"post\">\n\t\t\t\t\t\t<section class=\"elementor-section elementor-top-section elementor-element elementor-element-f96f959 elementor-section-boxed elementor-section-height-default elementor-section-height-default\" data-id=\"f96f959\" data-element_type=\"section\" data-e-type=\"section\">\n\t\t\t\t\t\t<div class=\"elementor-container elementor-column-gap-default\">\n\t\t\t\t\t<div class=\"elementor-column elementor-col-100 elementor-top-column elementor-element elementor-element-e7383fd\" data-id=\"e7383fd\" data-element_type=\"column\" data-e-type=\"column\">\n\t\t\t<div class=\"elementor-widget-wrap elementor-element-populated\">\n\t\t\t\t\t\t<div class=\"elementor-element elementor-element-1a11cea elementor-widget elementor-widget-text-editor\" data-id=\"1a11cea\" data-element_type=\"widget\" data-e-type=\"widget\" data-widget_type=\"text-editor.default\">\n\t\t\t\t<div class=\"elementor-widget-container\">\n\t\t\t\t\t\t\t\t\t<p><span style=\"font-weight: 400;\">\u00c8 iniziato il conto alla rovescia per la <\/span><b>64esima edizione del <\/b><a href=\"https:\/\/www.salonemilano.it\/it\" target=\"_blank\" rel=\"noopener\"><b><span style=\"text-decoration: underline;\">Salone del Mobile.Milano<\/span><\/b><\/a><b>, in programma dal 21 al 26 aprile 2026<\/b><span style=\"font-weight: 400;\">. \u00abConnessioni globali, nuovi territori curatoriali e un\u2019inedita apertura al contract\u00bb \u00e8 il sunto massimo di quanto annunciato durante la conferenza stampa di presentazione, alla presenza delle autorit\u00e0 cittadine e sotto la guida del presidente <\/span><a href=\"https:\/\/www.atmosferamag.it\/it\/intervista-maria-porro-salone-mobile\/\" target=\"_blank\" rel=\"noopener\"><span style=\"font-weight: 400;\"><span style=\"text-decoration: underline;\">Maria Porro<\/span><\/span><\/a><span style=\"font-weight: 400;\">. Nei padiglioni di Rho Fiera, su oltre 169.000 mq di superficie espositiva netta completamente sold out, saranno presenti pi\u00f9 di 1.900 espositori (36,6% dall\u2019estero). Torneranno il<\/span><b> Salone Satellite<\/b><span style=\"font-weight: 400;\"> e le <\/span><b>biennali EuroCucina con FTK<\/b><span style=\"font-weight: 400;\"> \u2013 Technology For the Kitchen assieme al <\/span><b>Salone Internazionale del Bagno<\/b><span style=\"font-weight: 400;\">.<\/span><\/p>\t\t\t\t\t\t\t\t<\/div>\n\t\t\t\t<\/div>\n\t\t\t\t\t<\/div>\n\t\t<\/div>\n\t\t\t\t\t<\/div>\n\t\t<\/section>\n\t\t\t\t<section class=\"elementor-section elementor-top-section elementor-element elementor-element-76f1120 elementor-section-boxed elementor-section-height-default elementor-section-height-default\" data-id=\"76f1120\" data-element_type=\"section\" data-e-type=\"section\">\n\t\t\t\t\t\t<div class=\"elementor-container elementor-column-gap-default\">\n\t\t\t\t\t<div class=\"elementor-column elementor-col-100 elementor-top-column elementor-element elementor-element-9dca769\" data-id=\"9dca769\" data-element_type=\"column\" data-e-type=\"column\">\n\t\t\t<div class=\"elementor-widget-wrap elementor-element-populated\">\n\t\t\t\t\t\t<div class=\"elementor-element elementor-element-49b70c8 elementor-widget elementor-widget-image\" data-id=\"49b70c8\" data-element_type=\"widget\" data-e-type=\"widget\" data-widget_type=\"image.default\">\n\t\t\t\t<div class=\"elementor-widget-container\">\n\t\t\t\t\t\t\t\t\t\t\t\t<figure class=\"wp-caption\">\n\t\t\t\t\t\t\t\t\t\t<img fetchpriority=\"high\" decoding=\"async\" width=\"724\" height=\"1024\" src=\"https:\/\/www.atmosferamag.it\/wp-content\/uploads\/2026\/01\/01_Campagna-di-comunicazione_A-Matter-of-Salone_Salone-del-Mobile.Milano-2026_\u00a9Motel409-1-724x1024.jpg\" class=\"attachment-large size-large wp-image-42512\" alt=\"\" srcset=\"https:\/\/www.atmosferamag.it\/wp-content\/uploads\/2026\/01\/01_Campagna-di-comunicazione_A-Matter-of-Salone_Salone-del-Mobile.Milano-2026_\u00a9Motel409-1-724x1024.jpg 724w, https:\/\/www.atmosferamag.it\/wp-content\/uploads\/2026\/01\/01_Campagna-di-comunicazione_A-Matter-of-Salone_Salone-del-Mobile.Milano-2026_\u00a9Motel409-1-212x300.jpg 212w, https:\/\/www.atmosferamag.it\/wp-content\/uploads\/2026\/01\/01_Campagna-di-comunicazione_A-Matter-of-Salone_Salone-del-Mobile.Milano-2026_\u00a9Motel409-1-768x1086.jpg 768w, https:\/\/www.atmosferamag.it\/wp-content\/uploads\/2026\/01\/01_Campagna-di-comunicazione_A-Matter-of-Salone_Salone-del-Mobile.Milano-2026_\u00a9Motel409-1-1086x1536.jpg 1086w, https:\/\/www.atmosferamag.it\/wp-content\/uploads\/2026\/01\/01_Campagna-di-comunicazione_A-Matter-of-Salone_Salone-del-Mobile.Milano-2026_\u00a9Motel409-1-1448x2048.jpg 1448w, https:\/\/www.atmosferamag.it\/wp-content\/uploads\/2026\/01\/01_Campagna-di-comunicazione_A-Matter-of-Salone_Salone-del-Mobile.Milano-2026_\u00a9Motel409-1-scaled.jpg 1810w\" sizes=\"(max-width: 724px) 100vw, 724px\" \/>\t\t\t\t\t\t\t\t\t\t\t<figcaption class=\"widget-image-caption wp-caption-text\">1. A Matter of Salone, campagna di comunicazione per il Salone del Mobile.Milano 2026<\/figcaption>\n\t\t\t\t\t\t\t\t\t\t<\/figure>\n\t\t\t\t\t\t\t\t\t<\/div>\n\t\t\t\t<\/div>\n\t\t\t\t\t<\/div>\n\t\t<\/div>\n\t\t\t\t\t<\/div>\n\t\t<\/section>\n\t\t\t\t<section class=\"elementor-section elementor-top-section elementor-element elementor-element-9e02eeb elementor-section-boxed elementor-section-height-default elementor-section-height-default\" data-id=\"9e02eeb\" data-element_type=\"section\" data-e-type=\"section\">\n\t\t\t\t\t\t<div class=\"elementor-container elementor-column-gap-default\">\n\t\t\t\t\t<div class=\"elementor-column elementor-col-100 elementor-top-column elementor-element elementor-element-b12a3f4\" data-id=\"b12a3f4\" data-element_type=\"column\" data-e-type=\"column\">\n\t\t\t<div class=\"elementor-widget-wrap elementor-element-populated\">\n\t\t\t\t\t\t<div class=\"elementor-element elementor-element-b7c6082 elementor-widget elementor-widget-text-editor\" data-id=\"b7c6082\" data-element_type=\"widget\" data-e-type=\"widget\" data-widget_type=\"text-editor.default\">\n\t\t\t\t<div class=\"elementor-widget-container\">\n\t\t\t\t\t\t\t\t\t<h2>Le principali novit\u00e0 del Salone del Mobile.Milano 2026<\/h2><p><span style=\"font-weight: 400;\">L&#8217;edizione 2026 del Salone del Mobile si propone come \u00abun\u2019architettura di contenuti e percorsi espositivi sempre pi\u00f9 integrati \u2013 dichiarano dall&#8217;organizzazione \u2013 Il Salone aprir\u00e0 una direttrice inedita, che porter\u00e0, nel 2027, al <\/span><b>debutto di Salone Contract<\/b><span style=\"font-weight: 400;\">, il cui masterplan \u00e8 affidato a Rem Koolhaas e David Gianotten (OMA),\u00a0 per esplorare i grandi temi di questo ecosistema in trasformazione: dalla lettura dei contesti all\u2019esperienza di visita, dalle forniture integrate fino al rafforzamento della dimensione di networking B2B\u00bb.<\/span><\/p><p><span style=\"font-weight: 400;\">Novit\u00e0 da visitare ai <\/span><b>padiglioni 9-11<\/b><span style=\"font-weight: 400;\">: il gi\u00e0 annunciato <\/span><b>Salone Raritas<\/b><span style=\"font-weight: 400;\">, la <\/span><b>nuova piattaforma orientata al collectible design<\/b><span style=\"font-weight: 400;\"> con uno sguardo su edizioni limitate, alta manifattura e antiquariato. 25 gli espositori che prenderanno parte a questa prima edizione, tra cui Nilufar, Salviati x Draga &amp; Aurel, Mouromtsev Design Editions, Mercado Moderno, Bianco67 e Brun Fine Art. <\/span><b>La curatela \u00e8 stata affidata ad Annalisa Rosso, mentre l\u2019exhibition design sar\u00e0 firmato dal duo Formafantasma<\/b><span style=\"font-weight: 400;\">.<\/span><\/p>\t\t\t\t\t\t\t\t<\/div>\n\t\t\t\t<\/div>\n\t\t\t\t\t<\/div>\n\t\t<\/div>\n\t\t\t\t\t<\/div>\n\t\t<\/section>\n\t\t\t\t<section class=\"elementor-section elementor-top-section elementor-element elementor-element-c46b101 elementor-section-boxed elementor-section-height-default elementor-section-height-default\" data-id=\"c46b101\" data-element_type=\"section\" data-e-type=\"section\">\n\t\t\t\t\t\t<div class=\"elementor-container elementor-column-gap-default\">\n\t\t\t\t\t<div class=\"elementor-column elementor-col-100 elementor-top-column elementor-element elementor-element-215e03e\" data-id=\"215e03e\" data-element_type=\"column\" data-e-type=\"column\">\n\t\t\t<div class=\"elementor-widget-wrap elementor-element-populated\">\n\t\t\t\t\t\t<div class=\"elementor-element elementor-element-2802985 elementor-widget elementor-widget-image\" data-id=\"2802985\" data-element_type=\"widget\" data-e-type=\"widget\" data-widget_type=\"image.default\">\n\t\t\t\t<div class=\"elementor-widget-container\">\n\t\t\t\t\t\t\t\t\t\t\t\t<figure class=\"wp-caption\">\n\t\t\t\t\t\t\t\t\t\t<img decoding=\"async\" width=\"800\" height=\"509\" src=\"https:\/\/www.atmosferamag.it\/wp-content\/uploads\/2026\/01\/01_Salone-Raritas_Salone-del-Mobile.Milano-2026_Visual_\u00a9Formafantasma-1024x651.jpg\" class=\"attachment-large size-large wp-image-42514\" alt=\"\" srcset=\"https:\/\/www.atmosferamag.it\/wp-content\/uploads\/2026\/01\/01_Salone-Raritas_Salone-del-Mobile.Milano-2026_Visual_\u00a9Formafantasma-1024x651.jpg 1024w, https:\/\/www.atmosferamag.it\/wp-content\/uploads\/2026\/01\/01_Salone-Raritas_Salone-del-Mobile.Milano-2026_Visual_\u00a9Formafantasma-300x191.jpg 300w, https:\/\/www.atmosferamag.it\/wp-content\/uploads\/2026\/01\/01_Salone-Raritas_Salone-del-Mobile.Milano-2026_Visual_\u00a9Formafantasma-768x488.jpg 768w, https:\/\/www.atmosferamag.it\/wp-content\/uploads\/2026\/01\/01_Salone-Raritas_Salone-del-Mobile.Milano-2026_Visual_\u00a9Formafantasma-1536x976.jpg 1536w, https:\/\/www.atmosferamag.it\/wp-content\/uploads\/2026\/01\/01_Salone-Raritas_Salone-del-Mobile.Milano-2026_Visual_\u00a9Formafantasma.jpg 1699w\" sizes=\"(max-width: 800px) 100vw, 800px\" \/>\t\t\t\t\t\t\t\t\t\t\t<figcaption class=\"widget-image-caption wp-caption-text\">2. Salone Raritas, rendering. \u00a9Formafantasma<\/figcaption>\n\t\t\t\t\t\t\t\t\t\t<\/figure>\n\t\t\t\t\t\t\t\t\t<\/div>\n\t\t\t\t<\/div>\n\t\t\t\t<div class=\"elementor-element elementor-element-29afdac elementor-widget elementor-widget-text-editor\" data-id=\"29afdac\" data-element_type=\"widget\" data-e-type=\"widget\" data-widget_type=\"text-editor.default\">\n\t\t\t\t<div class=\"elementor-widget-container\">\n\t\t\t\t\t\t\t\t\t<h2>Il mondo del lusso e le biennali di cucina e bagno\u00a0<\/h2><p><span style=\"font-weight: 400;\">I <\/span><b>padiglioni 11-13<\/b><span style=\"font-weight: 400;\"> ospiteranno il <\/span><b>percorso A Luxury Way<\/b><span style=\"font-weight: 400;\">, una rilettura in chiave attuale di quello che un tempo era lo spazio dedicato al &#8220;mobile classico&#8221;. In scena la <\/span><b>scenografica installazione <\/b><b><i>Aurea, an Architectural Fiction<\/i><\/b><span style=\"font-weight: 400;\">: ideata da Maison Num\u00e9ro 20, lo studio di Oscar Lucien Ono: un hotel immaginario che trasforma l\u2019interior design in racconto sensoriale, puntando sul massimalismo e sull&#8217;ampio uso dell&#8217;oro.<\/span><\/p>\t\t\t\t\t\t\t\t<\/div>\n\t\t\t\t<\/div>\n\t\t\t\t<div class=\"elementor-element elementor-element-dbc4ea2 elementor-widget elementor-widget-image\" data-id=\"dbc4ea2\" data-element_type=\"widget\" data-e-type=\"widget\" data-widget_type=\"image.default\">\n\t\t\t\t<div class=\"elementor-widget-container\">\n\t\t\t\t\t\t\t\t\t\t\t\t<figure class=\"wp-caption\">\n\t\t\t\t\t\t\t\t\t\t<img decoding=\"async\" width=\"800\" height=\"659\" src=\"https:\/\/www.atmosferamag.it\/wp-content\/uploads\/2026\/01\/01_Aurea_Salone-del-Mobile.Milano-2026_illustration_MN20.png\" class=\"attachment-large size-large wp-image-42548\" alt=\"\" srcset=\"https:\/\/www.atmosferamag.it\/wp-content\/uploads\/2026\/01\/01_Aurea_Salone-del-Mobile.Milano-2026_illustration_MN20.png 1024w, https:\/\/www.atmosferamag.it\/wp-content\/uploads\/2026\/01\/01_Aurea_Salone-del-Mobile.Milano-2026_illustration_MN20-300x247.png 300w, https:\/\/www.atmosferamag.it\/wp-content\/uploads\/2026\/01\/01_Aurea_Salone-del-Mobile.Milano-2026_illustration_MN20-768x632.png 768w\" sizes=\"(max-width: 800px) 100vw, 800px\" \/>\t\t\t\t\t\t\t\t\t\t\t<figcaption class=\"widget-image-caption wp-caption-text\">3. Aurea, sketch. \u00a9 Maison Num\u00e9ro 20<\/figcaption>\n\t\t\t\t\t\t\t\t\t\t<\/figure>\n\t\t\t\t\t\t\t\t\t<\/div>\n\t\t\t\t<\/div>\n\t\t\t\t<div class=\"elementor-element elementor-element-299af27 elementor-widget elementor-widget-text-editor\" data-id=\"299af27\" data-element_type=\"widget\" data-e-type=\"widget\" data-widget_type=\"text-editor.default\">\n\t\t\t\t<div class=\"elementor-widget-container\">\n\t\t\t\t\t\t\t\t\t<p><span style=\"font-weight: 400;\">Mette in scena le ultime tendenze della stanza che, a buon titolo, \u00e8 considerata il cuore conviviale della casa <\/span><b>EuroCucina con FTK<\/b><span style=\"font-weight: 400;\">. Gli ultimi aggiornamenti del settore sono guidati da <\/span><b>tecnologia, sostenibilit\u00e0 e innovazione<\/b><span style=\"font-weight: 400;\">, dalla ricerca di sistemi intelligenti e dall&#8217;integrazione dell&#8217;AI, uniti alla massima possibilit\u00e0 di personalizzazione dello spazio e delle sue attrezzature da parte degli utenti.<\/span><\/p><p><span style=\"font-weight: 400;\">La parola chiave del <\/span><b>Salone Internazionale del Bagno<\/b><span style=\"font-weight: 400;\"> sar\u00e0 benessere, legato a concetti quali efficienza idrica, igiene, durabilit\u00e0. Lo sguardo progettuale terr\u00e0 come centro il concetto di <\/span><b>longevity<\/b><span style=\"font-weight: 400;\">, perch\u00e9 il bagno, pi\u00f9 di ogni altro ambiente, <\/span><b>deve reggere il tempo che passa e i gesti che cambiano, senza perdere estetica n\u00e9 comfort<\/b><span style=\"font-weight: 400;\">.<\/span><\/p>\t\t\t\t\t\t\t\t<\/div>\n\t\t\t\t<\/div>\n\t\t\t\t\t<\/div>\n\t\t<\/div>\n\t\t\t\t\t<\/div>\n\t\t<\/section>\n\t\t\t\t<\/div>\n\t\t","protected":false},"excerpt":{"rendered":"<p>Le biennali dedicate a bagno e cucina, un focus sul contract e uno spazio speciale dedicato al design da collezione. Ma anche il ritorno del Salone Satellite, che indaga il nuovo equilibrio tra artigianalit\u00e0 e tecnologia, e un&#8217;installazione che rilegge il mondo del lusso.<\/p>\n","protected":false},"author":2,"featured_media":42558,"comment_status":"closed","ping_status":"closed","sticky":false,"template":"","format":"standard","meta":{"footnotes":""},"categories":[43],"tags":[],"class_list":["post-42508","post","type-post","status-publish","format-standard","has-post-thumbnail","hentry","category-highlights"],"yoast_head":"<!-- This site is optimized with the Yoast SEO plugin v26.0 - https:\/\/yoast.com\/wordpress\/plugins\/seo\/ -->\n<title>Salone del Mobile.Milano 2026: tutte le novit\u00e0 | Atmosfera Mag<\/title>\n<meta name=\"description\" content=\"Il Salone del Mobile.Milano 2026 introduce nuove modalit\u00e0 espositive, il debutto di Salone Raritas, il ritorno delle biennali di cucina e bagno e un focus sul contract.\" \/>\n<meta name=\"robots\" content=\"index, follow, max-snippet:-1, max-image-preview:large, max-video-preview:-1\" \/>\n<link rel=\"canonical\" href=\"https:\/\/www.atmosferamag.it\/it\/salone-mobile-milano-2026\/\" \/>\n<meta property=\"og:locale\" content=\"it_IT\" \/>\n<meta property=\"og:type\" content=\"article\" \/>\n<meta property=\"og:title\" content=\"Salone del Mobile.Milano 2026: tutte le novit\u00e0 | Atmosfera Mag\" \/>\n<meta property=\"og:description\" content=\"Il Salone del Mobile.Milano 2026 introduce nuove modalit\u00e0 espositive, il debutto di Salone Raritas, il ritorno delle biennali di cucina e bagno e un focus sul contract.\" \/>\n<meta property=\"og:url\" content=\"https:\/\/www.atmosferamag.it\/it\/salone-mobile-milano-2026\/\" \/>\n<meta property=\"og:site_name\" content=\"Atmosfera Mag\" \/>\n<meta property=\"article:publisher\" content=\"https:\/\/www.facebook.com\/people\/Atmosfera-Mag\/100086538670476\/\" \/>\n<meta property=\"article:published_time\" content=\"2026-01-30T09:42:23+00:00\" \/>\n<meta property=\"article:modified_time\" content=\"2026-01-30T10:50:15+00:00\" \/>\n<meta property=\"og:image\" content=\"https:\/\/www.atmosferamag.it\/wp-content\/uploads\/2026\/01\/SALONE-scaled.png\" \/>\n\t<meta property=\"og:image:width\" content=\"2560\" \/>\n\t<meta property=\"og:image:height\" content=\"1426\" \/>\n\t<meta property=\"og:image:type\" content=\"image\/png\" \/>\n<meta name=\"author\" content=\"Redazione AtmosferaMag\" \/>\n<meta name=\"twitter:card\" content=\"summary_large_image\" \/>\n<meta name=\"twitter:label1\" content=\"Scritto da\" \/>\n\t<meta name=\"twitter:data1\" content=\"Redazione AtmosferaMag\" \/>\n\t<meta name=\"twitter:label2\" content=\"Tempo di lettura stimato\" \/>\n\t<meta name=\"twitter:data2\" content=\"4 minuti\" \/>\n<script type=\"application\/ld+json\" class=\"yoast-schema-graph\">{\"@context\":\"https:\/\/schema.org\",\"@graph\":[{\"@type\":\"Article\",\"@id\":\"https:\/\/www.atmosferamag.it\/it\/salone-mobile-milano-2026\/#article\",\"isPartOf\":{\"@id\":\"https:\/\/www.atmosferamag.it\/it\/salone-mobile-milano-2026\/\"},\"author\":{\"name\":\"Redazione AtmosferaMag\",\"@id\":\"https:\/\/www.atmosferamag.it\/it\/#\/schema\/person\/ab74a44bc124a0796815bc269e4939dc\"},\"headline\":\"Cosa sappiamo del Salone del Mobile.Milano 2026 (e perch\u00e9 non perderselo)\",\"datePublished\":\"2026-01-30T09:42:23+00:00\",\"dateModified\":\"2026-01-30T10:50:15+00:00\",\"mainEntityOfPage\":{\"@id\":\"https:\/\/www.atmosferamag.it\/it\/salone-mobile-milano-2026\/\"},\"wordCount\":474,\"publisher\":{\"@id\":\"https:\/\/www.atmosferamag.it\/it\/#organization\"},\"image\":{\"@id\":\"https:\/\/www.atmosferamag.it\/it\/salone-mobile-milano-2026\/#primaryimage\"},\"thumbnailUrl\":\"https:\/\/www.atmosferamag.it\/wp-content\/uploads\/2026\/01\/SALONE-scaled.png\",\"articleSection\":[\"Highlights\"],\"inLanguage\":\"it-IT\"},{\"@type\":\"WebPage\",\"@id\":\"https:\/\/www.atmosferamag.it\/it\/salone-mobile-milano-2026\/\",\"url\":\"https:\/\/www.atmosferamag.it\/it\/salone-mobile-milano-2026\/\",\"name\":\"Salone del Mobile.Milano 2026: tutte le novit\u00e0 | Atmosfera Mag\",\"isPartOf\":{\"@id\":\"https:\/\/www.atmosferamag.it\/it\/#website\"},\"primaryImageOfPage\":{\"@id\":\"https:\/\/www.atmosferamag.it\/it\/salone-mobile-milano-2026\/#primaryimage\"},\"image\":{\"@id\":\"https:\/\/www.atmosferamag.it\/it\/salone-mobile-milano-2026\/#primaryimage\"},\"thumbnailUrl\":\"https:\/\/www.atmosferamag.it\/wp-content\/uploads\/2026\/01\/SALONE-scaled.png\",\"datePublished\":\"2026-01-30T09:42:23+00:00\",\"dateModified\":\"2026-01-30T10:50:15+00:00\",\"description\":\"Il Salone del Mobile.Milano 2026 introduce nuove modalit\u00e0 espositive, il debutto di Salone Raritas, il ritorno delle biennali di cucina e bagno e un focus sul contract.\",\"breadcrumb\":{\"@id\":\"https:\/\/www.atmosferamag.it\/it\/salone-mobile-milano-2026\/#breadcrumb\"},\"inLanguage\":\"it-IT\",\"potentialAction\":[{\"@type\":\"ReadAction\",\"target\":[\"https:\/\/www.atmosferamag.it\/it\/salone-mobile-milano-2026\/\"]}]},{\"@type\":\"ImageObject\",\"inLanguage\":\"it-IT\",\"@id\":\"https:\/\/www.atmosferamag.it\/it\/salone-mobile-milano-2026\/#primaryimage\",\"url\":\"https:\/\/www.atmosferamag.it\/wp-content\/uploads\/2026\/01\/SALONE-scaled.png\",\"contentUrl\":\"https:\/\/www.atmosferamag.it\/wp-content\/uploads\/2026\/01\/SALONE-scaled.png\",\"width\":2560,\"height\":1426},{\"@type\":\"BreadcrumbList\",\"@id\":\"https:\/\/www.atmosferamag.it\/it\/salone-mobile-milano-2026\/#breadcrumb\",\"itemListElement\":[{\"@type\":\"ListItem\",\"position\":1,\"name\":\"Home\",\"item\":\"https:\/\/www.atmosferamag.it\/it\/\"},{\"@type\":\"ListItem\",\"position\":2,\"name\":\"Cosa sappiamo del Salone del Mobile.Milano 2026 (e perch\u00e9 non perderselo)\"}]},{\"@type\":\"WebSite\",\"@id\":\"https:\/\/www.atmosferamag.it\/it\/#website\",\"url\":\"https:\/\/www.atmosferamag.it\/it\/\",\"name\":\"Atmosfera Mag\",\"description\":\"La luce in tutte le sue forme\",\"publisher\":{\"@id\":\"https:\/\/www.atmosferamag.it\/it\/#organization\"},\"potentialAction\":[{\"@type\":\"SearchAction\",\"target\":{\"@type\":\"EntryPoint\",\"urlTemplate\":\"https:\/\/www.atmosferamag.it\/it\/?s={search_term_string}\"},\"query-input\":{\"@type\":\"PropertyValueSpecification\",\"valueRequired\":true,\"valueName\":\"search_term_string\"}}],\"inLanguage\":\"it-IT\"},{\"@type\":\"Organization\",\"@id\":\"https:\/\/www.atmosferamag.it\/it\/#organization\",\"name\":\"Atmosfera Mag\",\"url\":\"https:\/\/www.atmosferamag.it\/it\/\",\"logo\":{\"@type\":\"ImageObject\",\"inLanguage\":\"it-IT\",\"@id\":\"https:\/\/www.atmosferamag.it\/it\/#\/schema\/logo\/image\/\",\"url\":\"https:\/\/www.atmosferamag.it\/wp-content\/uploads\/2022\/09\/titolo.png\",\"contentUrl\":\"https:\/\/www.atmosferamag.it\/wp-content\/uploads\/2022\/09\/titolo.png\",\"width\":2728,\"height\":406,\"caption\":\"Atmosfera Mag\"},\"image\":{\"@id\":\"https:\/\/www.atmosferamag.it\/it\/#\/schema\/logo\/image\/\"},\"sameAs\":[\"https:\/\/www.facebook.com\/people\/Atmosfera-Mag\/100086538670476\/\",\"https:\/\/www.instagram.com\/atmosferamag\/\",\"https:\/\/www.pinterest.it\/atmosfera_mag\/\"]},{\"@type\":\"Person\",\"@id\":\"https:\/\/www.atmosferamag.it\/it\/#\/schema\/person\/ab74a44bc124a0796815bc269e4939dc\",\"name\":\"Redazione AtmosferaMag\",\"image\":{\"@type\":\"ImageObject\",\"inLanguage\":\"it-IT\",\"@id\":\"https:\/\/www.atmosferamag.it\/it\/#\/schema\/person\/image\/\",\"url\":\"https:\/\/secure.gravatar.com\/avatar\/75c14bf3645779c6632cf8ba43a7dc0a35c55ddd31ef25cacf675d951cdd4015?s=96&d=mm&r=g\",\"contentUrl\":\"https:\/\/secure.gravatar.com\/avatar\/75c14bf3645779c6632cf8ba43a7dc0a35c55ddd31ef25cacf675d951cdd4015?s=96&d=mm&r=g\",\"caption\":\"Redazione AtmosferaMag\"},\"url\":\"https:\/\/www.atmosferamag.it\/it\/author\/4tm0sf3r4m4g\/\"}]}<\/script>\n<!-- \/ Yoast SEO plugin. -->","yoast_head_json":{"title":"Salone del Mobile.Milano 2026: tutte le novit\u00e0 | Atmosfera Mag","description":"Il Salone del Mobile.Milano 2026 introduce nuove modalit\u00e0 espositive, il debutto di Salone Raritas, il ritorno delle biennali di cucina e bagno e un focus sul contract.","robots":{"index":"index","follow":"follow","max-snippet":"max-snippet:-1","max-image-preview":"max-image-preview:large","max-video-preview":"max-video-preview:-1"},"canonical":"https:\/\/www.atmosferamag.it\/it\/salone-mobile-milano-2026\/","og_locale":"it_IT","og_type":"article","og_title":"Salone del Mobile.Milano 2026: tutte le novit\u00e0 | Atmosfera Mag","og_description":"Il Salone del Mobile.Milano 2026 introduce nuove modalit\u00e0 espositive, il debutto di Salone Raritas, il ritorno delle biennali di cucina e bagno e un focus sul contract.","og_url":"https:\/\/www.atmosferamag.it\/it\/salone-mobile-milano-2026\/","og_site_name":"Atmosfera Mag","article_publisher":"https:\/\/www.facebook.com\/people\/Atmosfera-Mag\/100086538670476\/","article_published_time":"2026-01-30T09:42:23+00:00","article_modified_time":"2026-01-30T10:50:15+00:00","og_image":[{"width":2560,"height":1426,"url":"https:\/\/www.atmosferamag.it\/wp-content\/uploads\/2026\/01\/SALONE-scaled.png","type":"image\/png"}],"author":"Redazione AtmosferaMag","twitter_card":"summary_large_image","twitter_misc":{"Scritto da":"Redazione AtmosferaMag","Tempo di lettura stimato":"4 minuti"},"schema":{"@context":"https:\/\/schema.org","@graph":[{"@type":"Article","@id":"https:\/\/www.atmosferamag.it\/it\/salone-mobile-milano-2026\/#article","isPartOf":{"@id":"https:\/\/www.atmosferamag.it\/it\/salone-mobile-milano-2026\/"},"author":{"name":"Redazione AtmosferaMag","@id":"https:\/\/www.atmosferamag.it\/it\/#\/schema\/person\/ab74a44bc124a0796815bc269e4939dc"},"headline":"Cosa sappiamo del Salone del Mobile.Milano 2026 (e perch\u00e9 non perderselo)","datePublished":"2026-01-30T09:42:23+00:00","dateModified":"2026-01-30T10:50:15+00:00","mainEntityOfPage":{"@id":"https:\/\/www.atmosferamag.it\/it\/salone-mobile-milano-2026\/"},"wordCount":474,"publisher":{"@id":"https:\/\/www.atmosferamag.it\/it\/#organization"},"image":{"@id":"https:\/\/www.atmosferamag.it\/it\/salone-mobile-milano-2026\/#primaryimage"},"thumbnailUrl":"https:\/\/www.atmosferamag.it\/wp-content\/uploads\/2026\/01\/SALONE-scaled.png","articleSection":["Highlights"],"inLanguage":"it-IT"},{"@type":"WebPage","@id":"https:\/\/www.atmosferamag.it\/it\/salone-mobile-milano-2026\/","url":"https:\/\/www.atmosferamag.it\/it\/salone-mobile-milano-2026\/","name":"Salone del Mobile.Milano 2026: tutte le novit\u00e0 | Atmosfera Mag","isPartOf":{"@id":"https:\/\/www.atmosferamag.it\/it\/#website"},"primaryImageOfPage":{"@id":"https:\/\/www.atmosferamag.it\/it\/salone-mobile-milano-2026\/#primaryimage"},"image":{"@id":"https:\/\/www.atmosferamag.it\/it\/salone-mobile-milano-2026\/#primaryimage"},"thumbnailUrl":"https:\/\/www.atmosferamag.it\/wp-content\/uploads\/2026\/01\/SALONE-scaled.png","datePublished":"2026-01-30T09:42:23+00:00","dateModified":"2026-01-30T10:50:15+00:00","description":"Il Salone del Mobile.Milano 2026 introduce nuove modalit\u00e0 espositive, il debutto di Salone Raritas, il ritorno delle biennali di cucina e bagno e un focus sul contract.","breadcrumb":{"@id":"https:\/\/www.atmosferamag.it\/it\/salone-mobile-milano-2026\/#breadcrumb"},"inLanguage":"it-IT","potentialAction":[{"@type":"ReadAction","target":["https:\/\/www.atmosferamag.it\/it\/salone-mobile-milano-2026\/"]}]},{"@type":"ImageObject","inLanguage":"it-IT","@id":"https:\/\/www.atmosferamag.it\/it\/salone-mobile-milano-2026\/#primaryimage","url":"https:\/\/www.atmosferamag.it\/wp-content\/uploads\/2026\/01\/SALONE-scaled.png","contentUrl":"https:\/\/www.atmosferamag.it\/wp-content\/uploads\/2026\/01\/SALONE-scaled.png","width":2560,"height":1426},{"@type":"BreadcrumbList","@id":"https:\/\/www.atmosferamag.it\/it\/salone-mobile-milano-2026\/#breadcrumb","itemListElement":[{"@type":"ListItem","position":1,"name":"Home","item":"https:\/\/www.atmosferamag.it\/it\/"},{"@type":"ListItem","position":2,"name":"Cosa sappiamo del Salone del Mobile.Milano 2026 (e perch\u00e9 non perderselo)"}]},{"@type":"WebSite","@id":"https:\/\/www.atmosferamag.it\/it\/#website","url":"https:\/\/www.atmosferamag.it\/it\/","name":"Atmosfera Mag","description":"La luce in tutte le sue forme","publisher":{"@id":"https:\/\/www.atmosferamag.it\/it\/#organization"},"potentialAction":[{"@type":"SearchAction","target":{"@type":"EntryPoint","urlTemplate":"https:\/\/www.atmosferamag.it\/it\/?s={search_term_string}"},"query-input":{"@type":"PropertyValueSpecification","valueRequired":true,"valueName":"search_term_string"}}],"inLanguage":"it-IT"},{"@type":"Organization","@id":"https:\/\/www.atmosferamag.it\/it\/#organization","name":"Atmosfera Mag","url":"https:\/\/www.atmosferamag.it\/it\/","logo":{"@type":"ImageObject","inLanguage":"it-IT","@id":"https:\/\/www.atmosferamag.it\/it\/#\/schema\/logo\/image\/","url":"https:\/\/www.atmosferamag.it\/wp-content\/uploads\/2022\/09\/titolo.png","contentUrl":"https:\/\/www.atmosferamag.it\/wp-content\/uploads\/2022\/09\/titolo.png","width":2728,"height":406,"caption":"Atmosfera Mag"},"image":{"@id":"https:\/\/www.atmosferamag.it\/it\/#\/schema\/logo\/image\/"},"sameAs":["https:\/\/www.facebook.com\/people\/Atmosfera-Mag\/100086538670476\/","https:\/\/www.instagram.com\/atmosferamag\/","https:\/\/www.pinterest.it\/atmosfera_mag\/"]},{"@type":"Person","@id":"https:\/\/www.atmosferamag.it\/it\/#\/schema\/person\/ab74a44bc124a0796815bc269e4939dc","name":"Redazione AtmosferaMag","image":{"@type":"ImageObject","inLanguage":"it-IT","@id":"https:\/\/www.atmosferamag.it\/it\/#\/schema\/person\/image\/","url":"https:\/\/secure.gravatar.com\/avatar\/75c14bf3645779c6632cf8ba43a7dc0a35c55ddd31ef25cacf675d951cdd4015?s=96&d=mm&r=g","contentUrl":"https:\/\/secure.gravatar.com\/avatar\/75c14bf3645779c6632cf8ba43a7dc0a35c55ddd31ef25cacf675d951cdd4015?s=96&d=mm&r=g","caption":"Redazione AtmosferaMag"},"url":"https:\/\/www.atmosferamag.it\/it\/author\/4tm0sf3r4m4g\/"}]}},"_links":{"self":[{"href":"https:\/\/www.atmosferamag.it\/it\/wp-json\/wp\/v2\/posts\/42508","targetHints":{"allow":["GET"]}}],"collection":[{"href":"https:\/\/www.atmosferamag.it\/it\/wp-json\/wp\/v2\/posts"}],"about":[{"href":"https:\/\/www.atmosferamag.it\/it\/wp-json\/wp\/v2\/types\/post"}],"author":[{"embeddable":true,"href":"https:\/\/www.atmosferamag.it\/it\/wp-json\/wp\/v2\/users\/2"}],"replies":[{"embeddable":true,"href":"https:\/\/www.atmosferamag.it\/it\/wp-json\/wp\/v2\/comments?post=42508"}],"version-history":[{"count":7,"href":"https:\/\/www.atmosferamag.it\/it\/wp-json\/wp\/v2\/posts\/42508\/revisions"}],"predecessor-version":[{"id":42567,"href":"https:\/\/www.atmosferamag.it\/it\/wp-json\/wp\/v2\/posts\/42508\/revisions\/42567"}],"wp:featuredmedia":[{"embeddable":true,"href":"https:\/\/www.atmosferamag.it\/it\/wp-json\/wp\/v2\/media\/42558"}],"wp:attachment":[{"href":"https:\/\/www.atmosferamag.it\/it\/wp-json\/wp\/v2\/media?parent=42508"}],"wp:term":[{"taxonomy":"category","embeddable":true,"href":"https:\/\/www.atmosferamag.it\/it\/wp-json\/wp\/v2\/categories?post=42508"},{"taxonomy":"post_tag","embeddable":true,"href":"https:\/\/www.atmosferamag.it\/it\/wp-json\/wp\/v2\/tags?post=42508"}],"curies":[{"name":"wp","href":"https:\/\/api.w.org\/{rel}","templated":true}]}}