{"id":42482,"date":"2026-01-26T13:28:00","date_gmt":"2026-01-26T12:28:00","guid":{"rendered":"https:\/\/www.atmosferamag.it\/?p=42482"},"modified":"2026-01-26T13:28:23","modified_gmt":"2026-01-26T12:28:23","slug":"intervista-lighting-designer-francesca-smiraglia","status":"publish","type":"post","link":"https:\/\/www.atmosferamag.it\/it\/intervista-lighting-designer-francesca-smiraglia\/","title":{"rendered":"La luce come lente sull\u2019esperienza umana: la visione della lighting designer Francesca Smiraglia"},"content":{"rendered":"\t\t<div data-elementor-type=\"wp-post\" data-elementor-id=\"42482\" class=\"elementor elementor-42482 elementor-42317\" data-elementor-post-type=\"post\">\n\t\t\t\t\t\t<section class=\"elementor-section elementor-top-section elementor-element elementor-element-b08cc3b elementor-section-boxed elementor-section-height-default elementor-section-height-default\" data-id=\"b08cc3b\" data-element_type=\"section\" data-e-type=\"section\">\n\t\t\t\t\t\t<div class=\"elementor-container elementor-column-gap-default\">\n\t\t\t\t\t<div class=\"elementor-column elementor-col-100 elementor-top-column elementor-element elementor-element-99837cd\" data-id=\"99837cd\" data-element_type=\"column\" data-e-type=\"column\">\n\t\t\t<div class=\"elementor-widget-wrap elementor-element-populated\">\n\t\t\t\t\t\t<div class=\"elementor-element elementor-element-c04fe0c elementor-widget elementor-widget-text-editor\" data-id=\"c04fe0c\" data-element_type=\"widget\" data-e-type=\"widget\" data-widget_type=\"text-editor.default\">\n\t\t\t\t<div class=\"elementor-widget-container\">\n\t\t\t\t\t\t\t\t\t<p style=\"font-weight: 400;\"><a href=\"https:\/\/www.francescasmiraglia.com\/\" target=\"_blank\" rel=\"noopener\"><strong><span style=\"text-decoration: underline;\">Francesca Smiraglia<\/span><\/strong><\/a> racconta di essere &#8220;venuta alla luce&#8221; due volte: quando \u00e8 nata e quando ha trovato la sua strada luminosa nel mondo del progetto. Designer di prodotto e lighting designer, si \u00e8 formata al Politecnico di Milano e, dopo diverse esperienze in aziende del settore e studi di progettazione, nel 2016 ha aperto il suo studio che si occupa di illuminotecnica, di direzione artistica e consulenza strategica per aziende e studi di architettura.<\/p>\t\t\t\t\t\t\t\t<\/div>\n\t\t\t\t<\/div>\n\t\t\t\t<section class=\"elementor-section elementor-inner-section elementor-element elementor-element-401ff70 elementor-section-boxed elementor-section-height-default elementor-section-height-default\" data-id=\"401ff70\" data-element_type=\"section\" data-e-type=\"section\">\n\t\t\t\t\t\t<div class=\"elementor-container elementor-column-gap-no\">\n\t\t\t\t\t<div class=\"elementor-column elementor-col-50 elementor-inner-column elementor-element elementor-element-6772889\" data-id=\"6772889\" data-element_type=\"column\" data-e-type=\"column\">\n\t\t\t<div class=\"elementor-widget-wrap elementor-element-populated\">\n\t\t\t\t\t\t<div class=\"elementor-element elementor-element-fe3d0fb elementor-widget elementor-widget-text-editor\" data-id=\"fe3d0fb\" data-element_type=\"widget\" data-e-type=\"widget\" data-widget_type=\"text-editor.default\">\n\t\t\t\t<div class=\"elementor-widget-container\">\n\t\t\t\t\t\t\t\t\t<p style=\"font-weight: 400;\"><strong>La sua visione olistica della luce va oltre, e nel futuro prevede di ampliare il suo raggio d&#8217;azione anche nell\u2019ambito dell\u2019energy management e dei sistemi di controllo<\/strong>. Dinamica e proattiva, \u00e8 anche docente di Lighting Design presso la NABA \u2013 Nuova Accademia di Belle Arti di Milano. Ha dichiarato: \u00abConsidero la luce una materia da progettare e da pensare: un linguaggio che attraversa arte, tecnologia e umanesimo, capace di creare relazioni, identit\u00e0 e nuove forme di esperienza\u00bb.<\/p>\t\t\t\t\t\t\t\t<\/div>\n\t\t\t\t<\/div>\n\t\t\t\t\t<\/div>\n\t\t<\/div>\n\t\t\t\t<div class=\"elementor-column elementor-col-50 elementor-inner-column elementor-element elementor-element-2a2c196\" data-id=\"2a2c196\" data-element_type=\"column\" data-e-type=\"column\">\n\t\t\t<div class=\"elementor-widget-wrap elementor-element-populated\">\n\t\t\t\t\t\t<div class=\"elementor-element elementor-element-4becbb3 elementor-widget elementor-widget-image\" data-id=\"4becbb3\" data-element_type=\"widget\" data-e-type=\"widget\" data-widget_type=\"image.default\">\n\t\t\t\t<div class=\"elementor-widget-container\">\n\t\t\t\t\t\t\t\t\t\t\t\t<figure class=\"wp-caption\">\n\t\t\t\t\t\t\t\t\t\t<img fetchpriority=\"high\" decoding=\"async\" width=\"800\" height=\"800\" src=\"https:\/\/www.atmosferamag.it\/wp-content\/uploads\/2026\/01\/KDLN_Dala-Linear-01-1024x1024.jpg\" class=\"attachment-large size-large wp-image-42460\" alt=\"\" srcset=\"https:\/\/www.atmosferamag.it\/wp-content\/uploads\/2026\/01\/KDLN_Dala-Linear-01-1024x1024.jpg 1024w, https:\/\/www.atmosferamag.it\/wp-content\/uploads\/2026\/01\/KDLN_Dala-Linear-01-300x300.jpg 300w, https:\/\/www.atmosferamag.it\/wp-content\/uploads\/2026\/01\/KDLN_Dala-Linear-01-150x150.jpg 150w, https:\/\/www.atmosferamag.it\/wp-content\/uploads\/2026\/01\/KDLN_Dala-Linear-01-768x768.jpg 768w, https:\/\/www.atmosferamag.it\/wp-content\/uploads\/2026\/01\/KDLN_Dala-Linear-01-1536x1536.jpg 1536w, https:\/\/www.atmosferamag.it\/wp-content\/uploads\/2026\/01\/KDLN_Dala-Linear-01-2048x2048.jpg 2048w, https:\/\/www.atmosferamag.it\/wp-content\/uploads\/2026\/01\/KDLN_Dala-Linear-01-500x500.jpg 500w\" sizes=\"(max-width: 800px) 100vw, 800px\" \/>\t\t\t\t\t\t\t\t\t\t\t<figcaption class=\"widget-image-caption wp-caption-text\">KDLN, Dala Linear<\/figcaption>\n\t\t\t\t\t\t\t\t\t\t<\/figure>\n\t\t\t\t\t\t\t\t\t<\/div>\n\t\t\t\t<\/div>\n\t\t\t\t\t<\/div>\n\t\t<\/div>\n\t\t\t\t\t<\/div>\n\t\t<\/section>\n\t\t\t\t<div class=\"elementor-element elementor-element-79d85f9 elementor-widget elementor-widget-text-editor\" data-id=\"79d85f9\" data-element_type=\"widget\" data-e-type=\"widget\" data-widget_type=\"text-editor.default\">\n\t\t\t\t<div class=\"elementor-widget-container\">\n\t\t\t\t\t\t\t\t\t<h2 style=\"font-weight: 400;\">Come ti sei avvicinata al mondo dell\u2019illuminazione?<\/h2><p><span style=\"font-weight: 400;\">\u00abIn italiano, \u201cvenire alla luce\u201d significa nascere ma anche scoprire e prendere consapevolezza. Il mio avvicinamento alla luce \u00e8 stato proprio questo: un processo lento e naturale, in cui ci\u00f2 che percepivo intuitivamente ha trovato un nome, un metodo e un linguaggio. Durante gli anni di formazione artistica ho lavorato molto con la ceramica, una materia che permette di modellare l\u2019invisibile e che mi ha insegnato ad ascoltare la forma prima di crearla. Con questo bagaglio sono arrivata al Politecnico di Milano, dove ho trovato un ambiente fertile per unire intuizione, disciplina e progettualit\u00e0. La svolta \u00e8 arrivata nel 2006, durante la specializzazione in Lighting Design. Le lezioni del professor Rossi e del professor Bonomo mi hanno introdotta alla fisica della luce e ai suoi comportamenti, mentre l\u2019incontro con Carlotta de Bevilacqua ha aperto una prospettiva completamente nuova: un modo di intendere la luce come cultura, relazione e responsabilit\u00e0. Grazie a lei ho compreso che il progetto non \u00e8 solo una questione tecnica, ma un dialogo tra persone, spazi e visioni. In quegli anni ho sperimentato molto con le mani: smontavo apparecchi, verificavo le emissioni, osservavo come ottiche e materiali cambiassero la percezione. Questa pratica mi ha mostrato quanto la luce sia una disciplina complessa, fatta di antropologia, sociologia, psicologia e benessere, oltre che di tecnica e poesia. Ho capito cos\u00ec che la luce non \u00e8 semplicemente ci\u00f2 che illumina, ma ci\u00f2 che rivela: rivela gli spazi, le emozioni, le persone e il modo in cui abitiamo il mondo. Da allora la considero una materia viva, mutevole e sorprendente, capace di trasformare il quotidiano con una presenza discreta ma fondamentale\u00bb.<\/span><\/p>\t\t\t\t\t\t\t\t<\/div>\n\t\t\t\t<\/div>\n\t\t\t\t<div class=\"elementor-element elementor-element-3646240 elementor-widget elementor-widget-image\" data-id=\"3646240\" data-element_type=\"widget\" data-e-type=\"widget\" data-widget_type=\"image.default\">\n\t\t\t\t<div class=\"elementor-widget-container\">\n\t\t\t\t\t\t\t\t\t\t\t\t<figure class=\"wp-caption\">\n\t\t\t\t\t\t\t\t\t\t<img decoding=\"async\" width=\"800\" height=\"800\" src=\"https:\/\/www.atmosferamag.it\/wp-content\/uploads\/2026\/01\/LIGHT4-PAPILLON-SO-ORO-1024x1024.jpg\" class=\"attachment-large size-large wp-image-42462\" alt=\"\" srcset=\"https:\/\/www.atmosferamag.it\/wp-content\/uploads\/2026\/01\/LIGHT4-PAPILLON-SO-ORO-1024x1024.jpg 1024w, https:\/\/www.atmosferamag.it\/wp-content\/uploads\/2026\/01\/LIGHT4-PAPILLON-SO-ORO-300x300.jpg 300w, https:\/\/www.atmosferamag.it\/wp-content\/uploads\/2026\/01\/LIGHT4-PAPILLON-SO-ORO-150x150.jpg 150w, https:\/\/www.atmosferamag.it\/wp-content\/uploads\/2026\/01\/LIGHT4-PAPILLON-SO-ORO-768x768.jpg 768w, https:\/\/www.atmosferamag.it\/wp-content\/uploads\/2026\/01\/LIGHT4-PAPILLON-SO-ORO-500x500.jpg 500w, https:\/\/www.atmosferamag.it\/wp-content\/uploads\/2026\/01\/LIGHT4-PAPILLON-SO-ORO.jpg 1136w\" sizes=\"(max-width: 800px) 100vw, 800px\" \/>\t\t\t\t\t\t\t\t\t\t\t<figcaption class=\"widget-image-caption wp-caption-text\">Light4, Papillon<\/figcaption>\n\t\t\t\t\t\t\t\t\t\t<\/figure>\n\t\t\t\t\t\t\t\t\t<\/div>\n\t\t\t\t<\/div>\n\t\t\t\t<div class=\"elementor-element elementor-element-756efdd elementor-widget elementor-widget-text-editor\" data-id=\"756efdd\" data-element_type=\"widget\" data-e-type=\"widget\" data-widget_type=\"text-editor.default\">\n\t\t\t\t<div class=\"elementor-widget-container\">\n\t\t\t\t\t\t\t\t\t<h2 style=\"font-weight: 400;\">Chi consideri dei Maestri nel campo del lighting design, del disegno industriale e della progettazione in generale?<\/h2><p style=\"font-weight: 400;\"><strong>\u00ab<\/strong>I miei Maestri sono figure diverse, unite da un pensiero profondo sulla luce e sul design. Nel lighting design considero fondamentali Carlotta de Bevilacqua, per la sua capacit\u00e0 di unire visione tecnologica e sensibilit\u00e0 umanistica; <a href=\"https:\/\/www.atmosferamag.it\/ingo-maurer-lighting-design-legacy\/\">Ingo Maurer<\/a>, che ha trasformato la luce in un linguaggio poetico e libero; e Kaoru Mende, maestro di equilibrio e percezione. Accanto a loro guardo al lavoro di Nendo e di alcuni designer meno noti, che con discrezione portano avanti una ricerca rigorosa e autentica. Nel disegno industriale i riferimenti sono molteplici. Gino Sarfatti ha saputo trasformare la luce in un sistema culturale e tecnico; Dieter Rams ha definito un\u2019etica del progetto basata sulla sottrazione; Gae Aulenti ha mostrato come lo sguardo femminile possa essere insieme forte e sensibile; Sebastian Bergne rappresenta una semplicit\u00e0 intelligente, dove ogni dettaglio nasce da un gesto preciso. Nella progettazione in generale guardo agli architetti del passato, come Gio Ponti, Le Corbusier e Louis Kahn, che hanno interpretato la luce come parte integrante del costruire. Allo stesso tempo seguo il lavoro di progettisti contemporanei come Tadao Ando, SANAA, Herzog &amp; de Meuron e Kengo Kuma, che indagano il rapporto tra spazio, materia, tecnologia e percezione. Tutti condividono una convinzione che sento molto mia: la luce e il design non sono solo estetica, ma un modo di fare cultura\u00bb.<\/p>\t\t\t\t\t\t\t\t<\/div>\n\t\t\t\t<\/div>\n\t\t\t\t<div class=\"elementor-element elementor-element-fc78518 elementor-widget elementor-widget-image\" data-id=\"fc78518\" data-element_type=\"widget\" data-e-type=\"widget\" data-widget_type=\"image.default\">\n\t\t\t\t<div class=\"elementor-widget-container\">\n\t\t\t\t\t\t\t\t\t\t\t\t<figure class=\"wp-caption\">\n\t\t\t\t\t\t\t\t\t\t<img decoding=\"async\" width=\"800\" height=\"538\" src=\"https:\/\/www.atmosferamag.it\/wp-content\/uploads\/2026\/01\/amb_frise_01-1024x688.jpg\" class=\"attachment-large size-large wp-image-42464\" alt=\"\" srcset=\"https:\/\/www.atmosferamag.it\/wp-content\/uploads\/2026\/01\/amb_frise_01-1024x688.jpg 1024w, https:\/\/www.atmosferamag.it\/wp-content\/uploads\/2026\/01\/amb_frise_01-300x202.jpg 300w, https:\/\/www.atmosferamag.it\/wp-content\/uploads\/2026\/01\/amb_frise_01-768x516.jpg 768w, https:\/\/www.atmosferamag.it\/wp-content\/uploads\/2026\/01\/amb_frise_01.jpg 1100w\" sizes=\"(max-width: 800px) 100vw, 800px\" \/>\t\t\t\t\t\t\t\t\t\t\t<figcaption class=\"widget-image-caption wp-caption-text\">Modoluce, Frise<\/figcaption>\n\t\t\t\t\t\t\t\t\t\t<\/figure>\n\t\t\t\t\t\t\t\t\t<\/div>\n\t\t\t\t<\/div>\n\t\t\t\t<div class=\"elementor-element elementor-element-91393e6 elementor-widget elementor-widget-text-editor\" data-id=\"91393e6\" data-element_type=\"widget\" data-e-type=\"widget\" data-widget_type=\"text-editor.default\">\n\t\t\t\t<div class=\"elementor-widget-container\">\n\t\t\t\t\t\t\t\t\t<h2 style=\"font-weight: 400;\">Quali sono i principi fondamentali per una buona illuminazione e come li applica nei suoi progetti?<\/h2><p style=\"font-weight: 400;\">\u00abUna buona illuminazione nasce dall\u2019osservazione. L\u2019osservazione tecnica e quella percettiva, ma anche l\u2019osservazione sociale e antropologica, perch\u00e9 gli spazi cambiano con i comportamenti delle persone. Per me osservare significa capire come un ambiente viene vissuto oggi e come potr\u00e0 esserlo domani: dove ci si orienta, dove ci si ferma, quali ombre si cercano e quali si evitano. Molti bisogni non vengono espressi verbalmente, ma emergono da gesti e abitudini. La luce deve intercettarli e trasformarli in un valore concreto.Nel mio lavoro i principi fondamentali sono pochi ma essenziali. Il primo \u00e8 l\u2019ascolto profondo, che permette di cogliere ci\u00f2 che le persone provano ma non dicono. Il secondo \u00e8 il rispetto della soggettivit\u00e0 percettiva, perch\u00e9 ognuno reagisce alla luce in modo diverso. Il terzo \u00e8 la centralit\u00e0 della luce naturale, che rimane la prima maestra e definisce gli equilibri dell\u2019intero progetto. A questi aggiungo la stratificazione, che permette alla luce di costruire livelli diversi nello spazio, e la modulazione, che integra elementi tecnici e decorativi con coerenza. La tecnica \u00e8 indispensabile, soprattutto negli spazi che richiedono concentrazione, comfort visivo e orientamento, e questo implica una scelta attenta degli apparecchi. Ma non basta. Lux, UGR, CRI e normative sono strumenti, non obiettivi. La luce resta una materia immateriale che modella la vita quotidiana con continuit\u00e0 e delicatezza. Un progetto funziona davvero quando lo spazio si racconta attraverso la luce e quando le persone si sentono accolte con naturalezza.<br \/>La luce \u00e8 un sistema vivo, e il nostro compito \u00e8 renderlo comprensibile, armonico e umano\u00bb.<\/p>\t\t\t\t\t\t\t\t<\/div>\n\t\t\t\t<\/div>\n\t\t\t\t<div class=\"elementor-element elementor-element-34343f4 elementor-widget elementor-widget-image\" data-id=\"34343f4\" data-element_type=\"widget\" data-e-type=\"widget\" data-widget_type=\"image.default\">\n\t\t\t\t<div class=\"elementor-widget-container\">\n\t\t\t\t\t\t\t\t\t\t\t\t<figure class=\"wp-caption\">\n\t\t\t\t\t\t\t\t\t\t<img loading=\"lazy\" decoding=\"async\" width=\"800\" height=\"566\" src=\"https:\/\/www.atmosferamag.it\/wp-content\/uploads\/2026\/01\/KATE-SUSPENSION-dining-1024x724.jpg\" class=\"attachment-large size-large wp-image-42466\" alt=\"\" srcset=\"https:\/\/www.atmosferamag.it\/wp-content\/uploads\/2026\/01\/KATE-SUSPENSION-dining-1024x724.jpg 1024w, https:\/\/www.atmosferamag.it\/wp-content\/uploads\/2026\/01\/KATE-SUSPENSION-dining-300x212.jpg 300w, https:\/\/www.atmosferamag.it\/wp-content\/uploads\/2026\/01\/KATE-SUSPENSION-dining-768x543.jpg 768w, https:\/\/www.atmosferamag.it\/wp-content\/uploads\/2026\/01\/KATE-SUSPENSION-dining-1536x1086.jpg 1536w, https:\/\/www.atmosferamag.it\/wp-content\/uploads\/2026\/01\/KATE-SUSPENSION-dining-2048x1448.jpg 2048w\" sizes=\"(max-width: 800px) 100vw, 800px\" \/>\t\t\t\t\t\t\t\t\t\t\t<figcaption class=\"widget-image-caption wp-caption-text\">KDLN, Kate<\/figcaption>\n\t\t\t\t\t\t\t\t\t\t<\/figure>\n\t\t\t\t\t\t\t\t\t<\/div>\n\t\t\t\t<\/div>\n\t\t\t\t<div class=\"elementor-element elementor-element-e97a137 elementor-widget elementor-widget-text-editor\" data-id=\"e97a137\" data-element_type=\"widget\" data-e-type=\"widget\" data-widget_type=\"text-editor.default\">\n\t\t\t\t<div class=\"elementor-widget-container\">\n\t\t\t\t\t\t\t\t\t<h2 style=\"font-weight: 400;\">Come designer ha creato lampade decorative per diversi brand. Da cosa prende ispirazione? Come definirebbe il suo stile?<\/h2><p><span style=\"font-weight: 400;\">\u00abLa mia ispirazione nasce spesso da piccoli gesti: un movimento, un equilibrio fragile tra pieni e vuoti, una forma che cerca spazio. Molte idee arrivano mentre progetto un interno, quando noto che manca qualcosa: una funzione, una direzione luminosa, un\u2019emissione capace di completare l\u2019ambiente. \u00c8 in queste assenze che si apre la possibilit\u00e0 di un nuovo prodotto. Il mio stile \u00e8 senza tempo, perch\u00e9 cerco forme che possano vivere oltre la tendenza. Prediligo volumi monolitici e sobri, capaci di abitare gli spazi con una presenza chiara e misurata. Quando progetto una lampada parto sempre dalla luce: dall\u2019effetto desiderato, dalla relazione tra luce e ombra, dalla modulazione nello spazio e dal tipo di emissione. Solo dopo nasce la forma, che si modella intorno all\u2019intenzione luminosa. A questo approccio unisco un aspetto che considero fondamentale: mi piace lavorare con le aziende per rafforzarne l\u2019identit\u00e0, sostenere il brand e creare prodotti che possano essere venduti in modo coerente e strategico. Credo molto nel valore del design come strumento che permette a un\u2019azienda di crescere, colmare lacune di catalogo e fare un passo in avanti nel tema della luce. Il progetto diventa cos\u00ec un ponte tra visione, produzione e mercato. Per me progettare \u00e8 un processo quasi scultoreo. Cerco essenzialit\u00e0, sincerit\u00e0 e coerenza. La luce resta la protagonista, con una presenza che non grida ma che accompagna\u00bb.<\/span><\/p>\t\t\t\t\t\t\t\t<\/div>\n\t\t\t\t<\/div>\n\t\t\t\t<div class=\"elementor-element elementor-element-479dac1 elementor-widget elementor-widget-image\" data-id=\"479dac1\" data-element_type=\"widget\" data-e-type=\"widget\" data-widget_type=\"image.default\">\n\t\t\t\t<div class=\"elementor-widget-container\">\n\t\t\t\t\t\t\t\t\t\t\t\t<figure class=\"wp-caption\">\n\t\t\t\t\t\t\t\t\t\t<img loading=\"lazy\" decoding=\"async\" width=\"800\" height=\"800\" src=\"https:\/\/www.atmosferamag.it\/wp-content\/uploads\/2026\/01\/KDLN_Model-T-02_WEB-1024x1024.jpg\" class=\"attachment-large size-large wp-image-42468\" alt=\"\" srcset=\"https:\/\/www.atmosferamag.it\/wp-content\/uploads\/2026\/01\/KDLN_Model-T-02_WEB-1024x1024.jpg 1024w, https:\/\/www.atmosferamag.it\/wp-content\/uploads\/2026\/01\/KDLN_Model-T-02_WEB-300x300.jpg 300w, https:\/\/www.atmosferamag.it\/wp-content\/uploads\/2026\/01\/KDLN_Model-T-02_WEB-150x150.jpg 150w, https:\/\/www.atmosferamag.it\/wp-content\/uploads\/2026\/01\/KDLN_Model-T-02_WEB-768x768.jpg 768w, https:\/\/www.atmosferamag.it\/wp-content\/uploads\/2026\/01\/KDLN_Model-T-02_WEB-500x500.jpg 500w, https:\/\/www.atmosferamag.it\/wp-content\/uploads\/2026\/01\/KDLN_Model-T-02_WEB.jpg 1500w\" sizes=\"(max-width: 800px) 100vw, 800px\" \/>\t\t\t\t\t\t\t\t\t\t\t<figcaption class=\"widget-image-caption wp-caption-text\">KDLN, Model T<\/figcaption>\n\t\t\t\t\t\t\t\t\t\t<\/figure>\n\t\t\t\t\t\t\t\t\t<\/div>\n\t\t\t\t<\/div>\n\t\t\t\t<div class=\"elementor-element elementor-element-f7265e7 elementor-widget elementor-widget-text-editor\" data-id=\"f7265e7\" data-element_type=\"widget\" data-e-type=\"widget\" data-widget_type=\"text-editor.default\">\n\t\t\t\t<div class=\"elementor-widget-container\">\n\t\t\t\t\t\t\t\t\t<h2 style=\"font-weight: 400;\">C\u2019\u00e8 ancora spazio per l\u2019innovazione?<\/h2><p style=\"font-weight: 400;\">S\u00ec, e in modo sorprendente. Viviamo un momento in cui tecnologia, neuroscienze, materiali e intelligenza artificiale stanno aprendo scenari nuovi. L\u2019innovazione non riguarda solo gli strumenti, ma anche il nostro modo di pensare e osservare, nel pensiero critico e nella capacit\u00e0 di educare il cliente a comprendere il valore intellettuale del progetto.<\/p>\t\t\t\t\t\t\t\t<\/div>\n\t\t\t\t<\/div>\n\t\t\t\t<section class=\"elementor-section elementor-inner-section elementor-element elementor-element-eb4a5fc elementor-section-boxed elementor-section-height-default elementor-section-height-default\" data-id=\"eb4a5fc\" data-element_type=\"section\" data-e-type=\"section\">\n\t\t\t\t\t\t<div class=\"elementor-container elementor-column-gap-no\">\n\t\t\t\t\t<div class=\"elementor-column elementor-col-50 elementor-inner-column elementor-element elementor-element-1ab3305\" data-id=\"1ab3305\" data-element_type=\"column\" data-e-type=\"column\">\n\t\t\t<div class=\"elementor-widget-wrap elementor-element-populated\">\n\t\t\t\t\t\t<div class=\"elementor-element elementor-element-92c6269 elementor-widget elementor-widget-text-editor\" data-id=\"92c6269\" data-element_type=\"widget\" data-e-type=\"widget\" data-widget_type=\"text-editor.default\">\n\t\t\t\t<div class=\"elementor-widget-container\">\n\t\t\t\t\t\t\t\t\t<p>Credo che nasca prima di tutto dal progettista, dalla sua capacit\u00e0 di leggere i cambiamenti delle abitudini, di cogliere bisogni non ancora espressi e di immaginare relazioni diverse tra luce e spazio. Oggi vedo tre direzioni decisive: l\u2019innovazione tecnologica, che evolve con grande rapidit\u00e0; l\u2019innovazione delle abitudini, perch\u00e9 l\u2019uomo cambia e la luce deve seguirlo; e l\u2019innovazione del metodo progettuale, che diventa sempre pi\u00f9 olistico e richiede competenze trasversali. L\u2019innovazione non \u00e8 solo ci\u00f2 che vediamo, ma ci\u00f2 che comprendiamo e ci\u00f2 che sentiamo. \u00c8 un movimento profondo, culturale e umano\u00bb.<\/p>\t\t\t\t\t\t\t\t<\/div>\n\t\t\t\t<\/div>\n\t\t\t\t\t<\/div>\n\t\t<\/div>\n\t\t\t\t<div class=\"elementor-column elementor-col-50 elementor-inner-column elementor-element elementor-element-2f60ec1\" data-id=\"2f60ec1\" data-element_type=\"column\" data-e-type=\"column\">\n\t\t\t<div class=\"elementor-widget-wrap elementor-element-populated\">\n\t\t\t\t\t\t<div class=\"elementor-element elementor-element-31b9e5d elementor-widget elementor-widget-image\" data-id=\"31b9e5d\" data-element_type=\"widget\" data-e-type=\"widget\" data-widget_type=\"image.default\">\n\t\t\t\t<div class=\"elementor-widget-container\">\n\t\t\t\t\t\t\t\t\t\t\t\t<figure class=\"wp-caption\">\n\t\t\t\t\t\t\t\t\t\t<img loading=\"lazy\" decoding=\"async\" width=\"724\" height=\"1024\" src=\"https:\/\/www.atmosferamag.it\/wp-content\/uploads\/2026\/01\/159-724x1024.jpg\" class=\"attachment-large size-large wp-image-42470\" alt=\"\" srcset=\"https:\/\/www.atmosferamag.it\/wp-content\/uploads\/2026\/01\/159-724x1024.jpg 724w, https:\/\/www.atmosferamag.it\/wp-content\/uploads\/2026\/01\/159-212x300.jpg 212w, https:\/\/www.atmosferamag.it\/wp-content\/uploads\/2026\/01\/159-768x1086.jpg 768w, https:\/\/www.atmosferamag.it\/wp-content\/uploads\/2026\/01\/159-1086x1536.jpg 1086w, https:\/\/www.atmosferamag.it\/wp-content\/uploads\/2026\/01\/159-1448x2048.jpg 1448w, https:\/\/www.atmosferamag.it\/wp-content\/uploads\/2026\/01\/159.jpg 1670w\" sizes=\"(max-width: 724px) 100vw, 724px\" \/>\t\t\t\t\t\t\t\t\t\t\t<figcaption class=\"widget-image-caption wp-caption-text\">Caimi, Opera<\/figcaption>\n\t\t\t\t\t\t\t\t\t\t<\/figure>\n\t\t\t\t\t\t\t\t\t<\/div>\n\t\t\t\t<\/div>\n\t\t\t\t\t<\/div>\n\t\t<\/div>\n\t\t\t\t\t<\/div>\n\t\t<\/section>\n\t\t\t\t<div class=\"elementor-element elementor-element-04fda51 elementor-widget elementor-widget-text-editor\" data-id=\"04fda51\" data-element_type=\"widget\" data-e-type=\"widget\" data-widget_type=\"text-editor.default\">\n\t\t\t\t<div class=\"elementor-widget-container\">\n\t\t\t\t\t\t\t\t\t<h2 style=\"font-weight: 400;\">Quali sono i suoi progetti futuri?<\/h2><p style=\"font-weight: 400;\">\u00abOltre a nuove collaborazioni come designer per le aziende sto lavorando alla creazione di un \u201cHub della Luce\u201d, uno spazio che desidero trasformare in un punto di riferimento per la cultura del lighting. Lo immagino come uno studio vivo e strutturato, in cui progettazione illuminotecnica e product design dialogano con la ricerca sui materiali, lo sviluppo di nuovi apparecchi e consulenze ad alto livello strategico, anche nell\u2019ambito dell\u2019energy management e dei sistemi di controllo. L\u2019obiettivo \u00e8 costruire un riferimento autorevole per aziende, professionisti e privati, capace di offrire servizi integrati: dalla definizione dell\u2019identit\u00e0 luminosa di un brand al supporto come art director per le aziende del settore, fino alla progettazione di collezioni, alla consulenza tecnica per l\u2019illuminazione architettonica e ai progetti di efficientamento energetico. Voglio creare un luogo che generi valore e conoscenza, un ambiente aperto dove competenze e visioni possano incontrarsi per interpretare la luce in modo contemporaneo, responsabile e innovativo. Un laboratorio di idee e progettualit\u00e0, in cui la luce diventa linguaggio, cultura e futuro. Parallelamente continuo a lavorare come consulente della luce per gli ambienti di cura, perch\u00e9 negli ultimi anni ho compreso quanto la luce possa diventare uno strumento di benessere autentico. Negli spazi sanitari la luce sostiene, orienta e conforta. Il mio approccio, che definisco \u201call around light\u201d, nasce da questa convinzione: la luce deve accompagnare, non solo illuminare. Deve costruire un rapporto profondo con le persone e con i loro momenti pi\u00f9 fragili. In definitiva, il futuro per me \u00e8 un orizzonte aperto. Ogni progetto rappresenta una possibilit\u00e0 di crescita e ogni oggetto \u00e8 un nuovo modo di \u201cvenire alla luce\u201d. Il mio lavoro continua a sorprendermi perch\u00e9 nasce da un movimento costante tra tecnica, umanit\u00e0 e ricerca. Ed \u00e8 proprio in questo movimento che trovo la mia direzione\u00bb.<\/p>\t\t\t\t\t\t\t\t<\/div>\n\t\t\t\t<\/div>\n\t\t\t\t\t<\/div>\n\t\t<\/div>\n\t\t\t\t\t<\/div>\n\t\t<\/section>\n\t\t\t\t<\/div>\n\t\t","protected":false},"excerpt":{"rendered":"<p>Una visione della luce che integra tecnica, percezione e pensiero umanistico: dalla progettazione illuminotecnica al product design, fino ai sistemi di controllo e all\u2019energy management, per costruire ambienti in cui la luce diventa linguaggio progettuale e esperienza.<\/p>\n","protected":false},"author":8,"featured_media":42480,"comment_status":"closed","ping_status":"closed","sticky":false,"template":"","format":"standard","meta":{"footnotes":""},"categories":[39],"tags":[],"class_list":["post-42482","post","type-post","status-publish","format-standard","has-post-thumbnail","hentry","category-stories"],"yoast_head":"<!-- This site is optimized with the Yoast SEO plugin v26.0 - https:\/\/yoast.com\/wordpress\/plugins\/seo\/ -->\n<title>La luce come esperienza: intervista alla lighting designer Francesca Smiraglia | Atmosfera Mag<\/title>\n<meta name=\"description\" content=\"Lighting designer e product designer, Francesca Smiraglia racconta una visione della luce che unisce tecnica, umanesimo ed esperienza.\" \/>\n<meta name=\"robots\" content=\"index, follow, max-snippet:-1, max-image-preview:large, max-video-preview:-1\" \/>\n<link rel=\"canonical\" href=\"https:\/\/www.atmosferamag.it\/it\/intervista-lighting-designer-francesca-smiraglia\/\" \/>\n<meta property=\"og:locale\" content=\"it_IT\" \/>\n<meta property=\"og:type\" content=\"article\" \/>\n<meta property=\"og:title\" content=\"La luce come esperienza: intervista alla lighting designer Francesca Smiraglia | Atmosfera Mag\" \/>\n<meta property=\"og:description\" content=\"Lighting designer e product designer, Francesca Smiraglia racconta una visione della luce che unisce tecnica, umanesimo ed esperienza.\" \/>\n<meta property=\"og:url\" content=\"https:\/\/www.atmosferamag.it\/it\/intervista-lighting-designer-francesca-smiraglia\/\" \/>\n<meta property=\"og:site_name\" content=\"Atmosfera Mag\" \/>\n<meta property=\"article:publisher\" content=\"https:\/\/www.facebook.com\/people\/Atmosfera-Mag\/100086538670476\/\" \/>\n<meta property=\"article:published_time\" content=\"2026-01-26T12:28:00+00:00\" \/>\n<meta property=\"article:modified_time\" content=\"2026-01-26T12:28:23+00:00\" \/>\n<meta property=\"og:image\" content=\"https:\/\/www.atmosferamag.it\/wp-content\/uploads\/2026\/01\/image-Profile-1_FSDA_BW-1-scaled.jpg\" \/>\n\t<meta property=\"og:image:width\" content=\"2560\" \/>\n\t<meta property=\"og:image:height\" content=\"1707\" \/>\n\t<meta property=\"og:image:type\" content=\"image\/jpeg\" \/>\n<meta name=\"author\" content=\"Francesca Tagliabue\" \/>\n<meta name=\"twitter:card\" content=\"summary_large_image\" \/>\n<meta name=\"twitter:label1\" content=\"Scritto da\" \/>\n\t<meta name=\"twitter:data1\" content=\"Francesca Tagliabue\" \/>\n\t<meta name=\"twitter:label2\" content=\"Tempo di lettura stimato\" \/>\n\t<meta name=\"twitter:data2\" content=\"11 minuti\" \/>\n<script type=\"application\/ld+json\" class=\"yoast-schema-graph\">{\"@context\":\"https:\/\/schema.org\",\"@graph\":[{\"@type\":\"Article\",\"@id\":\"https:\/\/www.atmosferamag.it\/it\/intervista-lighting-designer-francesca-smiraglia\/#article\",\"isPartOf\":{\"@id\":\"https:\/\/www.atmosferamag.it\/it\/intervista-lighting-designer-francesca-smiraglia\/\"},\"author\":{\"name\":\"Francesca Tagliabue\",\"@id\":\"https:\/\/www.atmosferamag.it\/it\/#\/schema\/person\/e94f8c49f46f6497fd88caef7bb88408\"},\"headline\":\"La luce come lente sull\u2019esperienza umana: la visione della lighting designer Francesca Smiraglia\",\"datePublished\":\"2026-01-26T12:28:00+00:00\",\"dateModified\":\"2026-01-26T12:28:23+00:00\",\"mainEntityOfPage\":{\"@id\":\"https:\/\/www.atmosferamag.it\/it\/intervista-lighting-designer-francesca-smiraglia\/\"},\"wordCount\":1655,\"publisher\":{\"@id\":\"https:\/\/www.atmosferamag.it\/it\/#organization\"},\"image\":{\"@id\":\"https:\/\/www.atmosferamag.it\/it\/intervista-lighting-designer-francesca-smiraglia\/#primaryimage\"},\"thumbnailUrl\":\"https:\/\/www.atmosferamag.it\/wp-content\/uploads\/2026\/01\/image-Profile-1_FSDA_BW-1-scaled.jpg\",\"articleSection\":[\"Stories\"],\"inLanguage\":\"it-IT\"},{\"@type\":\"WebPage\",\"@id\":\"https:\/\/www.atmosferamag.it\/it\/intervista-lighting-designer-francesca-smiraglia\/\",\"url\":\"https:\/\/www.atmosferamag.it\/it\/intervista-lighting-designer-francesca-smiraglia\/\",\"name\":\"La luce come esperienza: intervista alla lighting designer Francesca Smiraglia | Atmosfera Mag\",\"isPartOf\":{\"@id\":\"https:\/\/www.atmosferamag.it\/it\/#website\"},\"primaryImageOfPage\":{\"@id\":\"https:\/\/www.atmosferamag.it\/it\/intervista-lighting-designer-francesca-smiraglia\/#primaryimage\"},\"image\":{\"@id\":\"https:\/\/www.atmosferamag.it\/it\/intervista-lighting-designer-francesca-smiraglia\/#primaryimage\"},\"thumbnailUrl\":\"https:\/\/www.atmosferamag.it\/wp-content\/uploads\/2026\/01\/image-Profile-1_FSDA_BW-1-scaled.jpg\",\"datePublished\":\"2026-01-26T12:28:00+00:00\",\"dateModified\":\"2026-01-26T12:28:23+00:00\",\"description\":\"Lighting designer e product designer, Francesca Smiraglia racconta una visione della luce che unisce tecnica, umanesimo ed esperienza.\",\"breadcrumb\":{\"@id\":\"https:\/\/www.atmosferamag.it\/it\/intervista-lighting-designer-francesca-smiraglia\/#breadcrumb\"},\"inLanguage\":\"it-IT\",\"potentialAction\":[{\"@type\":\"ReadAction\",\"target\":[\"https:\/\/www.atmosferamag.it\/it\/intervista-lighting-designer-francesca-smiraglia\/\"]}]},{\"@type\":\"ImageObject\",\"inLanguage\":\"it-IT\",\"@id\":\"https:\/\/www.atmosferamag.it\/it\/intervista-lighting-designer-francesca-smiraglia\/#primaryimage\",\"url\":\"https:\/\/www.atmosferamag.it\/wp-content\/uploads\/2026\/01\/image-Profile-1_FSDA_BW-1-scaled.jpg\",\"contentUrl\":\"https:\/\/www.atmosferamag.it\/wp-content\/uploads\/2026\/01\/image-Profile-1_FSDA_BW-1-scaled.jpg\",\"width\":2560,\"height\":1707},{\"@type\":\"BreadcrumbList\",\"@id\":\"https:\/\/www.atmosferamag.it\/it\/intervista-lighting-designer-francesca-smiraglia\/#breadcrumb\",\"itemListElement\":[{\"@type\":\"ListItem\",\"position\":1,\"name\":\"Home\",\"item\":\"https:\/\/www.atmosferamag.it\/it\/\"},{\"@type\":\"ListItem\",\"position\":2,\"name\":\"La luce come lente sull\u2019esperienza umana: la visione della lighting designer Francesca Smiraglia\"}]},{\"@type\":\"WebSite\",\"@id\":\"https:\/\/www.atmosferamag.it\/it\/#website\",\"url\":\"https:\/\/www.atmosferamag.it\/it\/\",\"name\":\"Atmosfera Mag\",\"description\":\"La luce in tutte le sue forme\",\"publisher\":{\"@id\":\"https:\/\/www.atmosferamag.it\/it\/#organization\"},\"potentialAction\":[{\"@type\":\"SearchAction\",\"target\":{\"@type\":\"EntryPoint\",\"urlTemplate\":\"https:\/\/www.atmosferamag.it\/it\/?s={search_term_string}\"},\"query-input\":{\"@type\":\"PropertyValueSpecification\",\"valueRequired\":true,\"valueName\":\"search_term_string\"}}],\"inLanguage\":\"it-IT\"},{\"@type\":\"Organization\",\"@id\":\"https:\/\/www.atmosferamag.it\/it\/#organization\",\"name\":\"Atmosfera Mag\",\"url\":\"https:\/\/www.atmosferamag.it\/it\/\",\"logo\":{\"@type\":\"ImageObject\",\"inLanguage\":\"it-IT\",\"@id\":\"https:\/\/www.atmosferamag.it\/it\/#\/schema\/logo\/image\/\",\"url\":\"https:\/\/www.atmosferamag.it\/wp-content\/uploads\/2022\/09\/titolo.png\",\"contentUrl\":\"https:\/\/www.atmosferamag.it\/wp-content\/uploads\/2022\/09\/titolo.png\",\"width\":2728,\"height\":406,\"caption\":\"Atmosfera Mag\"},\"image\":{\"@id\":\"https:\/\/www.atmosferamag.it\/it\/#\/schema\/logo\/image\/\"},\"sameAs\":[\"https:\/\/www.facebook.com\/people\/Atmosfera-Mag\/100086538670476\/\",\"https:\/\/www.instagram.com\/atmosferamag\/\",\"https:\/\/www.pinterest.it\/atmosfera_mag\/\"]},{\"@type\":\"Person\",\"@id\":\"https:\/\/www.atmosferamag.it\/it\/#\/schema\/person\/e94f8c49f46f6497fd88caef7bb88408\",\"name\":\"Francesca Tagliabue\",\"image\":{\"@type\":\"ImageObject\",\"inLanguage\":\"it-IT\",\"@id\":\"https:\/\/www.atmosferamag.it\/it\/#\/schema\/person\/image\/\",\"url\":\"https:\/\/secure.gravatar.com\/avatar\/cc6f1d40096ee5dd7102d500a12269d3815701fb844aa918834b119c4244a97f?s=96&d=mm&r=g\",\"contentUrl\":\"https:\/\/secure.gravatar.com\/avatar\/cc6f1d40096ee5dd7102d500a12269d3815701fb844aa918834b119c4244a97f?s=96&d=mm&r=g\",\"caption\":\"Francesca Tagliabue\"},\"url\":\"https:\/\/www.atmosferamag.it\/it\/author\/francesca-tagliabue\/\"}]}<\/script>\n<!-- \/ Yoast SEO plugin. -->","yoast_head_json":{"title":"La luce come esperienza: intervista alla lighting designer Francesca Smiraglia | Atmosfera Mag","description":"Lighting designer e product designer, Francesca Smiraglia racconta una visione della luce che unisce tecnica, umanesimo ed esperienza.","robots":{"index":"index","follow":"follow","max-snippet":"max-snippet:-1","max-image-preview":"max-image-preview:large","max-video-preview":"max-video-preview:-1"},"canonical":"https:\/\/www.atmosferamag.it\/it\/intervista-lighting-designer-francesca-smiraglia\/","og_locale":"it_IT","og_type":"article","og_title":"La luce come esperienza: intervista alla lighting designer Francesca Smiraglia | Atmosfera Mag","og_description":"Lighting designer e product designer, Francesca Smiraglia racconta una visione della luce che unisce tecnica, umanesimo ed esperienza.","og_url":"https:\/\/www.atmosferamag.it\/it\/intervista-lighting-designer-francesca-smiraglia\/","og_site_name":"Atmosfera Mag","article_publisher":"https:\/\/www.facebook.com\/people\/Atmosfera-Mag\/100086538670476\/","article_published_time":"2026-01-26T12:28:00+00:00","article_modified_time":"2026-01-26T12:28:23+00:00","og_image":[{"width":2560,"height":1707,"url":"https:\/\/www.atmosferamag.it\/wp-content\/uploads\/2026\/01\/image-Profile-1_FSDA_BW-1-scaled.jpg","type":"image\/jpeg"}],"author":"Francesca Tagliabue","twitter_card":"summary_large_image","twitter_misc":{"Scritto da":"Francesca Tagliabue","Tempo di lettura stimato":"11 minuti"},"schema":{"@context":"https:\/\/schema.org","@graph":[{"@type":"Article","@id":"https:\/\/www.atmosferamag.it\/it\/intervista-lighting-designer-francesca-smiraglia\/#article","isPartOf":{"@id":"https:\/\/www.atmosferamag.it\/it\/intervista-lighting-designer-francesca-smiraglia\/"},"author":{"name":"Francesca Tagliabue","@id":"https:\/\/www.atmosferamag.it\/it\/#\/schema\/person\/e94f8c49f46f6497fd88caef7bb88408"},"headline":"La luce come lente sull\u2019esperienza umana: la visione della lighting designer Francesca Smiraglia","datePublished":"2026-01-26T12:28:00+00:00","dateModified":"2026-01-26T12:28:23+00:00","mainEntityOfPage":{"@id":"https:\/\/www.atmosferamag.it\/it\/intervista-lighting-designer-francesca-smiraglia\/"},"wordCount":1655,"publisher":{"@id":"https:\/\/www.atmosferamag.it\/it\/#organization"},"image":{"@id":"https:\/\/www.atmosferamag.it\/it\/intervista-lighting-designer-francesca-smiraglia\/#primaryimage"},"thumbnailUrl":"https:\/\/www.atmosferamag.it\/wp-content\/uploads\/2026\/01\/image-Profile-1_FSDA_BW-1-scaled.jpg","articleSection":["Stories"],"inLanguage":"it-IT"},{"@type":"WebPage","@id":"https:\/\/www.atmosferamag.it\/it\/intervista-lighting-designer-francesca-smiraglia\/","url":"https:\/\/www.atmosferamag.it\/it\/intervista-lighting-designer-francesca-smiraglia\/","name":"La luce come esperienza: intervista alla lighting designer Francesca Smiraglia | Atmosfera Mag","isPartOf":{"@id":"https:\/\/www.atmosferamag.it\/it\/#website"},"primaryImageOfPage":{"@id":"https:\/\/www.atmosferamag.it\/it\/intervista-lighting-designer-francesca-smiraglia\/#primaryimage"},"image":{"@id":"https:\/\/www.atmosferamag.it\/it\/intervista-lighting-designer-francesca-smiraglia\/#primaryimage"},"thumbnailUrl":"https:\/\/www.atmosferamag.it\/wp-content\/uploads\/2026\/01\/image-Profile-1_FSDA_BW-1-scaled.jpg","datePublished":"2026-01-26T12:28:00+00:00","dateModified":"2026-01-26T12:28:23+00:00","description":"Lighting designer e product designer, Francesca Smiraglia racconta una visione della luce che unisce tecnica, umanesimo ed esperienza.","breadcrumb":{"@id":"https:\/\/www.atmosferamag.it\/it\/intervista-lighting-designer-francesca-smiraglia\/#breadcrumb"},"inLanguage":"it-IT","potentialAction":[{"@type":"ReadAction","target":["https:\/\/www.atmosferamag.it\/it\/intervista-lighting-designer-francesca-smiraglia\/"]}]},{"@type":"ImageObject","inLanguage":"it-IT","@id":"https:\/\/www.atmosferamag.it\/it\/intervista-lighting-designer-francesca-smiraglia\/#primaryimage","url":"https:\/\/www.atmosferamag.it\/wp-content\/uploads\/2026\/01\/image-Profile-1_FSDA_BW-1-scaled.jpg","contentUrl":"https:\/\/www.atmosferamag.it\/wp-content\/uploads\/2026\/01\/image-Profile-1_FSDA_BW-1-scaled.jpg","width":2560,"height":1707},{"@type":"BreadcrumbList","@id":"https:\/\/www.atmosferamag.it\/it\/intervista-lighting-designer-francesca-smiraglia\/#breadcrumb","itemListElement":[{"@type":"ListItem","position":1,"name":"Home","item":"https:\/\/www.atmosferamag.it\/it\/"},{"@type":"ListItem","position":2,"name":"La luce come lente sull\u2019esperienza umana: la visione della lighting designer Francesca Smiraglia"}]},{"@type":"WebSite","@id":"https:\/\/www.atmosferamag.it\/it\/#website","url":"https:\/\/www.atmosferamag.it\/it\/","name":"Atmosfera Mag","description":"La luce in tutte le sue forme","publisher":{"@id":"https:\/\/www.atmosferamag.it\/it\/#organization"},"potentialAction":[{"@type":"SearchAction","target":{"@type":"EntryPoint","urlTemplate":"https:\/\/www.atmosferamag.it\/it\/?s={search_term_string}"},"query-input":{"@type":"PropertyValueSpecification","valueRequired":true,"valueName":"search_term_string"}}],"inLanguage":"it-IT"},{"@type":"Organization","@id":"https:\/\/www.atmosferamag.it\/it\/#organization","name":"Atmosfera Mag","url":"https:\/\/www.atmosferamag.it\/it\/","logo":{"@type":"ImageObject","inLanguage":"it-IT","@id":"https:\/\/www.atmosferamag.it\/it\/#\/schema\/logo\/image\/","url":"https:\/\/www.atmosferamag.it\/wp-content\/uploads\/2022\/09\/titolo.png","contentUrl":"https:\/\/www.atmosferamag.it\/wp-content\/uploads\/2022\/09\/titolo.png","width":2728,"height":406,"caption":"Atmosfera Mag"},"image":{"@id":"https:\/\/www.atmosferamag.it\/it\/#\/schema\/logo\/image\/"},"sameAs":["https:\/\/www.facebook.com\/people\/Atmosfera-Mag\/100086538670476\/","https:\/\/www.instagram.com\/atmosferamag\/","https:\/\/www.pinterest.it\/atmosfera_mag\/"]},{"@type":"Person","@id":"https:\/\/www.atmosferamag.it\/it\/#\/schema\/person\/e94f8c49f46f6497fd88caef7bb88408","name":"Francesca Tagliabue","image":{"@type":"ImageObject","inLanguage":"it-IT","@id":"https:\/\/www.atmosferamag.it\/it\/#\/schema\/person\/image\/","url":"https:\/\/secure.gravatar.com\/avatar\/cc6f1d40096ee5dd7102d500a12269d3815701fb844aa918834b119c4244a97f?s=96&d=mm&r=g","contentUrl":"https:\/\/secure.gravatar.com\/avatar\/cc6f1d40096ee5dd7102d500a12269d3815701fb844aa918834b119c4244a97f?s=96&d=mm&r=g","caption":"Francesca Tagliabue"},"url":"https:\/\/www.atmosferamag.it\/it\/author\/francesca-tagliabue\/"}]}},"_links":{"self":[{"href":"https:\/\/www.atmosferamag.it\/it\/wp-json\/wp\/v2\/posts\/42482","targetHints":{"allow":["GET"]}}],"collection":[{"href":"https:\/\/www.atmosferamag.it\/it\/wp-json\/wp\/v2\/posts"}],"about":[{"href":"https:\/\/www.atmosferamag.it\/it\/wp-json\/wp\/v2\/types\/post"}],"author":[{"embeddable":true,"href":"https:\/\/www.atmosferamag.it\/it\/wp-json\/wp\/v2\/users\/8"}],"replies":[{"embeddable":true,"href":"https:\/\/www.atmosferamag.it\/it\/wp-json\/wp\/v2\/comments?post=42482"}],"version-history":[{"count":4,"href":"https:\/\/www.atmosferamag.it\/it\/wp-json\/wp\/v2\/posts\/42482\/revisions"}],"predecessor-version":[{"id":42486,"href":"https:\/\/www.atmosferamag.it\/it\/wp-json\/wp\/v2\/posts\/42482\/revisions\/42486"}],"wp:featuredmedia":[{"embeddable":true,"href":"https:\/\/www.atmosferamag.it\/it\/wp-json\/wp\/v2\/media\/42480"}],"wp:attachment":[{"href":"https:\/\/www.atmosferamag.it\/it\/wp-json\/wp\/v2\/media?parent=42482"}],"wp:term":[{"taxonomy":"category","embeddable":true,"href":"https:\/\/www.atmosferamag.it\/it\/wp-json\/wp\/v2\/categories?post=42482"},{"taxonomy":"post_tag","embeddable":true,"href":"https:\/\/www.atmosferamag.it\/it\/wp-json\/wp\/v2\/tags?post=42482"}],"curies":[{"name":"wp","href":"https:\/\/api.w.org\/{rel}","templated":true}]}}