{"id":41250,"date":"2025-10-23T16:11:05","date_gmt":"2025-10-23T14:11:05","guid":{"rendered":"https:\/\/www.atmosferamag.it\/?p=41250"},"modified":"2025-11-19T16:58:48","modified_gmt":"2025-11-19T15:58:48","slug":"anonima-luci-una-lecture-sul-dialogo-tra-luce-musica-e-spazio","status":"publish","type":"post","link":"https:\/\/www.atmosferamag.it\/it\/anonima-luci-una-lecture-sul-dialogo-tra-luce-musica-e-spazio\/","title":{"rendered":"Anonima\/Luci: una lecture sul dialogo tra luce, musica e spazio"},"content":{"rendered":"\t\t<div data-elementor-type=\"wp-post\" data-elementor-id=\"41250\" class=\"elementor elementor-41250 elementor-41264\" data-elementor-post-type=\"post\">\n\t\t\t\t\t\t<section class=\"elementor-section elementor-top-section elementor-element elementor-element-b08cc3b elementor-section-boxed elementor-section-height-default elementor-section-height-default\" data-id=\"b08cc3b\" data-element_type=\"section\" data-e-type=\"section\">\n\t\t\t\t\t\t<div class=\"elementor-container elementor-column-gap-default\">\n\t\t\t\t\t<div class=\"elementor-column elementor-col-100 elementor-top-column elementor-element elementor-element-99837cd\" data-id=\"99837cd\" data-element_type=\"column\" data-e-type=\"column\">\n\t\t\t<div class=\"elementor-widget-wrap elementor-element-populated\">\n\t\t\t\t\t\t<div class=\"elementor-element elementor-element-589b1db elementor-widget elementor-widget-text-editor\" data-id=\"589b1db\" data-element_type=\"widget\" data-e-type=\"widget\" data-widget_type=\"text-editor.default\">\n\t\t\t\t<div class=\"elementor-widget-container\">\n\t\t\t\t\t\t\t\t\t<p><a href=\"https:\/\/www.anonimaluci.com\/\" target=\"_blank\" rel=\"noopener\"><span style=\"font-weight: 400;\"><span style=\"text-decoration: underline;\">Anonima\/Luci<\/span><\/span><\/a><span style=\"font-weight: 400;\"> opera da sempre lungo la linea di confine tra discipline: luce, architettura d\u2019interni e musica. In un incontro a distanza, <\/span><b>Alberto Saggia e Stefania Kalogeropoulos racconteranno la loro filosofia progettuale<\/b><span style=\"font-weight: 400;\"> attraverso esperienze che hanno progressivamente definito la loro idea di luce come strumento di connessione tra spazio, musica e collettivit\u00e0.<\/span><\/p>\t\t\t\t\t\t\t\t<\/div>\n\t\t\t\t<\/div>\n\t\t\t\t<div class=\"elementor-element elementor-element-a86733d elementor-widget elementor-widget-image\" data-id=\"a86733d\" data-element_type=\"widget\" data-e-type=\"widget\" data-widget_type=\"image.default\">\n\t\t\t\t<div class=\"elementor-widget-container\">\n\t\t\t\t\t\t\t\t\t\t\t\t<figure class=\"wp-caption\">\n\t\t\t\t\t\t\t\t\t\t<img fetchpriority=\"high\" decoding=\"async\" width=\"800\" height=\"536\" src=\"https:\/\/www.atmosferamag.it\/wp-content\/uploads\/2025\/10\/ANONIMA-LUCI-2025-1024x686.jpg\" class=\"attachment-large size-large wp-image-41253\" alt=\"\" srcset=\"https:\/\/www.atmosferamag.it\/wp-content\/uploads\/2025\/10\/ANONIMA-LUCI-2025-1024x686.jpg 1024w, https:\/\/www.atmosferamag.it\/wp-content\/uploads\/2025\/10\/ANONIMA-LUCI-2025-300x201.jpg 300w, https:\/\/www.atmosferamag.it\/wp-content\/uploads\/2025\/10\/ANONIMA-LUCI-2025-768x514.jpg 768w, https:\/\/www.atmosferamag.it\/wp-content\/uploads\/2025\/10\/ANONIMA-LUCI-2025-1536x1028.jpg 1536w, https:\/\/www.atmosferamag.it\/wp-content\/uploads\/2025\/10\/ANONIMA-LUCI-2025-2048x1371.jpg 2048w\" sizes=\"(max-width: 800px) 100vw, 800px\" \/>\t\t\t\t\t\t\t\t\t\t\t<figcaption class=\"widget-image-caption wp-caption-text\">1. Alberto Saggia e Stefania Kalogeropoulos - Anonima\/Luci<\/figcaption>\n\t\t\t\t\t\t\t\t\t\t<\/figure>\n\t\t\t\t\t\t\t\t\t<\/div>\n\t\t\t\t<\/div>\n\t\t\t\t<div class=\"elementor-element elementor-element-48104c5 elementor-widget elementor-widget-text-editor\" data-id=\"48104c5\" data-element_type=\"widget\" data-e-type=\"widget\" data-widget_type=\"text-editor.default\">\n\t\t\t\t<div class=\"elementor-widget-container\">\n\t\t\t\t\t\t\t\t\t<p><span style=\"font-weight: 400;\">Tra le realt\u00e0 italiane pi\u00f9 prolifiche e sperimentali, Anonima\/Luci crea ambienti avvolgenti bilanciando emozione e grande conoscenza tecnica. Il <\/span><b>focus dell&#8217;incontro<\/b><span style=\"font-weight: 400;\">, in programma il <\/span><b>26 novembre alle 17.30<\/b><span style=\"font-weight: 400;\"> \u2013 <\/span><b>partecipazione gratuita previa iscrizione sulla piattaforma Luma<\/b><span style=\"font-weight: 400;\">, sar\u00e0 il <\/span><b>rapporto tra luce, suono e spazio<\/b><span style=\"font-weight: 400;\">, affrontate attraverso una panoramica delle installazioni pi\u00f9 significative realizzate dal duo in contesti architettonici storici trasformati in luoghi di musica. Il pubblico avr\u00e0 poi la possibilit\u00e0 di approfondire la genesi, i dettagli e le curiosit\u00e0 legate all\u2019ultima realizzazione dello studio: <\/span><b>Voce, la listening room della Triennale Milano<\/b><span style=\"font-weight: 400;\">.<\/span><\/p>\t\t\t\t\t\t\t\t<\/div>\n\t\t\t\t<\/div>\n\t\t\t\t<div class=\"elementor-element elementor-element-536b97b elementor-widget elementor-widget-video\" data-id=\"536b97b\" data-element_type=\"widget\" data-e-type=\"widget\" data-settings=\"{&quot;video_type&quot;:&quot;vimeo&quot;}\" data-widget_type=\"video.default\">\n\t\t\t\t<div class=\"elementor-widget-container\">\n\t\t\t\t\t\t\t<div class=\"elementor-wrapper elementor-open-inline\">\n\t\t\t<iframe class=\"elementor-video-iframe\" allowfullscreen allow=\"clipboard-write\" title=\"vimeo Video Player\" src=\"https:\/\/player.vimeo.com\/video\/1105149033?color&amp;autopause=0&amp;loop=0&amp;muted=0&amp;title=1&amp;portrait=0&amp;byline=0#t=\"><\/iframe>\t\t<\/div>\n\t\t\t\t\t\t<\/div>\n\t\t\t\t<\/div>\n\t\t\t\t<div class=\"elementor-element elementor-element-6a332d1 elementor-widget elementor-widget-text-editor\" data-id=\"6a332d1\" data-element_type=\"widget\" data-e-type=\"widget\" data-widget_type=\"text-editor.default\">\n\t\t\t\t<div class=\"elementor-widget-container\">\n\t\t\t\t\t\t\t\t\t<p><span style=\"font-weight: 400;\">Con il supporto di immagini, disegni tecnici e video, Alberto e Stefania illustreranno il loro approccio al lighting design di questo spazio, concepito come un\u2019illuminazione dinamica capace di diventare vera e propria \u201cscenografia\u201d per eventi diversi: dall\u2019ascolto di musica classica al clubbing, dai workshop agli incontri privati. Dettagli tecnici, curiosit\u00e0 di cantiere e un focus sulle sorgenti luminose e sulla programmazione dei diversi scenari arricchiranno il racconto, in costante dialogo con l\u2019architettura di Muzio, riportata al suo stato originale.<\/span><\/p><p><span style=\"font-weight: 400;\"><b>La lecture sar\u00e0 in italiano con traduzione simultanea in inglese<\/b>. Al termine dell&#8217;intervento, ai partecipanti verr\u00e0 concesso di interagire e porre domande ad Anonima\/Luci.<\/span><\/p>\t\t\t\t\t\t\t\t<\/div>\n\t\t\t\t<\/div>\n\t\t\t\t<div class=\"elementor-element elementor-element-032f14f btn-mine elementor-widget elementor-widget-button\" data-id=\"032f14f\" data-element_type=\"widget\" data-e-type=\"widget\" data-widget_type=\"button.default\">\n\t\t\t\t<div class=\"elementor-widget-container\">\n\t\t\t\t\t\t\t\t\t<div class=\"elementor-button-wrapper\">\n\t\t\t\t\t<a class=\"elementor-button elementor-button-link elementor-size-sm\" href=\"https:\/\/luma.com\/atmosferamag\" target=\"_blank\">\n\t\t\t\t\t\t<span class=\"elementor-button-content-wrapper\">\n\t\t\t\t\t\t\t\t\t<span class=\"elementor-button-text\">PARTECIPA ALLA LECTURE<\/span>\n\t\t\t\t\t<\/span>\n\t\t\t\t\t<\/a>\n\t\t\t\t<\/div>\n\t\t\t\t\t\t\t\t<\/div>\n\t\t\t\t<\/div>\n\t\t\t\t<div class=\"elementor-element elementor-element-e69c97e elementor-widget-divider--view-line elementor-widget elementor-widget-divider\" data-id=\"e69c97e\" data-element_type=\"widget\" data-e-type=\"widget\" data-widget_type=\"divider.default\">\n\t\t\t\t<div class=\"elementor-widget-container\">\n\t\t\t\t\t\t\t<div class=\"elementor-divider\">\n\t\t\t<span class=\"elementor-divider-separator\">\n\t\t\t\t\t\t<\/span>\n\t\t<\/div>\n\t\t\t\t\t\t<\/div>\n\t\t\t\t<\/div>\n\t\t\t\t<div class=\"elementor-element elementor-element-a82c2dd elementor-widget elementor-widget-text-editor\" data-id=\"a82c2dd\" data-element_type=\"widget\" data-e-type=\"widget\" data-widget_type=\"text-editor.default\">\n\t\t\t\t<div class=\"elementor-widget-container\">\n\t\t\t\t\t\t\t\t\t<p><span style=\"font-weight: 400;\"><b>Curiosi di scoprire di pi\u00f9 sul lavoro di Anonima\/Luci? <\/b>In attesa della lecture, potete leggere <a href=\"https:\/\/www.atmosferamag.it\/it\/un-lighting-non-convenzionale\/\"><span style=\"text-decoration: underline;\">l\u2019intervista che abbiamo realizzato con il duo<\/span><\/a>.<\/span><\/p>\t\t\t\t\t\t\t\t<\/div>\n\t\t\t\t<\/div>\n\t\t\t\t\t<\/div>\n\t\t<\/div>\n\t\t\t\t\t<\/div>\n\t\t<\/section>\n\t\t\t\t<\/div>\n\t\t","protected":false},"excerpt":{"rendered":"<p>Appuntamento online il 26 novembre alle 17:30 per una lezione gratuita sul lighting tenuta dal duo di progettisti, che racconteranno i retroscena del loro ultimo lavoro.<\/p>\n","protected":false},"author":2,"featured_media":41262,"comment_status":"closed","ping_status":"closed","sticky":false,"template":"","format":"standard","meta":{"footnotes":""},"categories":[43],"tags":[],"class_list":["post-41250","post","type-post","status-publish","format-standard","has-post-thumbnail","hentry","category-highlights"],"yoast_head":"<!-- This site is optimized with the Yoast SEO plugin v26.0 - https:\/\/yoast.com\/wordpress\/plugins\/seo\/ -->\n<title>Anonima\/Luci: la lecture in collaborazione con Atmosfera | AtmosferaMag<\/title>\n<meta name=\"description\" content=\"Il 26 novembre, Alberto Saggia e Stefania Kalogeropoulos terranno una lecture gratuita sul lighting design e il suo rapporto con la musica e lo spazio architettonico. Registrati ora su Luma.\" \/>\n<meta name=\"robots\" content=\"index, follow, max-snippet:-1, max-image-preview:large, max-video-preview:-1\" \/>\n<link rel=\"canonical\" href=\"https:\/\/www.atmosferamag.it\/it\/anonima-luci-una-lecture-sul-dialogo-tra-luce-musica-e-spazio\/\" \/>\n<meta property=\"og:locale\" content=\"it_IT\" \/>\n<meta property=\"og:type\" content=\"article\" \/>\n<meta property=\"og:title\" content=\"Anonima\/Luci: la lecture in collaborazione con Atmosfera | AtmosferaMag\" \/>\n<meta property=\"og:description\" content=\"Il 26 novembre, Alberto Saggia e Stefania Kalogeropoulos terranno una lecture gratuita sul lighting design e il suo rapporto con la musica e lo spazio architettonico. Registrati ora su Luma.\" \/>\n<meta property=\"og:url\" content=\"https:\/\/www.atmosferamag.it\/it\/anonima-luci-una-lecture-sul-dialogo-tra-luce-musica-e-spazio\/\" \/>\n<meta property=\"og:site_name\" content=\"Atmosfera Mag\" \/>\n<meta property=\"article:publisher\" content=\"https:\/\/www.facebook.com\/people\/Atmosfera-Mag\/100086538670476\/\" \/>\n<meta property=\"article:published_time\" content=\"2025-10-23T14:11:05+00:00\" \/>\n<meta property=\"article:modified_time\" content=\"2025-11-19T15:58:48+00:00\" \/>\n<meta property=\"og:image\" content=\"https:\/\/www.atmosferamag.it\/wp-content\/uploads\/2025\/10\/Risorsa-21a.jpg\" \/>\n\t<meta property=\"og:image:width\" content=\"1921\" \/>\n\t<meta property=\"og:image:height\" content=\"1081\" \/>\n\t<meta property=\"og:image:type\" content=\"image\/jpeg\" \/>\n<meta name=\"author\" content=\"Redazione AtmosferaMag\" \/>\n<meta name=\"twitter:card\" content=\"summary_large_image\" \/>\n<meta name=\"twitter:label1\" content=\"Scritto da\" \/>\n\t<meta name=\"twitter:data1\" content=\"Redazione AtmosferaMag\" \/>\n\t<meta name=\"twitter:label2\" content=\"Tempo di lettura stimato\" \/>\n\t<meta name=\"twitter:data2\" content=\"2 minuti\" \/>\n<script type=\"application\/ld+json\" class=\"yoast-schema-graph\">{\"@context\":\"https:\/\/schema.org\",\"@graph\":[{\"@type\":\"Article\",\"@id\":\"https:\/\/www.atmosferamag.it\/it\/anonima-luci-una-lecture-sul-dialogo-tra-luce-musica-e-spazio\/#article\",\"isPartOf\":{\"@id\":\"https:\/\/www.atmosferamag.it\/it\/anonima-luci-una-lecture-sul-dialogo-tra-luce-musica-e-spazio\/\"},\"author\":{\"name\":\"Redazione AtmosferaMag\",\"@id\":\"https:\/\/www.atmosferamag.it\/it\/#\/schema\/person\/ab74a44bc124a0796815bc269e4939dc\"},\"headline\":\"Anonima\/Luci: una lecture sul dialogo tra luce, musica e spazio\",\"datePublished\":\"2025-10-23T14:11:05+00:00\",\"dateModified\":\"2025-11-19T15:58:48+00:00\",\"mainEntityOfPage\":{\"@id\":\"https:\/\/www.atmosferamag.it\/it\/anonima-luci-una-lecture-sul-dialogo-tra-luce-musica-e-spazio\/\"},\"wordCount\":304,\"publisher\":{\"@id\":\"https:\/\/www.atmosferamag.it\/it\/#organization\"},\"image\":{\"@id\":\"https:\/\/www.atmosferamag.it\/it\/anonima-luci-una-lecture-sul-dialogo-tra-luce-musica-e-spazio\/#primaryimage\"},\"thumbnailUrl\":\"https:\/\/www.atmosferamag.it\/wp-content\/uploads\/2025\/10\/Risorsa-21a.jpg\",\"articleSection\":[\"Highlights\"],\"inLanguage\":\"it-IT\"},{\"@type\":\"WebPage\",\"@id\":\"https:\/\/www.atmosferamag.it\/it\/anonima-luci-una-lecture-sul-dialogo-tra-luce-musica-e-spazio\/\",\"url\":\"https:\/\/www.atmosferamag.it\/it\/anonima-luci-una-lecture-sul-dialogo-tra-luce-musica-e-spazio\/\",\"name\":\"Anonima\/Luci: la lecture in collaborazione con Atmosfera | AtmosferaMag\",\"isPartOf\":{\"@id\":\"https:\/\/www.atmosferamag.it\/it\/#website\"},\"primaryImageOfPage\":{\"@id\":\"https:\/\/www.atmosferamag.it\/it\/anonima-luci-una-lecture-sul-dialogo-tra-luce-musica-e-spazio\/#primaryimage\"},\"image\":{\"@id\":\"https:\/\/www.atmosferamag.it\/it\/anonima-luci-una-lecture-sul-dialogo-tra-luce-musica-e-spazio\/#primaryimage\"},\"thumbnailUrl\":\"https:\/\/www.atmosferamag.it\/wp-content\/uploads\/2025\/10\/Risorsa-21a.jpg\",\"datePublished\":\"2025-10-23T14:11:05+00:00\",\"dateModified\":\"2025-11-19T15:58:48+00:00\",\"description\":\"Il 26 novembre, Alberto Saggia e Stefania Kalogeropoulos terranno una lecture gratuita sul lighting design e il suo rapporto con la musica e lo spazio architettonico. Registrati ora su Luma.\",\"breadcrumb\":{\"@id\":\"https:\/\/www.atmosferamag.it\/it\/anonima-luci-una-lecture-sul-dialogo-tra-luce-musica-e-spazio\/#breadcrumb\"},\"inLanguage\":\"it-IT\",\"potentialAction\":[{\"@type\":\"ReadAction\",\"target\":[\"https:\/\/www.atmosferamag.it\/it\/anonima-luci-una-lecture-sul-dialogo-tra-luce-musica-e-spazio\/\"]}]},{\"@type\":\"ImageObject\",\"inLanguage\":\"it-IT\",\"@id\":\"https:\/\/www.atmosferamag.it\/it\/anonima-luci-una-lecture-sul-dialogo-tra-luce-musica-e-spazio\/#primaryimage\",\"url\":\"https:\/\/www.atmosferamag.it\/wp-content\/uploads\/2025\/10\/Risorsa-21a.jpg\",\"contentUrl\":\"https:\/\/www.atmosferamag.it\/wp-content\/uploads\/2025\/10\/Risorsa-21a.jpg\",\"width\":1921,\"height\":1081},{\"@type\":\"BreadcrumbList\",\"@id\":\"https:\/\/www.atmosferamag.it\/it\/anonima-luci-una-lecture-sul-dialogo-tra-luce-musica-e-spazio\/#breadcrumb\",\"itemListElement\":[{\"@type\":\"ListItem\",\"position\":1,\"name\":\"Home\",\"item\":\"https:\/\/www.atmosferamag.it\/it\/\"},{\"@type\":\"ListItem\",\"position\":2,\"name\":\"Anonima\/Luci: una lecture sul dialogo tra luce, musica e spazio\"}]},{\"@type\":\"WebSite\",\"@id\":\"https:\/\/www.atmosferamag.it\/it\/#website\",\"url\":\"https:\/\/www.atmosferamag.it\/it\/\",\"name\":\"Atmosfera Mag\",\"description\":\"La luce in tutte le sue forme\",\"publisher\":{\"@id\":\"https:\/\/www.atmosferamag.it\/it\/#organization\"},\"potentialAction\":[{\"@type\":\"SearchAction\",\"target\":{\"@type\":\"EntryPoint\",\"urlTemplate\":\"https:\/\/www.atmosferamag.it\/it\/?s={search_term_string}\"},\"query-input\":{\"@type\":\"PropertyValueSpecification\",\"valueRequired\":true,\"valueName\":\"search_term_string\"}}],\"inLanguage\":\"it-IT\"},{\"@type\":\"Organization\",\"@id\":\"https:\/\/www.atmosferamag.it\/it\/#organization\",\"name\":\"Atmosfera Mag\",\"url\":\"https:\/\/www.atmosferamag.it\/it\/\",\"logo\":{\"@type\":\"ImageObject\",\"inLanguage\":\"it-IT\",\"@id\":\"https:\/\/www.atmosferamag.it\/it\/#\/schema\/logo\/image\/\",\"url\":\"https:\/\/www.atmosferamag.it\/wp-content\/uploads\/2022\/09\/titolo.png\",\"contentUrl\":\"https:\/\/www.atmosferamag.it\/wp-content\/uploads\/2022\/09\/titolo.png\",\"width\":2728,\"height\":406,\"caption\":\"Atmosfera Mag\"},\"image\":{\"@id\":\"https:\/\/www.atmosferamag.it\/it\/#\/schema\/logo\/image\/\"},\"sameAs\":[\"https:\/\/www.facebook.com\/people\/Atmosfera-Mag\/100086538670476\/\",\"https:\/\/www.instagram.com\/atmosferamag\/\",\"https:\/\/www.pinterest.it\/atmosfera_mag\/\"]},{\"@type\":\"Person\",\"@id\":\"https:\/\/www.atmosferamag.it\/it\/#\/schema\/person\/ab74a44bc124a0796815bc269e4939dc\",\"name\":\"Redazione AtmosferaMag\",\"image\":{\"@type\":\"ImageObject\",\"inLanguage\":\"it-IT\",\"@id\":\"https:\/\/www.atmosferamag.it\/it\/#\/schema\/person\/image\/\",\"url\":\"https:\/\/secure.gravatar.com\/avatar\/75c14bf3645779c6632cf8ba43a7dc0a35c55ddd31ef25cacf675d951cdd4015?s=96&d=mm&r=g\",\"contentUrl\":\"https:\/\/secure.gravatar.com\/avatar\/75c14bf3645779c6632cf8ba43a7dc0a35c55ddd31ef25cacf675d951cdd4015?s=96&d=mm&r=g\",\"caption\":\"Redazione AtmosferaMag\"},\"url\":\"https:\/\/www.atmosferamag.it\/it\/author\/4tm0sf3r4m4g\/\"}]}<\/script>\n<!-- \/ Yoast SEO plugin. -->","yoast_head_json":{"title":"Anonima\/Luci: la lecture in collaborazione con Atmosfera | AtmosferaMag","description":"Il 26 novembre, Alberto Saggia e Stefania Kalogeropoulos terranno una lecture gratuita sul lighting design e il suo rapporto con la musica e lo spazio architettonico. Registrati ora su Luma.","robots":{"index":"index","follow":"follow","max-snippet":"max-snippet:-1","max-image-preview":"max-image-preview:large","max-video-preview":"max-video-preview:-1"},"canonical":"https:\/\/www.atmosferamag.it\/it\/anonima-luci-una-lecture-sul-dialogo-tra-luce-musica-e-spazio\/","og_locale":"it_IT","og_type":"article","og_title":"Anonima\/Luci: la lecture in collaborazione con Atmosfera | AtmosferaMag","og_description":"Il 26 novembre, Alberto Saggia e Stefania Kalogeropoulos terranno una lecture gratuita sul lighting design e il suo rapporto con la musica e lo spazio architettonico. Registrati ora su Luma.","og_url":"https:\/\/www.atmosferamag.it\/it\/anonima-luci-una-lecture-sul-dialogo-tra-luce-musica-e-spazio\/","og_site_name":"Atmosfera Mag","article_publisher":"https:\/\/www.facebook.com\/people\/Atmosfera-Mag\/100086538670476\/","article_published_time":"2025-10-23T14:11:05+00:00","article_modified_time":"2025-11-19T15:58:48+00:00","og_image":[{"width":1921,"height":1081,"url":"https:\/\/www.atmosferamag.it\/wp-content\/uploads\/2025\/10\/Risorsa-21a.jpg","type":"image\/jpeg"}],"author":"Redazione AtmosferaMag","twitter_card":"summary_large_image","twitter_misc":{"Scritto da":"Redazione AtmosferaMag","Tempo di lettura stimato":"2 minuti"},"schema":{"@context":"https:\/\/schema.org","@graph":[{"@type":"Article","@id":"https:\/\/www.atmosferamag.it\/it\/anonima-luci-una-lecture-sul-dialogo-tra-luce-musica-e-spazio\/#article","isPartOf":{"@id":"https:\/\/www.atmosferamag.it\/it\/anonima-luci-una-lecture-sul-dialogo-tra-luce-musica-e-spazio\/"},"author":{"name":"Redazione AtmosferaMag","@id":"https:\/\/www.atmosferamag.it\/it\/#\/schema\/person\/ab74a44bc124a0796815bc269e4939dc"},"headline":"Anonima\/Luci: una lecture sul dialogo tra luce, musica e spazio","datePublished":"2025-10-23T14:11:05+00:00","dateModified":"2025-11-19T15:58:48+00:00","mainEntityOfPage":{"@id":"https:\/\/www.atmosferamag.it\/it\/anonima-luci-una-lecture-sul-dialogo-tra-luce-musica-e-spazio\/"},"wordCount":304,"publisher":{"@id":"https:\/\/www.atmosferamag.it\/it\/#organization"},"image":{"@id":"https:\/\/www.atmosferamag.it\/it\/anonima-luci-una-lecture-sul-dialogo-tra-luce-musica-e-spazio\/#primaryimage"},"thumbnailUrl":"https:\/\/www.atmosferamag.it\/wp-content\/uploads\/2025\/10\/Risorsa-21a.jpg","articleSection":["Highlights"],"inLanguage":"it-IT"},{"@type":"WebPage","@id":"https:\/\/www.atmosferamag.it\/it\/anonima-luci-una-lecture-sul-dialogo-tra-luce-musica-e-spazio\/","url":"https:\/\/www.atmosferamag.it\/it\/anonima-luci-una-lecture-sul-dialogo-tra-luce-musica-e-spazio\/","name":"Anonima\/Luci: la lecture in collaborazione con Atmosfera | AtmosferaMag","isPartOf":{"@id":"https:\/\/www.atmosferamag.it\/it\/#website"},"primaryImageOfPage":{"@id":"https:\/\/www.atmosferamag.it\/it\/anonima-luci-una-lecture-sul-dialogo-tra-luce-musica-e-spazio\/#primaryimage"},"image":{"@id":"https:\/\/www.atmosferamag.it\/it\/anonima-luci-una-lecture-sul-dialogo-tra-luce-musica-e-spazio\/#primaryimage"},"thumbnailUrl":"https:\/\/www.atmosferamag.it\/wp-content\/uploads\/2025\/10\/Risorsa-21a.jpg","datePublished":"2025-10-23T14:11:05+00:00","dateModified":"2025-11-19T15:58:48+00:00","description":"Il 26 novembre, Alberto Saggia e Stefania Kalogeropoulos terranno una lecture gratuita sul lighting design e il suo rapporto con la musica e lo spazio architettonico. Registrati ora su Luma.","breadcrumb":{"@id":"https:\/\/www.atmosferamag.it\/it\/anonima-luci-una-lecture-sul-dialogo-tra-luce-musica-e-spazio\/#breadcrumb"},"inLanguage":"it-IT","potentialAction":[{"@type":"ReadAction","target":["https:\/\/www.atmosferamag.it\/it\/anonima-luci-una-lecture-sul-dialogo-tra-luce-musica-e-spazio\/"]}]},{"@type":"ImageObject","inLanguage":"it-IT","@id":"https:\/\/www.atmosferamag.it\/it\/anonima-luci-una-lecture-sul-dialogo-tra-luce-musica-e-spazio\/#primaryimage","url":"https:\/\/www.atmosferamag.it\/wp-content\/uploads\/2025\/10\/Risorsa-21a.jpg","contentUrl":"https:\/\/www.atmosferamag.it\/wp-content\/uploads\/2025\/10\/Risorsa-21a.jpg","width":1921,"height":1081},{"@type":"BreadcrumbList","@id":"https:\/\/www.atmosferamag.it\/it\/anonima-luci-una-lecture-sul-dialogo-tra-luce-musica-e-spazio\/#breadcrumb","itemListElement":[{"@type":"ListItem","position":1,"name":"Home","item":"https:\/\/www.atmosferamag.it\/it\/"},{"@type":"ListItem","position":2,"name":"Anonima\/Luci: una lecture sul dialogo tra luce, musica e spazio"}]},{"@type":"WebSite","@id":"https:\/\/www.atmosferamag.it\/it\/#website","url":"https:\/\/www.atmosferamag.it\/it\/","name":"Atmosfera Mag","description":"La luce in tutte le sue forme","publisher":{"@id":"https:\/\/www.atmosferamag.it\/it\/#organization"},"potentialAction":[{"@type":"SearchAction","target":{"@type":"EntryPoint","urlTemplate":"https:\/\/www.atmosferamag.it\/it\/?s={search_term_string}"},"query-input":{"@type":"PropertyValueSpecification","valueRequired":true,"valueName":"search_term_string"}}],"inLanguage":"it-IT"},{"@type":"Organization","@id":"https:\/\/www.atmosferamag.it\/it\/#organization","name":"Atmosfera Mag","url":"https:\/\/www.atmosferamag.it\/it\/","logo":{"@type":"ImageObject","inLanguage":"it-IT","@id":"https:\/\/www.atmosferamag.it\/it\/#\/schema\/logo\/image\/","url":"https:\/\/www.atmosferamag.it\/wp-content\/uploads\/2022\/09\/titolo.png","contentUrl":"https:\/\/www.atmosferamag.it\/wp-content\/uploads\/2022\/09\/titolo.png","width":2728,"height":406,"caption":"Atmosfera Mag"},"image":{"@id":"https:\/\/www.atmosferamag.it\/it\/#\/schema\/logo\/image\/"},"sameAs":["https:\/\/www.facebook.com\/people\/Atmosfera-Mag\/100086538670476\/","https:\/\/www.instagram.com\/atmosferamag\/","https:\/\/www.pinterest.it\/atmosfera_mag\/"]},{"@type":"Person","@id":"https:\/\/www.atmosferamag.it\/it\/#\/schema\/person\/ab74a44bc124a0796815bc269e4939dc","name":"Redazione AtmosferaMag","image":{"@type":"ImageObject","inLanguage":"it-IT","@id":"https:\/\/www.atmosferamag.it\/it\/#\/schema\/person\/image\/","url":"https:\/\/secure.gravatar.com\/avatar\/75c14bf3645779c6632cf8ba43a7dc0a35c55ddd31ef25cacf675d951cdd4015?s=96&d=mm&r=g","contentUrl":"https:\/\/secure.gravatar.com\/avatar\/75c14bf3645779c6632cf8ba43a7dc0a35c55ddd31ef25cacf675d951cdd4015?s=96&d=mm&r=g","caption":"Redazione AtmosferaMag"},"url":"https:\/\/www.atmosferamag.it\/it\/author\/4tm0sf3r4m4g\/"}]}},"_links":{"self":[{"href":"https:\/\/www.atmosferamag.it\/it\/wp-json\/wp\/v2\/posts\/41250","targetHints":{"allow":["GET"]}}],"collection":[{"href":"https:\/\/www.atmosferamag.it\/it\/wp-json\/wp\/v2\/posts"}],"about":[{"href":"https:\/\/www.atmosferamag.it\/it\/wp-json\/wp\/v2\/types\/post"}],"author":[{"embeddable":true,"href":"https:\/\/www.atmosferamag.it\/it\/wp-json\/wp\/v2\/users\/2"}],"replies":[{"embeddable":true,"href":"https:\/\/www.atmosferamag.it\/it\/wp-json\/wp\/v2\/comments?post=41250"}],"version-history":[{"count":11,"href":"https:\/\/www.atmosferamag.it\/it\/wp-json\/wp\/v2\/posts\/41250\/revisions"}],"predecessor-version":[{"id":41674,"href":"https:\/\/www.atmosferamag.it\/it\/wp-json\/wp\/v2\/posts\/41250\/revisions\/41674"}],"wp:featuredmedia":[{"embeddable":true,"href":"https:\/\/www.atmosferamag.it\/it\/wp-json\/wp\/v2\/media\/41262"}],"wp:attachment":[{"href":"https:\/\/www.atmosferamag.it\/it\/wp-json\/wp\/v2\/media?parent=41250"}],"wp:term":[{"taxonomy":"category","embeddable":true,"href":"https:\/\/www.atmosferamag.it\/it\/wp-json\/wp\/v2\/categories?post=41250"},{"taxonomy":"post_tag","embeddable":true,"href":"https:\/\/www.atmosferamag.it\/it\/wp-json\/wp\/v2\/tags?post=41250"}],"curies":[{"name":"wp","href":"https:\/\/api.w.org\/{rel}","templated":true}]}}