{"id":41228,"date":"2025-10-24T08:25:39","date_gmt":"2025-10-24T06:25:39","guid":{"rendered":"https:\/\/www.atmosferamag.it\/?p=41228"},"modified":"2025-10-24T08:25:58","modified_gmt":"2025-10-24T06:25:58","slug":"mercati-di-traiano-nuova-illuminazione-fori-imperiali","status":"publish","type":"post","link":"https:\/\/www.atmosferamag.it\/it\/mercati-di-traiano-nuova-illuminazione-fori-imperiali\/","title":{"rendered":"Nuova luce per l\u2019area archeologica dei Mercati di Traiano, nel pieno centro di Roma"},"content":{"rendered":"\t\t<div data-elementor-type=\"wp-post\" data-elementor-id=\"41228\" class=\"elementor elementor-41228 elementor-40932\" data-elementor-post-type=\"post\">\n\t\t\t\t\t\t<section class=\"elementor-section elementor-top-section elementor-element elementor-element-b08cc3b elementor-section-boxed elementor-section-height-default elementor-section-height-default\" data-id=\"b08cc3b\" data-element_type=\"section\" data-e-type=\"section\">\n\t\t\t\t\t\t<div class=\"elementor-container elementor-column-gap-default\">\n\t\t\t\t\t<div class=\"elementor-column elementor-col-100 elementor-top-column elementor-element elementor-element-99837cd\" data-id=\"99837cd\" data-element_type=\"column\" data-e-type=\"column\">\n\t\t\t<div class=\"elementor-widget-wrap elementor-element-populated\">\n\t\t\t\t\t\t<div class=\"elementor-element elementor-element-f92b665 elementor-widget elementor-widget-text-editor\" data-id=\"f92b665\" data-element_type=\"widget\" data-e-type=\"widget\" data-widget_type=\"text-editor.default\">\n\t\t\t\t<div class=\"elementor-widget-container\">\n\t\t\t\t\t\t\t\t\t<p style=\"font-weight: 400;\">Un anno di lavoro e studi preliminari hanno condotto, lo scorso giugno, all&#8217;inaugurazione della <strong>nuova illuminazione artistica dei <\/strong><span style=\"text-decoration: underline;\"><a href=\"https:\/\/www.mercatiditraiano.it\/\" target=\"_blank\" rel=\"noopener\"><strong>Mercati di Traiano<\/strong><\/a><\/span>. L&#8217;area archeologica alle pendici del Quirinale, nel pieno centro di Roma a pochi passi dal complesso monumentale dei Fori Imperiali, \u00e8 stata valorizzata con un lighting armonioso e puntuale, che risalta la bellezza del complesso in laterizio e ne riequilibra la presenza tra le altre emergenze storiche.<\/p>\t\t\t\t\t\t\t\t<\/div>\n\t\t\t\t<\/div>\n\t\t\t\t<div class=\"elementor-element elementor-element-1904e54 elementor-widget elementor-widget-image\" data-id=\"1904e54\" data-element_type=\"widget\" data-e-type=\"widget\" data-widget_type=\"image.default\">\n\t\t\t\t<div class=\"elementor-widget-container\">\n\t\t\t\t\t\t\t\t\t\t\t\t<figure class=\"wp-caption\">\n\t\t\t\t\t\t\t\t\t\t<img fetchpriority=\"high\" decoding=\"async\" width=\"800\" height=\"534\" src=\"https:\/\/www.atmosferamag.it\/wp-content\/uploads\/2025\/10\/Mercati-di-Traiano__SSA5787-1024x683.jpg\" class=\"attachment-large size-large wp-image-41202\" alt=\"\" srcset=\"https:\/\/www.atmosferamag.it\/wp-content\/uploads\/2025\/10\/Mercati-di-Traiano__SSA5787-1024x683.jpg 1024w, https:\/\/www.atmosferamag.it\/wp-content\/uploads\/2025\/10\/Mercati-di-Traiano__SSA5787-300x200.jpg 300w, https:\/\/www.atmosferamag.it\/wp-content\/uploads\/2025\/10\/Mercati-di-Traiano__SSA5787-768x512.jpg 768w, https:\/\/www.atmosferamag.it\/wp-content\/uploads\/2025\/10\/Mercati-di-Traiano__SSA5787-1536x1024.jpg 1536w, https:\/\/www.atmosferamag.it\/wp-content\/uploads\/2025\/10\/Mercati-di-Traiano__SSA5787-2048x1366.jpg 2048w\" sizes=\"(max-width: 800px) 100vw, 800px\" \/>\t\t\t\t\t\t\t\t\t\t\t<figcaption class=\"widget-image-caption wp-caption-text\"><\/figcaption>\n\t\t\t\t\t\t\t\t\t\t<\/figure>\n\t\t\t\t\t\t\t\t\t<\/div>\n\t\t\t\t<\/div>\n\t\t\t\t<div class=\"elementor-element elementor-element-30b8777 elementor-widget elementor-widget-text-editor\" data-id=\"30b8777\" data-element_type=\"widget\" data-e-type=\"widget\" data-widget_type=\"text-editor.default\">\n\t\t\t\t<div class=\"elementor-widget-container\">\n\t\t\t\t\t\t\t\t\t<p style=\"font-weight: 400;\"><strong>Il progetto \u00e8 stato realizzato da Areti<\/strong>, societ\u00e0 del Gruppo ACEA che si occupa dell\u2019illuminazione pubblica e artistica della Capitale, insieme ad un team costituito dal Dipartimento di Architettura Roma Tre e dal Master in Lighting Design della Sapienza Universit\u00e0 di Roma, in virt\u00f9 di una collaborazione avviata nel 2019 che ha visto il coinvolgimento di oltre 60 tra studenti ed ex studenti\u00a0dei\u00a0due\u00a0Atenei.<\/p>\t\t\t\t\t\t\t\t<\/div>\n\t\t\t\t<\/div>\n\t\t\t\t<div class=\"elementor-element elementor-element-f1b37f4 elementor-widget elementor-widget-image\" data-id=\"f1b37f4\" data-element_type=\"widget\" data-e-type=\"widget\" data-widget_type=\"image.default\">\n\t\t\t\t<div class=\"elementor-widget-container\">\n\t\t\t\t\t\t\t\t\t\t\t\t<figure class=\"wp-caption\">\n\t\t\t\t\t\t\t\t\t\t<img decoding=\"async\" width=\"800\" height=\"534\" src=\"https:\/\/www.atmosferamag.it\/wp-content\/uploads\/2025\/10\/Mercati-di-Traiano__SSA5803-1024x683.jpg\" class=\"attachment-large size-large wp-image-41207\" alt=\"\" srcset=\"https:\/\/www.atmosferamag.it\/wp-content\/uploads\/2025\/10\/Mercati-di-Traiano__SSA5803-1024x683.jpg 1024w, https:\/\/www.atmosferamag.it\/wp-content\/uploads\/2025\/10\/Mercati-di-Traiano__SSA5803-300x200.jpg 300w, https:\/\/www.atmosferamag.it\/wp-content\/uploads\/2025\/10\/Mercati-di-Traiano__SSA5803-768x512.jpg 768w, https:\/\/www.atmosferamag.it\/wp-content\/uploads\/2025\/10\/Mercati-di-Traiano__SSA5803-1536x1024.jpg 1536w, https:\/\/www.atmosferamag.it\/wp-content\/uploads\/2025\/10\/Mercati-di-Traiano__SSA5803-2048x1366.jpg 2048w\" sizes=\"(max-width: 800px) 100vw, 800px\" \/>\t\t\t\t\t\t\t\t\t\t\t<figcaption class=\"widget-image-caption wp-caption-text\"><\/figcaption>\n\t\t\t\t\t\t\t\t\t\t<\/figure>\n\t\t\t\t\t\t\t\t\t<\/div>\n\t\t\t\t<\/div>\n\t\t\t\t<div class=\"elementor-element elementor-element-edd4213 elementor-widget elementor-widget-text-editor\" data-id=\"edd4213\" data-element_type=\"widget\" data-e-type=\"widget\" data-widget_type=\"text-editor.default\">\n\t\t\t\t<div class=\"elementor-widget-container\">\n\t\t\t\t\t\t\t\t\t<h2 style=\"font-weight: 400;\">Due parametri: efficienza energetica e valorizzazione<\/h2>\n<p style=\"font-weight: 400;\">La riqualificazione illuminotecnica mira a sottolineare la bellezza del complesso monumentale dei Mercati di Traiano con un\u2019illuminazione scenografica e armoniosa. L\u2019intervento ha previsto sia l\u2019impiego di <strong>luci a proiezione sia di luci in semi-radenza<\/strong>, pensate per far risaltare l\u2019architettura e offrire una lettura unitaria e coerente del sito nel contesto urbano. Le dimensioni monumentali del sito implicano una molteplicit\u00e0 di punti di vista; tra tutti si \u00e8 scelto di privilegiare quello ad altezza uomo da Via dei Fori Imperiali, il pi\u00f9 frequentato e con la migliore visione d\u2019insieme del complesso.<\/p>\t\t\t\t\t\t\t\t<\/div>\n\t\t\t\t<\/div>\n\t\t\t\t<div class=\"elementor-element elementor-element-8c2e816 elementor-widget elementor-widget-image\" data-id=\"8c2e816\" data-element_type=\"widget\" data-e-type=\"widget\" data-widget_type=\"image.default\">\n\t\t\t\t<div class=\"elementor-widget-container\">\n\t\t\t\t\t\t\t\t\t\t\t\t<figure class=\"wp-caption\">\n\t\t\t\t\t\t\t\t\t\t<img decoding=\"async\" width=\"683\" height=\"1024\" src=\"https:\/\/www.atmosferamag.it\/wp-content\/uploads\/2025\/10\/Mercati-di-Traiano__SSA5817-683x1024.jpg\" class=\"attachment-large size-large wp-image-41209\" alt=\"\" srcset=\"https:\/\/www.atmosferamag.it\/wp-content\/uploads\/2025\/10\/Mercati-di-Traiano__SSA5817-683x1024.jpg 683w, https:\/\/www.atmosferamag.it\/wp-content\/uploads\/2025\/10\/Mercati-di-Traiano__SSA5817-200x300.jpg 200w, https:\/\/www.atmosferamag.it\/wp-content\/uploads\/2025\/10\/Mercati-di-Traiano__SSA5817-768x1152.jpg 768w, https:\/\/www.atmosferamag.it\/wp-content\/uploads\/2025\/10\/Mercati-di-Traiano__SSA5817-1024x1536.jpg 1024w, https:\/\/www.atmosferamag.it\/wp-content\/uploads\/2025\/10\/Mercati-di-Traiano__SSA5817-1366x2048.jpg 1366w, https:\/\/www.atmosferamag.it\/wp-content\/uploads\/2025\/10\/Mercati-di-Traiano__SSA5817-scaled.jpg 1707w\" sizes=\"(max-width: 683px) 100vw, 683px\" \/>\t\t\t\t\t\t\t\t\t\t\t<figcaption class=\"widget-image-caption wp-caption-text\"><\/figcaption>\n\t\t\t\t\t\t\t\t\t\t<\/figure>\n\t\t\t\t\t\t\t\t\t<\/div>\n\t\t\t\t<\/div>\n\t\t\t\t<div class=\"elementor-element elementor-element-8203779 elementor-widget elementor-widget-text-editor\" data-id=\"8203779\" data-element_type=\"widget\" data-e-type=\"widget\" data-widget_type=\"text-editor.default\">\n\t\t\t\t<div class=\"elementor-widget-container\">\n\t\t\t\t\t\t\t\t\t<p style=\"font-weight: 400;\">L&#8217;impianto \u00e8 stato completamente rimodulato, integrando anche alcune zone in precedenza scarsamente illuminate. I 107 apparecchi rimossi sono stati sostituiti con <strong>259 proiettori LED di ultima generazione<\/strong>, in ottica di <strong>risparmio energetico<\/strong>. Il nuovo impianto ha infatti una potenza totale di circa <strong>7,5 kW<\/strong>, rispetto ai 11,5 kW del precedente; un <strong>sistema di controllo intelligente<\/strong> permette di calibrare l\u2019intensit\u00e0 di ogni singolo punto luce, riducendo ulteriormente i consumi energetici.<\/p>\t\t\t\t\t\t\t\t<\/div>\n\t\t\t\t<\/div>\n\t\t\t\t<div class=\"elementor-element elementor-element-e6be83a elementor-widget elementor-widget-image\" data-id=\"e6be83a\" data-element_type=\"widget\" data-e-type=\"widget\" data-widget_type=\"image.default\">\n\t\t\t\t<div class=\"elementor-widget-container\">\n\t\t\t\t\t\t\t\t\t\t\t\t<figure class=\"wp-caption\">\n\t\t\t\t\t\t\t\t\t\t<img loading=\"lazy\" decoding=\"async\" width=\"800\" height=\"534\" src=\"https:\/\/www.atmosferamag.it\/wp-content\/uploads\/2025\/10\/Mercati-di-Traiano__SSA5831-1024x683.jpg\" class=\"attachment-large size-large wp-image-41217\" alt=\"\" srcset=\"https:\/\/www.atmosferamag.it\/wp-content\/uploads\/2025\/10\/Mercati-di-Traiano__SSA5831-1024x683.jpg 1024w, https:\/\/www.atmosferamag.it\/wp-content\/uploads\/2025\/10\/Mercati-di-Traiano__SSA5831-300x200.jpg 300w, https:\/\/www.atmosferamag.it\/wp-content\/uploads\/2025\/10\/Mercati-di-Traiano__SSA5831-768x512.jpg 768w, https:\/\/www.atmosferamag.it\/wp-content\/uploads\/2025\/10\/Mercati-di-Traiano__SSA5831-1536x1024.jpg 1536w, https:\/\/www.atmosferamag.it\/wp-content\/uploads\/2025\/10\/Mercati-di-Traiano__SSA5831-2048x1366.jpg 2048w\" sizes=\"(max-width: 800px) 100vw, 800px\" \/>\t\t\t\t\t\t\t\t\t\t\t<figcaption class=\"widget-image-caption wp-caption-text\"><\/figcaption>\n\t\t\t\t\t\t\t\t\t\t<\/figure>\n\t\t\t\t\t\t\t\t\t<\/div>\n\t\t\t\t<\/div>\n\t\t\t\t<div class=\"elementor-element elementor-element-db37f07 elementor-widget elementor-widget-text-editor\" data-id=\"db37f07\" data-element_type=\"widget\" data-e-type=\"widget\" data-widget_type=\"text-editor.default\">\n\t\t\t\t<div class=\"elementor-widget-container\">\n\t\t\t\t\t\t\t\t\t<h2 style=\"font-weight: 400;\">Tecnologia e scelte progettuali nella nuova illuminazione<\/h2>\n<p style=\"font-weight: 400;\">Gli apparecchi hanno tutti una temperatura di colore calda di 2700 Kelvin per dare continuit\u00e0 all\u2019illuminazione gi\u00e0 presente sui monumenti in <em>opus latericium<\/em>, creando un\u2019atmosfera accogliente e rispettosa dell\u2019estetica storica. sono state adottate soluzioni innovative, come un\u2019<strong>illuminazione a proiezione per le mura esterne<\/strong>, che garantisce una luce morbida e uniforme sui diversi livelli, creando una lettura d\u2019insieme del monumento come quinta urbana.<strong> La torre delle Milizie, le nicchie e l\u2019ambulacro interno sono stati invece sottolineati con un\u2019illuminazione in semi-radenza<\/strong>.<\/p>\t\t\t\t\t\t\t\t<\/div>\n\t\t\t\t<\/div>\n\t\t\t\t<div class=\"elementor-element elementor-element-d06315c elementor-widget elementor-widget-image\" data-id=\"d06315c\" data-element_type=\"widget\" data-e-type=\"widget\" data-widget_type=\"image.default\">\n\t\t\t\t<div class=\"elementor-widget-container\">\n\t\t\t\t\t\t\t\t\t\t\t\t<figure class=\"wp-caption\">\n\t\t\t\t\t\t\t\t\t\t<img loading=\"lazy\" decoding=\"async\" width=\"683\" height=\"1024\" src=\"https:\/\/www.atmosferamag.it\/wp-content\/uploads\/2025\/10\/Mercati-di-Traiano__SSA5873-683x1024.jpg\" class=\"attachment-large size-large wp-image-41222\" alt=\"\" srcset=\"https:\/\/www.atmosferamag.it\/wp-content\/uploads\/2025\/10\/Mercati-di-Traiano__SSA5873-683x1024.jpg 683w, https:\/\/www.atmosferamag.it\/wp-content\/uploads\/2025\/10\/Mercati-di-Traiano__SSA5873-200x300.jpg 200w, https:\/\/www.atmosferamag.it\/wp-content\/uploads\/2025\/10\/Mercati-di-Traiano__SSA5873-768x1152.jpg 768w, https:\/\/www.atmosferamag.it\/wp-content\/uploads\/2025\/10\/Mercati-di-Traiano__SSA5873-1024x1536.jpg 1024w, https:\/\/www.atmosferamag.it\/wp-content\/uploads\/2025\/10\/Mercati-di-Traiano__SSA5873-1366x2048.jpg 1366w, https:\/\/www.atmosferamag.it\/wp-content\/uploads\/2025\/10\/Mercati-di-Traiano__SSA5873-scaled.jpg 1707w\" sizes=\"(max-width: 683px) 100vw, 683px\" \/>\t\t\t\t\t\t\t\t\t\t\t<figcaption class=\"widget-image-caption wp-caption-text\"><\/figcaption>\n\t\t\t\t\t\t\t\t\t\t<\/figure>\n\t\t\t\t\t\t\t\t\t<\/div>\n\t\t\t\t<\/div>\n\t\t\t\t<div class=\"elementor-element elementor-element-54af082 elementor-widget elementor-widget-text-editor\" data-id=\"54af082\" data-element_type=\"widget\" data-e-type=\"widget\" data-widget_type=\"text-editor.default\">\n\t\t\t\t<div class=\"elementor-widget-container\">\n\t\t\t\t\t\t\t\t\t<p style=\"font-weight: 400;\">Alla presentazione della nuova illuminazione dei Mercati di Traiano, Barbara Marinali, Presidente di Acea, ha dichiarato: \u00ab\u00c8 un privilegio poterci occupare di un patrimonio unico al mondo e, nel farlo, prestare una cura particolare al progetto e al modo in cui le architetture di luce possono ridisegnare questi luoghi, optando per l\u2019utilizzo di tecnologie di ultima generazione con alta resa cromatica che permettono di esaltare l\u2019architettura nei singoli dettagli e di renderla fruibile, anche di notte, agli occhi del mondo\u00bb.<\/p>\t\t\t\t\t\t\t\t<\/div>\n\t\t\t\t<\/div>\n\t\t\t\t<div class=\"elementor-element elementor-element-7ed5cfb elementor-widget elementor-widget-image\" data-id=\"7ed5cfb\" data-element_type=\"widget\" data-e-type=\"widget\" data-widget_type=\"image.default\">\n\t\t\t\t<div class=\"elementor-widget-container\">\n\t\t\t\t\t\t\t\t\t\t\t\t<figure class=\"wp-caption\">\n\t\t\t\t\t\t\t\t\t\t<img loading=\"lazy\" decoding=\"async\" width=\"800\" height=\"534\" src=\"https:\/\/www.atmosferamag.it\/wp-content\/uploads\/2025\/10\/Mercati-di-Traiano_MA_9393-1024x683.jpg\" class=\"attachment-large size-large wp-image-41224\" alt=\"\" srcset=\"https:\/\/www.atmosferamag.it\/wp-content\/uploads\/2025\/10\/Mercati-di-Traiano_MA_9393-1024x683.jpg 1024w, https:\/\/www.atmosferamag.it\/wp-content\/uploads\/2025\/10\/Mercati-di-Traiano_MA_9393-300x200.jpg 300w, https:\/\/www.atmosferamag.it\/wp-content\/uploads\/2025\/10\/Mercati-di-Traiano_MA_9393-768x512.jpg 768w, https:\/\/www.atmosferamag.it\/wp-content\/uploads\/2025\/10\/Mercati-di-Traiano_MA_9393-1536x1024.jpg 1536w, https:\/\/www.atmosferamag.it\/wp-content\/uploads\/2025\/10\/Mercati-di-Traiano_MA_9393-2048x1366.jpg 2048w\" sizes=\"(max-width: 800px) 100vw, 800px\" \/>\t\t\t\t\t\t\t\t\t\t\t<figcaption class=\"widget-image-caption wp-caption-text\"><\/figcaption>\n\t\t\t\t\t\t\t\t\t\t<\/figure>\n\t\t\t\t\t\t\t\t\t<\/div>\n\t\t\t\t<\/div>\n\t\t\t\t<div class=\"elementor-element elementor-element-36621cf elementor-widget elementor-widget-text-editor\" data-id=\"36621cf\" data-element_type=\"widget\" data-e-type=\"widget\" data-widget_type=\"text-editor.default\">\n\t\t\t\t<div class=\"elementor-widget-container\">\n\t\t\t\t\t\t\t\t\t<p style=\"font-weight: 400;\"><strong>CREDITI DI PROGETTO<\/strong><\/p><p style=\"font-weight: 400;\"><strong>Team Areti:<br \/><\/strong>Viviana D\u2019agostini \u2013 responsabile Illuminazione Pubblica<br \/>Cristina scudetti \u2013 responsabile Progettazione<br \/>Bruno Lalli \u2013 responsabile illuminazione artistica<br \/>Pietro Aglieri \u2013 responsabile Lavori<br \/>Luigi Agostini \u2013 Direttore Operativo<\/p><p style=\"font-weight: 400;\"><strong>Team Universita\u2019 Roma Tre\u00a0&#8211;\u00a0Sapienza:<br \/><\/strong>Responsabile di progetto e coordinatore scientifico: Marco Frascarolo<br \/>Coordinamento operativo: Maria Elena Cannata<br \/>Progettisti: Maria Fernanda Pellecer, Matteo Mucciante, Francesca Duca<\/p>\t\t\t\t\t\t\t\t<\/div>\n\t\t\t\t<\/div>\n\t\t\t\t\t<\/div>\n\t\t<\/div>\n\t\t\t\t\t<\/div>\n\t\t<\/section>\n\t\t\t\t<section class=\"elementor-section elementor-top-section elementor-element elementor-element-75508ec elementor-section-boxed elementor-section-height-default elementor-section-height-default\" data-id=\"75508ec\" data-element_type=\"section\" data-e-type=\"section\">\n\t\t\t\t\t\t<div class=\"elementor-container elementor-column-gap-default\">\n\t\t\t\t\t<div class=\"elementor-column elementor-col-100 elementor-top-column elementor-element elementor-element-803fc91\" data-id=\"803fc91\" data-element_type=\"column\" data-e-type=\"column\">\n\t\t\t<div class=\"elementor-widget-wrap\">\n\t\t\t\t\t\t\t<\/div>\n\t\t<\/div>\n\t\t\t\t\t<\/div>\n\t\t<\/section>\n\t\t\t\t<\/div>\n\t\t","protected":false},"excerpt":{"rendered":"<p>L&#8217;intervento di Areti con il coordinamento scientifico di Marco Frascarolo riduce i consumi e valorizza l&#8217;area archeologica nel cuore della Capitale.<\/p>\n","protected":false},"author":8,"featured_media":41197,"comment_status":"closed","ping_status":"closed","sticky":false,"template":"","format":"standard","meta":{"footnotes":""},"categories":[41],"tags":[],"class_list":["post-41228","post","type-post","status-publish","format-standard","has-post-thumbnail","hentry","category-spaces"],"yoast_head":"<!-- This site is optimized with the Yoast SEO plugin v26.0 - https:\/\/yoast.com\/wordpress\/plugins\/seo\/ -->\n<title>La nuova illuminazione dei Mercati di Traiano | Atmosfera Mag<\/title>\n<meta name=\"description\" content=\"Scopri come la luce definisce e valorizza i Mercati di Traiano, nel cuore di Roma. Un intervento di ammodernamento a pi\u00f9 mani fa risplendere gli antichi laterizi.\" \/>\n<meta name=\"robots\" content=\"index, follow, max-snippet:-1, max-image-preview:large, max-video-preview:-1\" \/>\n<link rel=\"canonical\" href=\"https:\/\/www.atmosferamag.it\/it\/mercati-di-traiano-nuova-illuminazione-fori-imperiali\/\" \/>\n<meta property=\"og:locale\" content=\"it_IT\" \/>\n<meta property=\"og:type\" content=\"article\" \/>\n<meta property=\"og:title\" content=\"La nuova illuminazione dei Mercati di Traiano | Atmosfera Mag\" \/>\n<meta property=\"og:description\" content=\"Scopri come la luce definisce e valorizza i Mercati di Traiano, nel cuore di Roma. Un intervento di ammodernamento a pi\u00f9 mani fa risplendere gli antichi laterizi.\" \/>\n<meta property=\"og:url\" content=\"https:\/\/www.atmosferamag.it\/it\/mercati-di-traiano-nuova-illuminazione-fori-imperiali\/\" \/>\n<meta property=\"og:site_name\" content=\"Atmosfera Mag\" \/>\n<meta property=\"article:publisher\" content=\"https:\/\/www.facebook.com\/people\/Atmosfera-Mag\/100086538670476\/\" \/>\n<meta property=\"article:published_time\" content=\"2025-10-24T06:25:39+00:00\" \/>\n<meta property=\"article:modified_time\" content=\"2025-10-24T06:25:58+00:00\" \/>\n<meta property=\"og:image\" content=\"https:\/\/www.atmosferamag.it\/wp-content\/uploads\/2025\/10\/Mercati-di-Traiano__SSA5752-scaled.jpg\" \/>\n\t<meta property=\"og:image:width\" content=\"2560\" \/>\n\t<meta property=\"og:image:height\" content=\"1707\" \/>\n\t<meta property=\"og:image:type\" content=\"image\/jpeg\" \/>\n<meta name=\"author\" content=\"Francesca Tagliabue\" \/>\n<meta name=\"twitter:card\" content=\"summary_large_image\" \/>\n<meta name=\"twitter:label1\" content=\"Scritto da\" \/>\n\t<meta name=\"twitter:data1\" content=\"Francesca Tagliabue\" \/>\n\t<meta name=\"twitter:label2\" content=\"Tempo di lettura stimato\" \/>\n\t<meta name=\"twitter:data2\" content=\"4 minuti\" \/>\n<script type=\"application\/ld+json\" class=\"yoast-schema-graph\">{\"@context\":\"https:\/\/schema.org\",\"@graph\":[{\"@type\":\"Article\",\"@id\":\"https:\/\/www.atmosferamag.it\/it\/mercati-di-traiano-nuova-illuminazione-fori-imperiali\/#article\",\"isPartOf\":{\"@id\":\"https:\/\/www.atmosferamag.it\/it\/mercati-di-traiano-nuova-illuminazione-fori-imperiali\/\"},\"author\":{\"name\":\"Francesca Tagliabue\",\"@id\":\"https:\/\/www.atmosferamag.it\/it\/#\/schema\/person\/e94f8c49f46f6497fd88caef7bb88408\"},\"headline\":\"Nuova luce per l\u2019area archeologica dei Mercati di Traiano, nel pieno centro di Roma\",\"datePublished\":\"2025-10-24T06:25:39+00:00\",\"dateModified\":\"2025-10-24T06:25:58+00:00\",\"mainEntityOfPage\":{\"@id\":\"https:\/\/www.atmosferamag.it\/it\/mercati-di-traiano-nuova-illuminazione-fori-imperiali\/\"},\"wordCount\":536,\"publisher\":{\"@id\":\"https:\/\/www.atmosferamag.it\/it\/#organization\"},\"image\":{\"@id\":\"https:\/\/www.atmosferamag.it\/it\/mercati-di-traiano-nuova-illuminazione-fori-imperiali\/#primaryimage\"},\"thumbnailUrl\":\"https:\/\/www.atmosferamag.it\/wp-content\/uploads\/2025\/10\/Mercati-di-Traiano__SSA5752-scaled.jpg\",\"articleSection\":[\"Spaces\"],\"inLanguage\":\"it-IT\"},{\"@type\":\"WebPage\",\"@id\":\"https:\/\/www.atmosferamag.it\/it\/mercati-di-traiano-nuova-illuminazione-fori-imperiali\/\",\"url\":\"https:\/\/www.atmosferamag.it\/it\/mercati-di-traiano-nuova-illuminazione-fori-imperiali\/\",\"name\":\"La nuova illuminazione dei Mercati di Traiano | Atmosfera Mag\",\"isPartOf\":{\"@id\":\"https:\/\/www.atmosferamag.it\/it\/#website\"},\"primaryImageOfPage\":{\"@id\":\"https:\/\/www.atmosferamag.it\/it\/mercati-di-traiano-nuova-illuminazione-fori-imperiali\/#primaryimage\"},\"image\":{\"@id\":\"https:\/\/www.atmosferamag.it\/it\/mercati-di-traiano-nuova-illuminazione-fori-imperiali\/#primaryimage\"},\"thumbnailUrl\":\"https:\/\/www.atmosferamag.it\/wp-content\/uploads\/2025\/10\/Mercati-di-Traiano__SSA5752-scaled.jpg\",\"datePublished\":\"2025-10-24T06:25:39+00:00\",\"dateModified\":\"2025-10-24T06:25:58+00:00\",\"description\":\"Scopri come la luce definisce e valorizza i Mercati di Traiano, nel cuore di Roma. Un intervento di ammodernamento a pi\u00f9 mani fa risplendere gli antichi laterizi.\",\"breadcrumb\":{\"@id\":\"https:\/\/www.atmosferamag.it\/it\/mercati-di-traiano-nuova-illuminazione-fori-imperiali\/#breadcrumb\"},\"inLanguage\":\"it-IT\",\"potentialAction\":[{\"@type\":\"ReadAction\",\"target\":[\"https:\/\/www.atmosferamag.it\/it\/mercati-di-traiano-nuova-illuminazione-fori-imperiali\/\"]}]},{\"@type\":\"ImageObject\",\"inLanguage\":\"it-IT\",\"@id\":\"https:\/\/www.atmosferamag.it\/it\/mercati-di-traiano-nuova-illuminazione-fori-imperiali\/#primaryimage\",\"url\":\"https:\/\/www.atmosferamag.it\/wp-content\/uploads\/2025\/10\/Mercati-di-Traiano__SSA5752-scaled.jpg\",\"contentUrl\":\"https:\/\/www.atmosferamag.it\/wp-content\/uploads\/2025\/10\/Mercati-di-Traiano__SSA5752-scaled.jpg\",\"width\":2560,\"height\":1707},{\"@type\":\"BreadcrumbList\",\"@id\":\"https:\/\/www.atmosferamag.it\/it\/mercati-di-traiano-nuova-illuminazione-fori-imperiali\/#breadcrumb\",\"itemListElement\":[{\"@type\":\"ListItem\",\"position\":1,\"name\":\"Home\",\"item\":\"https:\/\/www.atmosferamag.it\/it\/\"},{\"@type\":\"ListItem\",\"position\":2,\"name\":\"Nuova luce per l\u2019area archeologica dei Mercati di Traiano, nel pieno centro di Roma\"}]},{\"@type\":\"WebSite\",\"@id\":\"https:\/\/www.atmosferamag.it\/it\/#website\",\"url\":\"https:\/\/www.atmosferamag.it\/it\/\",\"name\":\"Atmosfera Mag\",\"description\":\"La luce in tutte le sue forme\",\"publisher\":{\"@id\":\"https:\/\/www.atmosferamag.it\/it\/#organization\"},\"potentialAction\":[{\"@type\":\"SearchAction\",\"target\":{\"@type\":\"EntryPoint\",\"urlTemplate\":\"https:\/\/www.atmosferamag.it\/it\/?s={search_term_string}\"},\"query-input\":{\"@type\":\"PropertyValueSpecification\",\"valueRequired\":true,\"valueName\":\"search_term_string\"}}],\"inLanguage\":\"it-IT\"},{\"@type\":\"Organization\",\"@id\":\"https:\/\/www.atmosferamag.it\/it\/#organization\",\"name\":\"Atmosfera Mag\",\"url\":\"https:\/\/www.atmosferamag.it\/it\/\",\"logo\":{\"@type\":\"ImageObject\",\"inLanguage\":\"it-IT\",\"@id\":\"https:\/\/www.atmosferamag.it\/it\/#\/schema\/logo\/image\/\",\"url\":\"https:\/\/www.atmosferamag.it\/wp-content\/uploads\/2022\/09\/titolo.png\",\"contentUrl\":\"https:\/\/www.atmosferamag.it\/wp-content\/uploads\/2022\/09\/titolo.png\",\"width\":2728,\"height\":406,\"caption\":\"Atmosfera Mag\"},\"image\":{\"@id\":\"https:\/\/www.atmosferamag.it\/it\/#\/schema\/logo\/image\/\"},\"sameAs\":[\"https:\/\/www.facebook.com\/people\/Atmosfera-Mag\/100086538670476\/\",\"https:\/\/www.instagram.com\/atmosferamag\/\",\"https:\/\/www.pinterest.it\/atmosfera_mag\/\"]},{\"@type\":\"Person\",\"@id\":\"https:\/\/www.atmosferamag.it\/it\/#\/schema\/person\/e94f8c49f46f6497fd88caef7bb88408\",\"name\":\"Francesca Tagliabue\",\"image\":{\"@type\":\"ImageObject\",\"inLanguage\":\"it-IT\",\"@id\":\"https:\/\/www.atmosferamag.it\/it\/#\/schema\/person\/image\/\",\"url\":\"https:\/\/secure.gravatar.com\/avatar\/cc6f1d40096ee5dd7102d500a12269d3815701fb844aa918834b119c4244a97f?s=96&d=mm&r=g\",\"contentUrl\":\"https:\/\/secure.gravatar.com\/avatar\/cc6f1d40096ee5dd7102d500a12269d3815701fb844aa918834b119c4244a97f?s=96&d=mm&r=g\",\"caption\":\"Francesca Tagliabue\"},\"url\":\"https:\/\/www.atmosferamag.it\/it\/author\/francesca-tagliabue\/\"}]}<\/script>\n<!-- \/ Yoast SEO plugin. -->","yoast_head_json":{"title":"La nuova illuminazione dei Mercati di Traiano | Atmosfera Mag","description":"Scopri come la luce definisce e valorizza i Mercati di Traiano, nel cuore di Roma. Un intervento di ammodernamento a pi\u00f9 mani fa risplendere gli antichi laterizi.","robots":{"index":"index","follow":"follow","max-snippet":"max-snippet:-1","max-image-preview":"max-image-preview:large","max-video-preview":"max-video-preview:-1"},"canonical":"https:\/\/www.atmosferamag.it\/it\/mercati-di-traiano-nuova-illuminazione-fori-imperiali\/","og_locale":"it_IT","og_type":"article","og_title":"La nuova illuminazione dei Mercati di Traiano | Atmosfera Mag","og_description":"Scopri come la luce definisce e valorizza i Mercati di Traiano, nel cuore di Roma. Un intervento di ammodernamento a pi\u00f9 mani fa risplendere gli antichi laterizi.","og_url":"https:\/\/www.atmosferamag.it\/it\/mercati-di-traiano-nuova-illuminazione-fori-imperiali\/","og_site_name":"Atmosfera Mag","article_publisher":"https:\/\/www.facebook.com\/people\/Atmosfera-Mag\/100086538670476\/","article_published_time":"2025-10-24T06:25:39+00:00","article_modified_time":"2025-10-24T06:25:58+00:00","og_image":[{"width":2560,"height":1707,"url":"https:\/\/www.atmosferamag.it\/wp-content\/uploads\/2025\/10\/Mercati-di-Traiano__SSA5752-scaled.jpg","type":"image\/jpeg"}],"author":"Francesca Tagliabue","twitter_card":"summary_large_image","twitter_misc":{"Scritto da":"Francesca Tagliabue","Tempo di lettura stimato":"4 minuti"},"schema":{"@context":"https:\/\/schema.org","@graph":[{"@type":"Article","@id":"https:\/\/www.atmosferamag.it\/it\/mercati-di-traiano-nuova-illuminazione-fori-imperiali\/#article","isPartOf":{"@id":"https:\/\/www.atmosferamag.it\/it\/mercati-di-traiano-nuova-illuminazione-fori-imperiali\/"},"author":{"name":"Francesca Tagliabue","@id":"https:\/\/www.atmosferamag.it\/it\/#\/schema\/person\/e94f8c49f46f6497fd88caef7bb88408"},"headline":"Nuova luce per l\u2019area archeologica dei Mercati di Traiano, nel pieno centro di Roma","datePublished":"2025-10-24T06:25:39+00:00","dateModified":"2025-10-24T06:25:58+00:00","mainEntityOfPage":{"@id":"https:\/\/www.atmosferamag.it\/it\/mercati-di-traiano-nuova-illuminazione-fori-imperiali\/"},"wordCount":536,"publisher":{"@id":"https:\/\/www.atmosferamag.it\/it\/#organization"},"image":{"@id":"https:\/\/www.atmosferamag.it\/it\/mercati-di-traiano-nuova-illuminazione-fori-imperiali\/#primaryimage"},"thumbnailUrl":"https:\/\/www.atmosferamag.it\/wp-content\/uploads\/2025\/10\/Mercati-di-Traiano__SSA5752-scaled.jpg","articleSection":["Spaces"],"inLanguage":"it-IT"},{"@type":"WebPage","@id":"https:\/\/www.atmosferamag.it\/it\/mercati-di-traiano-nuova-illuminazione-fori-imperiali\/","url":"https:\/\/www.atmosferamag.it\/it\/mercati-di-traiano-nuova-illuminazione-fori-imperiali\/","name":"La nuova illuminazione dei Mercati di Traiano | Atmosfera Mag","isPartOf":{"@id":"https:\/\/www.atmosferamag.it\/it\/#website"},"primaryImageOfPage":{"@id":"https:\/\/www.atmosferamag.it\/it\/mercati-di-traiano-nuova-illuminazione-fori-imperiali\/#primaryimage"},"image":{"@id":"https:\/\/www.atmosferamag.it\/it\/mercati-di-traiano-nuova-illuminazione-fori-imperiali\/#primaryimage"},"thumbnailUrl":"https:\/\/www.atmosferamag.it\/wp-content\/uploads\/2025\/10\/Mercati-di-Traiano__SSA5752-scaled.jpg","datePublished":"2025-10-24T06:25:39+00:00","dateModified":"2025-10-24T06:25:58+00:00","description":"Scopri come la luce definisce e valorizza i Mercati di Traiano, nel cuore di Roma. Un intervento di ammodernamento a pi\u00f9 mani fa risplendere gli antichi laterizi.","breadcrumb":{"@id":"https:\/\/www.atmosferamag.it\/it\/mercati-di-traiano-nuova-illuminazione-fori-imperiali\/#breadcrumb"},"inLanguage":"it-IT","potentialAction":[{"@type":"ReadAction","target":["https:\/\/www.atmosferamag.it\/it\/mercati-di-traiano-nuova-illuminazione-fori-imperiali\/"]}]},{"@type":"ImageObject","inLanguage":"it-IT","@id":"https:\/\/www.atmosferamag.it\/it\/mercati-di-traiano-nuova-illuminazione-fori-imperiali\/#primaryimage","url":"https:\/\/www.atmosferamag.it\/wp-content\/uploads\/2025\/10\/Mercati-di-Traiano__SSA5752-scaled.jpg","contentUrl":"https:\/\/www.atmosferamag.it\/wp-content\/uploads\/2025\/10\/Mercati-di-Traiano__SSA5752-scaled.jpg","width":2560,"height":1707},{"@type":"BreadcrumbList","@id":"https:\/\/www.atmosferamag.it\/it\/mercati-di-traiano-nuova-illuminazione-fori-imperiali\/#breadcrumb","itemListElement":[{"@type":"ListItem","position":1,"name":"Home","item":"https:\/\/www.atmosferamag.it\/it\/"},{"@type":"ListItem","position":2,"name":"Nuova luce per l\u2019area archeologica dei Mercati di Traiano, nel pieno centro di Roma"}]},{"@type":"WebSite","@id":"https:\/\/www.atmosferamag.it\/it\/#website","url":"https:\/\/www.atmosferamag.it\/it\/","name":"Atmosfera Mag","description":"La luce in tutte le sue forme","publisher":{"@id":"https:\/\/www.atmosferamag.it\/it\/#organization"},"potentialAction":[{"@type":"SearchAction","target":{"@type":"EntryPoint","urlTemplate":"https:\/\/www.atmosferamag.it\/it\/?s={search_term_string}"},"query-input":{"@type":"PropertyValueSpecification","valueRequired":true,"valueName":"search_term_string"}}],"inLanguage":"it-IT"},{"@type":"Organization","@id":"https:\/\/www.atmosferamag.it\/it\/#organization","name":"Atmosfera Mag","url":"https:\/\/www.atmosferamag.it\/it\/","logo":{"@type":"ImageObject","inLanguage":"it-IT","@id":"https:\/\/www.atmosferamag.it\/it\/#\/schema\/logo\/image\/","url":"https:\/\/www.atmosferamag.it\/wp-content\/uploads\/2022\/09\/titolo.png","contentUrl":"https:\/\/www.atmosferamag.it\/wp-content\/uploads\/2022\/09\/titolo.png","width":2728,"height":406,"caption":"Atmosfera Mag"},"image":{"@id":"https:\/\/www.atmosferamag.it\/it\/#\/schema\/logo\/image\/"},"sameAs":["https:\/\/www.facebook.com\/people\/Atmosfera-Mag\/100086538670476\/","https:\/\/www.instagram.com\/atmosferamag\/","https:\/\/www.pinterest.it\/atmosfera_mag\/"]},{"@type":"Person","@id":"https:\/\/www.atmosferamag.it\/it\/#\/schema\/person\/e94f8c49f46f6497fd88caef7bb88408","name":"Francesca Tagliabue","image":{"@type":"ImageObject","inLanguage":"it-IT","@id":"https:\/\/www.atmosferamag.it\/it\/#\/schema\/person\/image\/","url":"https:\/\/secure.gravatar.com\/avatar\/cc6f1d40096ee5dd7102d500a12269d3815701fb844aa918834b119c4244a97f?s=96&d=mm&r=g","contentUrl":"https:\/\/secure.gravatar.com\/avatar\/cc6f1d40096ee5dd7102d500a12269d3815701fb844aa918834b119c4244a97f?s=96&d=mm&r=g","caption":"Francesca Tagliabue"},"url":"https:\/\/www.atmosferamag.it\/it\/author\/francesca-tagliabue\/"}]}},"_links":{"self":[{"href":"https:\/\/www.atmosferamag.it\/it\/wp-json\/wp\/v2\/posts\/41228","targetHints":{"allow":["GET"]}}],"collection":[{"href":"https:\/\/www.atmosferamag.it\/it\/wp-json\/wp\/v2\/posts"}],"about":[{"href":"https:\/\/www.atmosferamag.it\/it\/wp-json\/wp\/v2\/types\/post"}],"author":[{"embeddable":true,"href":"https:\/\/www.atmosferamag.it\/it\/wp-json\/wp\/v2\/users\/8"}],"replies":[{"embeddable":true,"href":"https:\/\/www.atmosferamag.it\/it\/wp-json\/wp\/v2\/comments?post=41228"}],"version-history":[{"count":10,"href":"https:\/\/www.atmosferamag.it\/it\/wp-json\/wp\/v2\/posts\/41228\/revisions"}],"predecessor-version":[{"id":41287,"href":"https:\/\/www.atmosferamag.it\/it\/wp-json\/wp\/v2\/posts\/41228\/revisions\/41287"}],"wp:featuredmedia":[{"embeddable":true,"href":"https:\/\/www.atmosferamag.it\/it\/wp-json\/wp\/v2\/media\/41197"}],"wp:attachment":[{"href":"https:\/\/www.atmosferamag.it\/it\/wp-json\/wp\/v2\/media?parent=41228"}],"wp:term":[{"taxonomy":"category","embeddable":true,"href":"https:\/\/www.atmosferamag.it\/it\/wp-json\/wp\/v2\/categories?post=41228"},{"taxonomy":"post_tag","embeddable":true,"href":"https:\/\/www.atmosferamag.it\/it\/wp-json\/wp\/v2\/tags?post=41228"}],"curies":[{"name":"wp","href":"https:\/\/api.w.org\/{rel}","templated":true}]}}