{"id":41180,"date":"2025-10-03T16:37:22","date_gmt":"2025-10-03T14:37:22","guid":{"rendered":"https:\/\/www.atmosferamag.it\/?p=41180"},"modified":"2025-10-23T16:11:21","modified_gmt":"2025-10-23T14:11:21","slug":"intervista-christopher-bauder-installazioni-luminose","status":"publish","type":"post","link":"https:\/\/www.atmosferamag.it\/it\/intervista-christopher-bauder-installazioni-luminose\/","title":{"rendered":"Intervista a Christopher Bauder: la luce come esperienza immersiva"},"content":{"rendered":"\t\t<div data-elementor-type=\"wp-post\" data-elementor-id=\"41180\" class=\"elementor elementor-41180 elementor-40938\" data-elementor-post-type=\"post\">\n\t\t\t\t\t\t<section class=\"elementor-section elementor-top-section elementor-element elementor-element-b08cc3b elementor-section-boxed elementor-section-height-default elementor-section-height-default\" data-id=\"b08cc3b\" data-element_type=\"section\" data-e-type=\"section\">\n\t\t\t\t\t\t<div class=\"elementor-container elementor-column-gap-default\">\n\t\t\t\t\t<div class=\"elementor-column elementor-col-100 elementor-top-column elementor-element elementor-element-99837cd\" data-id=\"99837cd\" data-element_type=\"column\" data-e-type=\"column\">\n\t\t\t<div class=\"elementor-widget-wrap elementor-element-populated\">\n\t\t\t\t\t\t<div class=\"elementor-element elementor-element-c04fe0c elementor-widget elementor-widget-text-editor\" data-id=\"c04fe0c\" data-element_type=\"widget\" data-e-type=\"widget\" data-widget_type=\"text-editor.default\">\n\t\t\t\t<div class=\"elementor-widget-container\">\n\t\t\t\t\t\t\t\t\t<h6 style=\"font-weight: 400;\">Foto Olivier Rimbon Foeller<\/h6>\t\t\t\t\t\t\t\t<\/div>\n\t\t\t\t<\/div>\n\t\t\t\t<div class=\"elementor-element elementor-element-b20ea08 elementor-widget elementor-widget-text-editor\" data-id=\"b20ea08\" data-element_type=\"widget\" data-e-type=\"widget\" data-widget_type=\"text-editor.default\">\n\t\t\t\t<div class=\"elementor-widget-container\">\n\t\t\t\t\t\t\t\t\t<p style=\"font-weight: 400;\">Ci sono artisti che dipingono con pennelli, altri con la luce e <span style=\"text-decoration: underline;\"><a href=\"https:\/\/www.christopherbauder.com\/\" target=\"_blank\" rel=\"noopener\">Christopher Bauder<\/a><\/span>\u00a0 appartiene senza dubbio alla seconda categoria. Fondatore dello studio interdisciplinare <span style=\"text-decoration: underline;\"><a href=\"https:\/\/www.whitevoid.com\/\" target=\"_blank\" rel=\"noopener\">WHITEvoid<\/a><\/span>, creatore dell\u2019ecosistema tecnologico <span style=\"text-decoration: underline;\"><a href=\"https:\/\/www.kinetic-lights.com\/\" target=\"_blank\" rel=\"noopener\">KINETIC LIGHTS<\/a><\/span> e <strong>ideatore di <\/strong><a href=\"https:\/\/www.darkmatter.berlin\/\" target=\"_blank\" rel=\"noopener\"><strong><span style=\"text-decoration: underline;\">Dark Matter<\/span><\/strong><\/a><strong>, il museo permanente dedicato alla light e media art, nascosto tra gli spazi industriali di Lichtenberg, a Berlino<\/strong>, Bauder ha trasformato il concetto stesso di installazione. In questa intervista ci guida all\u2019interno del suo universo creativo, dove un <span style=\"text-decoration: underline;\"><a href=\"https:\/\/www.atmosferamag.it\/it\/eness-design-studio-lighting-design\/\" target=\"_blank\" rel=\"noopener\">linguaggio progettuale fortemente identitario<\/a><\/span> <strong>riscrive l\u2019esperienza dello spazio attraverso luce, suono e tecnologia<\/strong>.<\/p>\n<p style=\"font-weight: 400;\">\u00a0<\/p>\n<p style=\"font-weight: 400;\"><strong>Nel tuo lavoro, la luce non \u00e8 mai solo illuminazione, ma un materiale vivo che si muove nello spazio. Come prende vita per te la &#8220;forma della luce&#8221;? \u00c8 un&#8217;intuizione estetica, un progetto di ingegneria o qualcosa di pi\u00f9 vicino all&#8217;emozione?<\/strong><\/p>\n<p style=\"font-weight: 400;\"><strong>\u00ab<\/strong>Le mie installazioni devono essere, prima di tutto, <strong>esperienze emozionali<\/strong>. L\u2019obiettivo \u00e8 trasformare lo stato d\u2019animo dello spettatore, <strong>pur considerando la forte componente tecnologica \u2014 che cerco di rendere il pi\u00f9 invisibile possibile<\/strong>. Le persone non dovrebbero pensare alla complessit\u00e0 tecnica; voglio che si lascino trasportare dall\u2019esperienza sensoriale, percependo l\u2019effetto combinato di <span style=\"text-decoration: underline;\"><a href=\"https:\/\/www.atmosferamag.it\/it\/intervista-riccardo-franco-loiri-tema-intelligenza-artificiale-lumen-fuorisalone-2025\/\" target=\"_blank\" rel=\"noopener\">luce, suono e movimento<\/a><\/span>, senza preoccuparsi di come tutto sia stato costruito. Dietro le quinte, lavorano con me circa 50 persone, ma quando si entra nello spazio espositivo, tutto deve sembrare magico, sospeso\u00bb.<\/p>\t\t\t\t\t\t\t\t<\/div>\n\t\t\t\t<\/div>\n\t\t\t\t<div class=\"elementor-element elementor-element-8c160c7 elementor-widget elementor-widget-image\" data-id=\"8c160c7\" data-element_type=\"widget\" data-e-type=\"widget\" data-widget_type=\"image.default\">\n\t\t\t\t<div class=\"elementor-widget-container\">\n\t\t\t\t\t\t\t\t\t\t\t\t<figure class=\"wp-caption\">\n\t\t\t\t\t\t\t\t\t\t<img fetchpriority=\"high\" decoding=\"async\" width=\"1600\" height=\"2170\" src=\"https:\/\/www.atmosferamag.it\/wp-content\/uploads\/2025\/10\/AXION-Christopher-Bauder_Riyadh_Photo-Ralph-Larmann_72dpi_10-min.jpg\" class=\"attachment-full size-full wp-image-41162\" alt=\"\" srcset=\"https:\/\/www.atmosferamag.it\/wp-content\/uploads\/2025\/10\/AXION-Christopher-Bauder_Riyadh_Photo-Ralph-Larmann_72dpi_10-min.jpg 1600w, https:\/\/www.atmosferamag.it\/wp-content\/uploads\/2025\/10\/AXION-Christopher-Bauder_Riyadh_Photo-Ralph-Larmann_72dpi_10-min-221x300.jpg 221w, https:\/\/www.atmosferamag.it\/wp-content\/uploads\/2025\/10\/AXION-Christopher-Bauder_Riyadh_Photo-Ralph-Larmann_72dpi_10-min-755x1024.jpg 755w, https:\/\/www.atmosferamag.it\/wp-content\/uploads\/2025\/10\/AXION-Christopher-Bauder_Riyadh_Photo-Ralph-Larmann_72dpi_10-min-768x1042.jpg 768w, https:\/\/www.atmosferamag.it\/wp-content\/uploads\/2025\/10\/AXION-Christopher-Bauder_Riyadh_Photo-Ralph-Larmann_72dpi_10-min-1133x1536.jpg 1133w, https:\/\/www.atmosferamag.it\/wp-content\/uploads\/2025\/10\/AXION-Christopher-Bauder_Riyadh_Photo-Ralph-Larmann_72dpi_10-min-1510x2048.jpg 1510w\" sizes=\"(max-width: 1600px) 100vw, 1600px\" \/>\t\t\t\t\t\t\t\t\t\t\t<figcaption class=\"widget-image-caption wp-caption-text\">1. AXION, a temporary large-scale light installation for a desert place. Noor Riyadh Light Art Festival \/ Riyadh, Saudi Arabia. Foto Ralph Larmann<\/figcaption>\n\t\t\t\t\t\t\t\t\t\t<\/figure>\n\t\t\t\t\t\t\t\t\t<\/div>\n\t\t\t\t<\/div>\n\t\t\t\t<div class=\"elementor-element elementor-element-756efdd elementor-widget elementor-widget-text-editor\" data-id=\"756efdd\" data-element_type=\"widget\" data-e-type=\"widget\" data-widget_type=\"text-editor.default\">\n\t\t\t\t<div class=\"elementor-widget-container\">\n\t\t\t\t\t\t\t\t\t<p style=\"font-weight: 400;\"><strong>Quando inizi un progetto, da dove parti? Dal luogo, dall\u2019idea, dalla tecnologia?<\/strong><\/p>\n<p style=\"font-weight: 400;\">\u00abDi solito parto da tre elementi che si intrecciano tra loro: lo spazio &#8211; ovvero l\u2019ambiente in cui l\u2019opera sar\u00e0 ospitata; la storia o l\u2019emozione \u2014 cosa voglio raccontare; e la tecnologia \u2014 che scelgo o progetto in base a ci\u00f2 che voglio evocare. Ma non parto mai dalla tecnologia, prima viene l\u2019intenzione, poi trovo, o creo, gli strumenti giusti per realizzarla\u00bb.<\/p>\n<p style=\"font-weight: 400;\">\u00a0<\/p>\n<p><strong> Da dove arrivano le tue idee? Cosa ti ispira?<\/strong><\/p>\n<p style=\"font-weight: 400;\">\u00abLe mie ispirazioni sono molteplici e diverse: <strong>la natura, i film di fantascienza, i libri futuristici\u2026 ma anche la <\/strong><span style=\"text-decoration: underline;\"><a href=\"https:\/\/www.atmosferamag.it\/it\/light-design-discoteca-storia\/\" target=\"_blank\" rel=\"noopener\"><strong>cultura dei club<\/strong><\/a><\/span>. Sono cresciuto nella scena techno degli anni \u201990, e i club sono mondi paralleli con regole proprie. Mi affascina come luce, suono e ritmo possano modificare il comportamento delle persone. Cerco di portare quella dimensione alternativa, quella trasformazione sensoriale, nelle mie installazioni artistiche\u00bb.<\/p>\n<p style=\"font-weight: 400;\">\u00a0<\/p>\n<p><strong> Ti muovi tra arte, ingegneria e impresa. Come convivono queste anime?<\/strong><\/p>\n<p style=\"font-weight: 400;\">\u00abSono coinvolto in tre realt\u00e0: la mia agenzia creativa, che realizza progetti anche per grandi brand; KINETIC LIGHTS, l\u2019azienda che produce le tecnologie, come i sistemi di luce cinetica; e, ovviamente, la mia produzione artistica personale. Tutte queste dimensioni si influenzano a vicenda. Un progetto artistico pu\u00f2 generare una tecnologia che poi viene applicata in ambito commerciale, o viceversa. Mi definisco prima di tutto un artista, ma in realt\u00e0 passo molto pi\u00f9 tempo a fare l\u2019ingegnere, il manager, il progettista. Tuttavia, anche quando lavoro per brand come Mercedes o Coca-Cola, il mio approccio resta sempre artistico. Per me <strong>tutto \u00e8 arte, solo applicata in contesti diversi<\/strong>\u00bb.<\/p>\t\t\t\t\t\t\t\t<\/div>\n\t\t\t\t<\/div>\n\t\t\t\t<div class=\"elementor-element elementor-element-6c31f86 elementor-widget elementor-widget-image\" data-id=\"6c31f86\" data-element_type=\"widget\" data-e-type=\"widget\" data-widget_type=\"image.default\">\n\t\t\t\t<div class=\"elementor-widget-container\">\n\t\t\t\t\t\t\t\t\t\t\t\t<figure class=\"wp-caption\">\n\t\t\t\t\t\t\t\t\t\t<img decoding=\"async\" width=\"2560\" height=\"1707\" src=\"https:\/\/www.atmosferamag.it\/wp-content\/uploads\/2025\/10\/DARK-MATTER-GRID-03_72dpi.jpg\" class=\"attachment-full size-full wp-image-41167\" alt=\"\" srcset=\"https:\/\/www.atmosferamag.it\/wp-content\/uploads\/2025\/10\/DARK-MATTER-GRID-03_72dpi.jpg 2560w, https:\/\/www.atmosferamag.it\/wp-content\/uploads\/2025\/10\/DARK-MATTER-GRID-03_72dpi-300x200.jpg 300w, https:\/\/www.atmosferamag.it\/wp-content\/uploads\/2025\/10\/DARK-MATTER-GRID-03_72dpi-1024x683.jpg 1024w, https:\/\/www.atmosferamag.it\/wp-content\/uploads\/2025\/10\/DARK-MATTER-GRID-03_72dpi-768x512.jpg 768w, https:\/\/www.atmosferamag.it\/wp-content\/uploads\/2025\/10\/DARK-MATTER-GRID-03_72dpi-1536x1024.jpg 1536w, https:\/\/www.atmosferamag.it\/wp-content\/uploads\/2025\/10\/DARK-MATTER-GRID-03_72dpi-2048x1366.jpg 2048w\" sizes=\"(max-width: 2560px) 100vw, 2560px\" \/>\t\t\t\t\t\t\t\t\t\t\t<figcaption class=\"widget-image-caption wp-caption-text\">2. Dark Matter Inverse, Foto Ralph Larmann<\/figcaption>\n\t\t\t\t\t\t\t\t\t\t<\/figure>\n\t\t\t\t\t\t\t\t\t<\/div>\n\t\t\t\t<\/div>\n\t\t\t\t<div class=\"elementor-element elementor-element-cf9e3d1 elementor-widget elementor-widget-text-editor\" data-id=\"cf9e3d1\" data-element_type=\"widget\" data-e-type=\"widget\" data-widget_type=\"text-editor.default\">\n\t\t\t\t<div class=\"elementor-widget-container\">\n\t\t\t\t\t\t\t\t\t<p style=\"font-weight: 400;\"><strong>Si parla sempre di luce, ma concentriamoci sull\u2019oscurit\u00e0 come polo opposto ma complementare. Che ruolo ha nel tuo lavoro, specialmente nello spazio espositivo DARK MATTER?<\/strong><\/p>\n<p style=\"font-weight: 400;\">\u00abPer me <strong>l\u2019oscurit\u00e0<\/strong> \u2014 o meglio, l\u2019assenza di luce \u2014 <strong>\u00e8 la cornice della mia arte<\/strong>. Come una pittura ha una cornice che la separa dal mondo esterno, l\u2019oscurit\u00e0 delimita lo spazio della mia opera. Entrando in una mia installazione, si viene separati dalla quotidianit\u00e0: magari fuori c\u2019\u00e8 il sole, ma varcata la soglia, il buio trasporta in un altro mondo. Detto questo, non amo gli ambienti completamente neri e anonimi, preferisco luoghi con carattere: spazi industriali, con una storia, e architetture vissute\u00bb.<\/p>\n<p style=\"font-weight: 400;\">\u00a0<\/p>\n<p><strong> Quanto \u00e8 importante per te la sperimentazione?<\/strong><\/p>\n<p style=\"font-weight: 400;\">\u00abIn realt\u00e0 non sperimento molto nelle fasi iniziali del processo creativo. L\u2019idea nasce e matura nella mia testa: prendo appunti, disegno storyboard, ed \u00e8 come vedere uno spettacolo gi\u00e0 allestito. Quando passo alla realizzazione, ho gi\u00e0 una visione molto chiara. La sperimentazione vera arriva quando iniziamo a costruire lo show e ci confrontiamo con la realt\u00e0 fisica del progetto: qualcosa pu\u00f2 non funzionare come previsto, oppure emergono soluzioni migliori nel corso della realizzazione. Un altro tipo di sperimentazione nasce quando sviluppiamo nuovi strumenti \u2014 come motori per muovere la luce o configurazioni sonore inedite. \u00c8 un po\u2019 come imparare a suonare uno strumento nuovo\u00bb.<\/p>\t\t\t\t\t\t\t\t<\/div>\n\t\t\t\t<\/div>\n\t\t\t\t<div class=\"elementor-element elementor-element-fefc8ec elementor-widget elementor-widget-image\" data-id=\"fefc8ec\" data-element_type=\"widget\" data-e-type=\"widget\" data-widget_type=\"image.default\">\n\t\t\t\t<div class=\"elementor-widget-container\">\n\t\t\t\t\t\t\t\t\t\t\t\t<figure class=\"wp-caption\">\n\t\t\t\t\t\t\t\t\t\t<img decoding=\"async\" width=\"2500\" height=\"1668\" src=\"https:\/\/www.atmosferamag.it\/wp-content\/uploads\/2025\/10\/SKALAR-Christopher-Bauder-Kangding-Ray-72dpi_02-Photo-by-Ralph-Larmann-min.jpg\" class=\"attachment-full size-full wp-image-41172\" alt=\"\" srcset=\"https:\/\/www.atmosferamag.it\/wp-content\/uploads\/2025\/10\/SKALAR-Christopher-Bauder-Kangding-Ray-72dpi_02-Photo-by-Ralph-Larmann-min.jpg 2500w, https:\/\/www.atmosferamag.it\/wp-content\/uploads\/2025\/10\/SKALAR-Christopher-Bauder-Kangding-Ray-72dpi_02-Photo-by-Ralph-Larmann-min-300x200.jpg 300w, https:\/\/www.atmosferamag.it\/wp-content\/uploads\/2025\/10\/SKALAR-Christopher-Bauder-Kangding-Ray-72dpi_02-Photo-by-Ralph-Larmann-min-1024x683.jpg 1024w, https:\/\/www.atmosferamag.it\/wp-content\/uploads\/2025\/10\/SKALAR-Christopher-Bauder-Kangding-Ray-72dpi_02-Photo-by-Ralph-Larmann-min-768x512.jpg 768w, https:\/\/www.atmosferamag.it\/wp-content\/uploads\/2025\/10\/SKALAR-Christopher-Bauder-Kangding-Ray-72dpi_02-Photo-by-Ralph-Larmann-min-1536x1025.jpg 1536w, https:\/\/www.atmosferamag.it\/wp-content\/uploads\/2025\/10\/SKALAR-Christopher-Bauder-Kangding-Ray-72dpi_02-Photo-by-Ralph-Larmann-min-2048x1366.jpg 2048w\" sizes=\"(max-width: 2500px) 100vw, 2500px\" \/>\t\t\t\t\t\t\t\t\t\t\t<figcaption class=\"widget-image-caption wp-caption-text\">3. SKALAR_Reflections on Light &amp; Sound. Created by Christopher Bauder in collaboration with musician and composer Kangding Ray. Foto by Ralph Larmann<\/figcaption>\n\t\t\t\t\t\t\t\t\t\t<\/figure>\n\t\t\t\t\t\t\t\t\t<\/div>\n\t\t\t\t<\/div>\n\t\t\t\t<div class=\"elementor-element elementor-element-cf479e5 elementor-widget elementor-widget-text-editor\" data-id=\"cf479e5\" data-element_type=\"widget\" data-e-type=\"widget\" data-widget_type=\"text-editor.default\">\n\t\t\t\t<div class=\"elementor-widget-container\">\n\t\t\t\t\t\t\t\t\t<p style=\"font-weight: 400;\"><strong>Il suono \u00e8 un elemento fondamentale delle tue opere. Come funziona la collaborazione con i musicisti?<\/strong><\/p>\n<p style=\"font-weight: 400;\"><strong>\u00ab<\/strong>\u00c8 un processo parallelo e sinergico, in cui musica e immagini nascono insieme. Mi piace collaborare con musicisti che abbiano un senso visivo e che comprendano di star creando un\u2019opera audiovisiva, non un album. \u00c8 un dialogo continuo e la musica deve essere \u201caperta\u201d da lasciare spazio ai visual, e viceversa. \u00c8 come giocare a ping pong tra suono e immagine: due linguaggi che costruiscono insieme il significato. Lavoro spesso con artisti come Robert Henke e Kangding Ray, che hanno un forte senso della spazialit\u00e0 sonora e con cui posso <strong>creare esperienze immersive a 360\u00b0, in cui il pubblico non \u00e8 davanti allo show, ma dentro lo show<\/strong>\u00bb.<\/p>\t\t\t\t\t\t\t\t<\/div>\n\t\t\t\t<\/div>\n\t\t\t\t<div class=\"elementor-element elementor-element-2f5e0f2 elementor-widget elementor-widget-image\" data-id=\"2f5e0f2\" data-element_type=\"widget\" data-e-type=\"widget\" data-widget_type=\"image.default\">\n\t\t\t\t<div class=\"elementor-widget-container\">\n\t\t\t\t\t\t\t\t\t\t\t\t<figure class=\"wp-caption\">\n\t\t\t\t\t\t\t\t\t\t<img loading=\"lazy\" decoding=\"async\" width=\"2000\" height=\"1334\" src=\"https:\/\/www.atmosferamag.it\/wp-content\/uploads\/2025\/10\/VEKTOR-Christopher-Bauder_LIVE_72dpi_07.jpg\" class=\"attachment-full size-full wp-image-41174\" alt=\"\" srcset=\"https:\/\/www.atmosferamag.it\/wp-content\/uploads\/2025\/10\/VEKTOR-Christopher-Bauder_LIVE_72dpi_07.jpg 2000w, https:\/\/www.atmosferamag.it\/wp-content\/uploads\/2025\/10\/VEKTOR-Christopher-Bauder_LIVE_72dpi_07-300x200.jpg 300w, https:\/\/www.atmosferamag.it\/wp-content\/uploads\/2025\/10\/VEKTOR-Christopher-Bauder_LIVE_72dpi_07-1024x683.jpg 1024w, https:\/\/www.atmosferamag.it\/wp-content\/uploads\/2025\/10\/VEKTOR-Christopher-Bauder_LIVE_72dpi_07-768x512.jpg 768w, https:\/\/www.atmosferamag.it\/wp-content\/uploads\/2025\/10\/VEKTOR-Christopher-Bauder_LIVE_72dpi_07-1536x1025.jpg 1536w\" sizes=\"(max-width: 2000px) 100vw, 2000px\" \/>\t\t\t\t\t\t\t\t\t\t\t<figcaption class=\"widget-image-caption wp-caption-text\">4. Vektor, foto Ralph Larman<\/figcaption>\n\t\t\t\t\t\t\t\t\t\t<\/figure>\n\t\t\t\t\t\t\t\t\t<\/div>\n\t\t\t\t<\/div>\n\t\t\t\t<div class=\"elementor-element elementor-element-f52952b elementor-widget elementor-widget-text-editor\" data-id=\"f52952b\" data-element_type=\"widget\" data-e-type=\"widget\" data-widget_type=\"text-editor.default\">\n\t\t\t\t<div class=\"elementor-widget-container\">\n\t\t\t\t\t\t\t\t\t<p style=\"font-weight: 400;\"><strong>C&#8217;\u00e8 stato un momento in cui la collaborazione tra luce, suono e tecnologia ha trasformato radicalmente un&#8217;opera rispetto a come l&#8217;avevi immaginata all&#8217;inizio?<\/strong><\/p>\n<p style=\"font-weight: 400;\">\u00abS\u00ec, assolutamente. Penso alle tre opere che ho realizzato con Robert Henke. <em>Atom<\/em>, la mia prima vera performance audiovisiva su larga scala, in cui ho imparato a progettare in uno spazio ampio e complesso. Nei progetti successivi, come <em>Grid<\/em> e <em>Deep Web<\/em>, abbiamo raggiunto un livello sempre pi\u00f9 profondo di ispirazione reciproca e di interazione tra suono e luce. L&#8217;obiettivo non era semplicemente mostrare la tecnologia, ma evocare stati emotivi intensi. In un altro progetto, <em>Skalar<\/em>, ho curato anche la parte musicale iniziale, componendo personalmente alcuni passaggi<span lang=\"it\">\u00bb.<\/span><\/p>\t\t\t\t\t\t\t\t<\/div>\n\t\t\t\t<\/div>\n\t\t\t\t<div class=\"elementor-element elementor-element-c028a36 elementor-widget elementor-widget-image\" data-id=\"c028a36\" data-element_type=\"widget\" data-e-type=\"widget\" data-widget_type=\"image.default\">\n\t\t\t\t<div class=\"elementor-widget-container\">\n\t\t\t\t\t\t\t\t\t\t\t\t<figure class=\"wp-caption\">\n\t\t\t\t\t\t\t\t\t\t<img loading=\"lazy\" decoding=\"async\" width=\"2560\" height=\"1710\" src=\"https:\/\/www.atmosferamag.it\/wp-content\/uploads\/2025\/10\/DEEP-WEB_Christopher-Bauder_Robert-Henke_Photo-by-Ralph-Larmann_72dpi_05.jpg\" class=\"attachment-full size-full wp-image-41176\" alt=\"\" srcset=\"https:\/\/www.atmosferamag.it\/wp-content\/uploads\/2025\/10\/DEEP-WEB_Christopher-Bauder_Robert-Henke_Photo-by-Ralph-Larmann_72dpi_05.jpg 2560w, https:\/\/www.atmosferamag.it\/wp-content\/uploads\/2025\/10\/DEEP-WEB_Christopher-Bauder_Robert-Henke_Photo-by-Ralph-Larmann_72dpi_05-300x200.jpg 300w, https:\/\/www.atmosferamag.it\/wp-content\/uploads\/2025\/10\/DEEP-WEB_Christopher-Bauder_Robert-Henke_Photo-by-Ralph-Larmann_72dpi_05-1024x684.jpg 1024w, https:\/\/www.atmosferamag.it\/wp-content\/uploads\/2025\/10\/DEEP-WEB_Christopher-Bauder_Robert-Henke_Photo-by-Ralph-Larmann_72dpi_05-768x513.jpg 768w, https:\/\/www.atmosferamag.it\/wp-content\/uploads\/2025\/10\/DEEP-WEB_Christopher-Bauder_Robert-Henke_Photo-by-Ralph-Larmann_72dpi_05-1536x1026.jpg 1536w, https:\/\/www.atmosferamag.it\/wp-content\/uploads\/2025\/10\/DEEP-WEB_Christopher-Bauder_Robert-Henke_Photo-by-Ralph-Larmann_72dpi_05-2048x1368.jpg 2048w\" sizes=\"(max-width: 2560px) 100vw, 2560px\" \/>\t\t\t\t\t\t\t\t\t\t\t<figcaption class=\"widget-image-caption wp-caption-text\">5. DEEP WEB audiovisual kinetic installation and performance by Christopher Bauder and Robert Henke (Music). Foto by Ralph Larmann<\/figcaption>\n\t\t\t\t\t\t\t\t\t\t<\/figure>\n\t\t\t\t\t\t\t\t\t<\/div>\n\t\t\t\t<\/div>\n\t\t\t\t<div class=\"elementor-element elementor-element-dac2ae7 elementor-widget elementor-widget-text-editor\" data-id=\"dac2ae7\" data-element_type=\"widget\" data-e-type=\"widget\" data-widget_type=\"text-editor.default\">\n\t\t\t\t<div class=\"elementor-widget-container\">\n\t\t\t\t\t\t\t\t\t<p style=\"font-weight: 400;\"><strong>Cosa speri che il pubblico provi o porti con s\u00e9 dopo aver partecipato a un tuo show?<br \/>\u00ab<\/strong>Non mi interessa solo creare esperienze piacevoli. Voglio portare il pubblico su una montagna russa emotiva: a volte lo metto a disagio, lo spingo verso emozioni cupe o intense, ma poi lo riporto alla luce \u2014 verso la meraviglia, la bellezza. L\u2019arte, per me, \u00e8 un invito ad aprire la mente, a guardare oltre i propri limiti, a immaginare nuove possibilit\u00e0. Spero che chi entra in un mio show ne esca trasformato, e cerco di creare uno spazio in cui, anche solo per un attimo, sia possibile disconnettersi dalla realt\u00e0 e riconnettersi con s\u00e9 stessi\u00bb.<\/p>\t\t\t\t\t\t\t\t<\/div>\n\t\t\t\t<\/div>\n\t\t\t\t\t<\/div>\n\t\t<\/div>\n\t\t\t\t\t<\/div>\n\t\t<\/section>\n\t\t\t\t<\/div>\n\t\t","protected":false},"excerpt":{"rendered":"<p>Pioniere dell\u2019arte immersiva, Christopher Bauder ci conduce in mondi paralleli dove luce, suono e movimento ridefiniscono la percezione dello spazio. Dalla cultura techno degli anni \u201990, di cui \u00e8 figlio, alla creazione di Dark Matter a Berlino, il suo lavoro fonde arte, tecnologia e impresa come in una trilogia creativa in continua evoluzione. Con i suoi show, Bauder oltrepassa i confini dell\u2019audiovisivo per generare vere e proprie epifanie mentali.<\/p>\n","protected":false},"author":24,"featured_media":41243,"comment_status":"closed","ping_status":"closed","sticky":false,"template":"","format":"standard","meta":{"footnotes":""},"categories":[39],"tags":[],"class_list":["post-41180","post","type-post","status-publish","format-standard","has-post-thumbnail","hentry","category-stories"],"yoast_head":"<!-- This site is optimized with the Yoast SEO plugin v26.0 - https:\/\/yoast.com\/wordpress\/plugins\/seo\/ -->\n<title>Intervista a Christopher Bauder: installazioni luminose ed esperienze immersive | Atmosfera Mag<\/title>\n<meta name=\"description\" content=\"Un\u2019intervista esclusiva a Christopher Bauder: dalle installazioni luminose a \u201cDark Matter\u201d, un viaggio immersivo tra luce, suono e tecnologia.\" \/>\n<meta name=\"robots\" content=\"index, follow, max-snippet:-1, max-image-preview:large, max-video-preview:-1\" \/>\n<link rel=\"canonical\" href=\"https:\/\/www.atmosferamag.it\/it\/intervista-christopher-bauder-installazioni-luminose\/\" \/>\n<meta property=\"og:locale\" content=\"it_IT\" \/>\n<meta property=\"og:type\" content=\"article\" \/>\n<meta property=\"og:title\" content=\"Intervista a Christopher Bauder: installazioni luminose ed esperienze immersive | Atmosfera Mag\" \/>\n<meta property=\"og:description\" content=\"Un\u2019intervista esclusiva a Christopher Bauder: dalle installazioni luminose a \u201cDark Matter\u201d, un viaggio immersivo tra luce, suono e tecnologia.\" \/>\n<meta property=\"og:url\" content=\"https:\/\/www.atmosferamag.it\/it\/intervista-christopher-bauder-installazioni-luminose\/\" \/>\n<meta property=\"og:site_name\" content=\"Atmosfera Mag\" \/>\n<meta property=\"article:publisher\" content=\"https:\/\/www.facebook.com\/people\/Atmosfera-Mag\/100086538670476\/\" \/>\n<meta property=\"article:published_time\" content=\"2025-10-03T14:37:22+00:00\" \/>\n<meta property=\"article:modified_time\" content=\"2025-10-23T14:11:21+00:00\" \/>\n<meta property=\"og:image\" content=\"https:\/\/www.atmosferamag.it\/wp-content\/uploads\/2025\/10\/cover.jpg\" \/>\n\t<meta property=\"og:image:width\" content=\"1920\" \/>\n\t<meta property=\"og:image:height\" content=\"1080\" \/>\n\t<meta property=\"og:image:type\" content=\"image\/jpeg\" \/>\n<meta name=\"author\" content=\"Annamaria Maffina\" \/>\n<meta name=\"twitter:card\" content=\"summary_large_image\" \/>\n<meta name=\"twitter:label1\" content=\"Scritto da\" \/>\n\t<meta name=\"twitter:data1\" content=\"Annamaria Maffina\" \/>\n\t<meta name=\"twitter:label2\" content=\"Tempo di lettura stimato\" \/>\n\t<meta name=\"twitter:data2\" content=\"7 minuti\" \/>\n<script type=\"application\/ld+json\" class=\"yoast-schema-graph\">{\"@context\":\"https:\/\/schema.org\",\"@graph\":[{\"@type\":\"Article\",\"@id\":\"https:\/\/www.atmosferamag.it\/it\/intervista-christopher-bauder-installazioni-luminose\/#article\",\"isPartOf\":{\"@id\":\"https:\/\/www.atmosferamag.it\/it\/intervista-christopher-bauder-installazioni-luminose\/\"},\"author\":{\"name\":\"Annamaria Maffina\",\"@id\":\"https:\/\/www.atmosferamag.it\/it\/#\/schema\/person\/9b3d2c8ef8388e0823f7ae3bda70c30b\"},\"headline\":\"Intervista a Christopher Bauder: la luce come esperienza immersiva\",\"datePublished\":\"2025-10-03T14:37:22+00:00\",\"dateModified\":\"2025-10-23T14:11:21+00:00\",\"mainEntityOfPage\":{\"@id\":\"https:\/\/www.atmosferamag.it\/it\/intervista-christopher-bauder-installazioni-luminose\/\"},\"wordCount\":1129,\"publisher\":{\"@id\":\"https:\/\/www.atmosferamag.it\/it\/#organization\"},\"image\":{\"@id\":\"https:\/\/www.atmosferamag.it\/it\/intervista-christopher-bauder-installazioni-luminose\/#primaryimage\"},\"thumbnailUrl\":\"https:\/\/www.atmosferamag.it\/wp-content\/uploads\/2025\/10\/cover.jpg\",\"articleSection\":[\"Stories\"],\"inLanguage\":\"it-IT\"},{\"@type\":\"WebPage\",\"@id\":\"https:\/\/www.atmosferamag.it\/it\/intervista-christopher-bauder-installazioni-luminose\/\",\"url\":\"https:\/\/www.atmosferamag.it\/it\/intervista-christopher-bauder-installazioni-luminose\/\",\"name\":\"Intervista a Christopher Bauder: installazioni luminose ed esperienze immersive | Atmosfera Mag\",\"isPartOf\":{\"@id\":\"https:\/\/www.atmosferamag.it\/it\/#website\"},\"primaryImageOfPage\":{\"@id\":\"https:\/\/www.atmosferamag.it\/it\/intervista-christopher-bauder-installazioni-luminose\/#primaryimage\"},\"image\":{\"@id\":\"https:\/\/www.atmosferamag.it\/it\/intervista-christopher-bauder-installazioni-luminose\/#primaryimage\"},\"thumbnailUrl\":\"https:\/\/www.atmosferamag.it\/wp-content\/uploads\/2025\/10\/cover.jpg\",\"datePublished\":\"2025-10-03T14:37:22+00:00\",\"dateModified\":\"2025-10-23T14:11:21+00:00\",\"description\":\"Un\u2019intervista esclusiva a Christopher Bauder: dalle installazioni luminose a \u201cDark Matter\u201d, un viaggio immersivo tra luce, suono e tecnologia.\",\"breadcrumb\":{\"@id\":\"https:\/\/www.atmosferamag.it\/it\/intervista-christopher-bauder-installazioni-luminose\/#breadcrumb\"},\"inLanguage\":\"it-IT\",\"potentialAction\":[{\"@type\":\"ReadAction\",\"target\":[\"https:\/\/www.atmosferamag.it\/it\/intervista-christopher-bauder-installazioni-luminose\/\"]}]},{\"@type\":\"ImageObject\",\"inLanguage\":\"it-IT\",\"@id\":\"https:\/\/www.atmosferamag.it\/it\/intervista-christopher-bauder-installazioni-luminose\/#primaryimage\",\"url\":\"https:\/\/www.atmosferamag.it\/wp-content\/uploads\/2025\/10\/cover.jpg\",\"contentUrl\":\"https:\/\/www.atmosferamag.it\/wp-content\/uploads\/2025\/10\/cover.jpg\",\"width\":1920,\"height\":1080},{\"@type\":\"BreadcrumbList\",\"@id\":\"https:\/\/www.atmosferamag.it\/it\/intervista-christopher-bauder-installazioni-luminose\/#breadcrumb\",\"itemListElement\":[{\"@type\":\"ListItem\",\"position\":1,\"name\":\"Home\",\"item\":\"https:\/\/www.atmosferamag.it\/it\/\"},{\"@type\":\"ListItem\",\"position\":2,\"name\":\"Intervista a Christopher Bauder: la luce come esperienza immersiva\"}]},{\"@type\":\"WebSite\",\"@id\":\"https:\/\/www.atmosferamag.it\/it\/#website\",\"url\":\"https:\/\/www.atmosferamag.it\/it\/\",\"name\":\"Atmosfera Mag\",\"description\":\"La luce in tutte le sue forme\",\"publisher\":{\"@id\":\"https:\/\/www.atmosferamag.it\/it\/#organization\"},\"potentialAction\":[{\"@type\":\"SearchAction\",\"target\":{\"@type\":\"EntryPoint\",\"urlTemplate\":\"https:\/\/www.atmosferamag.it\/it\/?s={search_term_string}\"},\"query-input\":{\"@type\":\"PropertyValueSpecification\",\"valueRequired\":true,\"valueName\":\"search_term_string\"}}],\"inLanguage\":\"it-IT\"},{\"@type\":\"Organization\",\"@id\":\"https:\/\/www.atmosferamag.it\/it\/#organization\",\"name\":\"Atmosfera Mag\",\"url\":\"https:\/\/www.atmosferamag.it\/it\/\",\"logo\":{\"@type\":\"ImageObject\",\"inLanguage\":\"it-IT\",\"@id\":\"https:\/\/www.atmosferamag.it\/it\/#\/schema\/logo\/image\/\",\"url\":\"https:\/\/www.atmosferamag.it\/wp-content\/uploads\/2022\/09\/titolo.png\",\"contentUrl\":\"https:\/\/www.atmosferamag.it\/wp-content\/uploads\/2022\/09\/titolo.png\",\"width\":2728,\"height\":406,\"caption\":\"Atmosfera Mag\"},\"image\":{\"@id\":\"https:\/\/www.atmosferamag.it\/it\/#\/schema\/logo\/image\/\"},\"sameAs\":[\"https:\/\/www.facebook.com\/people\/Atmosfera-Mag\/100086538670476\/\",\"https:\/\/www.instagram.com\/atmosferamag\/\",\"https:\/\/www.pinterest.it\/atmosfera_mag\/\"]},{\"@type\":\"Person\",\"@id\":\"https:\/\/www.atmosferamag.it\/it\/#\/schema\/person\/9b3d2c8ef8388e0823f7ae3bda70c30b\",\"name\":\"Annamaria Maffina\",\"image\":{\"@type\":\"ImageObject\",\"inLanguage\":\"it-IT\",\"@id\":\"https:\/\/www.atmosferamag.it\/it\/#\/schema\/person\/image\/\",\"url\":\"https:\/\/secure.gravatar.com\/avatar\/fab26d926da96e71384b11dbf3b26a081ee600e7f06a21673e4643533ea5bc48?s=96&d=mm&r=g\",\"contentUrl\":\"https:\/\/secure.gravatar.com\/avatar\/fab26d926da96e71384b11dbf3b26a081ee600e7f06a21673e4643533ea5bc48?s=96&d=mm&r=g\",\"caption\":\"Annamaria Maffina\"},\"url\":\"https:\/\/www.atmosferamag.it\/it\/author\/annamaria-maffina\/\"}]}<\/script>\n<!-- \/ Yoast SEO plugin. -->","yoast_head_json":{"title":"Intervista a Christopher Bauder: installazioni luminose ed esperienze immersive | Atmosfera Mag","description":"Un\u2019intervista esclusiva a Christopher Bauder: dalle installazioni luminose a \u201cDark Matter\u201d, un viaggio immersivo tra luce, suono e tecnologia.","robots":{"index":"index","follow":"follow","max-snippet":"max-snippet:-1","max-image-preview":"max-image-preview:large","max-video-preview":"max-video-preview:-1"},"canonical":"https:\/\/www.atmosferamag.it\/it\/intervista-christopher-bauder-installazioni-luminose\/","og_locale":"it_IT","og_type":"article","og_title":"Intervista a Christopher Bauder: installazioni luminose ed esperienze immersive | Atmosfera Mag","og_description":"Un\u2019intervista esclusiva a Christopher Bauder: dalle installazioni luminose a \u201cDark Matter\u201d, un viaggio immersivo tra luce, suono e tecnologia.","og_url":"https:\/\/www.atmosferamag.it\/it\/intervista-christopher-bauder-installazioni-luminose\/","og_site_name":"Atmosfera Mag","article_publisher":"https:\/\/www.facebook.com\/people\/Atmosfera-Mag\/100086538670476\/","article_published_time":"2025-10-03T14:37:22+00:00","article_modified_time":"2025-10-23T14:11:21+00:00","og_image":[{"width":1920,"height":1080,"url":"https:\/\/www.atmosferamag.it\/wp-content\/uploads\/2025\/10\/cover.jpg","type":"image\/jpeg"}],"author":"Annamaria Maffina","twitter_card":"summary_large_image","twitter_misc":{"Scritto da":"Annamaria Maffina","Tempo di lettura stimato":"7 minuti"},"schema":{"@context":"https:\/\/schema.org","@graph":[{"@type":"Article","@id":"https:\/\/www.atmosferamag.it\/it\/intervista-christopher-bauder-installazioni-luminose\/#article","isPartOf":{"@id":"https:\/\/www.atmosferamag.it\/it\/intervista-christopher-bauder-installazioni-luminose\/"},"author":{"name":"Annamaria Maffina","@id":"https:\/\/www.atmosferamag.it\/it\/#\/schema\/person\/9b3d2c8ef8388e0823f7ae3bda70c30b"},"headline":"Intervista a Christopher Bauder: la luce come esperienza immersiva","datePublished":"2025-10-03T14:37:22+00:00","dateModified":"2025-10-23T14:11:21+00:00","mainEntityOfPage":{"@id":"https:\/\/www.atmosferamag.it\/it\/intervista-christopher-bauder-installazioni-luminose\/"},"wordCount":1129,"publisher":{"@id":"https:\/\/www.atmosferamag.it\/it\/#organization"},"image":{"@id":"https:\/\/www.atmosferamag.it\/it\/intervista-christopher-bauder-installazioni-luminose\/#primaryimage"},"thumbnailUrl":"https:\/\/www.atmosferamag.it\/wp-content\/uploads\/2025\/10\/cover.jpg","articleSection":["Stories"],"inLanguage":"it-IT"},{"@type":"WebPage","@id":"https:\/\/www.atmosferamag.it\/it\/intervista-christopher-bauder-installazioni-luminose\/","url":"https:\/\/www.atmosferamag.it\/it\/intervista-christopher-bauder-installazioni-luminose\/","name":"Intervista a Christopher Bauder: installazioni luminose ed esperienze immersive | Atmosfera Mag","isPartOf":{"@id":"https:\/\/www.atmosferamag.it\/it\/#website"},"primaryImageOfPage":{"@id":"https:\/\/www.atmosferamag.it\/it\/intervista-christopher-bauder-installazioni-luminose\/#primaryimage"},"image":{"@id":"https:\/\/www.atmosferamag.it\/it\/intervista-christopher-bauder-installazioni-luminose\/#primaryimage"},"thumbnailUrl":"https:\/\/www.atmosferamag.it\/wp-content\/uploads\/2025\/10\/cover.jpg","datePublished":"2025-10-03T14:37:22+00:00","dateModified":"2025-10-23T14:11:21+00:00","description":"Un\u2019intervista esclusiva a Christopher Bauder: dalle installazioni luminose a \u201cDark Matter\u201d, un viaggio immersivo tra luce, suono e tecnologia.","breadcrumb":{"@id":"https:\/\/www.atmosferamag.it\/it\/intervista-christopher-bauder-installazioni-luminose\/#breadcrumb"},"inLanguage":"it-IT","potentialAction":[{"@type":"ReadAction","target":["https:\/\/www.atmosferamag.it\/it\/intervista-christopher-bauder-installazioni-luminose\/"]}]},{"@type":"ImageObject","inLanguage":"it-IT","@id":"https:\/\/www.atmosferamag.it\/it\/intervista-christopher-bauder-installazioni-luminose\/#primaryimage","url":"https:\/\/www.atmosferamag.it\/wp-content\/uploads\/2025\/10\/cover.jpg","contentUrl":"https:\/\/www.atmosferamag.it\/wp-content\/uploads\/2025\/10\/cover.jpg","width":1920,"height":1080},{"@type":"BreadcrumbList","@id":"https:\/\/www.atmosferamag.it\/it\/intervista-christopher-bauder-installazioni-luminose\/#breadcrumb","itemListElement":[{"@type":"ListItem","position":1,"name":"Home","item":"https:\/\/www.atmosferamag.it\/it\/"},{"@type":"ListItem","position":2,"name":"Intervista a Christopher Bauder: la luce come esperienza immersiva"}]},{"@type":"WebSite","@id":"https:\/\/www.atmosferamag.it\/it\/#website","url":"https:\/\/www.atmosferamag.it\/it\/","name":"Atmosfera Mag","description":"La luce in tutte le sue forme","publisher":{"@id":"https:\/\/www.atmosferamag.it\/it\/#organization"},"potentialAction":[{"@type":"SearchAction","target":{"@type":"EntryPoint","urlTemplate":"https:\/\/www.atmosferamag.it\/it\/?s={search_term_string}"},"query-input":{"@type":"PropertyValueSpecification","valueRequired":true,"valueName":"search_term_string"}}],"inLanguage":"it-IT"},{"@type":"Organization","@id":"https:\/\/www.atmosferamag.it\/it\/#organization","name":"Atmosfera Mag","url":"https:\/\/www.atmosferamag.it\/it\/","logo":{"@type":"ImageObject","inLanguage":"it-IT","@id":"https:\/\/www.atmosferamag.it\/it\/#\/schema\/logo\/image\/","url":"https:\/\/www.atmosferamag.it\/wp-content\/uploads\/2022\/09\/titolo.png","contentUrl":"https:\/\/www.atmosferamag.it\/wp-content\/uploads\/2022\/09\/titolo.png","width":2728,"height":406,"caption":"Atmosfera Mag"},"image":{"@id":"https:\/\/www.atmosferamag.it\/it\/#\/schema\/logo\/image\/"},"sameAs":["https:\/\/www.facebook.com\/people\/Atmosfera-Mag\/100086538670476\/","https:\/\/www.instagram.com\/atmosferamag\/","https:\/\/www.pinterest.it\/atmosfera_mag\/"]},{"@type":"Person","@id":"https:\/\/www.atmosferamag.it\/it\/#\/schema\/person\/9b3d2c8ef8388e0823f7ae3bda70c30b","name":"Annamaria Maffina","image":{"@type":"ImageObject","inLanguage":"it-IT","@id":"https:\/\/www.atmosferamag.it\/it\/#\/schema\/person\/image\/","url":"https:\/\/secure.gravatar.com\/avatar\/fab26d926da96e71384b11dbf3b26a081ee600e7f06a21673e4643533ea5bc48?s=96&d=mm&r=g","contentUrl":"https:\/\/secure.gravatar.com\/avatar\/fab26d926da96e71384b11dbf3b26a081ee600e7f06a21673e4643533ea5bc48?s=96&d=mm&r=g","caption":"Annamaria Maffina"},"url":"https:\/\/www.atmosferamag.it\/it\/author\/annamaria-maffina\/"}]}},"_links":{"self":[{"href":"https:\/\/www.atmosferamag.it\/it\/wp-json\/wp\/v2\/posts\/41180","targetHints":{"allow":["GET"]}}],"collection":[{"href":"https:\/\/www.atmosferamag.it\/it\/wp-json\/wp\/v2\/posts"}],"about":[{"href":"https:\/\/www.atmosferamag.it\/it\/wp-json\/wp\/v2\/types\/post"}],"author":[{"embeddable":true,"href":"https:\/\/www.atmosferamag.it\/it\/wp-json\/wp\/v2\/users\/24"}],"replies":[{"embeddable":true,"href":"https:\/\/www.atmosferamag.it\/it\/wp-json\/wp\/v2\/comments?post=41180"}],"version-history":[{"count":13,"href":"https:\/\/www.atmosferamag.it\/it\/wp-json\/wp\/v2\/posts\/41180\/revisions"}],"predecessor-version":[{"id":41249,"href":"https:\/\/www.atmosferamag.it\/it\/wp-json\/wp\/v2\/posts\/41180\/revisions\/41249"}],"wp:featuredmedia":[{"embeddable":true,"href":"https:\/\/www.atmosferamag.it\/it\/wp-json\/wp\/v2\/media\/41243"}],"wp:attachment":[{"href":"https:\/\/www.atmosferamag.it\/it\/wp-json\/wp\/v2\/media?parent=41180"}],"wp:term":[{"taxonomy":"category","embeddable":true,"href":"https:\/\/www.atmosferamag.it\/it\/wp-json\/wp\/v2\/categories?post=41180"},{"taxonomy":"post_tag","embeddable":true,"href":"https:\/\/www.atmosferamag.it\/it\/wp-json\/wp\/v2\/tags?post=41180"}],"curies":[{"name":"wp","href":"https:\/\/api.w.org\/{rel}","templated":true}]}}