{"id":40929,"date":"2025-10-27T09:25:33","date_gmt":"2025-10-27T08:25:33","guid":{"rendered":"https:\/\/www.atmosferamag.it\/?p=40929"},"modified":"2025-10-27T09:25:19","modified_gmt":"2025-10-27T08:25:19","slug":"master-lighting-design-italia-milano-roma","status":"publish","type":"post","link":"https:\/\/www.atmosferamag.it\/it\/master-lighting-design-italia-milano-roma\/","title":{"rendered":"I migliori master in lighting design e i corsi di illuminotecnica in Italia"},"content":{"rendered":"\t\t<div data-elementor-type=\"wp-post\" data-elementor-id=\"40929\" class=\"elementor elementor-40929 elementor-41299\" data-elementor-post-type=\"post\">\n\t\t\t\t\t\t<section class=\"elementor-section elementor-top-section elementor-element elementor-element-b08cc3b elementor-section-boxed elementor-section-height-default elementor-section-height-default\" data-id=\"b08cc3b\" data-element_type=\"section\" data-e-type=\"section\">\n\t\t\t\t\t\t<div class=\"elementor-container elementor-column-gap-default\">\n\t\t\t\t\t<div class=\"elementor-column elementor-col-100 elementor-top-column elementor-element elementor-element-99837cd\" data-id=\"99837cd\" data-element_type=\"column\" data-e-type=\"column\">\n\t\t\t<div class=\"elementor-widget-wrap elementor-element-populated\">\n\t\t\t\t\t\t<div class=\"elementor-element elementor-element-9f54c14 elementor-widget elementor-widget-text-editor\" data-id=\"9f54c14\" data-element_type=\"widget\" data-e-type=\"widget\" data-widget_type=\"text-editor.default\">\n\t\t\t\t<div class=\"elementor-widget-container\">\n\t\t\t\t\t\t\t\t\t<h6>Cover photo: ph. Andreas Rasmussen<\/h6>\t\t\t\t\t\t\t\t<\/div>\n\t\t\t\t<\/div>\n\t\t\t\t<div class=\"elementor-element elementor-element-589b1db elementor-widget elementor-widget-text-editor\" data-id=\"589b1db\" data-element_type=\"widget\" data-e-type=\"widget\" data-widget_type=\"text-editor.default\">\n\t\t\t\t<div class=\"elementor-widget-container\">\n\t\t\t\t\t\t\t\t\t<p><span style=\"font-weight: 400;\">Quella del lighting designer \u00e8 una vera e propria professione, che richiede competenze teoriche e pratiche molto specifiche.<\/span><b> Per diventare un progettista illuminotecnico in Italia ci sono diversi master universitari in lighting design<\/b><span style=\"font-weight: 400;\">; si tratta di corsi post-laurea a numero chiuso, i pi\u00f9 accreditati sono organizzati presso il Politecnico di Milano e La Sapienza di Roma. Sempre a Milano si tengono altri due <\/span><b>corsi in lighting design molto quotati<\/b><span style=\"font-weight: 400;\">: quello dello IED e quello dell&#8217;Accademia della Scala, pi\u00f9 orientato al mondo del teatro, della televisione e dell&#8217;entertainment in generale.<\/span><\/p>\t\t\t\t\t\t\t\t<\/div>\n\t\t\t\t<\/div>\n\t\t\t\t<div class=\"elementor-element elementor-element-a86733d elementor-widget elementor-widget-image\" data-id=\"a86733d\" data-element_type=\"widget\" data-e-type=\"widget\" data-widget_type=\"image.default\">\n\t\t\t\t<div class=\"elementor-widget-container\">\n\t\t\t\t\t\t\t\t\t\t\t\t<figure class=\"wp-caption\">\n\t\t\t\t\t\t\t\t\t\t<img fetchpriority=\"high\" decoding=\"async\" width=\"800\" height=\"597\" src=\"https:\/\/www.atmosferamag.it\/wp-content\/uploads\/2025\/10\/Schermata-2025-10-27-alle-09.16.13-1024x764.png\" class=\"attachment-large size-large wp-image-41291\" alt=\"\" srcset=\"https:\/\/www.atmosferamag.it\/wp-content\/uploads\/2025\/10\/Schermata-2025-10-27-alle-09.16.13-1024x764.png 1024w, https:\/\/www.atmosferamag.it\/wp-content\/uploads\/2025\/10\/Schermata-2025-10-27-alle-09.16.13-300x224.png 300w, https:\/\/www.atmosferamag.it\/wp-content\/uploads\/2025\/10\/Schermata-2025-10-27-alle-09.16.13-768x573.png 768w, https:\/\/www.atmosferamag.it\/wp-content\/uploads\/2025\/10\/Schermata-2025-10-27-alle-09.16.13.png 1380w\" sizes=\"(max-width: 800px) 100vw, 800px\" \/>\t\t\t\t\t\t\t\t\t\t\t<figcaption class=\"widget-image-caption wp-caption-text\">1. ph. Brian Erickson<\/figcaption>\n\t\t\t\t\t\t\t\t\t\t<\/figure>\n\t\t\t\t\t\t\t\t\t<\/div>\n\t\t\t\t<\/div>\n\t\t\t\t<div class=\"elementor-element elementor-element-c07a422 elementor-widget elementor-widget-text-editor\" data-id=\"c07a422\" data-element_type=\"widget\" data-e-type=\"widget\" data-widget_type=\"text-editor.default\">\n\t\t\t\t<div class=\"elementor-widget-container\">\n\t\t\t\t\t\t\t\t\t<p><span style=\"font-weight: 400;\">Esistono poi diversi <\/span><b>corsi di perfezionamento online<\/b><span style=\"font-weight: 400;\">, pensati per professionisti e appassionati che desiderano acquisire <\/span><b>competenze tecniche e progettuali di base <\/b><span style=\"font-weight: 400;\">nell\u2019ambito dell\u2019illuminazione. In genere, al termine delle lezioni a distanza e delle eventuali esercitazioni si ottiene un attestato di frequenza; certamente questo non \u00e8 paragonabile ai titoli che si conseguono con i master e i corsi delle altre universit\u00e0 e istituzioni accreditate (che segnaliamo qui sotto), ma pu\u00f2 essere una buona infarinatura per chi deve supervisionare o valutare la bont\u00e0 di un progetto di lighting.<\/span><\/p>\t\t\t\t\t\t\t\t<\/div>\n\t\t\t\t<\/div>\n\t\t\t\t<div class=\"elementor-element elementor-element-48104c5 elementor-widget elementor-widget-text-editor\" data-id=\"48104c5\" data-element_type=\"widget\" data-e-type=\"widget\" data-widget_type=\"text-editor.default\">\n\t\t\t\t<div class=\"elementor-widget-container\">\n\t\t\t\t\t\t\t\t\t<h2>Master in Lighting Design &amp; Technology, Polimi, Milano<\/h2><p><span style=\"font-weight: 400;\">Giunto alla XXIV edizione, il <\/span><span style=\"text-decoration: underline;\"><a href=\"https:\/\/www.polidesign.net\/it\/formazione\/interior-design-and-architecture\/master--lighting-design-technology\/\" target=\"_blank\" rel=\"noopener\"><span style=\"font-weight: 400;\">Master in Lighting Design &amp; Technology del Politecnico di Milano<\/span><\/a><\/span><span style=\"font-weight: 400;\"> \u00e8 uno dei corsi post-laurea pi\u00f9 quotati in Italia. Diretto da Maurizio Rossi (il vicedirettore \u00e8 Andrea Siniscalco), \u00e8 aperto a 30 studenti ogni anno. Il percorso di 12 mesi ha l\u2019obiettivo di formare una figura professionale con\u00a0competenze avanzate\u00a0in <\/span><b>progetti illuminotecnici per gli interni, il<\/b><span style=\"font-weight: 400;\">\u00a0<\/span><b>retail<\/b><span style=\"font-weight: 400;\">\u00a0e\u00a0<\/span><b>l\u2019hospitality<\/b><span style=\"font-weight: 400;\"> attraverso un programma di <\/span><b>lezioni frontali e workshop<\/b><span style=\"font-weight: 400;\"> sui fondamenti teorici e metodologici del lighting design, project work con esercitazioni pratiche, <\/span><b>stage in aziende e studi<\/b><span style=\"font-weight: 400;\"> di progettazione dell\u2019illuminazione. Da fonti ufficiali,<\/span> <span style=\"font-weight: 400;\">l\u2019indice di occupazione dei partecipanti al master in lighting design di Polimi \u00e8 superiore al 90%.Il corso \u00e8 aperto ai candidati in possesso di una laurea (equivalente a una laurea triennale) conseguita con il vecchio o il nuovo <\/span><span style=\"font-weight: 400;\">sistema di istruzione o di una laurea magistrale (equivalente a una laurea magistrale) conseguita con il nuovo sistema di istruzione in architettura, ingegneria e design, nonch\u00e9 ai candidati in possesso di titoli equivalenti.<\/span><\/p>\t\t\t\t\t\t\t\t<\/div>\n\t\t\t\t<\/div>\n\t\t\t\t<div class=\"elementor-element elementor-element-6a332d1 elementor-widget elementor-widget-text-editor\" data-id=\"6a332d1\" data-element_type=\"widget\" data-e-type=\"widget\" data-widget_type=\"text-editor.default\">\n\t\t\t\t<div class=\"elementor-widget-container\">\n\t\t\t\t\t\t\t\t\t<h2>Master in Lighting Design: architettura, tecnologie, metaverso, La Sapienza, Roma<\/h2><p><span style=\"font-weight: 400;\">Un colloquio conoscitivo e un test d&#8217;ammissione sono gli step da superare per poter frequentare il <\/span><span style=\"text-decoration: underline;\"><a href=\"https:\/\/www.uniroma1.it\/it\/offerta-formativa\/master\/2025\/lighting-design-architettura-tecnologie-metaverso\" target=\"_blank\" rel=\"noopener\"><span style=\"font-weight: 400;\">Master in Lighting Design dell&#8217;universit\u00e0 La Sapienza<\/span><\/a><\/span><span style=\"font-weight: 400;\">. L&#8217;idea alla base del percorso formativo \u00e8 quella di creare una stretta <\/span><b>integrazione fra i diversi saperi dell&#8217;architetto, del designer e dell&#8217;ingegnere<\/b><span style=\"font-weight: 400;\">, per formare progettisti della luce e degli apparecchi d\u2019illuminazione. Il Master prevede <\/span><b>collaborazioni e scambi formativi<\/b><span style=\"font-weight: 400;\"> con altre universit\u00e0 italiane e straniere, con industrie ed enti, finalizzati all\u2019innovazione metodologica e tecnologica. Il corso ha durata annuale, il calendario formativo \u00e8 di una settimana al mese full time, escluso agosto. Possono partecipare coloro che sono in possesso di un titolo universitario appartenente ad una qualsiasi classe di laurea.<\/span><\/p>\t\t\t\t\t\t\t\t<\/div>\n\t\t\t\t<\/div>\n\t\t\t\t<div class=\"elementor-element elementor-element-756efdd elementor-widget elementor-widget-text-editor\" data-id=\"756efdd\" data-element_type=\"widget\" data-e-type=\"widget\" data-widget_type=\"text-editor.default\">\n\t\t\t\t<div class=\"elementor-widget-container\">\n\t\t\t\t\t\t\t\t\t<h2>Lighting design experience, IED, Milano<\/h2><p><span style=\"font-weight: 400;\">Sette mesi con frequenza serale a partire da gennaio per una formazione completa nel campo del lighting design, sia teorica che pratica, per comprendere il ruolo della luce e il suo potenziale espressivo nell&#8217;architettura e nella decorazione d&#8217;interni. Il corso <\/span><span style=\"text-decoration: underline;\"><a href=\"https:\/\/www.ied.edu\/courses\/milan\/specialization-courses\/lighting-design-experience\" target=\"_blank\" rel=\"noopener\"><span style=\"font-weight: 400;\">Lighting Design Experience dello IED<\/span><\/a><\/span><span style=\"font-weight: 400;\"> di Milano.<\/span><b> Il corso \u00e8 rivolto a professionisti<\/b><span style=\"font-weight: 400;\"> e designer che desiderano specializzarsi e valorizzare il proprio curriculum, <\/span><b>ma anche a neodiplomati e laureati <\/b><span style=\"font-weight: 400;\">che vogliono aumentare le proprie possibilit\u00e0 di accesso a studi professionali e aziende del settore. Tra i focus pi\u00f9 interessanti quello sulla sostenibilit\u00e0, il risparmio energetico e sul controllo dinamico attraverso sistemi elettronici o di automazione.<\/span><\/p>\t\t\t\t\t\t\t\t<\/div>\n\t\t\t\t<\/div>\n\t\t\t\t<div class=\"elementor-element elementor-element-a224bd0 elementor-widget elementor-widget-image\" data-id=\"a224bd0\" data-element_type=\"widget\" data-e-type=\"widget\" data-widget_type=\"image.default\">\n\t\t\t\t<div class=\"elementor-widget-container\">\n\t\t\t\t\t\t\t\t\t\t\t\t<figure class=\"wp-caption\">\n\t\t\t\t\t\t\t\t\t\t<img decoding=\"async\" width=\"800\" height=\"800\" src=\"https:\/\/www.atmosferamag.it\/wp-content\/uploads\/2025\/10\/Courtesy-Accademia-Teatro-della-Scala-1024x1024.jpg\" class=\"attachment-large size-large wp-image-41293\" alt=\"\" srcset=\"https:\/\/www.atmosferamag.it\/wp-content\/uploads\/2025\/10\/Courtesy-Accademia-Teatro-della-Scala-1024x1024.jpg 1024w, https:\/\/www.atmosferamag.it\/wp-content\/uploads\/2025\/10\/Courtesy-Accademia-Teatro-della-Scala-300x300.jpg 300w, https:\/\/www.atmosferamag.it\/wp-content\/uploads\/2025\/10\/Courtesy-Accademia-Teatro-della-Scala-150x150.jpg 150w, https:\/\/www.atmosferamag.it\/wp-content\/uploads\/2025\/10\/Courtesy-Accademia-Teatro-della-Scala-768x768.jpg 768w, https:\/\/www.atmosferamag.it\/wp-content\/uploads\/2025\/10\/Courtesy-Accademia-Teatro-della-Scala-500x500.jpg 500w, https:\/\/www.atmosferamag.it\/wp-content\/uploads\/2025\/10\/Courtesy-Accademia-Teatro-della-Scala.jpg 1200w\" sizes=\"(max-width: 800px) 100vw, 800px\" \/>\t\t\t\t\t\t\t\t\t\t\t<figcaption class=\"widget-image-caption wp-caption-text\">2. Ph. Courtesy of Accademia Teatro Alla Scala<\/figcaption>\n\t\t\t\t\t\t\t\t\t\t<\/figure>\n\t\t\t\t\t\t\t\t\t<\/div>\n\t\t\t\t<\/div>\n\t\t\t\t<div class=\"elementor-element elementor-element-cf9e3d1 elementor-widget elementor-widget-text-editor\" data-id=\"cf9e3d1\" data-element_type=\"widget\" data-e-type=\"widget\" data-widget_type=\"text-editor.default\">\n\t\t\t\t<div class=\"elementor-widget-container\">\n\t\t\t\t\t\t\t\t\t<h2>Corso per Lighting Designer, Accademia Alla Scala, Milano<\/h2><p><span style=\"font-weight: 400;\">Si concentra sul mondo dell\u2019entertainment, sulla <\/span><b>progettazione e gestione delle luci per spettacoli teatrali, televisivi, cinematografici e per tutte le altre tipologie di eventi<\/b><span style=\"font-weight: 400;\"> il <\/span><span style=\"text-decoration: underline;\"><a href=\"https:\/\/www.accademialascala.it\/palcoscenico\/corso-per-lighting-designer\" target=\"_blank\" rel=\"noopener\"><span style=\"font-weight: 400;\">Corso per Lighting Designer dell&#8217;Accademia Alla Scala di Milano<\/span><\/a><\/span><span style=\"font-weight: 400;\">. Diverse le esercitazioni pratiche previste, anche simulazioni di pratica di palcoscenico. Il programma didattico &#8211; arricchito dal <\/span><b>modulo Vectorworks<\/b><span style=\"font-weight: 400;\"> dedicato alla progettazione e realizzazione di piante luci &#8211; prevede anche un periodo di stage presso il Teatro alla Scala o altri teatri, festival ed enti che si occupano della produzione di spettacoli dal vivo. Per essere ammessi al corso \u00e8 necessario superare una prova scritta con verifica delle conoscenze illuminotecniche base, un colloquio individuale e un&#8217;analisi illuminotecnica di fotografie di scena.<\/span><\/p>\t\t\t\t\t\t\t\t<\/div>\n\t\t\t\t<\/div>\n\t\t\t\t\t<\/div>\n\t\t<\/div>\n\t\t\t\t\t<\/div>\n\t\t<\/section>\n\t\t\t\t<\/div>\n\t\t","protected":false},"excerpt":{"rendered":"<p>I corsi di lighting design pi\u00f9 quotati e i master post universitari per specializzarsi ad alto livello, a Milano e non solo.<\/p>\n","protected":false},"author":2,"featured_media":41288,"comment_status":"closed","ping_status":"closed","sticky":false,"template":"","format":"standard","meta":{"footnotes":""},"categories":[43],"tags":[],"class_list":["post-40929","post","type-post","status-publish","format-standard","has-post-thumbnail","hentry","category-highlights"],"yoast_head":"<!-- This site is optimized with the Yoast SEO plugin v26.0 - https:\/\/yoast.com\/wordpress\/plugins\/seo\/ -->\n<title>I migliori master in lighting design e i corsi di illuminotecnica in Italia | Atmosfera Mag<\/title>\n<meta name=\"description\" content=\"Scopri i corsi di illuminotecnica pi\u00f9 quotati e i master in lighting design per specializzarsi ad alto livello, a Milano e non solo.\" \/>\n<meta name=\"robots\" content=\"index, follow, max-snippet:-1, max-image-preview:large, max-video-preview:-1\" \/>\n<link rel=\"canonical\" href=\"https:\/\/www.atmosferamag.it\/it\/master-lighting-design-italia-milano-roma\/\" \/>\n<meta property=\"og:locale\" content=\"it_IT\" \/>\n<meta property=\"og:type\" content=\"article\" \/>\n<meta property=\"og:title\" content=\"I migliori master in lighting design e i corsi di illuminotecnica in Italia | Atmosfera Mag\" \/>\n<meta property=\"og:description\" content=\"Scopri i corsi di illuminotecnica pi\u00f9 quotati e i master in lighting design per specializzarsi ad alto livello, a Milano e non solo.\" \/>\n<meta property=\"og:url\" content=\"https:\/\/www.atmosferamag.it\/it\/master-lighting-design-italia-milano-roma\/\" \/>\n<meta property=\"og:site_name\" content=\"Atmosfera Mag\" \/>\n<meta property=\"article:publisher\" content=\"https:\/\/www.facebook.com\/people\/Atmosfera-Mag\/100086538670476\/\" \/>\n<meta property=\"article:published_time\" content=\"2025-10-27T08:25:33+00:00\" \/>\n<meta property=\"og:image\" content=\"https:\/\/www.atmosferamag.it\/wp-content\/uploads\/2025\/10\/Schermata-2025-10-27-alle-09.13.12.png\" \/>\n\t<meta property=\"og:image:width\" content=\"1002\" \/>\n\t<meta property=\"og:image:height\" content=\"820\" \/>\n\t<meta property=\"og:image:type\" content=\"image\/png\" \/>\n<meta name=\"author\" content=\"Redazione AtmosferaMag\" \/>\n<meta name=\"twitter:card\" content=\"summary_large_image\" \/>\n<meta name=\"twitter:label1\" content=\"Scritto da\" \/>\n\t<meta name=\"twitter:data1\" content=\"Redazione AtmosferaMag\" \/>\n\t<meta name=\"twitter:label2\" content=\"Tempo di lettura stimato\" \/>\n\t<meta name=\"twitter:data2\" content=\"5 minuti\" \/>\n<script type=\"application\/ld+json\" class=\"yoast-schema-graph\">{\"@context\":\"https:\/\/schema.org\",\"@graph\":[{\"@type\":\"Article\",\"@id\":\"https:\/\/www.atmosferamag.it\/it\/master-lighting-design-italia-milano-roma\/#article\",\"isPartOf\":{\"@id\":\"https:\/\/www.atmosferamag.it\/it\/master-lighting-design-italia-milano-roma\/\"},\"author\":{\"name\":\"Redazione AtmosferaMag\",\"@id\":\"https:\/\/www.atmosferamag.it\/it\/#\/schema\/person\/ab74a44bc124a0796815bc269e4939dc\"},\"headline\":\"I migliori master in lighting design e i corsi di illuminotecnica in Italia\",\"datePublished\":\"2025-10-27T08:25:33+00:00\",\"mainEntityOfPage\":{\"@id\":\"https:\/\/www.atmosferamag.it\/it\/master-lighting-design-italia-milano-roma\/\"},\"wordCount\":741,\"publisher\":{\"@id\":\"https:\/\/www.atmosferamag.it\/it\/#organization\"},\"image\":{\"@id\":\"https:\/\/www.atmosferamag.it\/it\/master-lighting-design-italia-milano-roma\/#primaryimage\"},\"thumbnailUrl\":\"https:\/\/www.atmosferamag.it\/wp-content\/uploads\/2025\/10\/Schermata-2025-10-27-alle-09.13.12.png\",\"articleSection\":[\"Highlights\"],\"inLanguage\":\"it-IT\"},{\"@type\":\"WebPage\",\"@id\":\"https:\/\/www.atmosferamag.it\/it\/master-lighting-design-italia-milano-roma\/\",\"url\":\"https:\/\/www.atmosferamag.it\/it\/master-lighting-design-italia-milano-roma\/\",\"name\":\"I migliori master in lighting design e i corsi di illuminotecnica in Italia | Atmosfera Mag\",\"isPartOf\":{\"@id\":\"https:\/\/www.atmosferamag.it\/it\/#website\"},\"primaryImageOfPage\":{\"@id\":\"https:\/\/www.atmosferamag.it\/it\/master-lighting-design-italia-milano-roma\/#primaryimage\"},\"image\":{\"@id\":\"https:\/\/www.atmosferamag.it\/it\/master-lighting-design-italia-milano-roma\/#primaryimage\"},\"thumbnailUrl\":\"https:\/\/www.atmosferamag.it\/wp-content\/uploads\/2025\/10\/Schermata-2025-10-27-alle-09.13.12.png\",\"datePublished\":\"2025-10-27T08:25:33+00:00\",\"description\":\"Scopri i corsi di illuminotecnica pi\u00f9 quotati e i master in lighting design per specializzarsi ad alto livello, a Milano e non solo.\",\"breadcrumb\":{\"@id\":\"https:\/\/www.atmosferamag.it\/it\/master-lighting-design-italia-milano-roma\/#breadcrumb\"},\"inLanguage\":\"it-IT\",\"potentialAction\":[{\"@type\":\"ReadAction\",\"target\":[\"https:\/\/www.atmosferamag.it\/it\/master-lighting-design-italia-milano-roma\/\"]}]},{\"@type\":\"ImageObject\",\"inLanguage\":\"it-IT\",\"@id\":\"https:\/\/www.atmosferamag.it\/it\/master-lighting-design-italia-milano-roma\/#primaryimage\",\"url\":\"https:\/\/www.atmosferamag.it\/wp-content\/uploads\/2025\/10\/Schermata-2025-10-27-alle-09.13.12.png\",\"contentUrl\":\"https:\/\/www.atmosferamag.it\/wp-content\/uploads\/2025\/10\/Schermata-2025-10-27-alle-09.13.12.png\",\"width\":1002,\"height\":820},{\"@type\":\"BreadcrumbList\",\"@id\":\"https:\/\/www.atmosferamag.it\/it\/master-lighting-design-italia-milano-roma\/#breadcrumb\",\"itemListElement\":[{\"@type\":\"ListItem\",\"position\":1,\"name\":\"Home\",\"item\":\"https:\/\/www.atmosferamag.it\/it\/\"},{\"@type\":\"ListItem\",\"position\":2,\"name\":\"I migliori master in lighting design e i corsi di illuminotecnica in Italia\"}]},{\"@type\":\"WebSite\",\"@id\":\"https:\/\/www.atmosferamag.it\/it\/#website\",\"url\":\"https:\/\/www.atmosferamag.it\/it\/\",\"name\":\"Atmosfera Mag\",\"description\":\"La luce in tutte le sue forme\",\"publisher\":{\"@id\":\"https:\/\/www.atmosferamag.it\/it\/#organization\"},\"potentialAction\":[{\"@type\":\"SearchAction\",\"target\":{\"@type\":\"EntryPoint\",\"urlTemplate\":\"https:\/\/www.atmosferamag.it\/it\/?s={search_term_string}\"},\"query-input\":{\"@type\":\"PropertyValueSpecification\",\"valueRequired\":true,\"valueName\":\"search_term_string\"}}],\"inLanguage\":\"it-IT\"},{\"@type\":\"Organization\",\"@id\":\"https:\/\/www.atmosferamag.it\/it\/#organization\",\"name\":\"Atmosfera Mag\",\"url\":\"https:\/\/www.atmosferamag.it\/it\/\",\"logo\":{\"@type\":\"ImageObject\",\"inLanguage\":\"it-IT\",\"@id\":\"https:\/\/www.atmosferamag.it\/it\/#\/schema\/logo\/image\/\",\"url\":\"https:\/\/www.atmosferamag.it\/wp-content\/uploads\/2022\/09\/titolo.png\",\"contentUrl\":\"https:\/\/www.atmosferamag.it\/wp-content\/uploads\/2022\/09\/titolo.png\",\"width\":2728,\"height\":406,\"caption\":\"Atmosfera Mag\"},\"image\":{\"@id\":\"https:\/\/www.atmosferamag.it\/it\/#\/schema\/logo\/image\/\"},\"sameAs\":[\"https:\/\/www.facebook.com\/people\/Atmosfera-Mag\/100086538670476\/\",\"https:\/\/www.instagram.com\/atmosferamag\/\",\"https:\/\/www.pinterest.it\/atmosfera_mag\/\"]},{\"@type\":\"Person\",\"@id\":\"https:\/\/www.atmosferamag.it\/it\/#\/schema\/person\/ab74a44bc124a0796815bc269e4939dc\",\"name\":\"Redazione AtmosferaMag\",\"image\":{\"@type\":\"ImageObject\",\"inLanguage\":\"it-IT\",\"@id\":\"https:\/\/www.atmosferamag.it\/it\/#\/schema\/person\/image\/\",\"url\":\"https:\/\/secure.gravatar.com\/avatar\/75c14bf3645779c6632cf8ba43a7dc0a35c55ddd31ef25cacf675d951cdd4015?s=96&d=mm&r=g\",\"contentUrl\":\"https:\/\/secure.gravatar.com\/avatar\/75c14bf3645779c6632cf8ba43a7dc0a35c55ddd31ef25cacf675d951cdd4015?s=96&d=mm&r=g\",\"caption\":\"Redazione AtmosferaMag\"},\"url\":\"https:\/\/www.atmosferamag.it\/it\/author\/4tm0sf3r4m4g\/\"}]}<\/script>\n<!-- \/ Yoast SEO plugin. -->","yoast_head_json":{"title":"I migliori master in lighting design e i corsi di illuminotecnica in Italia | Atmosfera Mag","description":"Scopri i corsi di illuminotecnica pi\u00f9 quotati e i master in lighting design per specializzarsi ad alto livello, a Milano e non solo.","robots":{"index":"index","follow":"follow","max-snippet":"max-snippet:-1","max-image-preview":"max-image-preview:large","max-video-preview":"max-video-preview:-1"},"canonical":"https:\/\/www.atmosferamag.it\/it\/master-lighting-design-italia-milano-roma\/","og_locale":"it_IT","og_type":"article","og_title":"I migliori master in lighting design e i corsi di illuminotecnica in Italia | Atmosfera Mag","og_description":"Scopri i corsi di illuminotecnica pi\u00f9 quotati e i master in lighting design per specializzarsi ad alto livello, a Milano e non solo.","og_url":"https:\/\/www.atmosferamag.it\/it\/master-lighting-design-italia-milano-roma\/","og_site_name":"Atmosfera Mag","article_publisher":"https:\/\/www.facebook.com\/people\/Atmosfera-Mag\/100086538670476\/","article_published_time":"2025-10-27T08:25:33+00:00","og_image":[{"width":1002,"height":820,"url":"https:\/\/www.atmosferamag.it\/wp-content\/uploads\/2025\/10\/Schermata-2025-10-27-alle-09.13.12.png","type":"image\/png"}],"author":"Redazione AtmosferaMag","twitter_card":"summary_large_image","twitter_misc":{"Scritto da":"Redazione AtmosferaMag","Tempo di lettura stimato":"5 minuti"},"schema":{"@context":"https:\/\/schema.org","@graph":[{"@type":"Article","@id":"https:\/\/www.atmosferamag.it\/it\/master-lighting-design-italia-milano-roma\/#article","isPartOf":{"@id":"https:\/\/www.atmosferamag.it\/it\/master-lighting-design-italia-milano-roma\/"},"author":{"name":"Redazione AtmosferaMag","@id":"https:\/\/www.atmosferamag.it\/it\/#\/schema\/person\/ab74a44bc124a0796815bc269e4939dc"},"headline":"I migliori master in lighting design e i corsi di illuminotecnica in Italia","datePublished":"2025-10-27T08:25:33+00:00","mainEntityOfPage":{"@id":"https:\/\/www.atmosferamag.it\/it\/master-lighting-design-italia-milano-roma\/"},"wordCount":741,"publisher":{"@id":"https:\/\/www.atmosferamag.it\/it\/#organization"},"image":{"@id":"https:\/\/www.atmosferamag.it\/it\/master-lighting-design-italia-milano-roma\/#primaryimage"},"thumbnailUrl":"https:\/\/www.atmosferamag.it\/wp-content\/uploads\/2025\/10\/Schermata-2025-10-27-alle-09.13.12.png","articleSection":["Highlights"],"inLanguage":"it-IT"},{"@type":"WebPage","@id":"https:\/\/www.atmosferamag.it\/it\/master-lighting-design-italia-milano-roma\/","url":"https:\/\/www.atmosferamag.it\/it\/master-lighting-design-italia-milano-roma\/","name":"I migliori master in lighting design e i corsi di illuminotecnica in Italia | Atmosfera Mag","isPartOf":{"@id":"https:\/\/www.atmosferamag.it\/it\/#website"},"primaryImageOfPage":{"@id":"https:\/\/www.atmosferamag.it\/it\/master-lighting-design-italia-milano-roma\/#primaryimage"},"image":{"@id":"https:\/\/www.atmosferamag.it\/it\/master-lighting-design-italia-milano-roma\/#primaryimage"},"thumbnailUrl":"https:\/\/www.atmosferamag.it\/wp-content\/uploads\/2025\/10\/Schermata-2025-10-27-alle-09.13.12.png","datePublished":"2025-10-27T08:25:33+00:00","description":"Scopri i corsi di illuminotecnica pi\u00f9 quotati e i master in lighting design per specializzarsi ad alto livello, a Milano e non solo.","breadcrumb":{"@id":"https:\/\/www.atmosferamag.it\/it\/master-lighting-design-italia-milano-roma\/#breadcrumb"},"inLanguage":"it-IT","potentialAction":[{"@type":"ReadAction","target":["https:\/\/www.atmosferamag.it\/it\/master-lighting-design-italia-milano-roma\/"]}]},{"@type":"ImageObject","inLanguage":"it-IT","@id":"https:\/\/www.atmosferamag.it\/it\/master-lighting-design-italia-milano-roma\/#primaryimage","url":"https:\/\/www.atmosferamag.it\/wp-content\/uploads\/2025\/10\/Schermata-2025-10-27-alle-09.13.12.png","contentUrl":"https:\/\/www.atmosferamag.it\/wp-content\/uploads\/2025\/10\/Schermata-2025-10-27-alle-09.13.12.png","width":1002,"height":820},{"@type":"BreadcrumbList","@id":"https:\/\/www.atmosferamag.it\/it\/master-lighting-design-italia-milano-roma\/#breadcrumb","itemListElement":[{"@type":"ListItem","position":1,"name":"Home","item":"https:\/\/www.atmosferamag.it\/it\/"},{"@type":"ListItem","position":2,"name":"I migliori master in lighting design e i corsi di illuminotecnica in Italia"}]},{"@type":"WebSite","@id":"https:\/\/www.atmosferamag.it\/it\/#website","url":"https:\/\/www.atmosferamag.it\/it\/","name":"Atmosfera Mag","description":"La luce in tutte le sue forme","publisher":{"@id":"https:\/\/www.atmosferamag.it\/it\/#organization"},"potentialAction":[{"@type":"SearchAction","target":{"@type":"EntryPoint","urlTemplate":"https:\/\/www.atmosferamag.it\/it\/?s={search_term_string}"},"query-input":{"@type":"PropertyValueSpecification","valueRequired":true,"valueName":"search_term_string"}}],"inLanguage":"it-IT"},{"@type":"Organization","@id":"https:\/\/www.atmosferamag.it\/it\/#organization","name":"Atmosfera Mag","url":"https:\/\/www.atmosferamag.it\/it\/","logo":{"@type":"ImageObject","inLanguage":"it-IT","@id":"https:\/\/www.atmosferamag.it\/it\/#\/schema\/logo\/image\/","url":"https:\/\/www.atmosferamag.it\/wp-content\/uploads\/2022\/09\/titolo.png","contentUrl":"https:\/\/www.atmosferamag.it\/wp-content\/uploads\/2022\/09\/titolo.png","width":2728,"height":406,"caption":"Atmosfera Mag"},"image":{"@id":"https:\/\/www.atmosferamag.it\/it\/#\/schema\/logo\/image\/"},"sameAs":["https:\/\/www.facebook.com\/people\/Atmosfera-Mag\/100086538670476\/","https:\/\/www.instagram.com\/atmosferamag\/","https:\/\/www.pinterest.it\/atmosfera_mag\/"]},{"@type":"Person","@id":"https:\/\/www.atmosferamag.it\/it\/#\/schema\/person\/ab74a44bc124a0796815bc269e4939dc","name":"Redazione AtmosferaMag","image":{"@type":"ImageObject","inLanguage":"it-IT","@id":"https:\/\/www.atmosferamag.it\/it\/#\/schema\/person\/image\/","url":"https:\/\/secure.gravatar.com\/avatar\/75c14bf3645779c6632cf8ba43a7dc0a35c55ddd31ef25cacf675d951cdd4015?s=96&d=mm&r=g","contentUrl":"https:\/\/secure.gravatar.com\/avatar\/75c14bf3645779c6632cf8ba43a7dc0a35c55ddd31ef25cacf675d951cdd4015?s=96&d=mm&r=g","caption":"Redazione AtmosferaMag"},"url":"https:\/\/www.atmosferamag.it\/it\/author\/4tm0sf3r4m4g\/"}]}},"_links":{"self":[{"href":"https:\/\/www.atmosferamag.it\/it\/wp-json\/wp\/v2\/posts\/40929","targetHints":{"allow":["GET"]}}],"collection":[{"href":"https:\/\/www.atmosferamag.it\/it\/wp-json\/wp\/v2\/posts"}],"about":[{"href":"https:\/\/www.atmosferamag.it\/it\/wp-json\/wp\/v2\/types\/post"}],"author":[{"embeddable":true,"href":"https:\/\/www.atmosferamag.it\/it\/wp-json\/wp\/v2\/users\/2"}],"replies":[{"embeddable":true,"href":"https:\/\/www.atmosferamag.it\/it\/wp-json\/wp\/v2\/comments?post=40929"}],"version-history":[{"count":9,"href":"https:\/\/www.atmosferamag.it\/it\/wp-json\/wp\/v2\/posts\/40929\/revisions"}],"predecessor-version":[{"id":41304,"href":"https:\/\/www.atmosferamag.it\/it\/wp-json\/wp\/v2\/posts\/40929\/revisions\/41304"}],"wp:featuredmedia":[{"embeddable":true,"href":"https:\/\/www.atmosferamag.it\/it\/wp-json\/wp\/v2\/media\/41288"}],"wp:attachment":[{"href":"https:\/\/www.atmosferamag.it\/it\/wp-json\/wp\/v2\/media?parent=40929"}],"wp:term":[{"taxonomy":"category","embeddable":true,"href":"https:\/\/www.atmosferamag.it\/it\/wp-json\/wp\/v2\/categories?post=40929"},{"taxonomy":"post_tag","embeddable":true,"href":"https:\/\/www.atmosferamag.it\/it\/wp-json\/wp\/v2\/tags?post=40929"}],"curies":[{"name":"wp","href":"https:\/\/api.w.org\/{rel}","templated":true}]}}