{"id":39686,"date":"2025-07-14T09:16:08","date_gmt":"2025-07-14T07:16:08","guid":{"rendered":"https:\/\/www.atmosferamag.it\/?p=39686"},"modified":"2025-07-14T09:24:52","modified_gmt":"2025-07-14T07:24:52","slug":"lampade-per-esterno-novita","status":"publish","type":"post","link":"https:\/\/www.atmosferamag.it\/it\/lampade-per-esterno-novita\/","title":{"rendered":"Lampade per esterno: 12 modelli per illuminare con stile giardini e terrazze"},"content":{"rendered":"\t\t<div data-elementor-type=\"wp-post\" data-elementor-id=\"39686\" class=\"elementor elementor-39686 elementor-39729\" data-elementor-post-type=\"post\">\n\t\t\t\t\t\t<section class=\"elementor-section elementor-top-section elementor-element elementor-element-136f018 elementor-section-boxed elementor-section-height-default elementor-section-height-default\" data-id=\"136f018\" data-element_type=\"section\" data-e-type=\"section\">\n\t\t\t\t\t\t<div class=\"elementor-container elementor-column-gap-default\">\n\t\t\t\t\t<div class=\"elementor-column elementor-col-100 elementor-top-column elementor-element elementor-element-6744b83\" data-id=\"6744b83\" data-element_type=\"column\" data-e-type=\"column\">\n\t\t\t<div class=\"elementor-widget-wrap elementor-element-populated\">\n\t\t\t\t\t\t<div class=\"elementor-element elementor-element-c55ec36 elementor-widget elementor-widget-text-editor\" data-id=\"c55ec36\" data-element_type=\"widget\" data-e-type=\"widget\" data-widget_type=\"text-editor.default\">\n\t\t\t\t<div class=\"elementor-widget-container\">\n\t\t\t\t\t\t\t\t\t<p><span style=\"font-weight: 400;\">C&#8217;era un tempo in cui erano solo i bollard con sfera trasparente e gli incassi segnapasso a definire i progetti di lighting per l&#8217;outdoor. Soluzioni classiche, che oggi si affiancano sempre pi\u00f9 spesso a lampade decorative e proposte divertenti, che aggiungono brio alle aiuole come ai terrazzi e ai patii domestici. Un&#8217;attenzione sempre crescente verso la sicurezza, unita alla voglia di sperimentare e, a casa, di vivere l&#8217;esterno come prolungamento dell&#8217;abitazione, ha portato a<\/span><b> una rapida evoluzione delle lampade outdoor e a un&#8217;apertura di molte pi\u00f9 aziende a questo segmento di mercato<\/b><span style=\"font-weight: 400;\">.<\/span><\/p>\t\t\t\t\t\t\t\t<\/div>\n\t\t\t\t<\/div>\n\t\t\t\t<div class=\"elementor-element elementor-element-5b9de03 elementor-widget elementor-widget-image\" data-id=\"5b9de03\" data-element_type=\"widget\" data-e-type=\"widget\" data-widget_type=\"image.default\">\n\t\t\t\t<div class=\"elementor-widget-container\">\n\t\t\t\t\t\t\t\t\t\t\t\t<figure class=\"wp-caption\">\n\t\t\t\t\t\t\t\t\t\t<img fetchpriority=\"high\" decoding=\"async\" width=\"800\" height=\"600\" src=\"https:\/\/www.atmosferamag.it\/wp-content\/uploads\/2025\/07\/01-Slamp-FOTO-COVER-1024x768.jpg\" class=\"attachment-large size-large wp-image-39691\" alt=\"\" srcset=\"https:\/\/www.atmosferamag.it\/wp-content\/uploads\/2025\/07\/01-Slamp-FOTO-COVER-1024x768.jpg 1024w, https:\/\/www.atmosferamag.it\/wp-content\/uploads\/2025\/07\/01-Slamp-FOTO-COVER-300x225.jpg 300w, https:\/\/www.atmosferamag.it\/wp-content\/uploads\/2025\/07\/01-Slamp-FOTO-COVER-768x576.jpg 768w, https:\/\/www.atmosferamag.it\/wp-content\/uploads\/2025\/07\/01-Slamp-FOTO-COVER-1536x1152.jpg 1536w, https:\/\/www.atmosferamag.it\/wp-content\/uploads\/2025\/07\/01-Slamp-FOTO-COVER-2048x1536.jpg 2048w\" sizes=\"(max-width: 800px) 100vw, 800px\" \/>\t\t\t\t\t\t\t\t\t\t\t<figcaption class=\"widget-image-caption wp-caption-text\">Slamp, Nuvem Outdoor<\/figcaption>\n\t\t\t\t\t\t\t\t\t\t<\/figure>\n\t\t\t\t\t\t\t\t\t<\/div>\n\t\t\t\t<\/div>\n\t\t\t\t<div class=\"elementor-element elementor-element-c066d32 elementor-widget elementor-widget-text-editor\" data-id=\"c066d32\" data-element_type=\"widget\" data-e-type=\"widget\" data-widget_type=\"text-editor.default\">\n\t\t\t\t<div class=\"elementor-widget-container\">\n\t\t\t\t\t\t\t\t\t<h2><span style=\"font-weight: 400;\">Lampade per esterno di design<\/span><\/h2><p><span style=\"font-weight: 400;\">Nel corso di questo 2025 tante le novit\u00e0 del settore, dalle proposte pi\u00f9 tecniche che diventano sempre pi\u00f9 minimaliste e &#8220;mimetiche&#8221; come i paletti sottilissimi Twig di <\/span><span style=\"text-decoration: underline;\"><a href=\"https:\/\/iltiluce.com\/it\/\" target=\"_blank\" rel=\"noopener\"><span style=\"font-weight: 400;\">ILTI Luce <\/span><\/a><\/span><span style=\"font-weight: 400;\">e il materico <\/span><i><span style=\"font-weight: 400;\">Pantarhei <\/span><\/i><span style=\"font-weight: 400;\">de <\/span><span style=\"text-decoration: underline;\"><a href=\"https:\/\/www.ilfanale.com\/\" target=\"_blank\" rel=\"noopener\"><span style=\"font-weight: 400;\">Il Fanale<\/span><\/a><\/span><span style=\"font-weight: 400;\">, alle piantane che arredano, su tutte <\/span><i><span style=\"font-weight: 400;\">Vea <\/span><\/i><span style=\"font-weight: 400;\">di <\/span><span style=\"text-decoration: underline;\"><a href=\"https:\/\/www.artemide.com\/it\/home\" target=\"_blank\" rel=\"noopener\"><span style=\"font-weight: 400;\">Artemide<\/span><\/a><\/span><span style=\"font-weight: 400;\"> e <\/span><i><span style=\"font-weight: 400;\">Ikonika <\/span><\/i><span style=\"font-weight: 400;\">di<\/span><a href=\"https:\/\/karmanitalia.it\/\" target=\"_blank\" rel=\"noopener\"><span style=\"font-weight: 400;\"><span style=\"text-decoration: underline;\"> Karman<\/span><\/span><\/a><span style=\"font-weight: 400;\">. Infine, strappano un sorriso le idee per lampade a paletto dalle forme curiose, come la calla <\/span><i><span style=\"font-weight: 400;\">Bloom <\/span><\/i><span style=\"font-weight: 400;\">di <\/span><span style=\"text-decoration: underline;\"><a href=\"https:\/\/contardi-italia.it\/\" target=\"_blank\" rel=\"noopener\"><span style=\"font-weight: 400;\">Contardi <\/span><\/a><\/span><span style=\"font-weight: 400;\">o il fungo<\/span><i><span style=\"font-weight: 400;\"> Kinno<\/span><\/i><span style=\"font-weight: 400;\"> di <\/span><a href=\"https:\/\/www.lodes.com\/?gad_source=1&amp;gad_campaignid=16638431483&amp;gbraid=0AAAAABxx9IAtJnL3IAueYtAIYnRpyhxRy&amp;gclid=Cj0KCQjwss3DBhC3ARIsALdgYxPqhmzhgHbqWQ1ewovUjUEHbnR-ZvCdMf_T9Wa-uLG6Sgi8l_K0uqsaAupWEALw_wcB\" target=\"_blank\" rel=\"noopener\"><span style=\"font-weight: 400;\">Lodes<\/span><\/a><span style=\"font-weight: 400;\">.<\/span><\/p>\t\t\t\t\t\t\t\t<\/div>\n\t\t\t\t<\/div>\n\t\t\t\t<section class=\"elementor-section elementor-inner-section elementor-element elementor-element-ee384ca elementor-section-boxed elementor-section-height-default elementor-section-height-default\" data-id=\"ee384ca\" data-element_type=\"section\" data-e-type=\"section\">\n\t\t\t\t\t\t<div class=\"elementor-container elementor-column-gap-no\">\n\t\t\t\t\t<div class=\"elementor-column elementor-col-50 elementor-inner-column elementor-element elementor-element-e9ba5f0\" data-id=\"e9ba5f0\" data-element_type=\"column\" data-e-type=\"column\">\n\t\t\t<div class=\"elementor-widget-wrap elementor-element-populated\">\n\t\t\t\t\t\t<div class=\"elementor-element elementor-element-554558f elementor-widget elementor-widget-image\" data-id=\"554558f\" data-element_type=\"widget\" data-e-type=\"widget\" data-widget_type=\"image.default\">\n\t\t\t\t<div class=\"elementor-widget-container\">\n\t\t\t\t\t\t\t\t\t\t\t\t<figure class=\"wp-caption\">\n\t\t\t\t\t\t\t\t\t\t<img decoding=\"async\" width=\"639\" height=\"1024\" src=\"https:\/\/www.atmosferamag.it\/wp-content\/uploads\/2025\/07\/01-Slamp-Nuvem-Outdoor_03_low-639x1024.jpg\" class=\"attachment-large size-large wp-image-39687\" alt=\"\" srcset=\"https:\/\/www.atmosferamag.it\/wp-content\/uploads\/2025\/07\/01-Slamp-Nuvem-Outdoor_03_low-639x1024.jpg 639w, https:\/\/www.atmosferamag.it\/wp-content\/uploads\/2025\/07\/01-Slamp-Nuvem-Outdoor_03_low-187x300.jpg 187w, https:\/\/www.atmosferamag.it\/wp-content\/uploads\/2025\/07\/01-Slamp-Nuvem-Outdoor_03_low-768x1231.jpg 768w, https:\/\/www.atmosferamag.it\/wp-content\/uploads\/2025\/07\/01-Slamp-Nuvem-Outdoor_03_low-958x1536.jpg 958w, https:\/\/www.atmosferamag.it\/wp-content\/uploads\/2025\/07\/01-Slamp-Nuvem-Outdoor_03_low-1277x2048.jpg 1277w, https:\/\/www.atmosferamag.it\/wp-content\/uploads\/2025\/07\/01-Slamp-Nuvem-Outdoor_03_low-scaled.jpg 1597w\" sizes=\"(max-width: 639px) 100vw, 639px\" \/>\t\t\t\t\t\t\t\t\t\t\t<figcaption class=\"widget-image-caption wp-caption-text\">1. Slamp, Nuvem Outdoor<\/figcaption>\n\t\t\t\t\t\t\t\t\t\t<\/figure>\n\t\t\t\t\t\t\t\t\t<\/div>\n\t\t\t\t<\/div>\n\t\t\t\t\t<\/div>\n\t\t<\/div>\n\t\t\t\t<div class=\"elementor-column elementor-col-50 elementor-inner-column elementor-element elementor-element-406de4b\" data-id=\"406de4b\" data-element_type=\"column\" data-e-type=\"column\">\n\t\t\t<div class=\"elementor-widget-wrap elementor-element-populated\">\n\t\t\t\t\t\t<div class=\"elementor-element elementor-element-86b8426 elementor-widget elementor-widget-text-editor\" data-id=\"86b8426\" data-element_type=\"widget\" data-e-type=\"widget\" data-widget_type=\"text-editor.default\">\n\t\t\t\t<div class=\"elementor-widget-container\">\n\t\t\t\t\t\t\t\t\t<h3>1. Slamp, Nuvem Outdoor<\/h3><p><span style=\"font-weight: 400;\">Disegnato da <\/span><b>Miguel Arruda <\/b><span style=\"font-weight: 400;\">per <\/span><a href=\"https:\/\/www.slamp.com\/it\" target=\"_blank\" rel=\"noopener\"><span style=\"font-weight: 400;\"><span style=\"text-decoration: underline;\">Slamp<\/span><\/span><\/a><span style=\"font-weight: 400;\">, questo sistema modulare \u00e8 un unicum nel mondo dell&#8217;illuminazione. La struttura in policarbonato bianco \u00e8 fatta di elementi esagonali da un metro quadrato ciascuno, che si uniscono tramite un sistema di connessioni che permette un\u2019espansione libera in tutte le direzioni.<\/span><i><span style=\"font-weight: 400;\"> Nuvem Outdoor<\/span><\/i><span style=\"font-weight: 400;\"> si pu\u00f2 fissare a parete, oppure pu\u00f2 creare pergole e tettoie, alternando segmenti senza luce ad altri luminosi, tutti alimentati da un unico punto elettrico grazie al sistema di derivazione. Trattandosi di un prodotto innovativo e personalizzabile, l&#8217;azienda offre un servizio di consulenza e progettazione, guidando i clienti nel processo di configurazione pi\u00f9 adatto alle\u00a0 caratteristiche del progetto e alle esigenze specifiche dello spazio.<\/span><\/p>\t\t\t\t\t\t\t\t<\/div>\n\t\t\t\t<\/div>\n\t\t\t\t\t<\/div>\n\t\t<\/div>\n\t\t\t\t\t<\/div>\n\t\t<\/section>\n\t\t\t\t<div class=\"elementor-element elementor-element-2ebfa67 elementor-widget elementor-widget-text-editor\" data-id=\"2ebfa67\" data-element_type=\"widget\" data-e-type=\"widget\" data-widget_type=\"text-editor.default\">\n\t\t\t\t<div class=\"elementor-widget-container\">\n\t\t\t\t\t\t\t\t\t<h3><span style=\"font-weight: 400;\">2. Martinelli Luce, Brim<\/span><\/h3><p><span style=\"font-weight: 400;\">Questa famiglia di lampade, che comprende applique e piantana a singola o doppia emissione, \u00e8 pensata per integrarsi in ogni contesto, naturale o architettonico. Ideale per illuminare vialetti e giardini in luoghi pubblici o privati, ha il corpo realizzato in alluminio pressofuso e la struttura in lamiera metallica piegata. Design<\/span><b> Andrea Steidl <\/b><span style=\"font-weight: 400;\">per <\/span><a href=\"https:\/\/martinelliluce.it\/it\/\" target=\"_blank\" rel=\"noopener\"><span style=\"font-weight: 400;\"><span style=\"text-decoration: underline;\">Martinelli Luce<\/span><\/span><\/a><span style=\"font-weight: 400;\">.<\/span><\/p>\t\t\t\t\t\t\t\t<\/div>\n\t\t\t\t<\/div>\n\t\t\t\t<div class=\"elementor-element elementor-element-8cbdc17 elementor-widget elementor-widget-image\" data-id=\"8cbdc17\" data-element_type=\"widget\" data-e-type=\"widget\" data-widget_type=\"image.default\">\n\t\t\t\t<div class=\"elementor-widget-container\">\n\t\t\t\t\t\t\t\t\t\t\t\t<figure class=\"wp-caption\">\n\t\t\t\t\t\t\t\t\t\t<img decoding=\"async\" width=\"800\" height=\"691\" src=\"https:\/\/www.atmosferamag.it\/wp-content\/uploads\/2025\/07\/02-MARTINELLI-LUCE_BRIM_ANDREA-STEIDL_RENDER_17-min-1024x884.jpg\" class=\"attachment-large size-large wp-image-39693\" alt=\"\" srcset=\"https:\/\/www.atmosferamag.it\/wp-content\/uploads\/2025\/07\/02-MARTINELLI-LUCE_BRIM_ANDREA-STEIDL_RENDER_17-min-1024x884.jpg 1024w, https:\/\/www.atmosferamag.it\/wp-content\/uploads\/2025\/07\/02-MARTINELLI-LUCE_BRIM_ANDREA-STEIDL_RENDER_17-min-300x259.jpg 300w, https:\/\/www.atmosferamag.it\/wp-content\/uploads\/2025\/07\/02-MARTINELLI-LUCE_BRIM_ANDREA-STEIDL_RENDER_17-min-768x663.jpg 768w, https:\/\/www.atmosferamag.it\/wp-content\/uploads\/2025\/07\/02-MARTINELLI-LUCE_BRIM_ANDREA-STEIDL_RENDER_17-min-1536x1326.jpg 1536w, https:\/\/www.atmosferamag.it\/wp-content\/uploads\/2025\/07\/02-MARTINELLI-LUCE_BRIM_ANDREA-STEIDL_RENDER_17-min-2048x1767.jpg 2048w\" sizes=\"(max-width: 800px) 100vw, 800px\" \/>\t\t\t\t\t\t\t\t\t\t\t<figcaption class=\"widget-image-caption wp-caption-text\">2. Martinelli Luce, Brim<\/figcaption>\n\t\t\t\t\t\t\t\t\t\t<\/figure>\n\t\t\t\t\t\t\t\t\t<\/div>\n\t\t\t\t<\/div>\n\t\t\t\t<section class=\"elementor-section elementor-inner-section elementor-element elementor-element-eb3e43e elementor-section-boxed elementor-section-height-default elementor-section-height-default\" data-id=\"eb3e43e\" data-element_type=\"section\" data-e-type=\"section\">\n\t\t\t\t\t\t<div class=\"elementor-container elementor-column-gap-no\">\n\t\t\t\t\t<div class=\"elementor-column elementor-col-50 elementor-inner-column elementor-element elementor-element-ef3a66d\" data-id=\"ef3a66d\" data-element_type=\"column\" data-e-type=\"column\">\n\t\t\t<div class=\"elementor-widget-wrap elementor-element-populated\">\n\t\t\t\t\t\t<div class=\"elementor-element elementor-element-8494fd0 elementor-widget elementor-widget-image\" data-id=\"8494fd0\" data-element_type=\"widget\" data-e-type=\"widget\" data-widget_type=\"image.default\">\n\t\t\t\t<div class=\"elementor-widget-container\">\n\t\t\t\t\t\t\t\t\t\t\t\t<figure class=\"wp-caption\">\n\t\t\t\t\t\t\t\t\t\t<img loading=\"lazy\" decoding=\"async\" width=\"683\" height=\"1024\" src=\"https:\/\/www.atmosferamag.it\/wp-content\/uploads\/2025\/07\/03-Platek_Astral-Trellis-min-683x1024.jpg\" class=\"attachment-large size-large wp-image-39695\" alt=\"\" srcset=\"https:\/\/www.atmosferamag.it\/wp-content\/uploads\/2025\/07\/03-Platek_Astral-Trellis-min-683x1024.jpg 683w, https:\/\/www.atmosferamag.it\/wp-content\/uploads\/2025\/07\/03-Platek_Astral-Trellis-min-200x300.jpg 200w, https:\/\/www.atmosferamag.it\/wp-content\/uploads\/2025\/07\/03-Platek_Astral-Trellis-min-768x1152.jpg 768w, https:\/\/www.atmosferamag.it\/wp-content\/uploads\/2025\/07\/03-Platek_Astral-Trellis-min-1024x1536.jpg 1024w\" sizes=\"(max-width: 683px) 100vw, 683px\" \/>\t\t\t\t\t\t\t\t\t\t\t<figcaption class=\"widget-image-caption wp-caption-text\">3. Platek, Astar Trellis<\/figcaption>\n\t\t\t\t\t\t\t\t\t\t<\/figure>\n\t\t\t\t\t\t\t\t\t<\/div>\n\t\t\t\t<\/div>\n\t\t\t\t\t<\/div>\n\t\t<\/div>\n\t\t\t\t<div class=\"elementor-column elementor-col-50 elementor-inner-column elementor-element elementor-element-d26b8f7\" data-id=\"d26b8f7\" data-element_type=\"column\" data-e-type=\"column\">\n\t\t\t<div class=\"elementor-widget-wrap elementor-element-populated\">\n\t\t\t\t\t\t<div class=\"elementor-element elementor-element-a4bcdde elementor-widget elementor-widget-text-editor\" data-id=\"a4bcdde\" data-element_type=\"widget\" data-e-type=\"widget\" data-widget_type=\"text-editor.default\">\n\t\t\t\t<div class=\"elementor-widget-container\">\n\t\t\t\t\t\t\t\t\t<h3><span style=\"font-weight: 400;\">3. Platek, Astar Trellis<\/span><\/h3><p><span style=\"font-weight: 400;\">Applique che rilegge l&#8217;archetipo della lanterna, la griglia proietta il suo pattern geometrico sulle pareti e le superfici vicine. Realizzata in acciaio inossidabile AISI 304 di altissima qualit\u00e0, \u00e8 disponibile anche in versione paletto e sospensione sempre a catalogo <\/span><span style=\"text-decoration: underline;\"><a href=\"https:\/\/www.platek.eu\/ita\/\" target=\"_blank\" rel=\"noopener\"><span style=\"font-weight: 400;\">Platek<\/span><\/a><\/span><span style=\"font-weight: 400;\">. Design di <\/span><b>Jan Van Lierd<\/b><span style=\"font-weight: 400;\"><strong>e<\/strong>.<\/span><\/p>\t\t\t\t\t\t\t\t<\/div>\n\t\t\t\t<\/div>\n\t\t\t\t\t<\/div>\n\t\t<\/div>\n\t\t\t\t\t<\/div>\n\t\t<\/section>\n\t\t\t\t<div class=\"elementor-element elementor-element-4cf1e87 elementor-widget elementor-widget-text-editor\" data-id=\"4cf1e87\" data-element_type=\"widget\" data-e-type=\"widget\" data-widget_type=\"text-editor.default\">\n\t\t\t\t<div class=\"elementor-widget-container\">\n\t\t\t\t\t\t\t\t\t<h3><span style=\"font-weight: 400;\">4. Karman, Ikonika<\/span><\/h3><p><span style=\"font-weight: 400;\">Da terra o a sospensione, \u00e8 composta da sottili steli metallici che danno vita a una struttura che lo sguardo attraversa con facilit\u00e0. Una gabbia romantica, disegnata da <\/span><b>Edmondo Testaguzza<\/b><span style=\"font-weight: 400;\">\u00a0e\u00a0<\/span><b>Matteo Ugolini<\/b><span style=\"font-weight: 400;\"> per <\/span><span style=\"text-decoration: underline;\"><a href=\"https:\/\/karmanitalia.it\/\" target=\"_blank\" rel=\"noopener\"><span style=\"font-weight: 400;\">Karman<\/span><\/a><\/span><span style=\"font-weight: 400;\">.<\/span><\/p>\t\t\t\t\t\t\t\t<\/div>\n\t\t\t\t<\/div>\n\t\t\t\t<div class=\"elementor-element elementor-element-c656b15 elementor-widget elementor-widget-image\" data-id=\"c656b15\" data-element_type=\"widget\" data-e-type=\"widget\" data-widget_type=\"image.default\">\n\t\t\t\t<div class=\"elementor-widget-container\">\n\t\t\t\t\t\t\t\t\t\t\t\t<figure class=\"wp-caption\">\n\t\t\t\t\t\t\t\t\t\t<img loading=\"lazy\" decoding=\"async\" width=\"800\" height=\"980\" src=\"https:\/\/www.atmosferamag.it\/wp-content\/uploads\/2025\/07\/04-Karman-ikonika-collection-2025-836x1024.webp\" class=\"attachment-large size-large wp-image-39697\" alt=\"\" srcset=\"https:\/\/www.atmosferamag.it\/wp-content\/uploads\/2025\/07\/04-Karman-ikonika-collection-2025-836x1024.webp 836w, https:\/\/www.atmosferamag.it\/wp-content\/uploads\/2025\/07\/04-Karman-ikonika-collection-2025-245x300.webp 245w, https:\/\/www.atmosferamag.it\/wp-content\/uploads\/2025\/07\/04-Karman-ikonika-collection-2025-768x941.webp 768w, https:\/\/www.atmosferamag.it\/wp-content\/uploads\/2025\/07\/04-Karman-ikonika-collection-2025.webp 1236w\" sizes=\"(max-width: 800px) 100vw, 800px\" \/>\t\t\t\t\t\t\t\t\t\t\t<figcaption class=\"widget-image-caption wp-caption-text\">4. Karman, Ikonika<\/figcaption>\n\t\t\t\t\t\t\t\t\t\t<\/figure>\n\t\t\t\t\t\t\t\t\t<\/div>\n\t\t\t\t<\/div>\n\t\t\t\t<section class=\"elementor-section elementor-inner-section elementor-element elementor-element-11c64bd elementor-section-boxed elementor-section-height-default elementor-section-height-default\" data-id=\"11c64bd\" data-element_type=\"section\" data-e-type=\"section\">\n\t\t\t\t\t\t<div class=\"elementor-container elementor-column-gap-no\">\n\t\t\t\t\t<div class=\"elementor-column elementor-col-50 elementor-inner-column elementor-element elementor-element-282bf65\" data-id=\"282bf65\" data-element_type=\"column\" data-e-type=\"column\">\n\t\t\t<div class=\"elementor-widget-wrap elementor-element-populated\">\n\t\t\t\t\t\t<div class=\"elementor-element elementor-element-77a22c9 elementor-widget elementor-widget-image\" data-id=\"77a22c9\" data-element_type=\"widget\" data-e-type=\"widget\" data-widget_type=\"image.default\">\n\t\t\t\t<div class=\"elementor-widget-container\">\n\t\t\t\t\t\t\t\t\t\t\t\t<figure class=\"wp-caption\">\n\t\t\t\t\t\t\t\t\t\t<img loading=\"lazy\" decoding=\"async\" width=\"800\" height=\"1000\" src=\"https:\/\/www.atmosferamag.it\/wp-content\/uploads\/2025\/07\/05-Artemide-Vea-min-819x1024.jpg\" class=\"attachment-large size-large wp-image-39699\" alt=\"\" srcset=\"https:\/\/www.atmosferamag.it\/wp-content\/uploads\/2025\/07\/05-Artemide-Vea-min-819x1024.jpg 819w, https:\/\/www.atmosferamag.it\/wp-content\/uploads\/2025\/07\/05-Artemide-Vea-min-240x300.jpg 240w, https:\/\/www.atmosferamag.it\/wp-content\/uploads\/2025\/07\/05-Artemide-Vea-min-768x960.jpg 768w, https:\/\/www.atmosferamag.it\/wp-content\/uploads\/2025\/07\/05-Artemide-Vea-min-1229x1536.jpg 1229w, https:\/\/www.atmosferamag.it\/wp-content\/uploads\/2025\/07\/05-Artemide-Vea-min-1638x2048.jpg 1638w, https:\/\/www.atmosferamag.it\/wp-content\/uploads\/2025\/07\/05-Artemide-Vea-min-scaled.jpg 2048w\" sizes=\"(max-width: 800px) 100vw, 800px\" \/>\t\t\t\t\t\t\t\t\t\t\t<figcaption class=\"widget-image-caption wp-caption-text\">5. Artemide, Vea<\/figcaption>\n\t\t\t\t\t\t\t\t\t\t<\/figure>\n\t\t\t\t\t\t\t\t\t<\/div>\n\t\t\t\t<\/div>\n\t\t\t\t\t<\/div>\n\t\t<\/div>\n\t\t\t\t<div class=\"elementor-column elementor-col-50 elementor-inner-column elementor-element elementor-element-864da5b\" data-id=\"864da5b\" data-element_type=\"column\" data-e-type=\"column\">\n\t\t\t<div class=\"elementor-widget-wrap elementor-element-populated\">\n\t\t\t\t\t\t<div class=\"elementor-element elementor-element-dde2e65 elementor-widget elementor-widget-text-editor\" data-id=\"dde2e65\" data-element_type=\"widget\" data-e-type=\"widget\" data-widget_type=\"text-editor.default\">\n\t\t\t\t<div class=\"elementor-widget-container\">\n\t\t\t\t\t\t\t\t\t<h3><span style=\"font-weight: 400;\">5. Artemide, Vea<\/span><\/h3><p><span style=\"font-weight: 400;\">Firmata da <\/span><span style=\"text-decoration: underline;\"><a href=\"https:\/\/fosterandpartnersindustrialdesign.com\/\" target=\"_blank\" rel=\"noopener\"><span style=\"font-weight: 400;\">Foster+Partners Industrial Design<\/span><\/a><\/span><span style=\"font-weight: 400;\">, Vea di <\/span><a href=\"https:\/\/www.artemide.com\/it\/home\" target=\"_blank\" rel=\"noopener\"><span style=\"font-weight: 400;\"><span style=\"text-decoration: underline;\">Artemide<\/span><\/span><\/a><span style=\"font-weight: 400;\"> \u00e8 un elemento slanciato, minimale ed elegante che combina un lungo e sottile stelo con un diffusore ad una base a V. <\/span><\/p><p><span style=\"font-weight: 400;\">Lo stelo <\/span><b>si pu\u00f2 inclinare di 30\u00b0 gradi<\/b><span style=\"font-weight: 400;\">, la testa conica abbraccia la sorgente evitando l&#8217;abbagliamento.<\/span><\/p>\t\t\t\t\t\t\t\t<\/div>\n\t\t\t\t<\/div>\n\t\t\t\t\t<\/div>\n\t\t<\/div>\n\t\t\t\t\t<\/div>\n\t\t<\/section>\n\t\t\t\t<div class=\"elementor-element elementor-element-17d24f9 elementor-widget elementor-widget-text-editor\" data-id=\"17d24f9\" data-element_type=\"widget\" data-e-type=\"widget\" data-widget_type=\"text-editor.default\">\n\t\t\t\t<div class=\"elementor-widget-container\">\n\t\t\t\t\t\t\t\t\t<h3><span style=\"font-weight: 400;\">6. ILTI Luce, Twig<\/span><\/h3><p><span style=\"font-weight: 400;\">Grazie al suo design essenziale e pulito, Twig di <\/span><a href=\"https:\/\/iltiluce.com\/it\/\" target=\"_blank\" rel=\"noopener\"><span style=\"font-weight: 400;\"><span style=\"text-decoration: underline;\">ILTI Luce<\/span><\/span><\/a><span style=\"font-weight: 400;\"> \u00e8 una sottile linea che termina con un punto luce, questa soluzione si integra con discrezione nello spazio, tra la vegetazione o al bordo dei vialetti.<\/span><\/p>\t\t\t\t\t\t\t\t<\/div>\n\t\t\t\t<\/div>\n\t\t\t\t<div class=\"elementor-element elementor-element-8599841 elementor-widget elementor-widget-image\" data-id=\"8599841\" data-element_type=\"widget\" data-e-type=\"widget\" data-widget_type=\"image.default\">\n\t\t\t\t<div class=\"elementor-widget-container\">\n\t\t\t\t\t\t\t\t\t\t\t\t<figure class=\"wp-caption\">\n\t\t\t\t\t\t\t\t\t\t<img loading=\"lazy\" decoding=\"async\" width=\"682\" height=\"1024\" src=\"https:\/\/www.atmosferamag.it\/wp-content\/uploads\/2025\/07\/06-ILTI-Luce_Twig-682x1024.jpg\" class=\"attachment-large size-large wp-image-39701\" alt=\"\" \/>\t\t\t\t\t\t\t\t\t\t\t<figcaption class=\"widget-image-caption wp-caption-text\">6. ILTI Luce, Twig<\/figcaption>\n\t\t\t\t\t\t\t\t\t\t<\/figure>\n\t\t\t\t\t\t\t\t\t<\/div>\n\t\t\t\t<\/div>\n\t\t\t\t<section class=\"elementor-section elementor-inner-section elementor-element elementor-element-25f521e elementor-section-boxed elementor-section-height-default elementor-section-height-default\" data-id=\"25f521e\" data-element_type=\"section\" data-e-type=\"section\">\n\t\t\t\t\t\t<div class=\"elementor-container elementor-column-gap-no\">\n\t\t\t\t\t<div class=\"elementor-column elementor-col-50 elementor-inner-column elementor-element elementor-element-6400e8b\" data-id=\"6400e8b\" data-element_type=\"column\" data-e-type=\"column\">\n\t\t\t<div class=\"elementor-widget-wrap elementor-element-populated\">\n\t\t\t\t\t\t<div class=\"elementor-element elementor-element-5b3b763 elementor-widget elementor-widget-image\" data-id=\"5b3b763\" data-element_type=\"widget\" data-e-type=\"widget\" data-widget_type=\"image.default\">\n\t\t\t\t<div class=\"elementor-widget-container\">\n\t\t\t\t\t\t\t\t\t\t\t\t<figure class=\"wp-caption\">\n\t\t\t\t\t\t\t\t\t\t<img loading=\"lazy\" decoding=\"async\" width=\"800\" height=\"942\" src=\"https:\/\/www.atmosferamag.it\/wp-content\/uploads\/2025\/07\/07-Contardi-Bloom-min-870x1024.jpg\" class=\"attachment-large size-large wp-image-39703\" alt=\"\" srcset=\"https:\/\/www.atmosferamag.it\/wp-content\/uploads\/2025\/07\/07-Contardi-Bloom-min-870x1024.jpg 870w, https:\/\/www.atmosferamag.it\/wp-content\/uploads\/2025\/07\/07-Contardi-Bloom-min-255x300.jpg 255w, https:\/\/www.atmosferamag.it\/wp-content\/uploads\/2025\/07\/07-Contardi-Bloom-min-768x904.jpg 768w, https:\/\/www.atmosferamag.it\/wp-content\/uploads\/2025\/07\/07-Contardi-Bloom-min-1306x1536.jpg 1306w, https:\/\/www.atmosferamag.it\/wp-content\/uploads\/2025\/07\/07-Contardi-Bloom-min-1741x2048.jpg 1741w\" sizes=\"(max-width: 800px) 100vw, 800px\" \/>\t\t\t\t\t\t\t\t\t\t\t<figcaption class=\"widget-image-caption wp-caption-text\">7. Contardi, Bloom<\/figcaption>\n\t\t\t\t\t\t\t\t\t\t<\/figure>\n\t\t\t\t\t\t\t\t\t<\/div>\n\t\t\t\t<\/div>\n\t\t\t\t\t<\/div>\n\t\t<\/div>\n\t\t\t\t<div class=\"elementor-column elementor-col-50 elementor-inner-column elementor-element elementor-element-02240e7\" data-id=\"02240e7\" data-element_type=\"column\" data-e-type=\"column\">\n\t\t\t<div class=\"elementor-widget-wrap elementor-element-populated\">\n\t\t\t\t\t\t<div class=\"elementor-element elementor-element-b129f5d elementor-widget elementor-widget-text-editor\" data-id=\"b129f5d\" data-element_type=\"widget\" data-e-type=\"widget\" data-widget_type=\"text-editor.default\">\n\t\t\t\t<div class=\"elementor-widget-container\">\n\t\t\t\t\t\t\t\t\t<h3><span style=\"font-weight: 400;\">7. Contardi, Bloom<\/span><\/h3><p><span style=\"font-weight: 400;\">Poetica oltre l&#8217;immaginabile, questa lampada a paletto da esterni si ispira alla forma della calla e, proprio come il fiore, \u00e8 pi\u00f9 bella se posizionata tra il verde. \u00abBloom \u00e8 una celebrazione della natura, frutto di un\u2019intuizione che nasce in una giornata invernale a Milano, dove il desiderio di evocare la bellezza della primavera e di trasformare gli spazi esterni in luoghi poetici e scenografici ha dato vita a questo progetto unico\u00bb racconta <\/span><b>Keith Pillow,<\/b><span style=\"font-weight: 400;\"> Founder e Creative Director di <\/span><span style=\"text-decoration: underline;\"><a href=\"https:\/\/daaahaus.com\/\" target=\"_blank\" rel=\"noopener\"><span style=\"font-weight: 400;\">DAAA Haus<\/span><\/a><\/span><span style=\"font-weight: 400;\"> che firma l&#8217;oggetto per <\/span><span style=\"text-decoration: underline;\"><a href=\"https:\/\/contardi-italia.it\/\" target=\"_blank\" rel=\"noopener\"><span style=\"font-weight: 400;\">Contardi<\/span><\/a><\/span><span style=\"font-weight: 400;\">. Il diffusore \u00e8 in silicone traslucido bianco, tagliato in modo da non trattenere l&#8217;acqua in caso di pioggia, mentre il corpo \u00e8 in alluminio verniciato verde.<\/span><\/p>\t\t\t\t\t\t\t\t<\/div>\n\t\t\t\t<\/div>\n\t\t\t\t\t<\/div>\n\t\t<\/div>\n\t\t\t\t\t<\/div>\n\t\t<\/section>\n\t\t\t\t<section class=\"elementor-section elementor-inner-section elementor-element elementor-element-398e065 elementor-section-boxed elementor-section-height-default elementor-section-height-default\" data-id=\"398e065\" data-element_type=\"section\" data-e-type=\"section\">\n\t\t\t\t\t\t<div class=\"elementor-container elementor-column-gap-no\">\n\t\t\t\t\t<div class=\"elementor-column elementor-col-50 elementor-inner-column elementor-element elementor-element-933954d\" data-id=\"933954d\" data-element_type=\"column\" data-e-type=\"column\">\n\t\t\t<div class=\"elementor-widget-wrap elementor-element-populated\">\n\t\t\t\t\t\t<div class=\"elementor-element elementor-element-f0f4f8b elementor-widget elementor-widget-image\" data-id=\"f0f4f8b\" data-element_type=\"widget\" data-e-type=\"widget\" data-widget_type=\"image.default\">\n\t\t\t\t<div class=\"elementor-widget-container\">\n\t\t\t\t\t\t\t\t\t\t\t\t<figure class=\"wp-caption\">\n\t\t\t\t\t\t\t\t\t\t<img loading=\"lazy\" decoding=\"async\" width=\"800\" height=\"1000\" src=\"https:\/\/www.atmosferamag.it\/wp-content\/uploads\/2025\/07\/08-Lodes-Kinno-2-min-819x1024.jpg\" class=\"attachment-large size-large wp-image-39705\" alt=\"\" srcset=\"https:\/\/www.atmosferamag.it\/wp-content\/uploads\/2025\/07\/08-Lodes-Kinno-2-min-819x1024.jpg 819w, https:\/\/www.atmosferamag.it\/wp-content\/uploads\/2025\/07\/08-Lodes-Kinno-2-min-240x300.jpg 240w, https:\/\/www.atmosferamag.it\/wp-content\/uploads\/2025\/07\/08-Lodes-Kinno-2-min-768x960.jpg 768w, https:\/\/www.atmosferamag.it\/wp-content\/uploads\/2025\/07\/08-Lodes-Kinno-2-min-1229x1536.jpg 1229w, https:\/\/www.atmosferamag.it\/wp-content\/uploads\/2025\/07\/08-Lodes-Kinno-2-min-1638x2048.jpg 1638w, https:\/\/www.atmosferamag.it\/wp-content\/uploads\/2025\/07\/08-Lodes-Kinno-2-min-scaled.jpg 2048w\" sizes=\"(max-width: 800px) 100vw, 800px\" \/>\t\t\t\t\t\t\t\t\t\t\t<figcaption class=\"widget-image-caption wp-caption-text\">8. Lodes, Kinno<\/figcaption>\n\t\t\t\t\t\t\t\t\t\t<\/figure>\n\t\t\t\t\t\t\t\t\t<\/div>\n\t\t\t\t<\/div>\n\t\t\t\t\t<\/div>\n\t\t<\/div>\n\t\t\t\t<div class=\"elementor-column elementor-col-50 elementor-inner-column elementor-element elementor-element-40e1224\" data-id=\"40e1224\" data-element_type=\"column\" data-e-type=\"column\">\n\t\t\t<div class=\"elementor-widget-wrap elementor-element-populated\">\n\t\t\t\t\t\t<div class=\"elementor-element elementor-element-b8c29c1 elementor-widget elementor-widget-text-editor\" data-id=\"b8c29c1\" data-element_type=\"widget\" data-e-type=\"widget\" data-widget_type=\"text-editor.default\">\n\t\t\t\t<div class=\"elementor-widget-container\">\n\t\t\t\t\t\t\t\t\t<h3><span style=\"font-weight: 400;\">8. Lodes, Kinno<\/span><\/h3><p><span style=\"font-weight: 400;\">Il brand veneto <\/span><a href=\"https:\/\/www.lodes.com\/\" target=\"_blank\" rel=\"noopener\"><span style=\"font-weight: 400;\"><span style=\"text-decoration: underline;\">Lodes<\/span><\/span><\/a><span style=\"font-weight: 400;\"> si apre al mondo dell&#8217;illuminazione outdoor, con una collezione completa lanciata in anteprima assoluta durante l&#8217;<\/span><span style=\"text-decoration: underline;\"><a href=\"https:\/\/www.atmosferamag.it\/it\/euroluce-2025-lighting-5-progetti-sostenibili\/\" target=\"_blank\" rel=\"noopener\"><span style=\"font-weight: 400;\">ultima edizione di Euroluce<\/span><\/a><\/span><span style=\"font-weight: 400;\">. Il nuovo catalogo si distingue per la sua versatilit\u00e0 e la capacit\u00e0 di adattarsi a molteplici contesti: terrazze, pergole, giardini, <\/span><span style=\"font-weight: 400;\">sistemi ombreggianti e anche elementi architettonici come giardini verticali. Tra le proposte sorprende <\/span><i><span style=\"font-weight: 400;\">Kinno <\/span><\/i><span style=\"font-weight: 400;\">di<\/span><b> Patrick Norguet<\/b><span style=\"font-weight: 400;\">, un bollard che richiama la silhouette di un fungo.<\/span><\/p>\t\t\t\t\t\t\t\t<\/div>\n\t\t\t\t<\/div>\n\t\t\t\t\t<\/div>\n\t\t<\/div>\n\t\t\t\t\t<\/div>\n\t\t<\/section>\n\t\t\t\t<div class=\"elementor-element elementor-element-147ff30 elementor-widget elementor-widget-text-editor\" data-id=\"147ff30\" data-element_type=\"widget\" data-e-type=\"widget\" data-widget_type=\"text-editor.default\">\n\t\t\t\t<div class=\"elementor-widget-container\">\n\t\t\t\t\t\t\t\t\t<h3><span style=\"font-weight: 400;\">9. Oluce, Lyndon<\/span><\/h3><p><span style=\"font-weight: 400;\">Concepita da<\/span><b> Vico Magistretti <\/b><span style=\"font-weight: 400;\">nel 1977 e ora editata dall&#8217;azienda <\/span><a href=\"https:\/\/www.oluce.com\/\" target=\"_blank\" rel=\"noopener\"><span style=\"font-weight: 400;\"><span style=\"text-decoration: underline;\">Oluce<\/span><\/span><\/a><span style=\"font-weight: 400;\">, viene rivisitata nei tre modelli da terra, parete e tavolo (novit\u00e0 assoluta) per gli ambienti outdoor. La struttura \u00e8 in metallo, la sfera in policarbonato trasparente. Due i colori a catalogo: nero e avorio, entrambi senza tempo.<\/span><\/p>\t\t\t\t\t\t\t\t<\/div>\n\t\t\t\t<\/div>\n\t\t\t\t<div class=\"elementor-element elementor-element-77d5166 elementor-widget elementor-widget-image\" data-id=\"77d5166\" data-element_type=\"widget\" data-e-type=\"widget\" data-widget_type=\"image.default\">\n\t\t\t\t<div class=\"elementor-widget-container\">\n\t\t\t\t\t\t\t\t\t\t\t\t<figure class=\"wp-caption\">\n\t\t\t\t\t\t\t\t\t\t<img loading=\"lazy\" decoding=\"async\" width=\"800\" height=\"727\" src=\"https:\/\/www.atmosferamag.it\/wp-content\/uploads\/2025\/07\/09-Oluce-Lyndon-1-min-scaled-e1752476923953-1024x931.jpg\" class=\"attachment-large size-large wp-image-39707\" alt=\"\" srcset=\"https:\/\/www.atmosferamag.it\/wp-content\/uploads\/2025\/07\/09-Oluce-Lyndon-1-min-scaled-e1752476923953-1024x931.jpg 1024w, https:\/\/www.atmosferamag.it\/wp-content\/uploads\/2025\/07\/09-Oluce-Lyndon-1-min-scaled-e1752476923953-300x273.jpg 300w, https:\/\/www.atmosferamag.it\/wp-content\/uploads\/2025\/07\/09-Oluce-Lyndon-1-min-scaled-e1752476923953-768x698.jpg 768w, https:\/\/www.atmosferamag.it\/wp-content\/uploads\/2025\/07\/09-Oluce-Lyndon-1-min-scaled-e1752476923953-1536x1396.jpg 1536w, https:\/\/www.atmosferamag.it\/wp-content\/uploads\/2025\/07\/09-Oluce-Lyndon-1-min-scaled-e1752476923953.jpg 1991w\" sizes=\"(max-width: 800px) 100vw, 800px\" \/>\t\t\t\t\t\t\t\t\t\t\t<figcaption class=\"widget-image-caption wp-caption-text\">9. Oluce, Lyndon<\/figcaption>\n\t\t\t\t\t\t\t\t\t\t<\/figure>\n\t\t\t\t\t\t\t\t\t<\/div>\n\t\t\t\t<\/div>\n\t\t\t\t<section class=\"elementor-section elementor-inner-section elementor-element elementor-element-c2753e1 elementor-section-boxed elementor-section-height-default elementor-section-height-default\" data-id=\"c2753e1\" data-element_type=\"section\" data-e-type=\"section\">\n\t\t\t\t\t\t<div class=\"elementor-container elementor-column-gap-no\">\n\t\t\t\t\t<div class=\"elementor-column elementor-col-50 elementor-inner-column elementor-element elementor-element-a1539d1\" data-id=\"a1539d1\" data-element_type=\"column\" data-e-type=\"column\">\n\t\t\t<div class=\"elementor-widget-wrap elementor-element-populated\">\n\t\t\t\t\t\t<div class=\"elementor-element elementor-element-98ae9df elementor-widget elementor-widget-image\" data-id=\"98ae9df\" data-element_type=\"widget\" data-e-type=\"widget\" data-widget_type=\"image.default\">\n\t\t\t\t<div class=\"elementor-widget-container\">\n\t\t\t\t\t\t\t\t\t\t\t\t<figure class=\"wp-caption\">\n\t\t\t\t\t\t\t\t\t\t<img loading=\"lazy\" decoding=\"async\" width=\"800\" height=\"971\" src=\"https:\/\/www.atmosferamag.it\/wp-content\/uploads\/2025\/07\/10-Il-Fanale_PANTARHEI_330.11_paletto_H80_ciambella-scaled-e1752477013737-844x1024.jpg\" class=\"attachment-large size-large wp-image-39711\" alt=\"\" srcset=\"https:\/\/www.atmosferamag.it\/wp-content\/uploads\/2025\/07\/10-Il-Fanale_PANTARHEI_330.11_paletto_H80_ciambella-scaled-e1752477013737-844x1024.jpg 844w, https:\/\/www.atmosferamag.it\/wp-content\/uploads\/2025\/07\/10-Il-Fanale_PANTARHEI_330.11_paletto_H80_ciambella-scaled-e1752477013737-247x300.jpg 247w, https:\/\/www.atmosferamag.it\/wp-content\/uploads\/2025\/07\/10-Il-Fanale_PANTARHEI_330.11_paletto_H80_ciambella-scaled-e1752477013737-768x932.jpg 768w, https:\/\/www.atmosferamag.it\/wp-content\/uploads\/2025\/07\/10-Il-Fanale_PANTARHEI_330.11_paletto_H80_ciambella-scaled-e1752477013737-1266x1536.jpg 1266w, https:\/\/www.atmosferamag.it\/wp-content\/uploads\/2025\/07\/10-Il-Fanale_PANTARHEI_330.11_paletto_H80_ciambella-scaled-e1752477013737.jpg 1673w\" sizes=\"(max-width: 800px) 100vw, 800px\" \/>\t\t\t\t\t\t\t\t\t\t\t<figcaption class=\"widget-image-caption wp-caption-text\">10. Il Fanale, Pantarhei<\/figcaption>\n\t\t\t\t\t\t\t\t\t\t<\/figure>\n\t\t\t\t\t\t\t\t\t<\/div>\n\t\t\t\t<\/div>\n\t\t\t\t\t<\/div>\n\t\t<\/div>\n\t\t\t\t<div class=\"elementor-column elementor-col-50 elementor-inner-column elementor-element elementor-element-f18dcb9\" data-id=\"f18dcb9\" data-element_type=\"column\" data-e-type=\"column\">\n\t\t\t<div class=\"elementor-widget-wrap elementor-element-populated\">\n\t\t\t\t\t\t<div class=\"elementor-element elementor-element-83ebf1d elementor-widget elementor-widget-text-editor\" data-id=\"83ebf1d\" data-element_type=\"widget\" data-e-type=\"widget\" data-widget_type=\"text-editor.default\">\n\t\t\t\t<div class=\"elementor-widget-container\">\n\t\t\t\t\t\t\t\t\t<h3><span style=\"font-weight: 400;\">10. Il Fanale, Pantarhei<\/span><\/h3><p><span style=\"font-weight: 400;\">Lampada in terracotta e cemento, con calotta a forma di ciambella. Nell&#8217;idea dei progettisti di <\/span><a href=\"https:\/\/www.pierattelliarchitetture.com\/\" target=\"_blank\" rel=\"noopener\"><span style=\"font-weight: 400;\"><span style=\"text-decoration: underline;\">Pierattelli Architetture<\/span><\/span><\/a><span style=\"font-weight: 400;\">, la texture naturale e ricercatamente imperfetta <\/span><b>si mimetizza tra le sfumature della vegetazione<\/b><span style=\"font-weight: 400;\">, come se fosse sempre appartenuta al paesaggio. La collezione de <\/span><span style=\"text-decoration: underline;\"><a href=\"https:\/\/www.ilfanale.com\/\" target=\"_blank\" rel=\"noopener\"><span style=\"font-weight: 400;\">Il Fanale<\/span><\/a><\/span><span style=\"font-weight: 400;\"> include anche una lampada da tavolo ricaricabile pensata per ambienti outdoor e indoor.<\/span><\/p>\t\t\t\t\t\t\t\t<\/div>\n\t\t\t\t<\/div>\n\t\t\t\t\t<\/div>\n\t\t<\/div>\n\t\t\t\t\t<\/div>\n\t\t<\/section>\n\t\t\t\t<section class=\"elementor-section elementor-inner-section elementor-element elementor-element-3a54aea elementor-section-boxed elementor-section-height-default elementor-section-height-default\" data-id=\"3a54aea\" data-element_type=\"section\" data-e-type=\"section\">\n\t\t\t\t\t\t<div class=\"elementor-container elementor-column-gap-no\">\n\t\t\t\t\t<div class=\"elementor-column elementor-col-50 elementor-inner-column elementor-element elementor-element-e24112c\" data-id=\"e24112c\" data-element_type=\"column\" data-e-type=\"column\">\n\t\t\t<div class=\"elementor-widget-wrap elementor-element-populated\">\n\t\t\t\t\t\t<div class=\"elementor-element elementor-element-750df75 elementor-widget elementor-widget-image\" data-id=\"750df75\" data-element_type=\"widget\" data-e-type=\"widget\" data-widget_type=\"image.default\">\n\t\t\t\t<div class=\"elementor-widget-container\">\n\t\t\t\t\t\t\t\t\t\t\t\t<figure class=\"wp-caption\">\n\t\t\t\t\t\t\t\t\t\t<img loading=\"lazy\" decoding=\"async\" width=\"800\" height=\"800\" src=\"https:\/\/www.atmosferamag.it\/wp-content\/uploads\/2025\/07\/11-SLIDE_BananaLeaf_Marcantonio_accesa-frontale-min.jpg\" class=\"attachment-large size-large wp-image-39713\" alt=\"\" \/>\t\t\t\t\t\t\t\t\t\t\t<figcaption class=\"widget-image-caption wp-caption-text\">11. Slide, Banana Leaf<\/figcaption>\n\t\t\t\t\t\t\t\t\t\t<\/figure>\n\t\t\t\t\t\t\t\t\t<\/div>\n\t\t\t\t<\/div>\n\t\t\t\t\t<\/div>\n\t\t<\/div>\n\t\t\t\t<div class=\"elementor-column elementor-col-50 elementor-inner-column elementor-element elementor-element-5521298\" data-id=\"5521298\" data-element_type=\"column\" data-e-type=\"column\">\n\t\t\t<div class=\"elementor-widget-wrap elementor-element-populated\">\n\t\t\t\t\t\t<div class=\"elementor-element elementor-element-3dcefc3 elementor-widget elementor-widget-text-editor\" data-id=\"3dcefc3\" data-element_type=\"widget\" data-e-type=\"widget\" data-widget_type=\"text-editor.default\">\n\t\t\t\t<div class=\"elementor-widget-container\">\n\t\t\t\t\t\t\t\t\t<h3><span style=\"font-weight: 400;\">11. Slide, Banana Leaf<\/span><\/h3><p><span style=\"font-weight: 400;\">Disegnata dall&#8217;irriverente <\/span><b>Marcantonio <\/b><span style=\"font-weight: 400;\">per<\/span><span style=\"text-decoration: underline;\"><a href=\"https:\/\/www.slidedesign.it\/?srsltid=AfmBOoqjDsM0TnjcMqiDUj3y8S46tGFFvK07hNVcAoSYtzHZgzu5A4Fh\" target=\"_blank\" rel=\"noopener\"><span style=\"font-weight: 400;\"> Slide<\/span><\/a><\/span><span style=\"font-weight: 400;\">, questa foglia di grandi dimensioni si accende per dare un tocco tropicale agli spazi esterni. Da usare singolarmente oppure in infinite possibilit\u00e0 di composizione, anche sospesa su cavi. <\/span><\/p><p><i><span style=\"font-weight: 400;\">Banana Leaf<\/span><\/i><span style=\"font-weight: 400;\"> \u00e8 disponibile anche nella versione applique o come complemento decorativo colorato e non luminoso.<\/span><\/p>\t\t\t\t\t\t\t\t<\/div>\n\t\t\t\t<\/div>\n\t\t\t\t\t<\/div>\n\t\t<\/div>\n\t\t\t\t\t<\/div>\n\t\t<\/section>\n\t\t\t\t<div class=\"elementor-element elementor-element-2cbcf33 elementor-widget elementor-widget-text-editor\" data-id=\"2cbcf33\" data-element_type=\"widget\" data-e-type=\"widget\" data-widget_type=\"text-editor.default\">\n\t\t\t\t<div class=\"elementor-widget-container\">\n\t\t\t\t\t\t\t\t\t<h3><span style=\"font-weight: 400;\">12. Karman, Minuit<\/span><\/h3><p><span style=\"font-weight: 400;\">Sottili steli lanciati con testa luminosa, da &#8220;piantare&#8221; tra aiuole nel verde o nei vasi di un terrazzo. Ispirata alla semplicit\u00e0 naturale dei fiori selvatici, offre un\u2019illuminazione diffusa e soffusa.\u00a0<\/span><\/p>\t\t\t\t\t\t\t\t<\/div>\n\t\t\t\t<\/div>\n\t\t\t\t<div class=\"elementor-element elementor-element-654e1da elementor-widget elementor-widget-image\" data-id=\"654e1da\" data-element_type=\"widget\" data-e-type=\"widget\" data-widget_type=\"image.default\">\n\t\t\t\t<div class=\"elementor-widget-container\">\n\t\t\t\t\t\t\t\t\t\t\t\t<figure class=\"wp-caption\">\n\t\t\t\t\t\t\t\t\t\t<img loading=\"lazy\" decoding=\"async\" width=\"731\" height=\"1024\" src=\"https:\/\/www.atmosferamag.it\/wp-content\/uploads\/2025\/07\/12-KAR_Minuit_M03_CL-min-731x1024.png\" class=\"attachment-large size-large wp-image-39717\" alt=\"\" srcset=\"https:\/\/www.atmosferamag.it\/wp-content\/uploads\/2025\/07\/12-KAR_Minuit_M03_CL-min-731x1024.png 731w, https:\/\/www.atmosferamag.it\/wp-content\/uploads\/2025\/07\/12-KAR_Minuit_M03_CL-min-214x300.png 214w, https:\/\/www.atmosferamag.it\/wp-content\/uploads\/2025\/07\/12-KAR_Minuit_M03_CL-min-768x1075.png 768w, https:\/\/www.atmosferamag.it\/wp-content\/uploads\/2025\/07\/12-KAR_Minuit_M03_CL-min.png 1074w\" sizes=\"(max-width: 731px) 100vw, 731px\" \/>\t\t\t\t\t\t\t\t\t\t\t<figcaption class=\"widget-image-caption wp-caption-text\">12. Karman, Minuit<\/figcaption>\n\t\t\t\t\t\t\t\t\t\t<\/figure>\n\t\t\t\t\t\t\t\t\t<\/div>\n\t\t\t\t<\/div>\n\t\t\t\t<div class=\"elementor-element elementor-element-c08cef1 elementor-widget elementor-widget-text-editor\" data-id=\"c08cef1\" data-element_type=\"widget\" data-e-type=\"widget\" data-widget_type=\"text-editor.default\">\n\t\t\t\t<div class=\"elementor-widget-container\">\n\t\t\t\t\t\t\t\t\t<p><span style=\"font-weight: 400;\">Design di <\/span><b>Edmondo Testaguzza <\/b><span style=\"font-weight: 400;\">e <\/span><b>Matteo Ugolini <\/b><span style=\"font-weight: 400;\">per<\/span><a href=\"https:\/\/karmanitalia.it\/\" target=\"_blank\" rel=\"noopener\"><span style=\"font-weight: 400;\"><span style=\"text-decoration: underline;\"> Karman<\/span><\/span><\/a><span style=\"font-weight: 400;\">.<\/span><\/p>\t\t\t\t\t\t\t\t<\/div>\n\t\t\t\t<\/div>\n\t\t\t\t\t<\/div>\n\t\t<\/div>\n\t\t\t\t\t<\/div>\n\t\t<\/section>\n\t\t\t\t<\/div>\n\t\t","protected":false},"excerpt":{"rendered":"<p>Dalle soluzioni minimaliste pensate per sparire nel verde a lampade di design che diventano protagoniste, passando per luci-fiore a strutture illuminanti da costruire su scala architettonica. 10 prodotti che ridefiniscono il concetto di lampada outdoor.<\/p>\n","protected":false},"author":2,"featured_media":39715,"comment_status":"closed","ping_status":"closed","sticky":false,"template":"","format":"standard","meta":{"footnotes":""},"categories":[40],"tags":[],"class_list":["post-39686","post","type-post","status-publish","format-standard","has-post-thumbnail","hentry","category-style"],"yoast_head":"<!-- This site is optimized with the Yoast SEO plugin v26.0 - https:\/\/yoast.com\/wordpress\/plugins\/seo\/ -->\n<title>Lampade per esterno: 12 novit\u00e0 di design | Atmosfera Mag<\/title>\n<meta name=\"description\" content=\"Paletti, luci decorative, lumi ispirati alla natura: la nostra selezione di lampade per esterno che ridefiniscono l\u2019illuminazione outdoor.\" \/>\n<meta name=\"robots\" content=\"index, follow, max-snippet:-1, max-image-preview:large, max-video-preview:-1\" \/>\n<link rel=\"canonical\" href=\"https:\/\/www.atmosferamag.it\/it\/lampade-per-esterno-novita\/\" \/>\n<meta property=\"og:locale\" content=\"it_IT\" \/>\n<meta property=\"og:type\" content=\"article\" \/>\n<meta property=\"og:title\" content=\"Lampade per esterno: 12 novit\u00e0 di design | Atmosfera Mag\" \/>\n<meta property=\"og:description\" content=\"Paletti, luci decorative, lumi ispirati alla natura: la nostra selezione di lampade per esterno che ridefiniscono l\u2019illuminazione outdoor.\" \/>\n<meta property=\"og:url\" content=\"https:\/\/www.atmosferamag.it\/it\/lampade-per-esterno-novita\/\" \/>\n<meta property=\"og:site_name\" content=\"Atmosfera Mag\" \/>\n<meta property=\"article:publisher\" content=\"https:\/\/www.facebook.com\/people\/Atmosfera-Mag\/100086538670476\/\" \/>\n<meta property=\"article:published_time\" content=\"2025-07-14T07:16:08+00:00\" \/>\n<meta property=\"article:modified_time\" content=\"2025-07-14T07:24:52+00:00\" \/>\n<meta property=\"og:image\" content=\"https:\/\/www.atmosferamag.it\/wp-content\/uploads\/2025\/07\/12-KAR_Minuit_M01-min.png\" \/>\n\t<meta property=\"og:image:width\" content=\"2166\" \/>\n\t<meta property=\"og:image:height\" content=\"1494\" \/>\n\t<meta property=\"og:image:type\" content=\"image\/png\" \/>\n<meta name=\"author\" content=\"Redazione AtmosferaMag\" \/>\n<meta name=\"twitter:card\" content=\"summary_large_image\" \/>\n<meta name=\"twitter:label1\" content=\"Scritto da\" \/>\n\t<meta name=\"twitter:data1\" content=\"Redazione AtmosferaMag\" \/>\n\t<meta name=\"twitter:label2\" content=\"Tempo di lettura stimato\" \/>\n\t<meta name=\"twitter:data2\" content=\"8 minuti\" \/>\n<script type=\"application\/ld+json\" class=\"yoast-schema-graph\">{\"@context\":\"https:\/\/schema.org\",\"@graph\":[{\"@type\":\"Article\",\"@id\":\"https:\/\/www.atmosferamag.it\/it\/lampade-per-esterno-novita\/#article\",\"isPartOf\":{\"@id\":\"https:\/\/www.atmosferamag.it\/it\/lampade-per-esterno-novita\/\"},\"author\":{\"name\":\"Redazione AtmosferaMag\",\"@id\":\"https:\/\/www.atmosferamag.it\/it\/#\/schema\/person\/ab74a44bc124a0796815bc269e4939dc\"},\"headline\":\"Lampade per esterno: 12 modelli per illuminare con stile giardini e terrazze\",\"datePublished\":\"2025-07-14T07:16:08+00:00\",\"dateModified\":\"2025-07-14T07:24:52+00:00\",\"mainEntityOfPage\":{\"@id\":\"https:\/\/www.atmosferamag.it\/it\/lampade-per-esterno-novita\/\"},\"wordCount\":954,\"publisher\":{\"@id\":\"https:\/\/www.atmosferamag.it\/it\/#organization\"},\"image\":{\"@id\":\"https:\/\/www.atmosferamag.it\/it\/lampade-per-esterno-novita\/#primaryimage\"},\"thumbnailUrl\":\"https:\/\/www.atmosferamag.it\/wp-content\/uploads\/2025\/07\/12-KAR_Minuit_M01-min.png\",\"articleSection\":[\"Style\"],\"inLanguage\":\"it-IT\"},{\"@type\":\"WebPage\",\"@id\":\"https:\/\/www.atmosferamag.it\/it\/lampade-per-esterno-novita\/\",\"url\":\"https:\/\/www.atmosferamag.it\/it\/lampade-per-esterno-novita\/\",\"name\":\"Lampade per esterno: 12 novit\u00e0 di design | Atmosfera Mag\",\"isPartOf\":{\"@id\":\"https:\/\/www.atmosferamag.it\/it\/#website\"},\"primaryImageOfPage\":{\"@id\":\"https:\/\/www.atmosferamag.it\/it\/lampade-per-esterno-novita\/#primaryimage\"},\"image\":{\"@id\":\"https:\/\/www.atmosferamag.it\/it\/lampade-per-esterno-novita\/#primaryimage\"},\"thumbnailUrl\":\"https:\/\/www.atmosferamag.it\/wp-content\/uploads\/2025\/07\/12-KAR_Minuit_M01-min.png\",\"datePublished\":\"2025-07-14T07:16:08+00:00\",\"dateModified\":\"2025-07-14T07:24:52+00:00\",\"description\":\"Paletti, luci decorative, lumi ispirati alla natura: la nostra selezione di lampade per esterno che ridefiniscono l\u2019illuminazione outdoor.\",\"breadcrumb\":{\"@id\":\"https:\/\/www.atmosferamag.it\/it\/lampade-per-esterno-novita\/#breadcrumb\"},\"inLanguage\":\"it-IT\",\"potentialAction\":[{\"@type\":\"ReadAction\",\"target\":[\"https:\/\/www.atmosferamag.it\/it\/lampade-per-esterno-novita\/\"]}]},{\"@type\":\"ImageObject\",\"inLanguage\":\"it-IT\",\"@id\":\"https:\/\/www.atmosferamag.it\/it\/lampade-per-esterno-novita\/#primaryimage\",\"url\":\"https:\/\/www.atmosferamag.it\/wp-content\/uploads\/2025\/07\/12-KAR_Minuit_M01-min.png\",\"contentUrl\":\"https:\/\/www.atmosferamag.it\/wp-content\/uploads\/2025\/07\/12-KAR_Minuit_M01-min.png\",\"width\":2166,\"height\":1494},{\"@type\":\"BreadcrumbList\",\"@id\":\"https:\/\/www.atmosferamag.it\/it\/lampade-per-esterno-novita\/#breadcrumb\",\"itemListElement\":[{\"@type\":\"ListItem\",\"position\":1,\"name\":\"Home\",\"item\":\"https:\/\/www.atmosferamag.it\/it\/\"},{\"@type\":\"ListItem\",\"position\":2,\"name\":\"Lampade per esterno: 12 modelli per illuminare con stile giardini e terrazze\"}]},{\"@type\":\"WebSite\",\"@id\":\"https:\/\/www.atmosferamag.it\/it\/#website\",\"url\":\"https:\/\/www.atmosferamag.it\/it\/\",\"name\":\"Atmosfera Mag\",\"description\":\"La luce in tutte le sue forme\",\"publisher\":{\"@id\":\"https:\/\/www.atmosferamag.it\/it\/#organization\"},\"potentialAction\":[{\"@type\":\"SearchAction\",\"target\":{\"@type\":\"EntryPoint\",\"urlTemplate\":\"https:\/\/www.atmosferamag.it\/it\/?s={search_term_string}\"},\"query-input\":{\"@type\":\"PropertyValueSpecification\",\"valueRequired\":true,\"valueName\":\"search_term_string\"}}],\"inLanguage\":\"it-IT\"},{\"@type\":\"Organization\",\"@id\":\"https:\/\/www.atmosferamag.it\/it\/#organization\",\"name\":\"Atmosfera Mag\",\"url\":\"https:\/\/www.atmosferamag.it\/it\/\",\"logo\":{\"@type\":\"ImageObject\",\"inLanguage\":\"it-IT\",\"@id\":\"https:\/\/www.atmosferamag.it\/it\/#\/schema\/logo\/image\/\",\"url\":\"https:\/\/www.atmosferamag.it\/wp-content\/uploads\/2022\/09\/titolo.png\",\"contentUrl\":\"https:\/\/www.atmosferamag.it\/wp-content\/uploads\/2022\/09\/titolo.png\",\"width\":2728,\"height\":406,\"caption\":\"Atmosfera Mag\"},\"image\":{\"@id\":\"https:\/\/www.atmosferamag.it\/it\/#\/schema\/logo\/image\/\"},\"sameAs\":[\"https:\/\/www.facebook.com\/people\/Atmosfera-Mag\/100086538670476\/\",\"https:\/\/www.instagram.com\/atmosferamag\/\",\"https:\/\/www.pinterest.it\/atmosfera_mag\/\"]},{\"@type\":\"Person\",\"@id\":\"https:\/\/www.atmosferamag.it\/it\/#\/schema\/person\/ab74a44bc124a0796815bc269e4939dc\",\"name\":\"Redazione AtmosferaMag\",\"image\":{\"@type\":\"ImageObject\",\"inLanguage\":\"it-IT\",\"@id\":\"https:\/\/www.atmosferamag.it\/it\/#\/schema\/person\/image\/\",\"url\":\"https:\/\/secure.gravatar.com\/avatar\/75c14bf3645779c6632cf8ba43a7dc0a35c55ddd31ef25cacf675d951cdd4015?s=96&d=mm&r=g\",\"contentUrl\":\"https:\/\/secure.gravatar.com\/avatar\/75c14bf3645779c6632cf8ba43a7dc0a35c55ddd31ef25cacf675d951cdd4015?s=96&d=mm&r=g\",\"caption\":\"Redazione AtmosferaMag\"},\"url\":\"https:\/\/www.atmosferamag.it\/it\/author\/4tm0sf3r4m4g\/\"}]}<\/script>\n<!-- \/ Yoast SEO plugin. -->","yoast_head_json":{"title":"Lampade per esterno: 12 novit\u00e0 di design | Atmosfera Mag","description":"Paletti, luci decorative, lumi ispirati alla natura: la nostra selezione di lampade per esterno che ridefiniscono l\u2019illuminazione outdoor.","robots":{"index":"index","follow":"follow","max-snippet":"max-snippet:-1","max-image-preview":"max-image-preview:large","max-video-preview":"max-video-preview:-1"},"canonical":"https:\/\/www.atmosferamag.it\/it\/lampade-per-esterno-novita\/","og_locale":"it_IT","og_type":"article","og_title":"Lampade per esterno: 12 novit\u00e0 di design | Atmosfera Mag","og_description":"Paletti, luci decorative, lumi ispirati alla natura: la nostra selezione di lampade per esterno che ridefiniscono l\u2019illuminazione outdoor.","og_url":"https:\/\/www.atmosferamag.it\/it\/lampade-per-esterno-novita\/","og_site_name":"Atmosfera Mag","article_publisher":"https:\/\/www.facebook.com\/people\/Atmosfera-Mag\/100086538670476\/","article_published_time":"2025-07-14T07:16:08+00:00","article_modified_time":"2025-07-14T07:24:52+00:00","og_image":[{"width":2166,"height":1494,"url":"https:\/\/www.atmosferamag.it\/wp-content\/uploads\/2025\/07\/12-KAR_Minuit_M01-min.png","type":"image\/png"}],"author":"Redazione AtmosferaMag","twitter_card":"summary_large_image","twitter_misc":{"Scritto da":"Redazione AtmosferaMag","Tempo di lettura stimato":"8 minuti"},"schema":{"@context":"https:\/\/schema.org","@graph":[{"@type":"Article","@id":"https:\/\/www.atmosferamag.it\/it\/lampade-per-esterno-novita\/#article","isPartOf":{"@id":"https:\/\/www.atmosferamag.it\/it\/lampade-per-esterno-novita\/"},"author":{"name":"Redazione AtmosferaMag","@id":"https:\/\/www.atmosferamag.it\/it\/#\/schema\/person\/ab74a44bc124a0796815bc269e4939dc"},"headline":"Lampade per esterno: 12 modelli per illuminare con stile giardini e terrazze","datePublished":"2025-07-14T07:16:08+00:00","dateModified":"2025-07-14T07:24:52+00:00","mainEntityOfPage":{"@id":"https:\/\/www.atmosferamag.it\/it\/lampade-per-esterno-novita\/"},"wordCount":954,"publisher":{"@id":"https:\/\/www.atmosferamag.it\/it\/#organization"},"image":{"@id":"https:\/\/www.atmosferamag.it\/it\/lampade-per-esterno-novita\/#primaryimage"},"thumbnailUrl":"https:\/\/www.atmosferamag.it\/wp-content\/uploads\/2025\/07\/12-KAR_Minuit_M01-min.png","articleSection":["Style"],"inLanguage":"it-IT"},{"@type":"WebPage","@id":"https:\/\/www.atmosferamag.it\/it\/lampade-per-esterno-novita\/","url":"https:\/\/www.atmosferamag.it\/it\/lampade-per-esterno-novita\/","name":"Lampade per esterno: 12 novit\u00e0 di design | Atmosfera Mag","isPartOf":{"@id":"https:\/\/www.atmosferamag.it\/it\/#website"},"primaryImageOfPage":{"@id":"https:\/\/www.atmosferamag.it\/it\/lampade-per-esterno-novita\/#primaryimage"},"image":{"@id":"https:\/\/www.atmosferamag.it\/it\/lampade-per-esterno-novita\/#primaryimage"},"thumbnailUrl":"https:\/\/www.atmosferamag.it\/wp-content\/uploads\/2025\/07\/12-KAR_Minuit_M01-min.png","datePublished":"2025-07-14T07:16:08+00:00","dateModified":"2025-07-14T07:24:52+00:00","description":"Paletti, luci decorative, lumi ispirati alla natura: la nostra selezione di lampade per esterno che ridefiniscono l\u2019illuminazione outdoor.","breadcrumb":{"@id":"https:\/\/www.atmosferamag.it\/it\/lampade-per-esterno-novita\/#breadcrumb"},"inLanguage":"it-IT","potentialAction":[{"@type":"ReadAction","target":["https:\/\/www.atmosferamag.it\/it\/lampade-per-esterno-novita\/"]}]},{"@type":"ImageObject","inLanguage":"it-IT","@id":"https:\/\/www.atmosferamag.it\/it\/lampade-per-esterno-novita\/#primaryimage","url":"https:\/\/www.atmosferamag.it\/wp-content\/uploads\/2025\/07\/12-KAR_Minuit_M01-min.png","contentUrl":"https:\/\/www.atmosferamag.it\/wp-content\/uploads\/2025\/07\/12-KAR_Minuit_M01-min.png","width":2166,"height":1494},{"@type":"BreadcrumbList","@id":"https:\/\/www.atmosferamag.it\/it\/lampade-per-esterno-novita\/#breadcrumb","itemListElement":[{"@type":"ListItem","position":1,"name":"Home","item":"https:\/\/www.atmosferamag.it\/it\/"},{"@type":"ListItem","position":2,"name":"Lampade per esterno: 12 modelli per illuminare con stile giardini e terrazze"}]},{"@type":"WebSite","@id":"https:\/\/www.atmosferamag.it\/it\/#website","url":"https:\/\/www.atmosferamag.it\/it\/","name":"Atmosfera Mag","description":"La luce in tutte le sue forme","publisher":{"@id":"https:\/\/www.atmosferamag.it\/it\/#organization"},"potentialAction":[{"@type":"SearchAction","target":{"@type":"EntryPoint","urlTemplate":"https:\/\/www.atmosferamag.it\/it\/?s={search_term_string}"},"query-input":{"@type":"PropertyValueSpecification","valueRequired":true,"valueName":"search_term_string"}}],"inLanguage":"it-IT"},{"@type":"Organization","@id":"https:\/\/www.atmosferamag.it\/it\/#organization","name":"Atmosfera Mag","url":"https:\/\/www.atmosferamag.it\/it\/","logo":{"@type":"ImageObject","inLanguage":"it-IT","@id":"https:\/\/www.atmosferamag.it\/it\/#\/schema\/logo\/image\/","url":"https:\/\/www.atmosferamag.it\/wp-content\/uploads\/2022\/09\/titolo.png","contentUrl":"https:\/\/www.atmosferamag.it\/wp-content\/uploads\/2022\/09\/titolo.png","width":2728,"height":406,"caption":"Atmosfera Mag"},"image":{"@id":"https:\/\/www.atmosferamag.it\/it\/#\/schema\/logo\/image\/"},"sameAs":["https:\/\/www.facebook.com\/people\/Atmosfera-Mag\/100086538670476\/","https:\/\/www.instagram.com\/atmosferamag\/","https:\/\/www.pinterest.it\/atmosfera_mag\/"]},{"@type":"Person","@id":"https:\/\/www.atmosferamag.it\/it\/#\/schema\/person\/ab74a44bc124a0796815bc269e4939dc","name":"Redazione AtmosferaMag","image":{"@type":"ImageObject","inLanguage":"it-IT","@id":"https:\/\/www.atmosferamag.it\/it\/#\/schema\/person\/image\/","url":"https:\/\/secure.gravatar.com\/avatar\/75c14bf3645779c6632cf8ba43a7dc0a35c55ddd31ef25cacf675d951cdd4015?s=96&d=mm&r=g","contentUrl":"https:\/\/secure.gravatar.com\/avatar\/75c14bf3645779c6632cf8ba43a7dc0a35c55ddd31ef25cacf675d951cdd4015?s=96&d=mm&r=g","caption":"Redazione AtmosferaMag"},"url":"https:\/\/www.atmosferamag.it\/it\/author\/4tm0sf3r4m4g\/"}]}},"_links":{"self":[{"href":"https:\/\/www.atmosferamag.it\/it\/wp-json\/wp\/v2\/posts\/39686","targetHints":{"allow":["GET"]}}],"collection":[{"href":"https:\/\/www.atmosferamag.it\/it\/wp-json\/wp\/v2\/posts"}],"about":[{"href":"https:\/\/www.atmosferamag.it\/it\/wp-json\/wp\/v2\/types\/post"}],"author":[{"embeddable":true,"href":"https:\/\/www.atmosferamag.it\/it\/wp-json\/wp\/v2\/users\/2"}],"replies":[{"embeddable":true,"href":"https:\/\/www.atmosferamag.it\/it\/wp-json\/wp\/v2\/comments?post=39686"}],"version-history":[{"count":13,"href":"https:\/\/www.atmosferamag.it\/it\/wp-json\/wp\/v2\/posts\/39686\/revisions"}],"predecessor-version":[{"id":39736,"href":"https:\/\/www.atmosferamag.it\/it\/wp-json\/wp\/v2\/posts\/39686\/revisions\/39736"}],"wp:featuredmedia":[{"embeddable":true,"href":"https:\/\/www.atmosferamag.it\/it\/wp-json\/wp\/v2\/media\/39715"}],"wp:attachment":[{"href":"https:\/\/www.atmosferamag.it\/it\/wp-json\/wp\/v2\/media?parent=39686"}],"wp:term":[{"taxonomy":"category","embeddable":true,"href":"https:\/\/www.atmosferamag.it\/it\/wp-json\/wp\/v2\/categories?post=39686"},{"taxonomy":"post_tag","embeddable":true,"href":"https:\/\/www.atmosferamag.it\/it\/wp-json\/wp\/v2\/tags?post=39686"}],"curies":[{"name":"wp","href":"https:\/\/api.w.org\/{rel}","templated":true}]}}