{"id":38510,"date":"2025-05-08T11:11:46","date_gmt":"2025-05-08T09:11:46","guid":{"rendered":"https:\/\/www.atmosferamag.it\/?p=38510"},"modified":"2025-05-08T11:14:24","modified_gmt":"2025-05-08T09:14:24","slug":"dogma-95-luce-naturale-cinema","status":"publish","type":"post","link":"https:\/\/www.atmosferamag.it\/it\/dogma-95-luce-naturale-cinema\/","title":{"rendered":"Cos\u00ec, con la luce naturale, Dogma 95 riport\u00f2 il cinema alla sua verit\u00e0 pi\u00f9 cruda\u00a0"},"content":{"rendered":"\t\t<div data-elementor-type=\"wp-post\" data-elementor-id=\"38510\" class=\"elementor elementor-38510 elementor-38531\" data-elementor-post-type=\"post\">\n\t\t\t\t\t\t<section class=\"elementor-section elementor-top-section elementor-element elementor-element-b08cc3b elementor-section-boxed elementor-section-height-default elementor-section-height-default\" data-id=\"b08cc3b\" data-element_type=\"section\" data-e-type=\"section\">\n\t\t\t\t\t\t<div class=\"elementor-container elementor-column-gap-default\">\n\t\t\t\t\t<div class=\"elementor-column elementor-col-100 elementor-top-column elementor-element elementor-element-99837cd\" data-id=\"99837cd\" data-element_type=\"column\" data-e-type=\"column\">\n\t\t\t<div class=\"elementor-widget-wrap elementor-element-populated\">\n\t\t\t\t\t\t<div class=\"elementor-element elementor-element-35cf535 elementor-widget elementor-widget-text-editor\" data-id=\"35cf535\" data-element_type=\"widget\" data-e-type=\"widget\" data-widget_type=\"text-editor.default\">\n\t\t\t\t<div class=\"elementor-widget-container\">\n\t\t\t\t\t\t\t\t\t<h6>Cover Photo: <em>Mifune<\/em>, 1999 &#8211; Distributed by Scanbox Entertainment<\/h6>\t\t\t\t\t\t\t\t<\/div>\n\t\t\t\t<\/div>\n\t\t\t\t<div class=\"elementor-element elementor-element-c939e30 elementor-widget elementor-widget-text-editor\" data-id=\"c939e30\" data-element_type=\"widget\" data-e-type=\"widget\" data-widget_type=\"text-editor.default\">\n\t\t\t\t<div class=\"elementor-widget-container\">\n\t\t\t\t\t\t\t\t\t<p><span style=\"font-weight: 400;\">Erano gli anni \u201890 in Danimarca. Forse in pochi se lo ricordano ma all\u2019epoca due Amleto visionari, un Boomer e un Generazione X, portarono avanti una <\/span><b>rivoluzione di<\/b> <b>luce nel cinema<\/b><span style=\"font-weight: 400;\"> e nel linguaggio. In soli 45 minuti, i registi danesi <\/span><b>Lars von Trier<\/b><span style=\"font-weight: 400;\"> e <\/span><b>Thomas Vinterberg <\/b><span style=\"font-weight: 400;\">stilarono il manifesto del movimento <\/span><b>Dogma 95<\/b><span style=\"font-weight: 400;\">, che chiamarono anche \u201cVoto di castit\u00e0\u201d. L\u2019idea di Dogma 95 era (ri)fondare un <\/span><b>cinema naturale<\/b><span style=\"font-weight: 400;\">, senza effetti speciali, visivi e sonori, senza tecnologie, senza racconti surreali e <\/span><b>senza <\/b><span style=\"text-decoration: underline;\"><a href=\"https:\/\/www.atmosferamag.it\/cinema-lighting-iconic-films\/\" target=\"_blank\" rel=\"noopener\"><b>luce artificiale<\/b><\/a><\/span><span style=\"font-weight: 400;\">. Un cinema forse irraggiungibile, pi\u00f9 rigoroso del Neorealismo, o della Nouvelle Vague, corrente in cui in parte si ispirarono, in particolare al saggio di Truffaut <\/span><i><span style=\"font-weight: 400;\">Une certaine tendance du cin\u00e9ma fran\u00e7ais<\/span><\/i><span style=\"font-weight: 400;\">.<\/span><\/p><p><span style=\"font-weight: 400;\">L\u2019intento di Dogma 95 era quello di tornare a un <\/span><b>racconto primitivo<\/b><span style=\"font-weight: 400;\">, far emergere una <\/span><b>verit\u00e0 viscerale<\/b><span style=\"font-weight: 400;\">. Tra le regole c\u2019era anche <\/span><b>l\u2019obbligo per i filmaker<\/b><span style=\"font-weight: 400;\"> di <\/span><b>ricorrere solo alla luce naturale<\/b><span style=\"font-weight: 400;\">, cosa che sfidava lo spirito di adattamento alle variazioni meteorologiche e climatiche ma insisteva anche su <\/span><b>un\u2019estetica grezza, immediata<\/b><span style=\"font-weight: 400;\">, che al colpo d\u2019occhio riportava lo spettatore dentro la propria realt\u00e0: non patinata, non illuminata, tutt\u2019altro che glam. Dogma 95, pi\u00f9 che una rivoluzione, fu <\/span><b>un\u2019antirivoluzione<\/b><span style=\"font-weight: 400;\">. Un ritorno al brodo primordiale, alla <\/span><b>banalit\u00e0 del reale<\/b> <i><span style=\"font-weight: 400;\">sbattuta<\/span><\/i><span style=\"font-weight: 400;\"> senza troppi confezionamenti sugli schermi, che sono sempre stati gli specchi delle nostre imperfezioni.<\/span><\/p>\t\t\t\t\t\t\t\t<\/div>\n\t\t\t\t<\/div>\n\t\t\t\t<div class=\"elementor-element elementor-element-30b8777 elementor-widget elementor-widget-text-editor\" data-id=\"30b8777\" data-element_type=\"widget\" data-e-type=\"widget\" data-widget_type=\"text-editor.default\">\n\t\t\t\t<div class=\"elementor-widget-container\">\n\t\t\t\t\t\t\t\t\t<h2><i><span style=\"font-weight: 400;\">Idioti<\/span><\/i><span style=\"font-weight: 400;\"> \u2013\u00a0il primo film Dogma 95 di Lars von Trier e la luce amatoriale<\/span><\/h2><p><b><i>Idioti (Idioterne)<\/i><\/b><span style=\"font-weight: 400;\"> \u00e8 classificato come <\/span><i><span style=\"font-weight: 400;\">Dogma <\/span><\/i><span style=\"font-weight: 400;\">1, ovvero il primo film a essere realizzato secondo le regole Dogma. La trama \u00e8 folle e provocatoria, parla di un <\/span><b>gruppo di giovani che simula un ritardo mentale<\/b><span style=\"font-weight: 400;\"> per giocare con i confini sociali e <\/span><b>provocare stupore e straniamento<\/b><span style=\"font-weight: 400;\"> nelle altre persone. C\u2019\u00e8 chi ha definito <\/span><i><span style=\"font-weight: 400;\">Dogma <\/span><\/i><span style=\"font-weight: 400;\">un prodromo del porno amatoriale proprio per la scelta di una <\/span><b>luce cruda<\/b><span style=\"font-weight: 400;\">, che non viene messa in forma n\u00e9 dosata, ma distillata dal mondo reale. Proprio come avviene nei film amatoriali vietati ai minori, questa componente pu\u00f2 definirsi un <\/span><i><span style=\"font-weight: 400;\">plus valore<\/span><\/i><span style=\"font-weight: 400;\">, perch\u00e9 riporta le sensazioni sul piano del veritiero.<\/span><\/p>\t\t\t\t\t\t\t\t<\/div>\n\t\t\t\t<\/div>\n\t\t\t\t<div class=\"elementor-element elementor-element-b2ab6ce elementor-widget elementor-widget-image\" data-id=\"b2ab6ce\" data-element_type=\"widget\" data-e-type=\"widget\" data-widget_type=\"image.default\">\n\t\t\t\t<div class=\"elementor-widget-container\">\n\t\t\t\t\t\t\t\t\t\t\t\t<figure class=\"wp-caption\">\n\t\t\t\t\t\t\t\t\t\t<img fetchpriority=\"high\" decoding=\"async\" width=\"800\" height=\"449\" src=\"https:\/\/www.atmosferamag.it\/wp-content\/uploads\/2025\/05\/idioti2-1024x575.jpg\" class=\"attachment-large size-large wp-image-38514\" alt=\"\" srcset=\"https:\/\/www.atmosferamag.it\/wp-content\/uploads\/2025\/05\/idioti2-1024x575.jpg 1024w, https:\/\/www.atmosferamag.it\/wp-content\/uploads\/2025\/05\/idioti2-300x168.jpg 300w, https:\/\/www.atmosferamag.it\/wp-content\/uploads\/2025\/05\/idioti2-768x431.jpg 768w, https:\/\/www.atmosferamag.it\/wp-content\/uploads\/2025\/05\/idioti2-1536x863.jpg 1536w, https:\/\/www.atmosferamag.it\/wp-content\/uploads\/2025\/05\/idioti2-2048x1150.jpg 2048w, https:\/\/www.atmosferamag.it\/wp-content\/uploads\/2025\/05\/idioti2-180x100.jpg 180w\" sizes=\"(max-width: 800px) 100vw, 800px\" \/>\t\t\t\t\t\t\t\t\t\t\t<figcaption class=\"widget-image-caption wp-caption-text\">1. Idioti (Idioterne), 1998 - Distributed by Focus Features<\/figcaption>\n\t\t\t\t\t\t\t\t\t\t<\/figure>\n\t\t\t\t\t\t\t\t\t<\/div>\n\t\t\t\t<\/div>\n\t\t\t\t<div class=\"elementor-element elementor-element-73f131e elementor-widget elementor-widget-text-editor\" data-id=\"73f131e\" data-element_type=\"widget\" data-e-type=\"widget\" data-widget_type=\"text-editor.default\">\n\t\t\t\t<div class=\"elementor-widget-container\">\n\t\t\t\t\t\t\t\t\t<p><span style=\"font-weight: 400;\">Ecco, guardare <\/span><i><span style=\"font-weight: 400;\">Idioti <\/span><\/i><span style=\"font-weight: 400;\">ha pi\u00f9 o meno lo stesso effetto. Sembra un incrocio tra uno di questi film hard e un <\/span><b>RVM <\/b><span style=\"font-weight: 400;\">delle telecamere di un Autogrill o di un edificio privato. Le immagini sono ruvide, emerge una <\/span><b>negliglenza ostentata<\/b><span style=\"font-weight: 400;\"> in termini di <\/span><b>colore, composizione e contenuti<\/b><span style=\"font-weight: 400;\">. La luce non \u00e8 quella sognante dei film, ma reale. Banale, e anche un po\u2019 squallida.<\/span><\/p><p><span style=\"font-weight: 400;\">Nel saggio <\/span><i><span style=\"font-weight: 400;\">Spastic Aesthetics \u2013 The Idiots<\/span><\/i><span style=\"font-weight: 400;\"> Ove Christensen parla di questa \u201cestetica spastica\u201d, lessico voluto che rimanda al nocciolo del film. Per Christensen l\u2019estetica spastica pu\u00f2 addirittura rientrare negli esperimenti dell\u2019arte astratta, per <\/span><b>riscrivere il rapporto e la distanza tra autore e spettatore<\/b><span style=\"font-weight: 400;\">. Lo stile del film imita le <\/span><b>riprese fatte a casa con una videocamera<\/b><span style=\"font-weight: 400;\"> di medio livello comprata a rate. Il concetto politicamente scorretto di <\/span><i><span style=\"font-weight: 400;\">spassing<\/span><\/i><span style=\"font-weight: 400;\"> \u2013 tutti abbiamo un idiota interiore che preme per uscire \u2013\u00a0\u00e8 raccontato da Lars von Trier senza troppa drammaturgia, con la <\/span><b>luce prosaica da vita di tutti i giorni<\/b><span style=\"font-weight: 400;\"> che provoca un impatto allo stesso tempo familiare e alienante. Siamo noi, ma mai vorremmo essere noi. Quando pensiamo alla nostra vita, la immaginiamo illuminata da <\/span><b>faretti abbaglianti<\/b><span style=\"font-weight: 400;\"> e <\/span><b><i>fill light<\/i><\/b><span style=\"font-weight: 400;\"> rassicuranti.<\/span><\/p>\t\t\t\t\t\t\t\t<\/div>\n\t\t\t\t<\/div>\n\t\t\t\t<div class=\"elementor-element elementor-element-4c9c221 elementor-widget elementor-widget-image\" data-id=\"4c9c221\" data-element_type=\"widget\" data-e-type=\"widget\" data-widget_type=\"image.default\">\n\t\t\t\t<div class=\"elementor-widget-container\">\n\t\t\t\t\t\t\t\t\t\t\t\t<figure class=\"wp-caption\">\n\t\t\t\t\t\t\t\t\t\t<img decoding=\"async\" width=\"800\" height=\"450\" src=\"https:\/\/www.atmosferamag.it\/wp-content\/uploads\/2025\/05\/Idioti-1024x576.jpg\" class=\"attachment-large size-large wp-image-38516\" alt=\"\" srcset=\"https:\/\/www.atmosferamag.it\/wp-content\/uploads\/2025\/05\/Idioti-1024x576.jpg 1024w, https:\/\/www.atmosferamag.it\/wp-content\/uploads\/2025\/05\/Idioti-300x169.jpg 300w, https:\/\/www.atmosferamag.it\/wp-content\/uploads\/2025\/05\/Idioti-768x432.jpg 768w, https:\/\/www.atmosferamag.it\/wp-content\/uploads\/2025\/05\/Idioti-180x100.jpg 180w, https:\/\/www.atmosferamag.it\/wp-content\/uploads\/2025\/05\/Idioti.jpg 1449w\" sizes=\"(max-width: 800px) 100vw, 800px\" \/>\t\t\t\t\t\t\t\t\t\t\t<figcaption class=\"widget-image-caption wp-caption-text\">2. Idioti (Idioterne), 1998 - Distributed by Focus Features<\/figcaption>\n\t\t\t\t\t\t\t\t\t\t<\/figure>\n\t\t\t\t\t\t\t\t\t<\/div>\n\t\t\t\t<\/div>\n\t\t\t\t<div class=\"elementor-element elementor-element-05b9c5f elementor-widget elementor-widget-text-editor\" data-id=\"05b9c5f\" data-element_type=\"widget\" data-e-type=\"widget\" data-widget_type=\"text-editor.default\">\n\t\t\t\t<div class=\"elementor-widget-container\">\n\t\t\t\t\t\t\t\t\t<h2><i><span style=\"font-weight: 400;\">Festen \u2013\u00a0Festa in famiglia<\/span><\/i><span style=\"font-weight: 400;\">, il secondo film Dogma e la luce della verit\u00e0<\/span><\/h2><p><b><i>Festen<\/i><\/b><b>, <\/b><b><i>Dogma 2<\/i><\/b><span style=\"font-weight: 400;\">, \u00e8 diretto da <\/span><b>Thomas Vinterberg<\/b><span style=\"font-weight: 400;\"> e ha vinto il <\/span><b>Premio della Giuria al 51\u00b0 Festival di Cannes<\/b><span style=\"font-weight: 400;\">. Come anticipa il titolo, si parla di una classica domenica in famiglia, una di quelle che tutti potremmo vivere. Una celebrazione del <\/span><b>sessantesimo compleanno del patriarca<\/b><span style=\"font-weight: 400;\"> del clan Klingenfeldt, Helge, diventa l\u2019occasione per <\/span><b>scoperchiare con ferocia un vaso di Pandora<\/b><span style=\"font-weight: 400;\"> che sedimentava da anni. Al momento del brindisi e del discorso, il primogenito Christian rivela che il festeggiato, suo padre, quando erano bambini, <\/span><b>ha abusato di lui e della sorella<\/b><span style=\"font-weight: 400;\">, morta per suicidio poco tempo prima. Una rivelazione che scatena il caos.<\/span><\/p>\t\t\t\t\t\t\t\t<\/div>\n\t\t\t\t<\/div>\n\t\t\t\t<div class=\"elementor-element elementor-element-56457f9 elementor-widget elementor-widget-image\" data-id=\"56457f9\" data-element_type=\"widget\" data-e-type=\"widget\" data-widget_type=\"image.default\">\n\t\t\t\t<div class=\"elementor-widget-container\">\n\t\t\t\t\t\t\t\t\t\t\t\t<figure class=\"wp-caption\">\n\t\t\t\t\t\t\t\t\t\t<img decoding=\"async\" width=\"800\" height=\"450\" src=\"https:\/\/www.atmosferamag.it\/wp-content\/uploads\/2025\/05\/festen-1024x576.jpg\" class=\"attachment-large size-large wp-image-38518\" alt=\"\" srcset=\"https:\/\/www.atmosferamag.it\/wp-content\/uploads\/2025\/05\/festen-1024x576.jpg 1024w, https:\/\/www.atmosferamag.it\/wp-content\/uploads\/2025\/05\/festen-300x169.jpg 300w, https:\/\/www.atmosferamag.it\/wp-content\/uploads\/2025\/05\/festen-768x432.jpg 768w, https:\/\/www.atmosferamag.it\/wp-content\/uploads\/2025\/05\/festen-1536x864.jpg 1536w, https:\/\/www.atmosferamag.it\/wp-content\/uploads\/2025\/05\/festen-2048x1152.jpg 2048w, https:\/\/www.atmosferamag.it\/wp-content\/uploads\/2025\/05\/festen-180x100.jpg 180w\" sizes=\"(max-width: 800px) 100vw, 800px\" \/>\t\t\t\t\t\t\t\t\t\t\t<figcaption class=\"widget-image-caption wp-caption-text\">3. Festen \u2013 Festa in famiglia, 1998 - Distributed by Medusa Film, Lucky Red<\/figcaption>\n\t\t\t\t\t\t\t\t\t\t<\/figure>\n\t\t\t\t\t\t\t\t\t<\/div>\n\t\t\t\t<\/div>\n\t\t\t\t<div class=\"elementor-element elementor-element-70531a4 elementor-widget elementor-widget-text-editor\" data-id=\"70531a4\" data-element_type=\"widget\" data-e-type=\"widget\" data-widget_type=\"text-editor.default\">\n\t\t\t\t<div class=\"elementor-widget-container\">\n\t\t\t\t\t\t\t\t\t<p><span style=\"font-weight: 400;\">L\u2019illuminazione naturale in <\/span><i><span style=\"font-weight: 400;\">Festen <\/span><\/i><span style=\"font-weight: 400;\">\u00e8 strutturata nella <\/span><b>luce esterna, grigina, di una giornata in Danimarca<\/b><span style=\"font-weight: 400;\"> con il sole che filtra occasionalmente dal tetto di nubi, e la <\/span><b>luce Lo-Fi degli interni<\/b><span style=\"font-weight: 400;\">, che sembra un filtro Instagram studiato per dare un effetto di realismo, al punto che noi spettatori ci sentiamo <\/span><b>come se fossimo dei commensali<\/b><span style=\"font-weight: 400;\">. Come se fossimo l\u00ec, tra i candelabri sulla tavola apparecchiata, ad ascoltare un racconto atroce e a trovarci, per convenzioni sociali, a fare finta di niente, mentre incombe <\/span><b>un\u2019atmosfera oscura e <\/b><a href=\"https:\/\/www.atmosferamag.it\/it\/luce-dario-argento-fotografia-cinema\/\" target=\"_blank\" rel=\"noopener\"><b><span style=\"text-decoration: underline;\">grottesca<\/span><\/b><\/a><span style=\"font-weight: 400;\">.<\/span><\/p>\t\t\t\t\t\t\t\t<\/div>\n\t\t\t\t<\/div>\n\t\t\t\t<div class=\"elementor-element elementor-element-0e50c81 elementor-widget elementor-widget-image\" data-id=\"0e50c81\" data-element_type=\"widget\" data-e-type=\"widget\" data-widget_type=\"image.default\">\n\t\t\t\t<div class=\"elementor-widget-container\">\n\t\t\t\t\t\t\t\t\t\t\t\t<figure class=\"wp-caption\">\n\t\t\t\t\t\t\t\t\t\t<img loading=\"lazy\" decoding=\"async\" width=\"800\" height=\"450\" src=\"https:\/\/www.atmosferamag.it\/wp-content\/uploads\/2025\/05\/festen3-1024x576.jpg\" class=\"attachment-large size-large wp-image-38522\" alt=\"\" srcset=\"https:\/\/www.atmosferamag.it\/wp-content\/uploads\/2025\/05\/festen3-1024x576.jpg 1024w, https:\/\/www.atmosferamag.it\/wp-content\/uploads\/2025\/05\/festen3-300x169.jpg 300w, https:\/\/www.atmosferamag.it\/wp-content\/uploads\/2025\/05\/festen3-768x432.jpg 768w, https:\/\/www.atmosferamag.it\/wp-content\/uploads\/2025\/05\/festen3-180x100.jpg 180w, https:\/\/www.atmosferamag.it\/wp-content\/uploads\/2025\/05\/festen3.jpg 1436w\" sizes=\"(max-width: 800px) 100vw, 800px\" \/>\t\t\t\t\t\t\t\t\t\t\t<figcaption class=\"widget-image-caption wp-caption-text\">4. Festen \u2013 Festa in famiglia, 1998 - Distributed by Medusa Film, Lucky Red<\/figcaption>\n\t\t\t\t\t\t\t\t\t\t<\/figure>\n\t\t\t\t\t\t\t\t\t<\/div>\n\t\t\t\t<\/div>\n\t\t\t\t<div class=\"elementor-element elementor-element-a9f26c7 elementor-widget elementor-widget-text-editor\" data-id=\"a9f26c7\" data-element_type=\"widget\" data-e-type=\"widget\" data-widget_type=\"text-editor.default\">\n\t\t\t\t<div class=\"elementor-widget-container\">\n\t\t\t\t\t\t\t\t\t<p><span style=\"font-weight: 400;\">Con la scelta precisa di <\/span><b>non mettere in forma o manipolare la fotografia<\/b><span style=\"font-weight: 400;\">, <\/span><b><i>Festen<\/i><\/b><b> sfrutta comunque il contrasto <\/b><a href=\"https:\/\/www.atmosferamag.it\/it\/in-the-mood-for-love-film-wong-kar-wai\/\" target=\"_blank\" rel=\"noopener\"><b><span style=\"text-decoration: underline;\">luce\/ombra<\/span><\/b><\/a><span style=\"font-weight: 400;\">, ovvero giorno\/notte, per impossessarsi di un simbolismo sulla doppia verit\u00e0 della famiglia: la facciata borghese e i segreti del buio. L\u2019<\/span><b>illuminazione morbida e oscillante delle candele <\/b><span style=\"font-weight: 400;\">porta alla luce questo <\/span><b>tremolio tra pubblico e privato<\/b><span style=\"font-weight: 400;\"> nel momento in cui si sta sgretolando.<\/span><\/p>\t\t\t\t\t\t\t\t<\/div>\n\t\t\t\t<\/div>\n\t\t\t\t<div class=\"elementor-element elementor-element-c42d1fc elementor-widget elementor-widget-image\" data-id=\"c42d1fc\" data-element_type=\"widget\" data-e-type=\"widget\" data-widget_type=\"image.default\">\n\t\t\t\t<div class=\"elementor-widget-container\">\n\t\t\t\t\t\t\t\t\t\t\t\t<figure class=\"wp-caption\">\n\t\t\t\t\t\t\t\t\t\t<img loading=\"lazy\" decoding=\"async\" width=\"800\" height=\"450\" src=\"https:\/\/www.atmosferamag.it\/wp-content\/uploads\/2025\/05\/festen4-1024x576.jpg\" class=\"attachment-large size-large wp-image-38520\" alt=\"\" srcset=\"https:\/\/www.atmosferamag.it\/wp-content\/uploads\/2025\/05\/festen4-1024x576.jpg 1024w, https:\/\/www.atmosferamag.it\/wp-content\/uploads\/2025\/05\/festen4-300x169.jpg 300w, https:\/\/www.atmosferamag.it\/wp-content\/uploads\/2025\/05\/festen4-768x432.jpg 768w, https:\/\/www.atmosferamag.it\/wp-content\/uploads\/2025\/05\/festen4-1536x864.jpg 1536w, https:\/\/www.atmosferamag.it\/wp-content\/uploads\/2025\/05\/festen4-180x100.jpg 180w, https:\/\/www.atmosferamag.it\/wp-content\/uploads\/2025\/05\/festen4.jpg 1920w\" sizes=\"(max-width: 800px) 100vw, 800px\" \/>\t\t\t\t\t\t\t\t\t\t\t<figcaption class=\"widget-image-caption wp-caption-text\">5. Festen \u2013 Festa in famiglia, 1998 - Distributed by Medusa Film, Lucky Red<\/figcaption>\n\t\t\t\t\t\t\t\t\t\t<\/figure>\n\t\t\t\t\t\t\t\t\t<\/div>\n\t\t\t\t<\/div>\n\t\t\t\t<div class=\"elementor-element elementor-element-a842b94 elementor-widget elementor-widget-text-editor\" data-id=\"a842b94\" data-element_type=\"widget\" data-e-type=\"widget\" data-widget_type=\"text-editor.default\">\n\t\t\t\t<div class=\"elementor-widget-container\">\n\t\t\t\t\t\t\t\t\t<h2><i><span style=\"font-weight: 400;\">Mifune<\/span><\/i><span style=\"font-weight: 400;\"> \u2013\u00a0il terzo film Dogma 95, la luce verista della campagna<\/span><\/h2><p><i><span style=\"font-weight: 400;\">Mifune<\/span><\/i><span style=\"font-weight: 400;\">, il terzo film Dogma diretto da <\/span><b>S\u00f8ren Kragh-Jacobsen<\/b><span style=\"font-weight: 400;\">, racconta la storia di un uomo appena sposato, Kresten, che <\/span><b>dalla citt\u00e0 torna al paese di origine<\/b><span style=\"font-weight: 400;\"> dopo la morte del padre. Qui trover\u00e0 una serie di situazioni complicate (ma molto realistiche), compresa la <\/span><b>gestione del fratello<\/b><span style=\"font-weight: 400;\">, affetto da problemi mentali. Il ritorno a una realt\u00e0 pi\u00f9 viscerale, autentica, senza sovrastrutture, \u00e8 un <\/span><b>elemento metacinematografico<\/b><span style=\"font-weight: 400;\"> che rispecchia il manifesto Dogma.\u00a0<\/span><\/p>\t\t\t\t\t\t\t\t<\/div>\n\t\t\t\t<\/div>\n\t\t\t\t<div class=\"elementor-element elementor-element-f6350d4 elementor-widget elementor-widget-image\" data-id=\"f6350d4\" data-element_type=\"widget\" data-e-type=\"widget\" data-widget_type=\"image.default\">\n\t\t\t\t<div class=\"elementor-widget-container\">\n\t\t\t\t\t\t\t\t\t\t\t\t<figure class=\"wp-caption\">\n\t\t\t\t\t\t\t\t\t\t<img loading=\"lazy\" decoding=\"async\" width=\"800\" height=\"450\" src=\"https:\/\/www.atmosferamag.it\/wp-content\/uploads\/2025\/05\/Mifune2-1024x576.jpg\" class=\"attachment-large size-large wp-image-38524\" alt=\"\" srcset=\"https:\/\/www.atmosferamag.it\/wp-content\/uploads\/2025\/05\/Mifune2-1024x576.jpg 1024w, https:\/\/www.atmosferamag.it\/wp-content\/uploads\/2025\/05\/Mifune2-300x169.jpg 300w, https:\/\/www.atmosferamag.it\/wp-content\/uploads\/2025\/05\/Mifune2-768x432.jpg 768w, https:\/\/www.atmosferamag.it\/wp-content\/uploads\/2025\/05\/Mifune2-1536x864.jpg 1536w, https:\/\/www.atmosferamag.it\/wp-content\/uploads\/2025\/05\/Mifune2-180x100.jpg 180w, https:\/\/www.atmosferamag.it\/wp-content\/uploads\/2025\/05\/Mifune2.jpg 2044w\" sizes=\"(max-width: 800px) 100vw, 800px\" \/>\t\t\t\t\t\t\t\t\t\t\t<figcaption class=\"widget-image-caption wp-caption-text\">6. Mifune, 1999 - Distributed by Scanbox Entertainment<\/figcaption>\n\t\t\t\t\t\t\t\t\t\t<\/figure>\n\t\t\t\t\t\t\t\t\t<\/div>\n\t\t\t\t<\/div>\n\t\t\t\t<div class=\"elementor-element elementor-element-042708c elementor-widget elementor-widget-text-editor\" data-id=\"042708c\" data-element_type=\"widget\" data-e-type=\"widget\" data-widget_type=\"text-editor.default\">\n\t\t\t\t<div class=\"elementor-widget-container\">\n\t\t\t\t\t\t\t\t\t<p><span style=\"font-weight: 400;\">La luce in <\/span><i><span style=\"font-weight: 400;\">Mifune<\/span><\/i><span style=\"font-weight: 400;\"> \u00e8 una <\/span><b>luce rurale<\/b><span style=\"font-weight: 400;\">, quella di una <\/span><b>campagna scaldata da un sole pallido<\/b><span style=\"font-weight: 400;\">, quando riesce a filtrare attraverso le nuvole. Questa <\/span><b>impressione verista<\/b><span style=\"font-weight: 400;\"> si alterna alle <\/span><b>scene in penombra<\/b><span style=\"font-weight: 400;\"> degli interni, a seconda dell\u2019articolazione degli spazi, degli angoli, dei coni bui e della loro distanza dalle finestre.<\/span><\/p>\t\t\t\t\t\t\t\t<\/div>\n\t\t\t\t<\/div>\n\t\t\t\t<div class=\"elementor-element elementor-element-2215baa elementor-widget elementor-widget-image\" data-id=\"2215baa\" data-element_type=\"widget\" data-e-type=\"widget\" data-widget_type=\"image.default\">\n\t\t\t\t<div class=\"elementor-widget-container\">\n\t\t\t\t\t\t\t\t\t\t\t\t<figure class=\"wp-caption\">\n\t\t\t\t\t\t\t\t\t\t<img loading=\"lazy\" decoding=\"async\" width=\"800\" height=\"450\" src=\"https:\/\/www.atmosferamag.it\/wp-content\/uploads\/2025\/05\/Mifune3-1024x576.jpg\" class=\"attachment-large size-large wp-image-38526\" alt=\"\" srcset=\"https:\/\/www.atmosferamag.it\/wp-content\/uploads\/2025\/05\/Mifune3-1024x576.jpg 1024w, https:\/\/www.atmosferamag.it\/wp-content\/uploads\/2025\/05\/Mifune3-300x169.jpg 300w, https:\/\/www.atmosferamag.it\/wp-content\/uploads\/2025\/05\/Mifune3-768x432.jpg 768w, https:\/\/www.atmosferamag.it\/wp-content\/uploads\/2025\/05\/Mifune3-1536x865.jpg 1536w, https:\/\/www.atmosferamag.it\/wp-content\/uploads\/2025\/05\/Mifune3-180x100.jpg 180w, https:\/\/www.atmosferamag.it\/wp-content\/uploads\/2025\/05\/Mifune3.jpg 1917w\" sizes=\"(max-width: 800px) 100vw, 800px\" \/>\t\t\t\t\t\t\t\t\t\t\t<figcaption class=\"widget-image-caption wp-caption-text\">7. Mifune, 1999 - Distributed by Scanbox Entertainment<\/figcaption>\n\t\t\t\t\t\t\t\t\t\t<\/figure>\n\t\t\t\t\t\t\t\t\t<\/div>\n\t\t\t\t<\/div>\n\t\t\t\t<div class=\"elementor-element elementor-element-7591d12 elementor-widget elementor-widget-text-editor\" data-id=\"7591d12\" data-element_type=\"widget\" data-e-type=\"widget\" data-widget_type=\"text-editor.default\">\n\t\t\t\t<div class=\"elementor-widget-container\">\n\t\t\t\t\t\t\t\t\t<p><i><span style=\"font-weight: 400;\">Idioti<\/span><\/i><span style=\"font-weight: 400;\">, <\/span><i><span style=\"font-weight: 400;\">Festen<\/span><\/i><span style=\"font-weight: 400;\"> e <\/span><i><span style=\"font-weight: 400;\">Mifune<\/span><\/i><span style=\"font-weight: 400;\">, primi capitoli di una breve corrente artistica, rappresentano non solo <\/span><b>un&#8217;esplorazione dell&#8217;umanit\u00e0 e delle sue imperfezioni<\/b><span style=\"font-weight: 400;\"> ma anche una sfida radicale alle convenzioni cinematografiche attraverso <\/span><b>l&#8217;uso restrittivo della luce naturale<\/b><span style=\"font-weight: 400;\">. <\/span><b>L&#8217;impegno dei registi di Dogma 95 a utilizzare luce non manipolata rafforza la loro ricerca di autenticit\u00e0<\/b><span style=\"font-weight: 400;\">, plasmando film che non solo raccontano storie ma invitano gli spettatori a percepire il cinema come un&#8217;esperienza pi\u00f9 diretta e onesta. In un&#8217;era di effetti speciali e intelligenze artificiali, il Dogma 95 ci ricorda il potere del cinema di <\/span><b>riflettere la realt\u00e0<\/b><span style=\"font-weight: 400;\"> in modo grezzo ma anche profondamente emotivo.<\/span><\/p>\t\t\t\t\t\t\t\t<\/div>\n\t\t\t\t<\/div>\n\t\t\t\t\t<\/div>\n\t\t<\/div>\n\t\t\t\t\t<\/div>\n\t\t<\/section>\n\t\t\t\t<\/div>\n\t\t","protected":false},"excerpt":{"rendered":"<p>Una luce cruda, grezza, prosaica, da film amatoriale. L\u2019esperimento del manifesto Dogma 95, stilato da Lars von Trier e Thomas Vinterberg, ci fa confrontare con il realismo scomodo e viscerale di un cinema autentico.<\/p>\n","protected":false},"author":22,"featured_media":38512,"comment_status":"closed","ping_status":"closed","sticky":false,"template":"","format":"standard","meta":{"footnotes":""},"categories":[5,41],"tags":[],"class_list":["post-38510","post","type-post","status-publish","format-standard","has-post-thumbnail","hentry","category-spaces"],"yoast_head":"<!-- This site is optimized with the Yoast SEO plugin v26.0 - https:\/\/yoast.com\/wordpress\/plugins\/seo\/ -->\n<title>La luce naturale nel cinema di Dogma 95 | Atmosfera Mag<\/title>\n<meta name=\"description\" content=\"Luce naturale, niente effetti speciali, solo realt\u00e0: Dogma 95 di von Trier e Vinterberg ha cambiato il cinema danese con un\u2019estetica grezza e sincera.\" \/>\n<meta name=\"robots\" content=\"index, follow, max-snippet:-1, max-image-preview:large, max-video-preview:-1\" \/>\n<link rel=\"canonical\" href=\"https:\/\/www.atmosferamag.it\/it\/dogma-95-luce-naturale-cinema\/\" \/>\n<meta property=\"og:locale\" content=\"it_IT\" \/>\n<meta property=\"og:type\" content=\"article\" \/>\n<meta property=\"og:title\" content=\"La luce naturale nel cinema di Dogma 95 | Atmosfera Mag\" \/>\n<meta property=\"og:description\" content=\"Luce naturale, niente effetti speciali, solo realt\u00e0: Dogma 95 di von Trier e Vinterberg ha cambiato il cinema danese con un\u2019estetica grezza e sincera.\" \/>\n<meta property=\"og:url\" content=\"https:\/\/www.atmosferamag.it\/it\/dogma-95-luce-naturale-cinema\/\" \/>\n<meta property=\"og:site_name\" content=\"Atmosfera Mag\" \/>\n<meta property=\"article:publisher\" content=\"https:\/\/www.facebook.com\/people\/Atmosfera-Mag\/100086538670476\/\" \/>\n<meta property=\"article:published_time\" content=\"2025-05-08T09:11:46+00:00\" \/>\n<meta property=\"article:modified_time\" content=\"2025-05-08T09:14:24+00:00\" \/>\n<meta property=\"og:image\" content=\"https:\/\/www.atmosferamag.it\/wp-content\/uploads\/2025\/05\/Mifune1.jpg\" \/>\n\t<meta property=\"og:image:width\" content=\"1920\" \/>\n\t<meta property=\"og:image:height\" content=\"1080\" \/>\n\t<meta property=\"og:image:type\" content=\"image\/jpeg\" \/>\n<meta name=\"author\" content=\"Alice Grisa\" \/>\n<meta name=\"twitter:card\" content=\"summary_large_image\" \/>\n<meta name=\"twitter:label1\" content=\"Scritto da\" \/>\n\t<meta name=\"twitter:data1\" content=\"Alice Grisa\" \/>\n\t<meta name=\"twitter:label2\" content=\"Tempo di lettura stimato\" \/>\n\t<meta name=\"twitter:data2\" content=\"8 minuti\" \/>\n<script type=\"application\/ld+json\" class=\"yoast-schema-graph\">{\"@context\":\"https:\/\/schema.org\",\"@graph\":[{\"@type\":\"Article\",\"@id\":\"https:\/\/www.atmosferamag.it\/it\/dogma-95-luce-naturale-cinema\/#article\",\"isPartOf\":{\"@id\":\"https:\/\/www.atmosferamag.it\/it\/dogma-95-luce-naturale-cinema\/\"},\"author\":{\"name\":\"Alice Grisa\",\"@id\":\"https:\/\/www.atmosferamag.it\/it\/#\/schema\/person\/f65a0490a74ddac5e521fbea8016a8ed\"},\"headline\":\"Cos\u00ec, con la luce naturale, Dogma 95 riport\u00f2 il cinema alla sua verit\u00e0 pi\u00f9 cruda\u00a0\",\"datePublished\":\"2025-05-08T09:11:46+00:00\",\"dateModified\":\"2025-05-08T09:14:24+00:00\",\"mainEntityOfPage\":{\"@id\":\"https:\/\/www.atmosferamag.it\/it\/dogma-95-luce-naturale-cinema\/\"},\"wordCount\":1107,\"publisher\":{\"@id\":\"https:\/\/www.atmosferamag.it\/it\/#organization\"},\"image\":{\"@id\":\"https:\/\/www.atmosferamag.it\/it\/dogma-95-luce-naturale-cinema\/#primaryimage\"},\"thumbnailUrl\":\"https:\/\/www.atmosferamag.it\/wp-content\/uploads\/2025\/05\/Mifune1.jpg\",\"articleSection\":[\"Spaces\",\"Spaces\"],\"inLanguage\":\"it-IT\"},{\"@type\":\"WebPage\",\"@id\":\"https:\/\/www.atmosferamag.it\/it\/dogma-95-luce-naturale-cinema\/\",\"url\":\"https:\/\/www.atmosferamag.it\/it\/dogma-95-luce-naturale-cinema\/\",\"name\":\"La luce naturale nel cinema di Dogma 95 | Atmosfera Mag\",\"isPartOf\":{\"@id\":\"https:\/\/www.atmosferamag.it\/it\/#website\"},\"primaryImageOfPage\":{\"@id\":\"https:\/\/www.atmosferamag.it\/it\/dogma-95-luce-naturale-cinema\/#primaryimage\"},\"image\":{\"@id\":\"https:\/\/www.atmosferamag.it\/it\/dogma-95-luce-naturale-cinema\/#primaryimage\"},\"thumbnailUrl\":\"https:\/\/www.atmosferamag.it\/wp-content\/uploads\/2025\/05\/Mifune1.jpg\",\"datePublished\":\"2025-05-08T09:11:46+00:00\",\"dateModified\":\"2025-05-08T09:14:24+00:00\",\"description\":\"Luce naturale, niente effetti speciali, solo realt\u00e0: Dogma 95 di von Trier e Vinterberg ha cambiato il cinema danese con un\u2019estetica grezza e sincera.\",\"breadcrumb\":{\"@id\":\"https:\/\/www.atmosferamag.it\/it\/dogma-95-luce-naturale-cinema\/#breadcrumb\"},\"inLanguage\":\"it-IT\",\"potentialAction\":[{\"@type\":\"ReadAction\",\"target\":[\"https:\/\/www.atmosferamag.it\/it\/dogma-95-luce-naturale-cinema\/\"]}]},{\"@type\":\"ImageObject\",\"inLanguage\":\"it-IT\",\"@id\":\"https:\/\/www.atmosferamag.it\/it\/dogma-95-luce-naturale-cinema\/#primaryimage\",\"url\":\"https:\/\/www.atmosferamag.it\/wp-content\/uploads\/2025\/05\/Mifune1.jpg\",\"contentUrl\":\"https:\/\/www.atmosferamag.it\/wp-content\/uploads\/2025\/05\/Mifune1.jpg\",\"width\":1920,\"height\":1080},{\"@type\":\"BreadcrumbList\",\"@id\":\"https:\/\/www.atmosferamag.it\/it\/dogma-95-luce-naturale-cinema\/#breadcrumb\",\"itemListElement\":[{\"@type\":\"ListItem\",\"position\":1,\"name\":\"Home\",\"item\":\"https:\/\/www.atmosferamag.it\/it\/\"},{\"@type\":\"ListItem\",\"position\":2,\"name\":\"Cos\u00ec, con la luce naturale, Dogma 95 riport\u00f2 il cinema alla sua verit\u00e0 pi\u00f9 cruda\u00a0\"}]},{\"@type\":\"WebSite\",\"@id\":\"https:\/\/www.atmosferamag.it\/it\/#website\",\"url\":\"https:\/\/www.atmosferamag.it\/it\/\",\"name\":\"Atmosfera Mag\",\"description\":\"La luce in tutte le sue forme\",\"publisher\":{\"@id\":\"https:\/\/www.atmosferamag.it\/it\/#organization\"},\"potentialAction\":[{\"@type\":\"SearchAction\",\"target\":{\"@type\":\"EntryPoint\",\"urlTemplate\":\"https:\/\/www.atmosferamag.it\/it\/?s={search_term_string}\"},\"query-input\":{\"@type\":\"PropertyValueSpecification\",\"valueRequired\":true,\"valueName\":\"search_term_string\"}}],\"inLanguage\":\"it-IT\"},{\"@type\":\"Organization\",\"@id\":\"https:\/\/www.atmosferamag.it\/it\/#organization\",\"name\":\"Atmosfera Mag\",\"url\":\"https:\/\/www.atmosferamag.it\/it\/\",\"logo\":{\"@type\":\"ImageObject\",\"inLanguage\":\"it-IT\",\"@id\":\"https:\/\/www.atmosferamag.it\/it\/#\/schema\/logo\/image\/\",\"url\":\"https:\/\/www.atmosferamag.it\/wp-content\/uploads\/2022\/09\/titolo.png\",\"contentUrl\":\"https:\/\/www.atmosferamag.it\/wp-content\/uploads\/2022\/09\/titolo.png\",\"width\":2728,\"height\":406,\"caption\":\"Atmosfera Mag\"},\"image\":{\"@id\":\"https:\/\/www.atmosferamag.it\/it\/#\/schema\/logo\/image\/\"},\"sameAs\":[\"https:\/\/www.facebook.com\/people\/Atmosfera-Mag\/100086538670476\/\",\"https:\/\/www.instagram.com\/atmosferamag\/\",\"https:\/\/www.pinterest.it\/atmosfera_mag\/\"]},{\"@type\":\"Person\",\"@id\":\"https:\/\/www.atmosferamag.it\/it\/#\/schema\/person\/f65a0490a74ddac5e521fbea8016a8ed\",\"name\":\"Alice Grisa\",\"image\":{\"@type\":\"ImageObject\",\"inLanguage\":\"it-IT\",\"@id\":\"https:\/\/www.atmosferamag.it\/it\/#\/schema\/person\/image\/\",\"url\":\"https:\/\/secure.gravatar.com\/avatar\/42a75a3c9bd3179406e21a04a424460722240e219b519ee6539486e55721d05c?s=96&d=mm&r=g\",\"contentUrl\":\"https:\/\/secure.gravatar.com\/avatar\/42a75a3c9bd3179406e21a04a424460722240e219b519ee6539486e55721d05c?s=96&d=mm&r=g\",\"caption\":\"Alice Grisa\"},\"url\":\"https:\/\/www.atmosferamag.it\/it\/author\/alice-grisa\/\"}]}<\/script>\n<!-- \/ Yoast SEO plugin. -->","yoast_head_json":{"title":"La luce naturale nel cinema di Dogma 95 | Atmosfera Mag","description":"Luce naturale, niente effetti speciali, solo realt\u00e0: Dogma 95 di von Trier e Vinterberg ha cambiato il cinema danese con un\u2019estetica grezza e sincera.","robots":{"index":"index","follow":"follow","max-snippet":"max-snippet:-1","max-image-preview":"max-image-preview:large","max-video-preview":"max-video-preview:-1"},"canonical":"https:\/\/www.atmosferamag.it\/it\/dogma-95-luce-naturale-cinema\/","og_locale":"it_IT","og_type":"article","og_title":"La luce naturale nel cinema di Dogma 95 | Atmosfera Mag","og_description":"Luce naturale, niente effetti speciali, solo realt\u00e0: Dogma 95 di von Trier e Vinterberg ha cambiato il cinema danese con un\u2019estetica grezza e sincera.","og_url":"https:\/\/www.atmosferamag.it\/it\/dogma-95-luce-naturale-cinema\/","og_site_name":"Atmosfera Mag","article_publisher":"https:\/\/www.facebook.com\/people\/Atmosfera-Mag\/100086538670476\/","article_published_time":"2025-05-08T09:11:46+00:00","article_modified_time":"2025-05-08T09:14:24+00:00","og_image":[{"width":1920,"height":1080,"url":"https:\/\/www.atmosferamag.it\/wp-content\/uploads\/2025\/05\/Mifune1.jpg","type":"image\/jpeg"}],"author":"Alice Grisa","twitter_card":"summary_large_image","twitter_misc":{"Scritto da":"Alice Grisa","Tempo di lettura stimato":"8 minuti"},"schema":{"@context":"https:\/\/schema.org","@graph":[{"@type":"Article","@id":"https:\/\/www.atmosferamag.it\/it\/dogma-95-luce-naturale-cinema\/#article","isPartOf":{"@id":"https:\/\/www.atmosferamag.it\/it\/dogma-95-luce-naturale-cinema\/"},"author":{"name":"Alice Grisa","@id":"https:\/\/www.atmosferamag.it\/it\/#\/schema\/person\/f65a0490a74ddac5e521fbea8016a8ed"},"headline":"Cos\u00ec, con la luce naturale, Dogma 95 riport\u00f2 il cinema alla sua verit\u00e0 pi\u00f9 cruda\u00a0","datePublished":"2025-05-08T09:11:46+00:00","dateModified":"2025-05-08T09:14:24+00:00","mainEntityOfPage":{"@id":"https:\/\/www.atmosferamag.it\/it\/dogma-95-luce-naturale-cinema\/"},"wordCount":1107,"publisher":{"@id":"https:\/\/www.atmosferamag.it\/it\/#organization"},"image":{"@id":"https:\/\/www.atmosferamag.it\/it\/dogma-95-luce-naturale-cinema\/#primaryimage"},"thumbnailUrl":"https:\/\/www.atmosferamag.it\/wp-content\/uploads\/2025\/05\/Mifune1.jpg","articleSection":["Spaces","Spaces"],"inLanguage":"it-IT"},{"@type":"WebPage","@id":"https:\/\/www.atmosferamag.it\/it\/dogma-95-luce-naturale-cinema\/","url":"https:\/\/www.atmosferamag.it\/it\/dogma-95-luce-naturale-cinema\/","name":"La luce naturale nel cinema di Dogma 95 | Atmosfera Mag","isPartOf":{"@id":"https:\/\/www.atmosferamag.it\/it\/#website"},"primaryImageOfPage":{"@id":"https:\/\/www.atmosferamag.it\/it\/dogma-95-luce-naturale-cinema\/#primaryimage"},"image":{"@id":"https:\/\/www.atmosferamag.it\/it\/dogma-95-luce-naturale-cinema\/#primaryimage"},"thumbnailUrl":"https:\/\/www.atmosferamag.it\/wp-content\/uploads\/2025\/05\/Mifune1.jpg","datePublished":"2025-05-08T09:11:46+00:00","dateModified":"2025-05-08T09:14:24+00:00","description":"Luce naturale, niente effetti speciali, solo realt\u00e0: Dogma 95 di von Trier e Vinterberg ha cambiato il cinema danese con un\u2019estetica grezza e sincera.","breadcrumb":{"@id":"https:\/\/www.atmosferamag.it\/it\/dogma-95-luce-naturale-cinema\/#breadcrumb"},"inLanguage":"it-IT","potentialAction":[{"@type":"ReadAction","target":["https:\/\/www.atmosferamag.it\/it\/dogma-95-luce-naturale-cinema\/"]}]},{"@type":"ImageObject","inLanguage":"it-IT","@id":"https:\/\/www.atmosferamag.it\/it\/dogma-95-luce-naturale-cinema\/#primaryimage","url":"https:\/\/www.atmosferamag.it\/wp-content\/uploads\/2025\/05\/Mifune1.jpg","contentUrl":"https:\/\/www.atmosferamag.it\/wp-content\/uploads\/2025\/05\/Mifune1.jpg","width":1920,"height":1080},{"@type":"BreadcrumbList","@id":"https:\/\/www.atmosferamag.it\/it\/dogma-95-luce-naturale-cinema\/#breadcrumb","itemListElement":[{"@type":"ListItem","position":1,"name":"Home","item":"https:\/\/www.atmosferamag.it\/it\/"},{"@type":"ListItem","position":2,"name":"Cos\u00ec, con la luce naturale, Dogma 95 riport\u00f2 il cinema alla sua verit\u00e0 pi\u00f9 cruda\u00a0"}]},{"@type":"WebSite","@id":"https:\/\/www.atmosferamag.it\/it\/#website","url":"https:\/\/www.atmosferamag.it\/it\/","name":"Atmosfera Mag","description":"La luce in tutte le sue forme","publisher":{"@id":"https:\/\/www.atmosferamag.it\/it\/#organization"},"potentialAction":[{"@type":"SearchAction","target":{"@type":"EntryPoint","urlTemplate":"https:\/\/www.atmosferamag.it\/it\/?s={search_term_string}"},"query-input":{"@type":"PropertyValueSpecification","valueRequired":true,"valueName":"search_term_string"}}],"inLanguage":"it-IT"},{"@type":"Organization","@id":"https:\/\/www.atmosferamag.it\/it\/#organization","name":"Atmosfera Mag","url":"https:\/\/www.atmosferamag.it\/it\/","logo":{"@type":"ImageObject","inLanguage":"it-IT","@id":"https:\/\/www.atmosferamag.it\/it\/#\/schema\/logo\/image\/","url":"https:\/\/www.atmosferamag.it\/wp-content\/uploads\/2022\/09\/titolo.png","contentUrl":"https:\/\/www.atmosferamag.it\/wp-content\/uploads\/2022\/09\/titolo.png","width":2728,"height":406,"caption":"Atmosfera Mag"},"image":{"@id":"https:\/\/www.atmosferamag.it\/it\/#\/schema\/logo\/image\/"},"sameAs":["https:\/\/www.facebook.com\/people\/Atmosfera-Mag\/100086538670476\/","https:\/\/www.instagram.com\/atmosferamag\/","https:\/\/www.pinterest.it\/atmosfera_mag\/"]},{"@type":"Person","@id":"https:\/\/www.atmosferamag.it\/it\/#\/schema\/person\/f65a0490a74ddac5e521fbea8016a8ed","name":"Alice Grisa","image":{"@type":"ImageObject","inLanguage":"it-IT","@id":"https:\/\/www.atmosferamag.it\/it\/#\/schema\/person\/image\/","url":"https:\/\/secure.gravatar.com\/avatar\/42a75a3c9bd3179406e21a04a424460722240e219b519ee6539486e55721d05c?s=96&d=mm&r=g","contentUrl":"https:\/\/secure.gravatar.com\/avatar\/42a75a3c9bd3179406e21a04a424460722240e219b519ee6539486e55721d05c?s=96&d=mm&r=g","caption":"Alice Grisa"},"url":"https:\/\/www.atmosferamag.it\/it\/author\/alice-grisa\/"}]}},"_links":{"self":[{"href":"https:\/\/www.atmosferamag.it\/it\/wp-json\/wp\/v2\/posts\/38510","targetHints":{"allow":["GET"]}}],"collection":[{"href":"https:\/\/www.atmosferamag.it\/it\/wp-json\/wp\/v2\/posts"}],"about":[{"href":"https:\/\/www.atmosferamag.it\/it\/wp-json\/wp\/v2\/types\/post"}],"author":[{"embeddable":true,"href":"https:\/\/www.atmosferamag.it\/it\/wp-json\/wp\/v2\/users\/22"}],"replies":[{"embeddable":true,"href":"https:\/\/www.atmosferamag.it\/it\/wp-json\/wp\/v2\/comments?post=38510"}],"version-history":[{"count":4,"href":"https:\/\/www.atmosferamag.it\/it\/wp-json\/wp\/v2\/posts\/38510\/revisions"}],"predecessor-version":[{"id":38530,"href":"https:\/\/www.atmosferamag.it\/it\/wp-json\/wp\/v2\/posts\/38510\/revisions\/38530"}],"wp:featuredmedia":[{"embeddable":true,"href":"https:\/\/www.atmosferamag.it\/it\/wp-json\/wp\/v2\/media\/38512"}],"wp:attachment":[{"href":"https:\/\/www.atmosferamag.it\/it\/wp-json\/wp\/v2\/media?parent=38510"}],"wp:term":[{"taxonomy":"category","embeddable":true,"href":"https:\/\/www.atmosferamag.it\/it\/wp-json\/wp\/v2\/categories?post=38510"},{"taxonomy":"post_tag","embeddable":true,"href":"https:\/\/www.atmosferamag.it\/it\/wp-json\/wp\/v2\/tags?post=38510"}],"curies":[{"name":"wp","href":"https:\/\/api.w.org\/{rel}","templated":true}]}}