{"id":37867,"date":"2025-04-11T17:46:20","date_gmt":"2025-04-11T15:46:20","guid":{"rendered":"https:\/\/www.atmosferamag.it\/?p=37867"},"modified":"2025-04-11T17:41:23","modified_gmt":"2025-04-11T15:41:23","slug":"international-light-forum-euroluce-2025-milano-design-week","status":"publish","type":"post","link":"https:\/\/www.atmosferamag.it\/it\/international-light-forum-euroluce-2025-milano-design-week\/","title":{"rendered":"Dialoghi sulla luce: cosa ci ha lasciato il primo International Light Forum di Euroluce 2025"},"content":{"rendered":"\t\t<div data-elementor-type=\"wp-post\" data-elementor-id=\"37867\" class=\"elementor elementor-37867 elementor-37904\" data-elementor-post-type=\"post\">\n\t\t\t\t\t\t<section class=\"elementor-section elementor-top-section elementor-element elementor-element-b08cc3b elementor-section-boxed elementor-section-height-default elementor-section-height-default\" data-id=\"b08cc3b\" data-element_type=\"section\" data-e-type=\"section\">\n\t\t\t\t\t\t<div class=\"elementor-container elementor-column-gap-default\">\n\t\t\t\t\t<div class=\"elementor-column elementor-col-100 elementor-top-column elementor-element elementor-element-99837cd\" data-id=\"99837cd\" data-element_type=\"column\" data-e-type=\"column\">\n\t\t\t<div class=\"elementor-widget-wrap elementor-element-populated\">\n\t\t\t\t\t\t<div class=\"elementor-element elementor-element-ecd10f1 elementor-widget elementor-widget-text-editor\" data-id=\"ecd10f1\" data-element_type=\"widget\" data-e-type=\"widget\" data-widget_type=\"text-editor.default\">\n\t\t\t\t<div class=\"elementor-widget-container\">\n\t\t\t\t\t\t\t\t\t<h6><span style=\"font-weight: 400;\">Cover photo:\u00a0ph. \u00aeSaverio Lombardi Vallauri &#8211; Salone del Mobile Milano<\/span><\/h6><p>\u00a0<\/p><p><span style=\"font-weight: 400;\">Ha preso il via ieri l\u2019<\/span><b>International Lighting Forum <\/b><span style=\"font-weight: 400;\">di<\/span> <span style=\"text-decoration: underline;\"><a href=\"https:\/\/www.salonemilano.it\/it\/manifestazioni\/euroluce\" target=\"_blank\" rel=\"noopener\"><span style=\"font-weight: 400;\">Euroluce<\/span><\/a><\/span><span style=\"font-weight: 400;\">, diretto da <\/span><b>Annalisa Rosso<\/b><span style=\"font-weight: 400;\"> con la collaborazione di <\/span><span style=\"text-decoration: underline;\"><a href=\"https:\/\/www.federlegnoarredo.it\/it\/associazioni\/apil\" target=\"_blank\" rel=\"noopener\"><span style=\"font-weight: 400;\">APIL-Associazione Professionisti dell\u2019Illuminazione<\/span><\/a><\/span><span style=\"font-weight: 400;\">: un programma dal titolo <\/span><b>Light for Life. Light for Spaces<\/b><span style=\"font-weight: 400;\"> che vede 6 masterclass, 2 tavole rotonde e 2 workshop ospitati nell\u2019Arena\u00a0The Forest of Space (Pad. 2), progettata dall\u2019architetto giapponese\u00a0<\/span><b>Sou Fujimoto<\/b><span style=\"font-weight: 400;\"> e<\/span> <span style=\"font-weight: 400;\">curata da <\/span><b>VIV Arts<\/b><span style=\"font-weight: 400;\">. Il Forum vedr\u00e0 diverse figure, da lighting designer ad astronomi e psicologi, condividere visioni e pratiche di ricerca e progetto con l\u2019obiettivo di <\/span><b>stimolare una pi\u00f9 profonda comprensione del futuro del lighting<\/b><span style=\"font-weight: 400;\">.<\/span><\/p><p><span style=\"font-weight: 400;\">Abbiamo seguito due masterclass della prima giornata: quella di\u00a0<\/span><b>Marjan van Aubel,<\/b><span style=\"font-weight: 400;\">\u00a0Solar Designer olandese, e di <\/span><b>Stefano Mancuso,<\/b><span style=\"font-weight: 400;\">\u00a0Neurobiologo delle piante e Direttore del Laboratorio Internazionale di Neurobiologia Vegetale all\u2019Universit\u00e0 degli Studi Firenze<\/span><b>.<\/b><\/p>\t\t\t\t\t\t\t\t<\/div>\n\t\t\t\t<\/div>\n\t\t\t\t<div class=\"elementor-element elementor-element-f363e77 elementor-widget elementor-widget-image\" data-id=\"f363e77\" data-element_type=\"widget\" data-e-type=\"widget\" data-widget_type=\"image.default\">\n\t\t\t\t<div class=\"elementor-widget-container\">\n\t\t\t\t\t\t\t\t\t\t\t\t<figure class=\"wp-caption\">\n\t\t\t\t\t\t\t\t\t\t<img fetchpriority=\"high\" decoding=\"async\" width=\"800\" height=\"534\" src=\"https:\/\/www.atmosferamag.it\/wp-content\/uploads\/2025\/04\/16_The-Euroluce_Arena-The-Forest-of-Space_\u252c\u00aeMonica-Spezia_Salone-del-Mobile-Milano-1024x683.jpg\" class=\"attachment-large size-large wp-image-37898\" alt=\"\" srcset=\"https:\/\/www.atmosferamag.it\/wp-content\/uploads\/2025\/04\/16_The-Euroluce_Arena-The-Forest-of-Space_\u252c\u00aeMonica-Spezia_Salone-del-Mobile-Milano-1024x683.jpg 1024w, https:\/\/www.atmosferamag.it\/wp-content\/uploads\/2025\/04\/16_The-Euroluce_Arena-The-Forest-of-Space_\u252c\u00aeMonica-Spezia_Salone-del-Mobile-Milano-300x200.jpg 300w, https:\/\/www.atmosferamag.it\/wp-content\/uploads\/2025\/04\/16_The-Euroluce_Arena-The-Forest-of-Space_\u252c\u00aeMonica-Spezia_Salone-del-Mobile-Milano-768x512.jpg 768w, https:\/\/www.atmosferamag.it\/wp-content\/uploads\/2025\/04\/16_The-Euroluce_Arena-The-Forest-of-Space_\u252c\u00aeMonica-Spezia_Salone-del-Mobile-Milano-1536x1024.jpg 1536w, https:\/\/www.atmosferamag.it\/wp-content\/uploads\/2025\/04\/16_The-Euroluce_Arena-The-Forest-of-Space_\u252c\u00aeMonica-Spezia_Salone-del-Mobile-Milano-2048x1366.jpg 2048w\" sizes=\"(max-width: 800px) 100vw, 800px\" \/>\t\t\t\t\t\t\t\t\t\t\t<figcaption class=\"widget-image-caption wp-caption-text\">1. The Euroluce Arena, The Forest of Space - ph. \u00aeMonica Spezia - Salone del Mobile Milano<\/figcaption>\n\t\t\t\t\t\t\t\t\t\t<\/figure>\n\t\t\t\t\t\t\t\t\t<\/div>\n\t\t\t\t<\/div>\n\t\t\t\t<div class=\"elementor-element elementor-element-c047c38 elementor-widget elementor-widget-text-editor\" data-id=\"c047c38\" data-element_type=\"widget\" data-e-type=\"widget\" data-widget_type=\"text-editor.default\">\n\t\t\t\t<div class=\"elementor-widget-container\">\n\t\t\t\t\t\t\t\t\t<h2>L\u2019introduzione alle Masterclass di Euroluce 2025<\/h2><p><span style=\"font-weight: 400;\">Il moderatore<\/span><b> Ed Stocker<\/b><span style=\"font-weight: 400;\">, Europe Editor-at-Large di Monocle, introduce la prima masterclass con l\u2019intervento della <\/span><b>Presidente del Salone del Mobile.Milano, Maria Porro<\/b><span style=\"font-weight: 400;\">, e successivamente di <\/span><b>Carlo Urbinati, Presidente di Assoluce<\/b><span style=\"font-weight: 400;\">. Come raccontato sul palco, <\/span><b>il Forum nasce dal dialogo con espositori, operatori di settore, ma soprattutto per pensare a tutto quello che sta attorno alla luce: non solo il progetto, ma la cultura, l\u2019innovazione e il lato pi\u00f9 emozionale<\/b><span style=\"font-weight: 400;\">.\u00a0 L\u2019obiettivo \u00e8 parlare di com\u2019\u00e8 fatto un buon progetto tenendo conto di tutte le figure coinvolte, delle potenzialit\u00e0 della luce e del suo significato quando questa \u00e8 progettata con consapevolezza, aggiunge Urbinati.<\/span><\/p>\t\t\t\t\t\t\t\t<\/div>\n\t\t\t\t<\/div>\n\t\t\t\t<div class=\"elementor-element elementor-element-03d7d71 elementor-widget elementor-widget-text-editor\" data-id=\"03d7d71\" data-element_type=\"widget\" data-e-type=\"widget\" data-widget_type=\"text-editor.default\">\n\t\t\t\t<div class=\"elementor-widget-container\">\n\t\t\t\t\t\t\t\t\t<h2>Marjan Van Aubel \u2013 <i>Sunlighted<\/i><\/h2><p><span style=\"font-weight: 400;\">La prima masterclass \u00e8 quella di <\/span><b>Marjan Van Aubel<\/b><span style=\"font-weight: 400;\"> che in un\u2019ora presenta il suo percorso, partendo naturalmente dal sole e sottolineando cosa significa per noi. \u00abOgni ora il sole fornisce abbastanza energia da illuminare per un anno il mondo\u2026 Tutto esiste grazie al sole\u00bb.<\/span><\/p><p><span style=\"font-weight: 400;\">Il progetto da cui inizia l\u2019avventura della designer \u00e8 <\/span><i><span style=\"font-weight: 400;\">Sunne<\/span><\/i><span style=\"font-weight: 400;\">: iniziato grazie a una campagna di crowdfunding su Kickstarter, si tratta di una lampada che cattura la luce del sole grazie a pannelli solari integrati e la rilascia al tramonto, con una palette di colori regolabile che si ispira alla luce del sole, dal tramonto all\u2019alba. Dopo altri progetti tra cui il tavolo <\/span><i><span style=\"font-weight: 400;\">Current Table<\/span><\/i><span style=\"font-weight: 400;\"> e la tenda <\/span><i><span style=\"font-weight: 400;\">Current Window<\/span><\/i><span style=\"font-weight: 400;\">, pensati per immagazzinare energia negli ambienti interni, la Solar Designer fonda il <\/span><i><span style=\"font-weight: 400;\">Solar Movement<\/span><\/i><span style=\"font-weight: 400;\"> insieme a <\/span><i><span style=\"font-weight: 400;\">Pauline van Dongen<\/span><\/i><span style=\"font-weight: 400;\"> e in collaborazione con lo stratega Pallas Agterberg. Il movimento nasce per far conoscere il design solare, la sua sostenibilit\u00e0 e potenziale accessibilit\u00e0 e condividerne gli aspetti culturali con il pubblico.\u00a0<\/span><\/p>\t\t\t\t\t\t\t\t<\/div>\n\t\t\t\t<\/div>\n\t\t\t\t<div class=\"elementor-element elementor-element-82eb796 elementor-widget elementor-widget-image\" data-id=\"82eb796\" data-element_type=\"widget\" data-e-type=\"widget\" data-widget_type=\"image.default\">\n\t\t\t\t<div class=\"elementor-widget-container\">\n\t\t\t\t\t\t\t\t\t\t\t\t<figure class=\"wp-caption\">\n\t\t\t\t\t\t\t\t\t\t<img decoding=\"async\" width=\"800\" height=\"534\" src=\"https:\/\/www.atmosferamag.it\/wp-content\/uploads\/2025\/04\/02_The-Euroluce_\u252c\u00aeSaverio-Lombardi-Vallauri_Salone-del-Mobile-Milano-1024x683.jpg\" class=\"attachment-large size-large wp-image-37892\" alt=\"\" srcset=\"https:\/\/www.atmosferamag.it\/wp-content\/uploads\/2025\/04\/02_The-Euroluce_\u252c\u00aeSaverio-Lombardi-Vallauri_Salone-del-Mobile-Milano-1024x683.jpg 1024w, https:\/\/www.atmosferamag.it\/wp-content\/uploads\/2025\/04\/02_The-Euroluce_\u252c\u00aeSaverio-Lombardi-Vallauri_Salone-del-Mobile-Milano-300x200.jpg 300w, https:\/\/www.atmosferamag.it\/wp-content\/uploads\/2025\/04\/02_The-Euroluce_\u252c\u00aeSaverio-Lombardi-Vallauri_Salone-del-Mobile-Milano-768x512.jpg 768w, https:\/\/www.atmosferamag.it\/wp-content\/uploads\/2025\/04\/02_The-Euroluce_\u252c\u00aeSaverio-Lombardi-Vallauri_Salone-del-Mobile-Milano-1536x1024.jpg 1536w, https:\/\/www.atmosferamag.it\/wp-content\/uploads\/2025\/04\/02_The-Euroluce_\u252c\u00aeSaverio-Lombardi-Vallauri_Salone-del-Mobile-Milano-2048x1365.jpg 2048w\" sizes=\"(max-width: 800px) 100vw, 800px\" \/>\t\t\t\t\t\t\t\t\t\t\t<figcaption class=\"widget-image-caption wp-caption-text\">2. Marjan Van Aubel - ph. \u00aeSaverio Lombardi Vallauri - Salone del Mobile Milano<\/figcaption>\n\t\t\t\t\t\t\t\t\t\t<\/figure>\n\t\t\t\t\t\t\t\t\t<\/div>\n\t\t\t\t<\/div>\n\t\t\t\t<div class=\"elementor-element elementor-element-759254b elementor-widget elementor-widget-text-editor\" data-id=\"759254b\" data-element_type=\"widget\" data-e-type=\"widget\" data-widget_type=\"text-editor.default\">\n\t\t\t\t<div class=\"elementor-widget-container\">\n\t\t\t\t\t\t\t\t\t<p><span style=\"font-weight: 400;\">Dal Solar Movement nasce la <\/span><b>Solar Biennale<\/b><span style=\"font-weight: 400;\">, un vero e proprio <\/span><b>evento che vuole aiutare a creare consapevolezza relativamente a questa fonte di energia<\/b><span style=\"font-weight: 400;\"> \u2013 che sar\u00e0 a nostra disposizione per almeno altri 5 miliardi di anni. La prima edizione della Biennale si \u00e8 svolta nei Paesi Bassi nel 2022, in collaborazione con il Nieuwe Instituut e la Dutch Design Week; conclusa di recente, la seconda edizione \u00e8 stata ospitata dal <\/span><b>MUDAC<\/b><span style=\"font-weight: 400;\">, <\/span><b>Museo di Design Contemporaneo e Arti Applicate di Lausanne<\/b><span style=\"font-weight: 400;\"> e comprende <\/span><b>Soleil\u00b7s<\/b><span style=\"font-weight: 400;\">, una grande mostra visitabile fino all&#8217;equinozio d&#8217;autunno del 2025, il 21 di settembre. Come racconta la solar designer, queste iniziative non nascono solo per divulgare le potenzialit\u00e0 dell\u2019energia solare ma anche per intraprendere nuove collaborazioni e sviluppare maggiormente le tecnologie. Questo garantirebbe costi inferiori e maggiore accessibilit\u00e0 a un\u2019energia pulita, per tutti.<\/span><\/p>\t\t\t\t\t\t\t\t<\/div>\n\t\t\t\t<\/div>\n\t\t\t\t<div class=\"elementor-element elementor-element-0d1545c elementor-widget elementor-widget-image\" data-id=\"0d1545c\" data-element_type=\"widget\" data-e-type=\"widget\" data-widget_type=\"image.default\">\n\t\t\t\t<div class=\"elementor-widget-container\">\n\t\t\t\t\t\t\t\t\t\t\t\t<figure class=\"wp-caption\">\n\t\t\t\t\t\t\t\t\t\t<img decoding=\"async\" width=\"800\" height=\"534\" src=\"https:\/\/www.atmosferamag.it\/wp-content\/uploads\/2025\/04\/01_The-Euroluce_\u252c\u00aeSaverio-Lombardi-Vallauri_Salone-del-Mobile-Milano-1024x683.jpg\" class=\"attachment-large size-large wp-image-37890\" alt=\"\" srcset=\"https:\/\/www.atmosferamag.it\/wp-content\/uploads\/2025\/04\/01_The-Euroluce_\u252c\u00aeSaverio-Lombardi-Vallauri_Salone-del-Mobile-Milano-1024x683.jpg 1024w, https:\/\/www.atmosferamag.it\/wp-content\/uploads\/2025\/04\/01_The-Euroluce_\u252c\u00aeSaverio-Lombardi-Vallauri_Salone-del-Mobile-Milano-300x200.jpg 300w, https:\/\/www.atmosferamag.it\/wp-content\/uploads\/2025\/04\/01_The-Euroluce_\u252c\u00aeSaverio-Lombardi-Vallauri_Salone-del-Mobile-Milano-768x512.jpg 768w, https:\/\/www.atmosferamag.it\/wp-content\/uploads\/2025\/04\/01_The-Euroluce_\u252c\u00aeSaverio-Lombardi-Vallauri_Salone-del-Mobile-Milano-1536x1024.jpg 1536w, https:\/\/www.atmosferamag.it\/wp-content\/uploads\/2025\/04\/01_The-Euroluce_\u252c\u00aeSaverio-Lombardi-Vallauri_Salone-del-Mobile-Milano-2048x1365.jpg 2048w\" sizes=\"(max-width: 800px) 100vw, 800px\" \/>\t\t\t\t\t\t\t\t\t\t\t<figcaption class=\"widget-image-caption wp-caption-text\">3. Marjan Van Aubel - ph. \u00aeSaverio Lombardi Vallauri - Salone del Mobile Milano<\/figcaption>\n\t\t\t\t\t\t\t\t\t\t<\/figure>\n\t\t\t\t\t\t\t\t\t<\/div>\n\t\t\t\t<\/div>\n\t\t\t\t<div class=\"elementor-element elementor-element-6f96b56 elementor-widget elementor-widget-text-editor\" data-id=\"6f96b56\" data-element_type=\"widget\" data-e-type=\"widget\" data-widget_type=\"text-editor.default\">\n\t\t\t\t<div class=\"elementor-widget-container\">\n\t\t\t\t\t\t\t\t\t<h2>Stefano Mancuso \u2013 <i>Nutrirsi di Luce<\/i><\/h2><p><span style=\"font-weight: 400;\">Il secondo intervento \u00e8 quello di <\/span><b>Stefano Mancuso<\/b><span style=\"font-weight: 400;\"> che si focalizza maggiormente sulle piante ma ribadisce quello che racconta Marjan Van Aubel: noi <\/span><b>viviamo grazie all\u2019energia solare, ma le piante sono il tramite che permette la vita<\/b><span style=\"font-weight: 400;\">. Attraverso la fotosintesi, un processo che ancora oggi non \u00e8 svelato in tutte le sue parti, i cloroplasti catturano la luce e la convertono in nutrimento, rendendo possibile ogni forma di esistenza \u2013 il cloroplasto \u00e8 quindi il collegamento tra il sole e la terra, tra la luce e la vita.\u00a0<\/span><\/p>\t\t\t\t\t\t\t\t<\/div>\n\t\t\t\t<\/div>\n\t\t\t\t<div class=\"elementor-element elementor-element-61d2be8 elementor-widget elementor-widget-image\" data-id=\"61d2be8\" data-element_type=\"widget\" data-e-type=\"widget\" data-widget_type=\"image.default\">\n\t\t\t\t<div class=\"elementor-widget-container\">\n\t\t\t\t\t\t\t\t\t\t\t\t<figure class=\"wp-caption\">\n\t\t\t\t\t\t\t\t\t\t<img loading=\"lazy\" decoding=\"async\" width=\"800\" height=\"534\" src=\"https:\/\/www.atmosferamag.it\/wp-content\/uploads\/2025\/04\/06_The-Euroluce_\u252c\u00aeSaverio-Lombardi-Vallauri_Salone-del-Mobile-Milano-1024x683.jpg\" class=\"attachment-large size-large wp-image-37894\" alt=\"\" srcset=\"https:\/\/www.atmosferamag.it\/wp-content\/uploads\/2025\/04\/06_The-Euroluce_\u252c\u00aeSaverio-Lombardi-Vallauri_Salone-del-Mobile-Milano-1024x683.jpg 1024w, https:\/\/www.atmosferamag.it\/wp-content\/uploads\/2025\/04\/06_The-Euroluce_\u252c\u00aeSaverio-Lombardi-Vallauri_Salone-del-Mobile-Milano-300x200.jpg 300w, https:\/\/www.atmosferamag.it\/wp-content\/uploads\/2025\/04\/06_The-Euroluce_\u252c\u00aeSaverio-Lombardi-Vallauri_Salone-del-Mobile-Milano-768x512.jpg 768w, https:\/\/www.atmosferamag.it\/wp-content\/uploads\/2025\/04\/06_The-Euroluce_\u252c\u00aeSaverio-Lombardi-Vallauri_Salone-del-Mobile-Milano-1536x1024.jpg 1536w, https:\/\/www.atmosferamag.it\/wp-content\/uploads\/2025\/04\/06_The-Euroluce_\u252c\u00aeSaverio-Lombardi-Vallauri_Salone-del-Mobile-Milano-2048x1365.jpg 2048w\" sizes=\"(max-width: 800px) 100vw, 800px\" \/>\t\t\t\t\t\t\t\t\t\t\t<figcaption class=\"widget-image-caption wp-caption-text\">4. Stefano Mancuso - ph. \u00aeSaverio Lombardi Vallauri - Salone del Mobile Milano<\/figcaption>\n\t\t\t\t\t\t\t\t\t\t<\/figure>\n\t\t\t\t\t\t\t\t\t<\/div>\n\t\t\t\t<\/div>\n\t\t\t\t<div class=\"elementor-element elementor-element-49ec6ba elementor-widget elementor-widget-text-editor\" data-id=\"49ec6ba\" data-element_type=\"widget\" data-e-type=\"widget\" data-widget_type=\"text-editor.default\">\n\t\t\t\t<div class=\"elementor-widget-container\">\n\t\t\t\t\t\t\t\t\t<p><span style=\"font-weight: 400;\">Un concetto interessante con cui Mancuso chiude la masterclass \u00e8 che la scienza si \u00e8 spesso focalizzata sullo studio e la ricerca degli animali e degli umani, per natura predatori, nonostante rappresentino una minima parte della biomassa terrestre (meno dello 0,3%). Le piante invece, in quanto autotrofe, si nutrono di luce e prosperano grazie ad una rete di relazioni simbiotiche con altre piante, funghi, batteri e insetti. Un pensiero profondo che stimola un <\/span><b>ragionamento sulla nostra relazione con il pianeta e il nostro rapporto con la luce<\/b><span style=\"font-weight: 400;\">.<\/span><\/p>\t\t\t\t\t\t\t\t<\/div>\n\t\t\t\t<\/div>\n\t\t\t\t\t<\/div>\n\t\t<\/div>\n\t\t\t\t\t<\/div>\n\t\t<\/section>\n\t\t\t\t<\/div>\n\t\t","protected":false},"excerpt":{"rendered":"<p>Confronto e agiornamento con progettisti, architetti e lighting designer durante il primo International Light Forum, a Euroluce. Il resoconto della prima giornata con gli interventi di Marjan van Aubel e Stefano Mancuso.<\/p>\n","protected":false},"author":19,"featured_media":37896,"comment_status":"closed","ping_status":"closed","sticky":false,"template":"","format":"standard","meta":{"footnotes":""},"categories":[43],"tags":[],"class_list":["post-37867","post","type-post","status-publish","format-standard","has-post-thumbnail","hentry","category-highlights"],"yoast_head":"<!-- This site is optimized with the Yoast SEO plugin v26.0 - https:\/\/yoast.com\/wordpress\/plugins\/seo\/ -->\n<title>Euroluce 2025: il debutto dell\u2019International Light Forum | Atmosfera Mag<\/title>\n<meta name=\"description\" content=\"Progettisti, architetti e lighting designer si incontrano a Euroluce 2025 per l\u2019International Light Forum. Il racconto della prima giornata.\" \/>\n<meta name=\"robots\" content=\"index, follow, max-snippet:-1, max-image-preview:large, max-video-preview:-1\" \/>\n<link rel=\"canonical\" href=\"https:\/\/www.atmosferamag.it\/it\/international-light-forum-euroluce-2025-milano-design-week\/\" \/>\n<meta property=\"og:locale\" content=\"it_IT\" \/>\n<meta property=\"og:type\" content=\"article\" \/>\n<meta property=\"og:title\" content=\"Euroluce 2025: il debutto dell\u2019International Light Forum | Atmosfera Mag\" \/>\n<meta property=\"og:description\" content=\"Progettisti, architetti e lighting designer si incontrano a Euroluce 2025 per l\u2019International Light Forum. Il racconto della prima giornata.\" \/>\n<meta property=\"og:url\" content=\"https:\/\/www.atmosferamag.it\/it\/international-light-forum-euroluce-2025-milano-design-week\/\" \/>\n<meta property=\"og:site_name\" content=\"Atmosfera Mag\" \/>\n<meta property=\"article:publisher\" content=\"https:\/\/www.facebook.com\/people\/Atmosfera-Mag\/100086538670476\/\" \/>\n<meta property=\"article:published_time\" content=\"2025-04-11T15:46:20+00:00\" \/>\n<meta property=\"og:image\" content=\"https:\/\/www.atmosferamag.it\/wp-content\/uploads\/2025\/04\/08_The-Euroluce_\u252c\u00aeSaverio-Lombardi-Vallauri_Salone-del-Mobile-Milano.jpg\" \/>\n\t<meta property=\"og:image:width\" content=\"8007\" \/>\n\t<meta property=\"og:image:height\" content=\"5338\" \/>\n\t<meta property=\"og:image:type\" content=\"image\/jpeg\" \/>\n<meta name=\"author\" content=\"Teo Sandigliano\" \/>\n<meta name=\"twitter:card\" content=\"summary_large_image\" \/>\n<meta name=\"twitter:label1\" content=\"Scritto da\" \/>\n\t<meta name=\"twitter:data1\" content=\"Teo Sandigliano\" \/>\n\t<meta name=\"twitter:label2\" content=\"Tempo di lettura stimato\" \/>\n\t<meta name=\"twitter:data2\" content=\"6 minuti\" \/>\n<script type=\"application\/ld+json\" class=\"yoast-schema-graph\">{\"@context\":\"https:\/\/schema.org\",\"@graph\":[{\"@type\":\"Article\",\"@id\":\"https:\/\/www.atmosferamag.it\/it\/international-light-forum-euroluce-2025-milano-design-week\/#article\",\"isPartOf\":{\"@id\":\"https:\/\/www.atmosferamag.it\/it\/international-light-forum-euroluce-2025-milano-design-week\/\"},\"author\":{\"name\":\"Teo Sandigliano\",\"@id\":\"https:\/\/www.atmosferamag.it\/it\/#\/schema\/person\/19b178a6d612d6fd0de5416801c007a2\"},\"headline\":\"Dialoghi sulla luce: cosa ci ha lasciato il primo International Light Forum di Euroluce 2025\",\"datePublished\":\"2025-04-11T15:46:20+00:00\",\"mainEntityOfPage\":{\"@id\":\"https:\/\/www.atmosferamag.it\/it\/international-light-forum-euroluce-2025-milano-design-week\/\"},\"wordCount\":793,\"publisher\":{\"@id\":\"https:\/\/www.atmosferamag.it\/it\/#organization\"},\"image\":{\"@id\":\"https:\/\/www.atmosferamag.it\/it\/international-light-forum-euroluce-2025-milano-design-week\/#primaryimage\"},\"thumbnailUrl\":\"https:\/\/www.atmosferamag.it\/wp-content\/uploads\/2025\/04\/08_The-Euroluce_\u252c\u00aeSaverio-Lombardi-Vallauri_Salone-del-Mobile-Milano.jpg\",\"articleSection\":[\"Highlights\"],\"inLanguage\":\"it-IT\"},{\"@type\":\"WebPage\",\"@id\":\"https:\/\/www.atmosferamag.it\/it\/international-light-forum-euroluce-2025-milano-design-week\/\",\"url\":\"https:\/\/www.atmosferamag.it\/it\/international-light-forum-euroluce-2025-milano-design-week\/\",\"name\":\"Euroluce 2025: il debutto dell\u2019International Light Forum | Atmosfera Mag\",\"isPartOf\":{\"@id\":\"https:\/\/www.atmosferamag.it\/it\/#website\"},\"primaryImageOfPage\":{\"@id\":\"https:\/\/www.atmosferamag.it\/it\/international-light-forum-euroluce-2025-milano-design-week\/#primaryimage\"},\"image\":{\"@id\":\"https:\/\/www.atmosferamag.it\/it\/international-light-forum-euroluce-2025-milano-design-week\/#primaryimage\"},\"thumbnailUrl\":\"https:\/\/www.atmosferamag.it\/wp-content\/uploads\/2025\/04\/08_The-Euroluce_\u252c\u00aeSaverio-Lombardi-Vallauri_Salone-del-Mobile-Milano.jpg\",\"datePublished\":\"2025-04-11T15:46:20+00:00\",\"description\":\"Progettisti, architetti e lighting designer si incontrano a Euroluce 2025 per l\u2019International Light Forum. Il racconto della prima giornata.\",\"breadcrumb\":{\"@id\":\"https:\/\/www.atmosferamag.it\/it\/international-light-forum-euroluce-2025-milano-design-week\/#breadcrumb\"},\"inLanguage\":\"it-IT\",\"potentialAction\":[{\"@type\":\"ReadAction\",\"target\":[\"https:\/\/www.atmosferamag.it\/it\/international-light-forum-euroluce-2025-milano-design-week\/\"]}]},{\"@type\":\"ImageObject\",\"inLanguage\":\"it-IT\",\"@id\":\"https:\/\/www.atmosferamag.it\/it\/international-light-forum-euroluce-2025-milano-design-week\/#primaryimage\",\"url\":\"https:\/\/www.atmosferamag.it\/wp-content\/uploads\/2025\/04\/08_The-Euroluce_\u252c\u00aeSaverio-Lombardi-Vallauri_Salone-del-Mobile-Milano.jpg\",\"contentUrl\":\"https:\/\/www.atmosferamag.it\/wp-content\/uploads\/2025\/04\/08_The-Euroluce_\u252c\u00aeSaverio-Lombardi-Vallauri_Salone-del-Mobile-Milano.jpg\",\"width\":8007,\"height\":5338},{\"@type\":\"BreadcrumbList\",\"@id\":\"https:\/\/www.atmosferamag.it\/it\/international-light-forum-euroluce-2025-milano-design-week\/#breadcrumb\",\"itemListElement\":[{\"@type\":\"ListItem\",\"position\":1,\"name\":\"Home\",\"item\":\"https:\/\/www.atmosferamag.it\/it\/\"},{\"@type\":\"ListItem\",\"position\":2,\"name\":\"Dialoghi sulla luce: cosa ci ha lasciato il primo International Light Forum di Euroluce 2025\"}]},{\"@type\":\"WebSite\",\"@id\":\"https:\/\/www.atmosferamag.it\/it\/#website\",\"url\":\"https:\/\/www.atmosferamag.it\/it\/\",\"name\":\"Atmosfera Mag\",\"description\":\"La luce in tutte le sue forme\",\"publisher\":{\"@id\":\"https:\/\/www.atmosferamag.it\/it\/#organization\"},\"potentialAction\":[{\"@type\":\"SearchAction\",\"target\":{\"@type\":\"EntryPoint\",\"urlTemplate\":\"https:\/\/www.atmosferamag.it\/it\/?s={search_term_string}\"},\"query-input\":{\"@type\":\"PropertyValueSpecification\",\"valueRequired\":true,\"valueName\":\"search_term_string\"}}],\"inLanguage\":\"it-IT\"},{\"@type\":\"Organization\",\"@id\":\"https:\/\/www.atmosferamag.it\/it\/#organization\",\"name\":\"Atmosfera Mag\",\"url\":\"https:\/\/www.atmosferamag.it\/it\/\",\"logo\":{\"@type\":\"ImageObject\",\"inLanguage\":\"it-IT\",\"@id\":\"https:\/\/www.atmosferamag.it\/it\/#\/schema\/logo\/image\/\",\"url\":\"https:\/\/www.atmosferamag.it\/wp-content\/uploads\/2022\/09\/titolo.png\",\"contentUrl\":\"https:\/\/www.atmosferamag.it\/wp-content\/uploads\/2022\/09\/titolo.png\",\"width\":2728,\"height\":406,\"caption\":\"Atmosfera Mag\"},\"image\":{\"@id\":\"https:\/\/www.atmosferamag.it\/it\/#\/schema\/logo\/image\/\"},\"sameAs\":[\"https:\/\/www.facebook.com\/people\/Atmosfera-Mag\/100086538670476\/\",\"https:\/\/www.instagram.com\/atmosferamag\/\",\"https:\/\/www.pinterest.it\/atmosfera_mag\/\"]},{\"@type\":\"Person\",\"@id\":\"https:\/\/www.atmosferamag.it\/it\/#\/schema\/person\/19b178a6d612d6fd0de5416801c007a2\",\"name\":\"Teo Sandigliano\",\"image\":{\"@type\":\"ImageObject\",\"inLanguage\":\"it-IT\",\"@id\":\"https:\/\/www.atmosferamag.it\/it\/#\/schema\/person\/image\/\",\"url\":\"https:\/\/secure.gravatar.com\/avatar\/376ecd71b23f0f2590bd2c47d3ed9825a0e839bdfdcfc353b8b9a7502d635b07?s=96&d=mm&r=g\",\"contentUrl\":\"https:\/\/secure.gravatar.com\/avatar\/376ecd71b23f0f2590bd2c47d3ed9825a0e839bdfdcfc353b8b9a7502d635b07?s=96&d=mm&r=g\",\"caption\":\"Teo Sandigliano\"},\"url\":\"https:\/\/www.atmosferamag.it\/it\/author\/teo-sandigliano\/\"}]}<\/script>\n<!-- \/ Yoast SEO plugin. -->","yoast_head_json":{"title":"Euroluce 2025: il debutto dell\u2019International Light Forum | Atmosfera Mag","description":"Progettisti, architetti e lighting designer si incontrano a Euroluce 2025 per l\u2019International Light Forum. Il racconto della prima giornata.","robots":{"index":"index","follow":"follow","max-snippet":"max-snippet:-1","max-image-preview":"max-image-preview:large","max-video-preview":"max-video-preview:-1"},"canonical":"https:\/\/www.atmosferamag.it\/it\/international-light-forum-euroluce-2025-milano-design-week\/","og_locale":"it_IT","og_type":"article","og_title":"Euroluce 2025: il debutto dell\u2019International Light Forum | Atmosfera Mag","og_description":"Progettisti, architetti e lighting designer si incontrano a Euroluce 2025 per l\u2019International Light Forum. Il racconto della prima giornata.","og_url":"https:\/\/www.atmosferamag.it\/it\/international-light-forum-euroluce-2025-milano-design-week\/","og_site_name":"Atmosfera Mag","article_publisher":"https:\/\/www.facebook.com\/people\/Atmosfera-Mag\/100086538670476\/","article_published_time":"2025-04-11T15:46:20+00:00","og_image":[{"width":8007,"height":5338,"url":"https:\/\/www.atmosferamag.it\/wp-content\/uploads\/2025\/04\/08_The-Euroluce_\u252c\u00aeSaverio-Lombardi-Vallauri_Salone-del-Mobile-Milano.jpg","type":"image\/jpeg"}],"author":"Teo Sandigliano","twitter_card":"summary_large_image","twitter_misc":{"Scritto da":"Teo Sandigliano","Tempo di lettura stimato":"6 minuti"},"schema":{"@context":"https:\/\/schema.org","@graph":[{"@type":"Article","@id":"https:\/\/www.atmosferamag.it\/it\/international-light-forum-euroluce-2025-milano-design-week\/#article","isPartOf":{"@id":"https:\/\/www.atmosferamag.it\/it\/international-light-forum-euroluce-2025-milano-design-week\/"},"author":{"name":"Teo Sandigliano","@id":"https:\/\/www.atmosferamag.it\/it\/#\/schema\/person\/19b178a6d612d6fd0de5416801c007a2"},"headline":"Dialoghi sulla luce: cosa ci ha lasciato il primo International Light Forum di Euroluce 2025","datePublished":"2025-04-11T15:46:20+00:00","mainEntityOfPage":{"@id":"https:\/\/www.atmosferamag.it\/it\/international-light-forum-euroluce-2025-milano-design-week\/"},"wordCount":793,"publisher":{"@id":"https:\/\/www.atmosferamag.it\/it\/#organization"},"image":{"@id":"https:\/\/www.atmosferamag.it\/it\/international-light-forum-euroluce-2025-milano-design-week\/#primaryimage"},"thumbnailUrl":"https:\/\/www.atmosferamag.it\/wp-content\/uploads\/2025\/04\/08_The-Euroluce_\u252c\u00aeSaverio-Lombardi-Vallauri_Salone-del-Mobile-Milano.jpg","articleSection":["Highlights"],"inLanguage":"it-IT"},{"@type":"WebPage","@id":"https:\/\/www.atmosferamag.it\/it\/international-light-forum-euroluce-2025-milano-design-week\/","url":"https:\/\/www.atmosferamag.it\/it\/international-light-forum-euroluce-2025-milano-design-week\/","name":"Euroluce 2025: il debutto dell\u2019International Light Forum | Atmosfera Mag","isPartOf":{"@id":"https:\/\/www.atmosferamag.it\/it\/#website"},"primaryImageOfPage":{"@id":"https:\/\/www.atmosferamag.it\/it\/international-light-forum-euroluce-2025-milano-design-week\/#primaryimage"},"image":{"@id":"https:\/\/www.atmosferamag.it\/it\/international-light-forum-euroluce-2025-milano-design-week\/#primaryimage"},"thumbnailUrl":"https:\/\/www.atmosferamag.it\/wp-content\/uploads\/2025\/04\/08_The-Euroluce_\u252c\u00aeSaverio-Lombardi-Vallauri_Salone-del-Mobile-Milano.jpg","datePublished":"2025-04-11T15:46:20+00:00","description":"Progettisti, architetti e lighting designer si incontrano a Euroluce 2025 per l\u2019International Light Forum. Il racconto della prima giornata.","breadcrumb":{"@id":"https:\/\/www.atmosferamag.it\/it\/international-light-forum-euroluce-2025-milano-design-week\/#breadcrumb"},"inLanguage":"it-IT","potentialAction":[{"@type":"ReadAction","target":["https:\/\/www.atmosferamag.it\/it\/international-light-forum-euroluce-2025-milano-design-week\/"]}]},{"@type":"ImageObject","inLanguage":"it-IT","@id":"https:\/\/www.atmosferamag.it\/it\/international-light-forum-euroluce-2025-milano-design-week\/#primaryimage","url":"https:\/\/www.atmosferamag.it\/wp-content\/uploads\/2025\/04\/08_The-Euroluce_\u252c\u00aeSaverio-Lombardi-Vallauri_Salone-del-Mobile-Milano.jpg","contentUrl":"https:\/\/www.atmosferamag.it\/wp-content\/uploads\/2025\/04\/08_The-Euroluce_\u252c\u00aeSaverio-Lombardi-Vallauri_Salone-del-Mobile-Milano.jpg","width":8007,"height":5338},{"@type":"BreadcrumbList","@id":"https:\/\/www.atmosferamag.it\/it\/international-light-forum-euroluce-2025-milano-design-week\/#breadcrumb","itemListElement":[{"@type":"ListItem","position":1,"name":"Home","item":"https:\/\/www.atmosferamag.it\/it\/"},{"@type":"ListItem","position":2,"name":"Dialoghi sulla luce: cosa ci ha lasciato il primo International Light Forum di Euroluce 2025"}]},{"@type":"WebSite","@id":"https:\/\/www.atmosferamag.it\/it\/#website","url":"https:\/\/www.atmosferamag.it\/it\/","name":"Atmosfera Mag","description":"La luce in tutte le sue forme","publisher":{"@id":"https:\/\/www.atmosferamag.it\/it\/#organization"},"potentialAction":[{"@type":"SearchAction","target":{"@type":"EntryPoint","urlTemplate":"https:\/\/www.atmosferamag.it\/it\/?s={search_term_string}"},"query-input":{"@type":"PropertyValueSpecification","valueRequired":true,"valueName":"search_term_string"}}],"inLanguage":"it-IT"},{"@type":"Organization","@id":"https:\/\/www.atmosferamag.it\/it\/#organization","name":"Atmosfera Mag","url":"https:\/\/www.atmosferamag.it\/it\/","logo":{"@type":"ImageObject","inLanguage":"it-IT","@id":"https:\/\/www.atmosferamag.it\/it\/#\/schema\/logo\/image\/","url":"https:\/\/www.atmosferamag.it\/wp-content\/uploads\/2022\/09\/titolo.png","contentUrl":"https:\/\/www.atmosferamag.it\/wp-content\/uploads\/2022\/09\/titolo.png","width":2728,"height":406,"caption":"Atmosfera Mag"},"image":{"@id":"https:\/\/www.atmosferamag.it\/it\/#\/schema\/logo\/image\/"},"sameAs":["https:\/\/www.facebook.com\/people\/Atmosfera-Mag\/100086538670476\/","https:\/\/www.instagram.com\/atmosferamag\/","https:\/\/www.pinterest.it\/atmosfera_mag\/"]},{"@type":"Person","@id":"https:\/\/www.atmosferamag.it\/it\/#\/schema\/person\/19b178a6d612d6fd0de5416801c007a2","name":"Teo Sandigliano","image":{"@type":"ImageObject","inLanguage":"it-IT","@id":"https:\/\/www.atmosferamag.it\/it\/#\/schema\/person\/image\/","url":"https:\/\/secure.gravatar.com\/avatar\/376ecd71b23f0f2590bd2c47d3ed9825a0e839bdfdcfc353b8b9a7502d635b07?s=96&d=mm&r=g","contentUrl":"https:\/\/secure.gravatar.com\/avatar\/376ecd71b23f0f2590bd2c47d3ed9825a0e839bdfdcfc353b8b9a7502d635b07?s=96&d=mm&r=g","caption":"Teo Sandigliano"},"url":"https:\/\/www.atmosferamag.it\/it\/author\/teo-sandigliano\/"}]}},"_links":{"self":[{"href":"https:\/\/www.atmosferamag.it\/it\/wp-json\/wp\/v2\/posts\/37867","targetHints":{"allow":["GET"]}}],"collection":[{"href":"https:\/\/www.atmosferamag.it\/it\/wp-json\/wp\/v2\/posts"}],"about":[{"href":"https:\/\/www.atmosferamag.it\/it\/wp-json\/wp\/v2\/types\/post"}],"author":[{"embeddable":true,"href":"https:\/\/www.atmosferamag.it\/it\/wp-json\/wp\/v2\/users\/19"}],"replies":[{"embeddable":true,"href":"https:\/\/www.atmosferamag.it\/it\/wp-json\/wp\/v2\/comments?post=37867"}],"version-history":[{"count":26,"href":"https:\/\/www.atmosferamag.it\/it\/wp-json\/wp\/v2\/posts\/37867\/revisions"}],"predecessor-version":[{"id":37905,"href":"https:\/\/www.atmosferamag.it\/it\/wp-json\/wp\/v2\/posts\/37867\/revisions\/37905"}],"wp:featuredmedia":[{"embeddable":true,"href":"https:\/\/www.atmosferamag.it\/it\/wp-json\/wp\/v2\/media\/37896"}],"wp:attachment":[{"href":"https:\/\/www.atmosferamag.it\/it\/wp-json\/wp\/v2\/media?parent=37867"}],"wp:term":[{"taxonomy":"category","embeddable":true,"href":"https:\/\/www.atmosferamag.it\/it\/wp-json\/wp\/v2\/categories?post=37867"},{"taxonomy":"post_tag","embeddable":true,"href":"https:\/\/www.atmosferamag.it\/it\/wp-json\/wp\/v2\/tags?post=37867"}],"curies":[{"name":"wp","href":"https:\/\/api.w.org\/{rel}","templated":true}]}}