{"id":37456,"date":"2025-03-19T14:40:05","date_gmt":"2025-03-19T13:40:05","guid":{"rendered":"https:\/\/www.atmosferamag.it\/?p=37456"},"modified":"2025-03-19T20:11:35","modified_gmt":"2025-03-19T19:11:35","slug":"intervista-riccardo-franco-loiri-tema-intelligenza-artificiale-lumen-fuorisalone-2025","status":"publish","type":"post","link":"https:\/\/www.atmosferamag.it\/it\/intervista-riccardo-franco-loiri-tema-intelligenza-artificiale-lumen-fuorisalone-2025\/","title":{"rendered":"Il Visual Artist Riccardo Franco-Loiri, contro la standardizzazione dell\u2019intelligenza artificiale"},"content":{"rendered":"\t\t<div data-elementor-type=\"wp-post\" data-elementor-id=\"37456\" class=\"elementor elementor-37456 elementor-37412\" data-elementor-post-type=\"post\">\n\t\t\t\t\t\t<section class=\"elementor-section elementor-top-section elementor-element elementor-element-b08cc3b elementor-section-boxed elementor-section-height-default elementor-section-height-default\" data-id=\"b08cc3b\" data-element_type=\"section\" data-e-type=\"section\">\n\t\t\t\t\t\t<div class=\"elementor-container elementor-column-gap-default\">\n\t\t\t\t\t<div class=\"elementor-column elementor-col-100 elementor-top-column elementor-element elementor-element-99837cd\" data-id=\"99837cd\" data-element_type=\"column\" data-e-type=\"column\">\n\t\t\t<div class=\"elementor-widget-wrap elementor-element-populated\">\n\t\t\t\t\t\t<div class=\"elementor-element elementor-element-c04fe0c elementor-widget elementor-widget-text-editor\" data-id=\"c04fe0c\" data-element_type=\"widget\" data-e-type=\"widget\" data-widget_type=\"text-editor.default\">\n\t\t\t\t<div class=\"elementor-widget-container\">\n\t\t\t\t\t\t\t\t\t<p><span style=\"font-weight: 400;\">Il pericolo della diffusione a tappeto dell&#8217;<\/span><b>AI <\/b><span style=\"font-weight: 400;\">\u00e8 un <\/span><b>appiattimento dei contenuti<\/b><span style=\"font-weight: 400;\">, per via della standardizzazione dell&#8217;output. Ma, al pari di qualsiasi strumento, un uso corretto e creativo del mezzo d\u00e0 vita a risultati unici e spettacolari. Parola di <\/span><a href=\"https:\/\/linktr.ee\/RickyAkasha\" target=\"_blank\" rel=\"noopener\"><b><span style=\"text-decoration: underline;\">Riccardo Franco-Loiri a.k.a. Akasha<\/span><\/b><\/a><span style=\"font-weight: 400;\">, <\/span><b>visual artist e performer torinese<\/b><span style=\"font-weight: 400;\"> per cui \u00abarte e scienza sono sempre stati strumenti per indagare il mondo\u00bb. I suoi lavori spaziano dal videomapping architetturale\u00a0alle\u00a0performance immersive\u00a0e installazioni audiovisive. Dal <\/span><b>2018<\/b><span style=\"font-weight: 400;\">, assieme allo studio <\/span><b>High Files <\/b><span style=\"font-weight: 400;\">di cui \u00e8 fondatore, si \u00e8 specializzato in\u00a0visual design\u00a0per show musicali e teatrali. Tra le sue collaborazioni pi\u00f9 importanti spiccano i palchi per i Subsonica, per Lazza, per Capo Plaza e per Angelina Mango.<\/span><\/p>\t\t\t\t\t\t\t\t<\/div>\n\t\t\t\t<\/div>\n\t\t\t\t<div class=\"elementor-element elementor-element-f61b5b8 elementor-widget elementor-widget-text-editor\" data-id=\"f61b5b8\" data-element_type=\"widget\" data-e-type=\"widget\" data-widget_type=\"text-editor.default\">\n\t\t\t\t<div class=\"elementor-widget-container\">\n\t\t\t\t\t\t\t\t\t<p><span style=\"font-weight: 400;\">Riccardo Franco-Loiri approfondir\u00e0 queste tematiche nel talk <\/span><i><span style=\"font-weight: 400;\">By Trial and Error<\/span><\/i><span style=\"font-weight: 400;\">, parte di <\/span><span style=\"text-decoration: underline;\"><a style=\"color: white;\" href=\"https:\/\/www.atmosferamag.it\/it\/atmosferamag-fuorisalone-2025-lumen\/\" target=\"_blank\" rel=\"noopener\"><b>Lumen<\/b><\/a><\/span><span style=\"font-weight: 400;\">, l\u2019evento di Atmosfera Mag e A.A.G. Stucchi organizzato in occasione del <\/span><b>Fuorisalone 2025 <\/b><span style=\"font-weight: 400;\">dedicato alla luce e alle sue interazioni con l\u2019intelligenza artificiale, il design e la socialit\u00e0. L&#8217;incontro si terr\u00e0 il <\/span><b>10 aprile<\/b><span style=\"font-weight: 400;\">, dalle <\/span><b>14:30 alle 15:30<\/b><span style=\"font-weight: 400;\">. <\/span><span style=\"text-decoration: underline;\"><a style=\"color: white;\" href=\"https:\/\/lu.ma\/ayybpg05\" target=\"_blank\" rel=\"noopener\"><b>Le registrazioni sono ora aperte.<\/b><\/a><\/span><\/p>\t\t\t\t\t\t\t\t<\/div>\n\t\t\t\t<\/div>\n\t\t\t\t<div class=\"elementor-element elementor-element-48deb8a elementor-widget elementor-widget-image\" data-id=\"48deb8a\" data-element_type=\"widget\" data-e-type=\"widget\" data-widget_type=\"image.default\">\n\t\t\t\t<div class=\"elementor-widget-container\">\n\t\t\t\t\t\t\t\t\t\t\t\t<figure class=\"wp-caption\">\n\t\t\t\t\t\t\t\t\t\t<img fetchpriority=\"high\" decoding=\"async\" width=\"800\" height=\"450\" src=\"https:\/\/www.atmosferamag.it\/wp-content\/uploads\/2025\/03\/1-ai-min-2048x1152-1-1024x576.jpg\" class=\"attachment-large size-large wp-image-37434\" alt=\"\" srcset=\"https:\/\/www.atmosferamag.it\/wp-content\/uploads\/2025\/03\/1-ai-min-2048x1152-1-1024x576.jpg 1024w, https:\/\/www.atmosferamag.it\/wp-content\/uploads\/2025\/03\/1-ai-min-2048x1152-1-300x169.jpg 300w, https:\/\/www.atmosferamag.it\/wp-content\/uploads\/2025\/03\/1-ai-min-2048x1152-1-768x432.jpg 768w, https:\/\/www.atmosferamag.it\/wp-content\/uploads\/2025\/03\/1-ai-min-2048x1152-1-1536x864.jpg 1536w, https:\/\/www.atmosferamag.it\/wp-content\/uploads\/2025\/03\/1-ai-min-2048x1152-1-180x100.jpg 180w, https:\/\/www.atmosferamag.it\/wp-content\/uploads\/2025\/03\/1-ai-min-2048x1152-1.jpg 2048w\" sizes=\"(max-width: 800px) 100vw, 800px\" \/>\t\t\t\t\t\t\t\t\t\t\t<figcaption class=\"widget-image-caption wp-caption-text\">1. Into the Mind of AI - Londra<\/figcaption>\n\t\t\t\t\t\t\t\t\t\t<\/figure>\n\t\t\t\t\t\t\t\t\t<\/div>\n\t\t\t\t<\/div>\n\t\t\t\t<div class=\"elementor-element elementor-element-79d85f9 elementor-widget elementor-widget-text-editor\" data-id=\"79d85f9\" data-element_type=\"widget\" data-e-type=\"widget\" data-widget_type=\"text-editor.default\">\n\t\t\t\t<div class=\"elementor-widget-container\">\n\t\t\t\t\t\t\t\t\t<p><b>In questo momento c&#8217;\u00e8 un dibattito aperto sull&#8217;utilizzo delle nuove tecnologie in campo artistico, dall&#8217;autotune nella musica all&#8217;AI generativa nell&#8217;ambito figurativo. Come si \u00e8 evoluto il concetto di creativit\u00e0 e perch\u00e9 gli strumenti legati all&#8217;AI sono un potente mezzo e un supporto per chi li sfrutta?<\/b><\/p><p><span style=\"font-weight: 400;\">\u00ab<\/span><span style=\"font-weight: 400;\">Il clima da nuova rivoluzione industriale che ha accompagnato l&#8217;ultima ondata di avanguardie nell&#8217;intelligenza artificiale (quella degli LLM come GPT-4 e dei modelli di diffusione per l&#8217;immagine, per intenderci) \u00e8 il prodotto di un ultra-accelerazionismo che non si interroga pi\u00f9 sulla direzione intrapresa, ma solo sulla rapidit\u00e0 con cui emergono nuove scoperte. <\/span><b>Da utilizzatore, in parte entusiasta e in parte critico, di numerosi modelli e sistemi basati su AI, mi trovo immerso in un flusso incessante di innovazioni<\/b><span style=\"font-weight: 400;\">, dove seguire gli ultimi aggiornamenti di una pagina GitHub o testare le beta di un modello ancora inedito sembra dettare le tendenze estetiche stesse. Questo rappresenta un problema enorme.<\/span> <b>La standardizzazione dell&#8217;output \u00e8 un pericolo concreto quando si parla di AI generativa<\/b><span style=\"font-weight: 400;\"> e ritengo sia dovuto a molteplici fattori: la possibilit\u00e0 di creare animazioni complesse accessibile a tutti, senza pi\u00f9 il filtro della conoscenza tecnica, ora ridotta alla semplice scrittura di un prompt efficace, unita all&#8217;appiattimento degli stili verso trend dominanti che vengono diffusi sui social, e infine la limitazione imposta dai bias insiti nei sistemi di intelligenza artificiale.<\/span><span style=\"font-weight: 400;\">\u00a0<\/span><\/p><p><b>Per bias, in questo contesto, intendiamo la tendenza degli algoritmi a produrre risultati distorti a causa di dati di addestramento sbilanciati o scelte progettuali<\/b><span style=\"font-weight: 400;\">. Per fare un esempio concreto: se un anno fa avessi chiesto a un modello di generare un&#8217;immagine di una &#8220;persona bella&#8221;, probabilmente avrebbe prodotto il ritratto di una ragazza giovane, bianca e conforme ai canoni estetici occidentali (o orientali, a seconda della provenienza del modello). Al contrario, chiedendo la rappresentazione di una &#8220;persona brutta&#8221;, l&#8217;output avrebbe spesso raffigurato un uomo anziano e mulatto. Questo non solo solleva questioni sociali, ma condiziona anche la creativit\u00e0 stessa: i dataset, ovvero le basi di dati su cui vengono addestrati questi strumenti, riflettono determinate culture, valori e prospettive, imponendo di fatto un filtro alla generazione di immagini.<\/span> <span style=\"font-weight: 400;\">Proprio in questi bias, nel territorio sfocato della &#8220;uncanny valley&#8221; dell&#8217;AI, possono nascere spunti straordinari.<\/span><b> Il potenziale creativo dell&#8217;intelligenza artificiale mi ha affascinato fin dal primo giorno in cui ho sperimentato un sistema basato su GAN, sette anni fa<\/b><span style=\"font-weight: 400;\">: vedere apparire su uno schermo volti &#8220;veri&#8221;, con tutte le caratteristiche tipiche di un essere umano, semplicemente digitando la parola &#8220;human&#8221;, mi lasci\u00f2 senza parole. Quelle figure sembravano autentiche proprio grazie alle loro imperfezioni: un naso leggermente adunco, un occhio pi\u00f9 socchiuso dell&#8217;altro, un dente scheggiato, una ruga sulla fronte.<\/span> <span style=\"font-weight: 400;\">Questi stessi dettagli, che la societ\u00e0 tende a non valorizzare, mi affascinavano ancor di pi\u00f9 una volta generati artificialmente.\u00a0<\/span><\/p>\t\t\t\t\t\t\t\t<\/div>\n\t\t\t\t<\/div>\n\t\t\t\t<div class=\"elementor-element elementor-element-3dcf3bd elementor-widget elementor-widget-image\" data-id=\"3dcf3bd\" data-element_type=\"widget\" data-e-type=\"widget\" data-widget_type=\"image.default\">\n\t\t\t\t<div class=\"elementor-widget-container\">\n\t\t\t\t\t\t\t\t\t\t\t\t<figure class=\"wp-caption\">\n\t\t\t\t\t\t\t\t\t\t<img decoding=\"async\" width=\"800\" height=\"450\" src=\"https:\/\/www.atmosferamag.it\/wp-content\/uploads\/2025\/03\/intoMindOfAi_London-1-min-1024x576.jpg\" class=\"attachment-large size-large wp-image-37418\" alt=\"\" srcset=\"https:\/\/www.atmosferamag.it\/wp-content\/uploads\/2025\/03\/intoMindOfAi_London-1-min-1024x576.jpg 1024w, https:\/\/www.atmosferamag.it\/wp-content\/uploads\/2025\/03\/intoMindOfAi_London-1-min-300x169.jpg 300w, https:\/\/www.atmosferamag.it\/wp-content\/uploads\/2025\/03\/intoMindOfAi_London-1-min-768x432.jpg 768w, https:\/\/www.atmosferamag.it\/wp-content\/uploads\/2025\/03\/intoMindOfAi_London-1-min-1536x864.jpg 1536w, https:\/\/www.atmosferamag.it\/wp-content\/uploads\/2025\/03\/intoMindOfAi_London-1-min-2048x1152.jpg 2048w, https:\/\/www.atmosferamag.it\/wp-content\/uploads\/2025\/03\/intoMindOfAi_London-1-min-180x100.jpg 180w\" sizes=\"(max-width: 800px) 100vw, 800px\" \/>\t\t\t\t\t\t\t\t\t\t\t<figcaption class=\"widget-image-caption wp-caption-text\">2. Into the Mind of AI - London<\/figcaption>\n\t\t\t\t\t\t\t\t\t\t<\/figure>\n\t\t\t\t\t\t\t\t\t<\/div>\n\t\t\t\t<\/div>\n\t\t\t\t<div class=\"elementor-element elementor-element-756efdd elementor-widget elementor-widget-text-editor\" data-id=\"756efdd\" data-element_type=\"widget\" data-e-type=\"widget\" data-widget_type=\"text-editor.default\">\n\t\t\t\t<div class=\"elementor-widget-container\">\n\t\t\t\t\t\t\t\t\t<p><span style=\"font-weight: 400;\">Oggi i modelli di AI sono progrediti enormemente, ma hanno anche sacrificato parte della loro componente &#8220;realistica&#8221; in favore di un&#8217;estetica &#8220;iperrealistica&#8221;, dove ogni difetto viene eliminato e i tratti vengono esaltati al massimo. Tuttavia, proprio nella zona grigia del bias si trova anche l&#8217;errore, frutto di un&#8217;interpretazione errata o di una sovrapposizione imprevista, e da qui pu\u00f2 emergere qualcosa di veramente innovativo.<\/span> <span style=\"font-weight: 400;\">Inoltre, un&#8217;altra componente di indagine per me fondamentale nel campo dell&#8217;AI \u00e8 l&#8217;ibridazione. I primi esperimenti con le GAN erano basati proprio sul \u201cbreeding\u201d di immagini: ogni figura veniva associata a determinate parole chiave e si poteva miscelare immagini e parole chiave geneando una sorta di albero di discendenze, consentendo di combinare elementi diversi per ottenere risultati inediti. Ancora oggi, questo \u00e8 uno dei miei principali campi di ricerca con l&#8217;AI: esplorare la possibilit\u00e0 di fondere mondi apparentemente distanti per creare nuove connessioni visive e concettuali, superando limiti fisici e computazionali. <\/span><b>Questi sono alcuni dei temi che approfondir\u00f2 durante il mio intervento a <\/b><b><i>By trial and error<\/i><\/b><b> in programma nel palinsesto di talk di Lumen, il 10 aprile dalle 14.30 alle 15.00<\/b><span style=\"font-weight: 400;\">\u00bb.<\/span><\/p>\t\t\t\t\t\t\t\t<\/div>\n\t\t\t\t<\/div>\n\t\t\t\t<div class=\"elementor-element elementor-element-b36ee02 elementor-widget elementor-widget-image\" data-id=\"b36ee02\" data-element_type=\"widget\" data-e-type=\"widget\" data-widget_type=\"image.default\">\n\t\t\t\t<div class=\"elementor-widget-container\">\n\t\t\t\t\t\t\t\t\t\t\t\t<figure class=\"wp-caption\">\n\t\t\t\t\t\t\t\t\t\t<img decoding=\"async\" width=\"800\" height=\"529\" src=\"https:\/\/www.atmosferamag.it\/wp-content\/uploads\/2025\/03\/lazzaTour-1-min-1024x677.jpg\" class=\"attachment-large size-large wp-image-37420\" alt=\"\" srcset=\"https:\/\/www.atmosferamag.it\/wp-content\/uploads\/2025\/03\/lazzaTour-1-min-1024x677.jpg 1024w, https:\/\/www.atmosferamag.it\/wp-content\/uploads\/2025\/03\/lazzaTour-1-min-300x198.jpg 300w, https:\/\/www.atmosferamag.it\/wp-content\/uploads\/2025\/03\/lazzaTour-1-min-768x508.jpg 768w, https:\/\/www.atmosferamag.it\/wp-content\/uploads\/2025\/03\/lazzaTour-1-min-1536x1016.jpg 1536w, https:\/\/www.atmosferamag.it\/wp-content\/uploads\/2025\/03\/lazzaTour-1-min.jpg 2048w\" sizes=\"(max-width: 800px) 100vw, 800px\" \/>\t\t\t\t\t\t\t\t\t\t\t<figcaption class=\"widget-image-caption wp-caption-text\">3. Lazza Tour<\/figcaption>\n\t\t\t\t\t\t\t\t\t\t<\/figure>\n\t\t\t\t\t\t\t\t\t<\/div>\n\t\t\t\t<\/div>\n\t\t\t\t<div class=\"elementor-element elementor-element-0a47777 elementor-widget elementor-widget-text-editor\" data-id=\"0a47777\" data-element_type=\"widget\" data-e-type=\"widget\" data-widget_type=\"text-editor.default\">\n\t\t\t\t<div class=\"elementor-widget-container\">\n\t\t\t\t\t\t\t\t\t<p><b>Tra i tuoi lavori &#8220;pi\u00f9 pop&#8221; ci sono i visual per i concerti di artisti come Subsonica, Angelina Mango, Lazza. Come nascono?<\/b><\/p><p><span style=\"font-weight: 400;\">\u00ab<\/span><b>La nascita di questi progetti avviene tra mani amiche, tra le scrivanie di un laboratorio nella Torino Nord che condivido con il mio studio High Files e l&#8217;associazione Sintetica, di cui facciamo tutti parte<\/b><span style=\"font-weight: 400;\">. High Files \u00e8 la mia realt\u00e0 creativa e una seconda famiglia: insieme a <\/span><b>Tommaso Rinaldi<\/b><span style=\"font-weight: 400;\">, con cui ho fondato il progetto nel 2018, abbiamo attraversato ogni mare e tempesta, tra flussi di dati, pixel, luci negli occhi e computer bollenti.\u00a0<\/span><\/p><p><span style=\"font-weight: 400;\">Abbiamo sempre avuto un legame profondo con la musica, collaborando con band, artisti e festival di tutto il mondo.<\/span> <span style=\"font-weight: 400;\">Negli ultimi anni ci siamo concentrati su progetti per tour di grande portata, saltando da un genere all&#8217;altro con entusiasmo. Sebbene sia un ambiente in costante movimento, amiamo lavorare con i palchi, la musica e i team che si formano attorno a queste produzioni. In particolare, abbiamo instaurato una solida collaborazione con studi di lighting design italiani come <\/span><b>Blearred <\/b><span style=\"font-weight: 400;\">e <\/span><b>Studio Neuma<\/b><span style=\"font-weight: 400;\">.\u00a0<\/span><\/p>\t\t\t\t\t\t\t\t<\/div>\n\t\t\t\t<\/div>\n\t\t\t\t<div class=\"elementor-element elementor-element-1234f89 elementor-widget elementor-widget-image\" data-id=\"1234f89\" data-element_type=\"widget\" data-e-type=\"widget\" data-widget_type=\"image.default\">\n\t\t\t\t<div class=\"elementor-widget-container\">\n\t\t\t\t\t\t\t\t\t\t\t\t<figure class=\"wp-caption\">\n\t\t\t\t\t\t\t\t\t\t<img loading=\"lazy\" decoding=\"async\" width=\"800\" height=\"534\" src=\"https:\/\/www.atmosferamag.it\/wp-content\/uploads\/2025\/03\/subsonica_tour-1-min-1024x683.jpeg\" class=\"attachment-large size-large wp-image-37430\" alt=\"\" srcset=\"https:\/\/www.atmosferamag.it\/wp-content\/uploads\/2025\/03\/subsonica_tour-1-min-1024x683.jpeg 1024w, https:\/\/www.atmosferamag.it\/wp-content\/uploads\/2025\/03\/subsonica_tour-1-min-300x200.jpeg 300w, https:\/\/www.atmosferamag.it\/wp-content\/uploads\/2025\/03\/subsonica_tour-1-min-768x512.jpeg 768w, https:\/\/www.atmosferamag.it\/wp-content\/uploads\/2025\/03\/subsonica_tour-1-min-1536x1024.jpeg 1536w, https:\/\/www.atmosferamag.it\/wp-content\/uploads\/2025\/03\/subsonica_tour-1-min-2048x1365.jpeg 2048w\" sizes=\"(max-width: 800px) 100vw, 800px\" \/>\t\t\t\t\t\t\t\t\t\t\t<figcaption class=\"widget-image-caption wp-caption-text\">4. Akasha X High Files \u2013 Subsonica Live Tour<\/figcaption>\n\t\t\t\t\t\t\t\t\t\t<\/figure>\n\t\t\t\t\t\t\t\t\t<\/div>\n\t\t\t\t<\/div>\n\t\t\t\t<div class=\"elementor-element elementor-element-91393e6 elementor-widget elementor-widget-text-editor\" data-id=\"91393e6\" data-element_type=\"widget\" data-e-type=\"widget\" data-widget_type=\"text-editor.default\">\n\t\t\t\t<div class=\"elementor-widget-container\">\n\t\t\t\t\t\t\t\t\t<p><span style=\"font-weight: 400;\">Con loro abbiamo realizzato alcuni degli show pi\u00f9 seguiti degli ultimi due anni in Italia, cercando sempre di portare sperimentazione e innovazione tecnologica.<\/span> <b>Una delle parti pi\u00f9 stimolanti di queste collaborazioni \u00e8 la possibilit\u00e0 di contaminarsi reciprocamente nelle scelte creative, arrivando a risultati sempre freschi e mai scontati<\/b><span style=\"font-weight: 400;\">. Sebbene l&#8217;artista sia il fulcro dello spettacolo, il palco assume oggi un ruolo sempre pi\u00f9 centrale, non solo come supporto visivo ma come vero e proprio universo narrativo. Lo show di Lazza, progettato da Blearred, rispecchiava perfettamente la sua estetica e ci \u00e8 stata concessa totale libert\u00e0 creativa dopo un confronto iniziale con il team. Una condizione tutt&#8217;altro che scontata, considerando le esigenze di molteplici figure coinvolte.<\/span> <span style=\"font-weight: 400;\">Abbiamo conosciuto i ragazzi di Blearred durante il tour Realt\u00e0 Aumentata dei Subsonica nel 2024. Da subito abbiamo percepito una forte sintonia e abbiamo osato tantissimo, costruendo uno show dinamico basato sul movimento continuo di tre LED wall trasparenti larghi 20 metri e cinque pedane lifter indipendenti che sollevavano i membri della band. Il<\/span> <span style=\"font-weight: 400;\">linguaggio visivo era strettamente intrecciato a questi movimenti, generando illusioni ottiche, rivelazioni e punti di focus. Essendo io e Tommaso profondamente legati alla band, abbiamo voluto reinterpretare i loro concetti in chiave contemporanea, restituendo una visione fedele alla loro poetica. Il risultato ci ha resi estremamente orgogliosi, soprattutto nei confronti di un gruppo a cui dobbiamo molto.<\/span><\/p>\t\t\t\t\t\t\t\t<\/div>\n\t\t\t\t<\/div>\n\t\t\t\t<div class=\"elementor-element elementor-element-d1292ec elementor-widget elementor-widget-video\" data-id=\"d1292ec\" data-element_type=\"widget\" data-e-type=\"widget\" data-settings=\"{&quot;youtube_url&quot;:&quot;https:\\\/\\\/www.youtube.com\\\/watch?v=Epi1WjRf0-g&quot;,&quot;video_type&quot;:&quot;youtube&quot;,&quot;controls&quot;:&quot;yes&quot;}\" data-widget_type=\"video.default\">\n\t\t\t\t<div class=\"elementor-widget-container\">\n\t\t\t\t\t\t\t<div class=\"elementor-wrapper elementor-open-inline\">\n\t\t\t<div class=\"elementor-video\"><\/div>\t\t<\/div>\n\t\t\t\t\t\t<\/div>\n\t\t\t\t<\/div>\n\t\t\t\t<div class=\"elementor-element elementor-element-e8d3590 elementor-widget elementor-widget-text-editor\" data-id=\"e8d3590\" data-element_type=\"widget\" data-e-type=\"widget\" data-widget_type=\"text-editor.default\">\n\t\t\t\t<div class=\"elementor-widget-container\">\n\t\t\t\t\t\t\t\t\t<p><b>Quando sviluppiamo la produzione di un tour, ci assicuriamo che lo show sia un discorso unitario, con un\u2019identit\u00e0 visiva distintiva per ogni progetto. Gli artisti devono sentirsi rappresentati e valorizzati dalle immagini che li accompagnano<\/b><span style=\"font-weight: 400;\">. Il nostro lavoro si basa sulla dinamica delle immagini: utilizziamo gli schermi come fonti luminose vive e pulsanti, prediligiamo montaggi ritmici e incisivi e cerchiamo di estrarre quante pi\u00f9 informazioni sonore possibile da ogni brano, aggiungendo livelli di reattivit\u00e0 e dinamismo.<\/span> <span style=\"font-weight: 400;\">Sperimentiamo costantemente con un&#8217;ampia gamma di software e tecniche, dal 3D alla generazione algoritmica in tempo reale, dall\u2019AI alla motion graphic tradizionale, creando per ogni performance un modus operandi specifico. Questo approccio mantiene il nostro studio un ambiente stimolante, ricco di confronto e ricerca, dove ogni progetto \u00e8 un\u2019occasione per testare nuove soluzioni e sviluppare metodi sempre pi\u00f9 personali.<\/span><\/p>\t\t\t\t\t\t\t\t<\/div>\n\t\t\t\t<\/div>\n\t\t\t\t<div class=\"elementor-element elementor-element-20b5777 elementor-widget elementor-widget-image\" data-id=\"20b5777\" data-element_type=\"widget\" data-e-type=\"widget\" data-widget_type=\"image.default\">\n\t\t\t\t<div class=\"elementor-widget-container\">\n\t\t\t\t\t\t\t\t\t\t\t\t<figure class=\"wp-caption\">\n\t\t\t\t\t\t\t\t\t\t<img loading=\"lazy\" decoding=\"async\" width=\"800\" height=\"450\" src=\"https:\/\/www.atmosferamag.it\/wp-content\/uploads\/2025\/03\/OVO-NERO-min-1024x576.png\" class=\"attachment-large size-large wp-image-37424\" alt=\"\" srcset=\"https:\/\/www.atmosferamag.it\/wp-content\/uploads\/2025\/03\/OVO-NERO-min-1024x576.png 1024w, https:\/\/www.atmosferamag.it\/wp-content\/uploads\/2025\/03\/OVO-NERO-min-300x169.png 300w, https:\/\/www.atmosferamag.it\/wp-content\/uploads\/2025\/03\/OVO-NERO-min-768x432.png 768w, https:\/\/www.atmosferamag.it\/wp-content\/uploads\/2025\/03\/OVO-NERO-min-1536x864.png 1536w, https:\/\/www.atmosferamag.it\/wp-content\/uploads\/2025\/03\/OVO-NERO-min-2048x1152.png 2048w, https:\/\/www.atmosferamag.it\/wp-content\/uploads\/2025\/03\/OVO-NERO-min-180x100.png 180w\" sizes=\"(max-width: 800px) 100vw, 800px\" \/>\t\t\t\t\t\t\t\t\t\t\t<figcaption class=\"widget-image-caption wp-caption-text\">5. Turn\u00e0 \u2013 Liberato<\/figcaption>\n\t\t\t\t\t\t\t\t\t\t<\/figure>\n\t\t\t\t\t\t\t\t\t<\/div>\n\t\t\t\t<\/div>\n\t\t\t\t<div class=\"elementor-element elementor-element-0de1c02 elementor-widget elementor-widget-text-editor\" data-id=\"0de1c02\" data-element_type=\"widget\" data-e-type=\"widget\" data-widget_type=\"text-editor.default\">\n\t\t\t\t<div class=\"elementor-widget-container\">\n\t\t\t\t\t\t\t\t\t<p><b>Hai anche realizzato un video con AI generativa, il cortometraggio che accompagna la canzone Turn\u00e0 di Liberato. Come \u00e8 nato e come \u00e8 stata sfruttata la tecnologia per arrivare a un risultano non raggiungibile con altri mezzi?<\/b><\/p><p><span style=\"font-weight: 400;\">\u00ab<\/span><span style=\"font-weight: 400;\">A novembre io e <\/span><b>Gabriele Ottino<\/b><span style=\"font-weight: 400;\"> di <\/span><b>SPIME.IM<\/b><span style=\"font-weight: 400;\"> siamo stati contattati da <\/span><b>Francesco Lettieri<\/b><span style=\"font-weight: 400;\">, regista e mente visiva dietro il progetto di <\/span><b>LIBERATO<\/b><span style=\"font-weight: 400;\">, che ci proponeva di realizzare il videoclip del singolo dell&#8217;album di ritorno dell&#8217;artista partenopeo. Francesco aveva visto Hint, un video prodotto da me e Gabriele per l&#8217;ultimo album<\/span><i><span style=\"font-weight: 400;\"> Grey Line <\/span><\/i><span style=\"font-weight: 400;\">di SPIME.IM.<\/span> <span style=\"font-weight: 400;\">Hint \u00e8 stata la nostra prima collaborazione, un viaggio distopico in piano sequenza, un hypertrip che alternava scenari in rovina a grottesche ville di milionari, immaginando un futuro in cui il divario sociale si ampliava sempre di pi\u00f9. Per realizzarlo, abbiamo sperimentato molto con l&#8217;AI, sviluppando un workflow personale.<\/span><\/p>\t\t\t\t\t\t\t\t<\/div>\n\t\t\t\t<\/div>\n\t\t\t\t<div class=\"elementor-element elementor-element-5a02810 elementor-widget elementor-widget-video\" data-id=\"5a02810\" data-element_type=\"widget\" data-e-type=\"widget\" data-settings=\"{&quot;youtube_url&quot;:&quot;https:\\\/\\\/www.youtube.com\\\/watch?v=X5HZ2cCigMU&quot;,&quot;video_type&quot;:&quot;youtube&quot;,&quot;controls&quot;:&quot;yes&quot;}\" data-widget_type=\"video.default\">\n\t\t\t\t<div class=\"elementor-widget-container\">\n\t\t\t\t\t\t\t<div class=\"elementor-wrapper elementor-open-inline\">\n\t\t\t<div class=\"elementor-video\"><\/div>\t\t<\/div>\n\t\t\t\t\t\t<\/div>\n\t\t\t\t<\/div>\n\t\t\t\t<div class=\"elementor-element elementor-element-e84ed62 elementor-widget elementor-widget-text-editor\" data-id=\"e84ed62\" data-element_type=\"widget\" data-e-type=\"widget\" data-widget_type=\"text-editor.default\">\n\t\t\t\t<div class=\"elementor-widget-container\">\n\t\t\t\t\t\t\t\t\t<p><span style=\"font-weight: 400;\">Dopo quel video, io e Gabriele abbiamo iniziato una sperimentazione insieme nel campo dell&#8217;AI e abbiamo lavorato con produzioni di show e videoclip pi\u00f9 disparate (fra cui gli show di Cosmo, Nayt, Baby Gang e il video Universo dei Subsonica). Francesco ci chiese sostanzialmente di ricreare un&#8217;esperienza simile a Hint per Turn\u00e0.<\/span> <b>Proprio in quei giorni, io e Gabriele siamo stati invitati a partecipare all&#8217;alpha test di Sora, il nuovo modello di sintesi video di OpenAI<\/b><span style=\"font-weight: 400;\">. Abbiamo proposto a LIBERATO e Francesco di utilizzarlo per il progetto e, dopo aver ottenuto l&#8217;approvazione dal team di OpenAI, <\/span><b>ci siamo immersi nel lavoro con uno strumento ancora inesplorato, dai risultati tanto sorprendenti quanto imprevedibili<\/b><span style=\"font-weight: 400;\">.<\/span><\/p>\t\t\t\t\t\t\t\t<\/div>\n\t\t\t\t<\/div>\n\t\t\t\t<div class=\"elementor-element elementor-element-6c28ad2 elementor-widget elementor-widget-image\" data-id=\"6c28ad2\" data-element_type=\"widget\" data-e-type=\"widget\" data-widget_type=\"image.default\">\n\t\t\t\t<div class=\"elementor-widget-container\">\n\t\t\t\t\t\t\t\t\t\t\t\t<figure class=\"wp-caption\">\n\t\t\t\t\t\t\t\t\t\t<img loading=\"lazy\" decoding=\"async\" width=\"800\" height=\"450\" src=\"https:\/\/www.atmosferamag.it\/wp-content\/uploads\/2025\/03\/7-liberato-min.png\" class=\"attachment-large size-large wp-image-37436\" alt=\"\" srcset=\"https:\/\/www.atmosferamag.it\/wp-content\/uploads\/2025\/03\/7-liberato-min.png 854w, https:\/\/www.atmosferamag.it\/wp-content\/uploads\/2025\/03\/7-liberato-min-300x169.png 300w, https:\/\/www.atmosferamag.it\/wp-content\/uploads\/2025\/03\/7-liberato-min-768x432.png 768w, https:\/\/www.atmosferamag.it\/wp-content\/uploads\/2025\/03\/7-liberato-min-180x100.png 180w\" sizes=\"(max-width: 800px) 100vw, 800px\" \/>\t\t\t\t\t\t\t\t\t\t\t<figcaption class=\"widget-image-caption wp-caption-text\">6. Turn\u00e0 \u2013 Liberato<\/figcaption>\n\t\t\t\t\t\t\t\t\t\t<\/figure>\n\t\t\t\t\t\t\t\t\t<\/div>\n\t\t\t\t<\/div>\n\t\t\t\t<div class=\"elementor-element elementor-element-482fa14 elementor-widget elementor-widget-text-editor\" data-id=\"482fa14\" data-element_type=\"widget\" data-e-type=\"widget\" data-widget_type=\"text-editor.default\">\n\t\t\t\t<div class=\"elementor-widget-container\">\n\t\t\t\t\t\t\t\t\t<p><span style=\"font-weight: 400;\">Ci siamo cimentati in un&#8217;impresa complessa ma incredibilmente stimolante: <\/span><b>fondere riprese reali, girate a Napoli con un team di operatori, con sequenze generate dall&#8217;AI, creando una narrazione fluida quasi senza stacchi, in una sorta di lungo piano sequenza<\/b><span style=\"font-weight: 400;\">.<\/span> <span style=\"font-weight: 400;\">Il video \u00e8 un omaggio a Napoli, alla sua cultura e alla sua follia intrinseca: maschere e simboli della smorfia si intrecciano ai vicoli dei Quartieri Spagnoli, rivelando tesori nascosti<\/span> <span style=\"font-weight: 400;\">mentre sorvoliamo lo stadio Maradona accompagnati da un misterioso essere incappucciato.<\/span><\/p>\t\t\t\t\t\t\t\t<\/div>\n\t\t\t\t<\/div>\n\t\t\t\t<div class=\"elementor-element elementor-element-ea297bf elementor-widget elementor-widget-video\" data-id=\"ea297bf\" data-element_type=\"widget\" data-e-type=\"widget\" data-settings=\"{&quot;youtube_url&quot;:&quot;https:\\\/\\\/www.youtube.com\\\/watch?v=mhQcESwbOkM&amp;embeds_referring_euri=https%3A%2F%2Fsiamomine.com%2F&amp;source_ve_path=Mjg2NjQsMjM4NTE&quot;,&quot;video_type&quot;:&quot;youtube&quot;,&quot;controls&quot;:&quot;yes&quot;}\" data-widget_type=\"video.default\">\n\t\t\t\t<div class=\"elementor-widget-container\">\n\t\t\t\t\t\t\t<div class=\"elementor-wrapper elementor-open-inline\">\n\t\t\t<div class=\"elementor-video\"><\/div>\t\t<\/div>\n\t\t\t\t\t\t<\/div>\n\t\t\t\t<\/div>\n\t\t\t\t<div class=\"elementor-element elementor-element-5410744 elementor-widget elementor-widget-text-editor\" data-id=\"5410744\" data-element_type=\"widget\" data-e-type=\"widget\" data-widget_type=\"text-editor.default\">\n\t\t\t\t<div class=\"elementor-widget-container\">\n\t\t\t\t\t\t\t\t\t<p><b>Alcune delle sequenze pi\u00f9 riuscite sono nate proprio dagli errori, da processi ripetuti in modo ricorsivo per ottenere risultati inaspettati<\/b><span style=\"font-weight: 400;\">. Abbiamo manipolato i prompt come in un cut-up alla Burroughs, sfruttando la modalit\u00e0 storyboard per mescolare immagini generate, descrizioni testuali e tagli video. Da questi esperimenti nascevano segmenti che poi sottoponevano a nuove elaborazioni, in un processo quasi alchemico, esplorando i limiti del mezzo.<\/span> <span style=\"font-weight: 400;\">L&#8217;obiettivo era restituire una visione caleidoscopica e sfaccettata di Napoli, un viaggio che in soli tre minuti potesse catturare le suggestioni e l&#8217;energia magnetica che noi, da &#8220;forestieri&#8221;, abbiamo percepito nella citt\u00e0.<\/span> <span style=\"font-weight: 400;\">Il video \u00e8 uscito il primo gennaio, ponendosi anche come primo videoclip europeo generato con la tecnologia di Sora. Vedere la reazione festosa del pubblico e dell&#8217;intero team di LIBERATO \u00e8 stato il miglior modo possibile per iniziare l&#8217;anno e speriamo di continuarlo al meglio\u00bb.<\/span><\/p>\t\t\t\t\t\t\t\t<\/div>\n\t\t\t\t<\/div>\n\t\t\t\t\t<\/div>\n\t\t<\/div>\n\t\t\t\t\t<\/div>\n\t\t<\/section>\n\t\t\t\t<\/div>\n\t\t","protected":false},"excerpt":{"rendered":"<p>L&#8217;AI \u00e8 ancora un campo aperto di sperimentazione. Lo sa bene Riccardo Franco-Loiri, che approccia nuovi modelli e strumenti senza timore, valorizzando la bellezza dell&#8217;imperfezione.<\/p>\n","protected":false},"author":8,"featured_media":37443,"comment_status":"closed","ping_status":"closed","sticky":false,"template":"","format":"standard","meta":{"footnotes":""},"categories":[39],"tags":[],"class_list":["post-37456","post","type-post","status-publish","format-standard","has-post-thumbnail","hentry","category-stories"],"yoast_head":"<!-- This site is optimized with the Yoast SEO plugin v26.0 - https:\/\/yoast.com\/wordpress\/plugins\/seo\/ -->\n<title>I Bias dell&#039;intelligenza artificiale offrono nuove possibilit\u00e0? Il Talk di Riccardo Franco-Loiri a Lumen, durante il Fuorisalone 2025 | Atmosfera Mag<\/title>\n<meta name=\"description\" content=\"Visual artist e performer, esplora il tema dell\u2019intelligenza artificiale nel settore creativo. Segui il talk durante il Fuorisalone 2025.\" \/>\n<meta name=\"robots\" content=\"index, follow, max-snippet:-1, max-image-preview:large, max-video-preview:-1\" \/>\n<link rel=\"canonical\" href=\"https:\/\/www.atmosferamag.it\/it\/intervista-riccardo-franco-loiri-tema-intelligenza-artificiale-lumen-fuorisalone-2025\/\" \/>\n<meta property=\"og:locale\" content=\"it_IT\" \/>\n<meta property=\"og:type\" content=\"article\" \/>\n<meta property=\"og:title\" content=\"I Bias dell&#039;intelligenza artificiale offrono nuove possibilit\u00e0? Il Talk di Riccardo Franco-Loiri a Lumen, durante il Fuorisalone 2025 | Atmosfera Mag\" \/>\n<meta property=\"og:description\" content=\"Visual artist e performer, esplora il tema dell\u2019intelligenza artificiale nel settore creativo. Segui il talk durante il Fuorisalone 2025.\" \/>\n<meta property=\"og:url\" content=\"https:\/\/www.atmosferamag.it\/it\/intervista-riccardo-franco-loiri-tema-intelligenza-artificiale-lumen-fuorisalone-2025\/\" \/>\n<meta property=\"og:site_name\" content=\"Atmosfera Mag\" \/>\n<meta property=\"article:publisher\" content=\"https:\/\/www.facebook.com\/people\/Atmosfera-Mag\/100086538670476\/\" \/>\n<meta property=\"article:published_time\" content=\"2025-03-19T13:40:05+00:00\" \/>\n<meta property=\"article:modified_time\" content=\"2025-03-19T19:11:35+00:00\" \/>\n<meta property=\"og:image\" content=\"https:\/\/www.atmosferamag.it\/wp-content\/uploads\/2025\/03\/akasha_cover-sito.jpg\" \/>\n\t<meta property=\"og:image:width\" content=\"1920\" \/>\n\t<meta property=\"og:image:height\" content=\"1280\" \/>\n\t<meta property=\"og:image:type\" content=\"image\/jpeg\" \/>\n<meta name=\"author\" content=\"Francesca Tagliabue\" \/>\n<meta name=\"twitter:card\" content=\"summary_large_image\" \/>\n<meta name=\"twitter:label1\" content=\"Scritto da\" \/>\n\t<meta name=\"twitter:data1\" content=\"Francesca Tagliabue\" \/>\n\t<meta name=\"twitter:label2\" content=\"Tempo di lettura stimato\" \/>\n\t<meta name=\"twitter:data2\" content=\"12 minuti\" \/>\n<script type=\"application\/ld+json\" class=\"yoast-schema-graph\">{\"@context\":\"https:\/\/schema.org\",\"@graph\":[{\"@type\":\"Article\",\"@id\":\"https:\/\/www.atmosferamag.it\/it\/intervista-riccardo-franco-loiri-tema-intelligenza-artificiale-lumen-fuorisalone-2025\/#article\",\"isPartOf\":{\"@id\":\"https:\/\/www.atmosferamag.it\/it\/intervista-riccardo-franco-loiri-tema-intelligenza-artificiale-lumen-fuorisalone-2025\/\"},\"author\":{\"name\":\"Francesca Tagliabue\",\"@id\":\"https:\/\/www.atmosferamag.it\/it\/#\/schema\/person\/e94f8c49f46f6497fd88caef7bb88408\"},\"headline\":\"Il Visual Artist Riccardo Franco-Loiri, contro la standardizzazione dell\u2019intelligenza artificiale\",\"datePublished\":\"2025-03-19T13:40:05+00:00\",\"dateModified\":\"2025-03-19T19:11:35+00:00\",\"mainEntityOfPage\":{\"@id\":\"https:\/\/www.atmosferamag.it\/it\/intervista-riccardo-franco-loiri-tema-intelligenza-artificiale-lumen-fuorisalone-2025\/\"},\"wordCount\":1931,\"publisher\":{\"@id\":\"https:\/\/www.atmosferamag.it\/it\/#organization\"},\"image\":{\"@id\":\"https:\/\/www.atmosferamag.it\/it\/intervista-riccardo-franco-loiri-tema-intelligenza-artificiale-lumen-fuorisalone-2025\/#primaryimage\"},\"thumbnailUrl\":\"https:\/\/www.atmosferamag.it\/wp-content\/uploads\/2025\/03\/akasha_cover-sito.jpg\",\"articleSection\":[\"Stories\"],\"inLanguage\":\"it-IT\"},{\"@type\":\"WebPage\",\"@id\":\"https:\/\/www.atmosferamag.it\/it\/intervista-riccardo-franco-loiri-tema-intelligenza-artificiale-lumen-fuorisalone-2025\/\",\"url\":\"https:\/\/www.atmosferamag.it\/it\/intervista-riccardo-franco-loiri-tema-intelligenza-artificiale-lumen-fuorisalone-2025\/\",\"name\":\"I Bias dell'intelligenza artificiale offrono nuove possibilit\u00e0? Il Talk di Riccardo Franco-Loiri a Lumen, durante il Fuorisalone 2025 | Atmosfera Mag\",\"isPartOf\":{\"@id\":\"https:\/\/www.atmosferamag.it\/it\/#website\"},\"primaryImageOfPage\":{\"@id\":\"https:\/\/www.atmosferamag.it\/it\/intervista-riccardo-franco-loiri-tema-intelligenza-artificiale-lumen-fuorisalone-2025\/#primaryimage\"},\"image\":{\"@id\":\"https:\/\/www.atmosferamag.it\/it\/intervista-riccardo-franco-loiri-tema-intelligenza-artificiale-lumen-fuorisalone-2025\/#primaryimage\"},\"thumbnailUrl\":\"https:\/\/www.atmosferamag.it\/wp-content\/uploads\/2025\/03\/akasha_cover-sito.jpg\",\"datePublished\":\"2025-03-19T13:40:05+00:00\",\"dateModified\":\"2025-03-19T19:11:35+00:00\",\"description\":\"Visual artist e performer, esplora il tema dell\u2019intelligenza artificiale nel settore creativo. Segui il talk durante il Fuorisalone 2025.\",\"breadcrumb\":{\"@id\":\"https:\/\/www.atmosferamag.it\/it\/intervista-riccardo-franco-loiri-tema-intelligenza-artificiale-lumen-fuorisalone-2025\/#breadcrumb\"},\"inLanguage\":\"it-IT\",\"potentialAction\":[{\"@type\":\"ReadAction\",\"target\":[\"https:\/\/www.atmosferamag.it\/it\/intervista-riccardo-franco-loiri-tema-intelligenza-artificiale-lumen-fuorisalone-2025\/\"]}]},{\"@type\":\"ImageObject\",\"inLanguage\":\"it-IT\",\"@id\":\"https:\/\/www.atmosferamag.it\/it\/intervista-riccardo-franco-loiri-tema-intelligenza-artificiale-lumen-fuorisalone-2025\/#primaryimage\",\"url\":\"https:\/\/www.atmosferamag.it\/wp-content\/uploads\/2025\/03\/akasha_cover-sito.jpg\",\"contentUrl\":\"https:\/\/www.atmosferamag.it\/wp-content\/uploads\/2025\/03\/akasha_cover-sito.jpg\",\"width\":1920,\"height\":1280},{\"@type\":\"BreadcrumbList\",\"@id\":\"https:\/\/www.atmosferamag.it\/it\/intervista-riccardo-franco-loiri-tema-intelligenza-artificiale-lumen-fuorisalone-2025\/#breadcrumb\",\"itemListElement\":[{\"@type\":\"ListItem\",\"position\":1,\"name\":\"Home\",\"item\":\"https:\/\/www.atmosferamag.it\/it\/\"},{\"@type\":\"ListItem\",\"position\":2,\"name\":\"Il Visual Artist Riccardo Franco-Loiri, contro la standardizzazione dell\u2019intelligenza artificiale\"}]},{\"@type\":\"WebSite\",\"@id\":\"https:\/\/www.atmosferamag.it\/it\/#website\",\"url\":\"https:\/\/www.atmosferamag.it\/it\/\",\"name\":\"Atmosfera Mag\",\"description\":\"La luce in tutte le sue forme\",\"publisher\":{\"@id\":\"https:\/\/www.atmosferamag.it\/it\/#organization\"},\"potentialAction\":[{\"@type\":\"SearchAction\",\"target\":{\"@type\":\"EntryPoint\",\"urlTemplate\":\"https:\/\/www.atmosferamag.it\/it\/?s={search_term_string}\"},\"query-input\":{\"@type\":\"PropertyValueSpecification\",\"valueRequired\":true,\"valueName\":\"search_term_string\"}}],\"inLanguage\":\"it-IT\"},{\"@type\":\"Organization\",\"@id\":\"https:\/\/www.atmosferamag.it\/it\/#organization\",\"name\":\"Atmosfera Mag\",\"url\":\"https:\/\/www.atmosferamag.it\/it\/\",\"logo\":{\"@type\":\"ImageObject\",\"inLanguage\":\"it-IT\",\"@id\":\"https:\/\/www.atmosferamag.it\/it\/#\/schema\/logo\/image\/\",\"url\":\"https:\/\/www.atmosferamag.it\/wp-content\/uploads\/2022\/09\/titolo.png\",\"contentUrl\":\"https:\/\/www.atmosferamag.it\/wp-content\/uploads\/2022\/09\/titolo.png\",\"width\":2728,\"height\":406,\"caption\":\"Atmosfera Mag\"},\"image\":{\"@id\":\"https:\/\/www.atmosferamag.it\/it\/#\/schema\/logo\/image\/\"},\"sameAs\":[\"https:\/\/www.facebook.com\/people\/Atmosfera-Mag\/100086538670476\/\",\"https:\/\/www.instagram.com\/atmosferamag\/\",\"https:\/\/www.pinterest.it\/atmosfera_mag\/\"]},{\"@type\":\"Person\",\"@id\":\"https:\/\/www.atmosferamag.it\/it\/#\/schema\/person\/e94f8c49f46f6497fd88caef7bb88408\",\"name\":\"Francesca Tagliabue\",\"image\":{\"@type\":\"ImageObject\",\"inLanguage\":\"it-IT\",\"@id\":\"https:\/\/www.atmosferamag.it\/it\/#\/schema\/person\/image\/\",\"url\":\"https:\/\/secure.gravatar.com\/avatar\/cc6f1d40096ee5dd7102d500a12269d3815701fb844aa918834b119c4244a97f?s=96&d=mm&r=g\",\"contentUrl\":\"https:\/\/secure.gravatar.com\/avatar\/cc6f1d40096ee5dd7102d500a12269d3815701fb844aa918834b119c4244a97f?s=96&d=mm&r=g\",\"caption\":\"Francesca Tagliabue\"},\"url\":\"https:\/\/www.atmosferamag.it\/it\/author\/francesca-tagliabue\/\"}]}<\/script>\n<!-- \/ Yoast SEO plugin. -->","yoast_head_json":{"title":"I Bias dell'intelligenza artificiale offrono nuove possibilit\u00e0? Il Talk di Riccardo Franco-Loiri a Lumen, durante il Fuorisalone 2025 | Atmosfera Mag","description":"Visual artist e performer, esplora il tema dell\u2019intelligenza artificiale nel settore creativo. Segui il talk durante il Fuorisalone 2025.","robots":{"index":"index","follow":"follow","max-snippet":"max-snippet:-1","max-image-preview":"max-image-preview:large","max-video-preview":"max-video-preview:-1"},"canonical":"https:\/\/www.atmosferamag.it\/it\/intervista-riccardo-franco-loiri-tema-intelligenza-artificiale-lumen-fuorisalone-2025\/","og_locale":"it_IT","og_type":"article","og_title":"I Bias dell'intelligenza artificiale offrono nuove possibilit\u00e0? Il Talk di Riccardo Franco-Loiri a Lumen, durante il Fuorisalone 2025 | Atmosfera Mag","og_description":"Visual artist e performer, esplora il tema dell\u2019intelligenza artificiale nel settore creativo. Segui il talk durante il Fuorisalone 2025.","og_url":"https:\/\/www.atmosferamag.it\/it\/intervista-riccardo-franco-loiri-tema-intelligenza-artificiale-lumen-fuorisalone-2025\/","og_site_name":"Atmosfera Mag","article_publisher":"https:\/\/www.facebook.com\/people\/Atmosfera-Mag\/100086538670476\/","article_published_time":"2025-03-19T13:40:05+00:00","article_modified_time":"2025-03-19T19:11:35+00:00","og_image":[{"width":1920,"height":1280,"url":"https:\/\/www.atmosferamag.it\/wp-content\/uploads\/2025\/03\/akasha_cover-sito.jpg","type":"image\/jpeg"}],"author":"Francesca Tagliabue","twitter_card":"summary_large_image","twitter_misc":{"Scritto da":"Francesca Tagliabue","Tempo di lettura stimato":"12 minuti"},"schema":{"@context":"https:\/\/schema.org","@graph":[{"@type":"Article","@id":"https:\/\/www.atmosferamag.it\/it\/intervista-riccardo-franco-loiri-tema-intelligenza-artificiale-lumen-fuorisalone-2025\/#article","isPartOf":{"@id":"https:\/\/www.atmosferamag.it\/it\/intervista-riccardo-franco-loiri-tema-intelligenza-artificiale-lumen-fuorisalone-2025\/"},"author":{"name":"Francesca Tagliabue","@id":"https:\/\/www.atmosferamag.it\/it\/#\/schema\/person\/e94f8c49f46f6497fd88caef7bb88408"},"headline":"Il Visual Artist Riccardo Franco-Loiri, contro la standardizzazione dell\u2019intelligenza artificiale","datePublished":"2025-03-19T13:40:05+00:00","dateModified":"2025-03-19T19:11:35+00:00","mainEntityOfPage":{"@id":"https:\/\/www.atmosferamag.it\/it\/intervista-riccardo-franco-loiri-tema-intelligenza-artificiale-lumen-fuorisalone-2025\/"},"wordCount":1931,"publisher":{"@id":"https:\/\/www.atmosferamag.it\/it\/#organization"},"image":{"@id":"https:\/\/www.atmosferamag.it\/it\/intervista-riccardo-franco-loiri-tema-intelligenza-artificiale-lumen-fuorisalone-2025\/#primaryimage"},"thumbnailUrl":"https:\/\/www.atmosferamag.it\/wp-content\/uploads\/2025\/03\/akasha_cover-sito.jpg","articleSection":["Stories"],"inLanguage":"it-IT"},{"@type":"WebPage","@id":"https:\/\/www.atmosferamag.it\/it\/intervista-riccardo-franco-loiri-tema-intelligenza-artificiale-lumen-fuorisalone-2025\/","url":"https:\/\/www.atmosferamag.it\/it\/intervista-riccardo-franco-loiri-tema-intelligenza-artificiale-lumen-fuorisalone-2025\/","name":"I Bias dell'intelligenza artificiale offrono nuove possibilit\u00e0? Il Talk di Riccardo Franco-Loiri a Lumen, durante il Fuorisalone 2025 | Atmosfera Mag","isPartOf":{"@id":"https:\/\/www.atmosferamag.it\/it\/#website"},"primaryImageOfPage":{"@id":"https:\/\/www.atmosferamag.it\/it\/intervista-riccardo-franco-loiri-tema-intelligenza-artificiale-lumen-fuorisalone-2025\/#primaryimage"},"image":{"@id":"https:\/\/www.atmosferamag.it\/it\/intervista-riccardo-franco-loiri-tema-intelligenza-artificiale-lumen-fuorisalone-2025\/#primaryimage"},"thumbnailUrl":"https:\/\/www.atmosferamag.it\/wp-content\/uploads\/2025\/03\/akasha_cover-sito.jpg","datePublished":"2025-03-19T13:40:05+00:00","dateModified":"2025-03-19T19:11:35+00:00","description":"Visual artist e performer, esplora il tema dell\u2019intelligenza artificiale nel settore creativo. Segui il talk durante il Fuorisalone 2025.","breadcrumb":{"@id":"https:\/\/www.atmosferamag.it\/it\/intervista-riccardo-franco-loiri-tema-intelligenza-artificiale-lumen-fuorisalone-2025\/#breadcrumb"},"inLanguage":"it-IT","potentialAction":[{"@type":"ReadAction","target":["https:\/\/www.atmosferamag.it\/it\/intervista-riccardo-franco-loiri-tema-intelligenza-artificiale-lumen-fuorisalone-2025\/"]}]},{"@type":"ImageObject","inLanguage":"it-IT","@id":"https:\/\/www.atmosferamag.it\/it\/intervista-riccardo-franco-loiri-tema-intelligenza-artificiale-lumen-fuorisalone-2025\/#primaryimage","url":"https:\/\/www.atmosferamag.it\/wp-content\/uploads\/2025\/03\/akasha_cover-sito.jpg","contentUrl":"https:\/\/www.atmosferamag.it\/wp-content\/uploads\/2025\/03\/akasha_cover-sito.jpg","width":1920,"height":1280},{"@type":"BreadcrumbList","@id":"https:\/\/www.atmosferamag.it\/it\/intervista-riccardo-franco-loiri-tema-intelligenza-artificiale-lumen-fuorisalone-2025\/#breadcrumb","itemListElement":[{"@type":"ListItem","position":1,"name":"Home","item":"https:\/\/www.atmosferamag.it\/it\/"},{"@type":"ListItem","position":2,"name":"Il Visual Artist Riccardo Franco-Loiri, contro la standardizzazione dell\u2019intelligenza artificiale"}]},{"@type":"WebSite","@id":"https:\/\/www.atmosferamag.it\/it\/#website","url":"https:\/\/www.atmosferamag.it\/it\/","name":"Atmosfera Mag","description":"La luce in tutte le sue forme","publisher":{"@id":"https:\/\/www.atmosferamag.it\/it\/#organization"},"potentialAction":[{"@type":"SearchAction","target":{"@type":"EntryPoint","urlTemplate":"https:\/\/www.atmosferamag.it\/it\/?s={search_term_string}"},"query-input":{"@type":"PropertyValueSpecification","valueRequired":true,"valueName":"search_term_string"}}],"inLanguage":"it-IT"},{"@type":"Organization","@id":"https:\/\/www.atmosferamag.it\/it\/#organization","name":"Atmosfera Mag","url":"https:\/\/www.atmosferamag.it\/it\/","logo":{"@type":"ImageObject","inLanguage":"it-IT","@id":"https:\/\/www.atmosferamag.it\/it\/#\/schema\/logo\/image\/","url":"https:\/\/www.atmosferamag.it\/wp-content\/uploads\/2022\/09\/titolo.png","contentUrl":"https:\/\/www.atmosferamag.it\/wp-content\/uploads\/2022\/09\/titolo.png","width":2728,"height":406,"caption":"Atmosfera Mag"},"image":{"@id":"https:\/\/www.atmosferamag.it\/it\/#\/schema\/logo\/image\/"},"sameAs":["https:\/\/www.facebook.com\/people\/Atmosfera-Mag\/100086538670476\/","https:\/\/www.instagram.com\/atmosferamag\/","https:\/\/www.pinterest.it\/atmosfera_mag\/"]},{"@type":"Person","@id":"https:\/\/www.atmosferamag.it\/it\/#\/schema\/person\/e94f8c49f46f6497fd88caef7bb88408","name":"Francesca Tagliabue","image":{"@type":"ImageObject","inLanguage":"it-IT","@id":"https:\/\/www.atmosferamag.it\/it\/#\/schema\/person\/image\/","url":"https:\/\/secure.gravatar.com\/avatar\/cc6f1d40096ee5dd7102d500a12269d3815701fb844aa918834b119c4244a97f?s=96&d=mm&r=g","contentUrl":"https:\/\/secure.gravatar.com\/avatar\/cc6f1d40096ee5dd7102d500a12269d3815701fb844aa918834b119c4244a97f?s=96&d=mm&r=g","caption":"Francesca Tagliabue"},"url":"https:\/\/www.atmosferamag.it\/it\/author\/francesca-tagliabue\/"}]}},"_links":{"self":[{"href":"https:\/\/www.atmosferamag.it\/it\/wp-json\/wp\/v2\/posts\/37456","targetHints":{"allow":["GET"]}}],"collection":[{"href":"https:\/\/www.atmosferamag.it\/it\/wp-json\/wp\/v2\/posts"}],"about":[{"href":"https:\/\/www.atmosferamag.it\/it\/wp-json\/wp\/v2\/types\/post"}],"author":[{"embeddable":true,"href":"https:\/\/www.atmosferamag.it\/it\/wp-json\/wp\/v2\/users\/8"}],"replies":[{"embeddable":true,"href":"https:\/\/www.atmosferamag.it\/it\/wp-json\/wp\/v2\/comments?post=37456"}],"version-history":[{"count":13,"href":"https:\/\/www.atmosferamag.it\/it\/wp-json\/wp\/v2\/posts\/37456\/revisions"}],"predecessor-version":[{"id":37469,"href":"https:\/\/www.atmosferamag.it\/it\/wp-json\/wp\/v2\/posts\/37456\/revisions\/37469"}],"wp:featuredmedia":[{"embeddable":true,"href":"https:\/\/www.atmosferamag.it\/it\/wp-json\/wp\/v2\/media\/37443"}],"wp:attachment":[{"href":"https:\/\/www.atmosferamag.it\/it\/wp-json\/wp\/v2\/media?parent=37456"}],"wp:term":[{"taxonomy":"category","embeddable":true,"href":"https:\/\/www.atmosferamag.it\/it\/wp-json\/wp\/v2\/categories?post=37456"},{"taxonomy":"post_tag","embeddable":true,"href":"https:\/\/www.atmosferamag.it\/it\/wp-json\/wp\/v2\/tags?post=37456"}],"curies":[{"name":"wp","href":"https:\/\/api.w.org\/{rel}","templated":true}]}}