{"id":34711,"date":"2024-09-16T10:11:00","date_gmt":"2024-09-16T08:11:00","guid":{"rendered":"https:\/\/www.atmosferamag.it\/?p=34711"},"modified":"2024-09-16T10:20:23","modified_gmt":"2024-09-16T08:20:23","slug":"lighting-designer-gender-gap","status":"publish","type":"post","link":"https:\/\/www.atmosferamag.it\/it\/lighting-designer-gender-gap\/","title":{"rendered":"Women In Lighting: il progetto internazionale che affronta il gender gap"},"content":{"rendered":"\t\t<div data-elementor-type=\"wp-post\" data-elementor-id=\"34711\" class=\"elementor elementor-34711 elementor-34734\" data-elementor-post-type=\"post\">\n\t\t\t\t\t\t<section class=\"elementor-section elementor-top-section elementor-element elementor-element-b08cc3b elementor-section-boxed elementor-section-height-default elementor-section-height-default\" data-id=\"b08cc3b\" data-element_type=\"section\" data-e-type=\"section\">\n\t\t\t\t\t\t<div class=\"elementor-container elementor-column-gap-default\">\n\t\t\t\t\t<div class=\"elementor-column elementor-col-100 elementor-top-column elementor-element elementor-element-99837cd\" data-id=\"99837cd\" data-element_type=\"column\" data-e-type=\"column\">\n\t\t\t<div class=\"elementor-widget-wrap elementor-element-populated\">\n\t\t\t\t\t\t<div class=\"elementor-element elementor-element-5fd270f elementor-widget elementor-widget-text-editor\" data-id=\"5fd270f\" data-element_type=\"widget\" data-e-type=\"widget\" data-widget_type=\"text-editor.default\">\n\t\t\t\t<div class=\"elementor-widget-container\">\n\t\t\t\t\t\t\t\t\t<h6>Cover photo: <span style=\"font-weight: 400;\">Spazio Darsena Lighting &#8211; Condiviso per Zones Portuaires Genova 2021. Foto \u00a9 Silvia Aresca \/ U-BOOT Lab<\/span><\/h6>\t\t\t\t\t\t\t\t<\/div>\n\t\t\t\t<\/div>\n\t\t\t\t<div class=\"elementor-element elementor-element-f35d375 elementor-widget elementor-widget-text-editor\" data-id=\"f35d375\" data-element_type=\"widget\" data-e-type=\"widget\" data-widget_type=\"text-editor.default\">\n\t\t\t\t<div class=\"elementor-widget-container\">\n\t\t\t\t\t\t\t\t\t<p><span style=\"font-weight: 400;\">Nata nel 2019 dall\u2019idea dello studio londinese Light Collective \u2013 <\/span><b>Sharon Stammers<\/b><span style=\"font-weight: 400;\"> e <\/span><b>Martin Lupton<\/b><span style=\"font-weight: 400;\"> \u2013 con il supporto dell\u2019azienda italiana <\/span><a href=\"https:\/\/www.formalighting.com\/\"><b>Formalighting<\/b><\/a><span style=\"font-weight: 400;\"> e dalla lighting designer <\/span><b>Katia Kolovea<\/b><span style=\"font-weight: 400;\"> di Archifos, la rete di <\/span><b>WIL \u2013 <\/b><a href=\"http:\/\/www.womeninlighting.com\" target=\"_blank\" rel=\"noopener\"><b><span style=\"text-decoration: underline;\">Women in Lighting<\/span><\/b><\/a><span style=\"font-weight: 400;\"> celebra la figura professionale della donna nell\u2019ambito dell\u2019illuminazione. Il sito, punto di riferimento e ispirazione per le nuove generazioni, mira anche a raccogliere ed elaborare <\/span><b>statistiche riguardanti l&#8217;inclusivit\u00e0<\/b><span style=\"font-weight: 400;\"> nell\u2019ambito della professione illuminotecnica.<\/span><\/p><p><a href=\"http:\/\/www.giorgiabrusemini.com\/\" target=\"_blank\" rel=\"noopener\"><b><span style=\"text-decoration: underline;\">Giorgia Brusemini<\/span><\/b><\/a><span style=\"font-weight: 400;\"> \u00e8 designer e Italian ambassador di WIL; l\u2019abbiamo intervistata chiedendole i <\/span><b>punti chiave<\/b><span style=\"font-weight: 400;\"> del progetto internazionale e come lo ha sviluppato nel nostro Paese.<\/span><\/p>\t\t\t\t\t\t\t\t<\/div>\n\t\t\t\t<\/div>\n\t\t\t\t<section class=\"elementor-section elementor-inner-section elementor-element elementor-element-401ff70 elementor-section-boxed elementor-section-height-default elementor-section-height-default\" data-id=\"401ff70\" data-element_type=\"section\" data-e-type=\"section\">\n\t\t\t\t\t\t<div class=\"elementor-container elementor-column-gap-no\">\n\t\t\t\t\t<div class=\"elementor-column elementor-col-50 elementor-inner-column elementor-element elementor-element-6772889\" data-id=\"6772889\" data-element_type=\"column\" data-e-type=\"column\">\n\t\t\t<div class=\"elementor-widget-wrap elementor-element-populated\">\n\t\t\t\t\t\t<div class=\"elementor-element elementor-element-fe3d0fb elementor-widget elementor-widget-text-editor\" data-id=\"fe3d0fb\" data-element_type=\"widget\" data-e-type=\"widget\" data-widget_type=\"text-editor.default\">\n\t\t\t\t<div class=\"elementor-widget-container\">\n\t\t\t\t\t\t\t\t\t<p><strong>Innanzitutto, dal punto di vista generale, qual \u00e8 il ruolo e la mission di Women In Lighting?\u00a0<\/strong><\/p><p><span style=\"font-weight: 400;\">\u00abWIL nasce con l\u2019obiettivo di supportare con attivit\u00e0 concrete un <\/span><b>riequilibrio di genere<\/b><span style=\"font-weight: 400;\"> non pi\u00f9 rimandabile e necessario; celebrando, aumentando l\u2019autorevolezza, dando visibilit\u00e0 e creando <\/span><b>reali opportunit\u00e0<\/b><span style=\"font-weight: 400;\"> per le <\/span><b>professioniste donne<\/b><span style=\"font-weight: 400;\"> \u2013 che sono moltissime \u2013, che lavorano nel campo dell&#8217;illuminazione, coprendo diversi settori (ingegneria, architettura, arte, spettacolo, produzione, istruzione, ricerca e giornalismo) disinnescando cos\u00ec i meccanismi di <\/span><b>discriminazione attiva<\/b><span style=\"font-weight: 400;\"> nei confronti del genere femminile e non solo.<\/span><\/p>\t\t\t\t\t\t\t\t<\/div>\n\t\t\t\t<\/div>\n\t\t\t\t\t<\/div>\n\t\t<\/div>\n\t\t\t\t<div class=\"elementor-column elementor-col-50 elementor-inner-column elementor-element elementor-element-2a2c196\" data-id=\"2a2c196\" data-element_type=\"column\" data-e-type=\"column\">\n\t\t\t<div class=\"elementor-widget-wrap elementor-element-populated\">\n\t\t\t\t\t\t<div class=\"elementor-element elementor-element-4becbb3 elementor-widget elementor-widget-image\" data-id=\"4becbb3\" data-element_type=\"widget\" data-e-type=\"widget\" data-widget_type=\"image.default\">\n\t\t\t\t<div class=\"elementor-widget-container\">\n\t\t\t\t\t\t\t\t\t\t\t\t<figure class=\"wp-caption\">\n\t\t\t\t\t\t\t\t\t\t<img fetchpriority=\"high\" decoding=\"async\" width=\"800\" height=\"800\" src=\"https:\/\/www.atmosferamag.it\/wp-content\/uploads\/2024\/09\/00_portrait-G.Brusemeni.jpg\" class=\"attachment-large size-large wp-image-34715\" alt=\"\" srcset=\"https:\/\/www.atmosferamag.it\/wp-content\/uploads\/2024\/09\/00_portrait-G.Brusemeni.jpg 1000w, https:\/\/www.atmosferamag.it\/wp-content\/uploads\/2024\/09\/00_portrait-G.Brusemeni-300x300.jpg 300w, https:\/\/www.atmosferamag.it\/wp-content\/uploads\/2024\/09\/00_portrait-G.Brusemeni-150x150.jpg 150w, https:\/\/www.atmosferamag.it\/wp-content\/uploads\/2024\/09\/00_portrait-G.Brusemeni-768x768.jpg 768w\" sizes=\"(max-width: 800px) 100vw, 800px\" \/>\t\t\t\t\t\t\t\t\t\t\t<figcaption class=\"widget-image-caption wp-caption-text\">1. Giorgia Brusemini, Designer - Ritratto<\/figcaption>\n\t\t\t\t\t\t\t\t\t\t<\/figure>\n\t\t\t\t\t\t\t\t\t<\/div>\n\t\t\t\t<\/div>\n\t\t\t\t\t<\/div>\n\t\t<\/div>\n\t\t\t\t\t<\/div>\n\t\t<\/section>\n\t\t\t\t<div class=\"elementor-element elementor-element-d89d20f elementor-widget elementor-widget-text-editor\" data-id=\"d89d20f\" data-element_type=\"widget\" data-e-type=\"widget\" data-widget_type=\"text-editor.default\">\n\t\t\t\t<div class=\"elementor-widget-container\">\n\t\t\t\t\t\t\t\t\t<p><span style=\"font-weight: 400;\">La costruzione in primis di un <\/span><b>grande database digitale<\/b><span style=\"font-weight: 400;\"> che raccoglie <\/span><b>testimonianze<\/b><span style=\"font-weight: 400;\"> e <\/span><b>videointerviste<\/b><span style=\"font-weight: 400;\"> di moltissime lighting designer e professioniste che lavorano con la luce, \u00e8 una delle azioni a mio avviso pi\u00f9 efficaci e in continua crescita portate avanti dagli ideatori del progetto. A questo si \u00e8 affiancata una serie di dinamiche attivit\u00e0 proposte online che ci hanno aiutato a rimanere connessi anche durante il periodo COVID, l\u2019ideazione dei <\/span><b>WIL Awards<\/b><span style=\"font-weight: 400;\"> e il lancio di un importante <\/span><b>sondaggio sull\u2019equit\u00e0 di genere<\/b><span style=\"font-weight: 400;\"> con l\u2019obiettivo di esaminare il settore dell&#8217;illuminazione sia nei suoi aspetti positivi che in quelli ancora da migliorare. Inoltre in questi anni il database si \u00e8 arricchito con la sezione <\/span><b>Women In Entertainment Lighting<\/b><span style=\"font-weight: 400;\"> grazie al supporto dell\u2019azienda <\/span><b>Ayrton Lighting<\/b><span style=\"font-weight: 400;\">\u00bb.<\/span><\/p>\t\t\t\t\t\t\t\t<\/div>\n\t\t\t\t<\/div>\n\t\t\t\t<div class=\"elementor-element elementor-element-165b8b2 elementor-widget elementor-widget-image\" data-id=\"165b8b2\" data-element_type=\"widget\" data-e-type=\"widget\" data-widget_type=\"image.default\">\n\t\t\t\t<div class=\"elementor-widget-container\">\n\t\t\t\t\t\t\t\t\t\t\t\t<figure class=\"wp-caption\">\n\t\t\t\t\t\t\t\t\t\t<img decoding=\"async\" width=\"800\" height=\"494\" src=\"https:\/\/www.atmosferamag.it\/wp-content\/uploads\/2024\/09\/01_WIL-Ambassador-map-1024x632.jpg\" class=\"attachment-large size-large wp-image-34717\" alt=\"\" srcset=\"https:\/\/www.atmosferamag.it\/wp-content\/uploads\/2024\/09\/01_WIL-Ambassador-map-1024x632.jpg 1024w, https:\/\/www.atmosferamag.it\/wp-content\/uploads\/2024\/09\/01_WIL-Ambassador-map-300x185.jpg 300w, https:\/\/www.atmosferamag.it\/wp-content\/uploads\/2024\/09\/01_WIL-Ambassador-map-768x474.jpg 768w, https:\/\/www.atmosferamag.it\/wp-content\/uploads\/2024\/09\/01_WIL-Ambassador-map-1536x948.jpg 1536w, https:\/\/www.atmosferamag.it\/wp-content\/uploads\/2024\/09\/01_WIL-Ambassador-map-2048x1264.jpg 2048w\" sizes=\"(max-width: 800px) 100vw, 800px\" \/>\t\t\t\t\t\t\t\t\t\t\t<figcaption class=\"widget-image-caption wp-caption-text\">2. Sito Web Women In Lighting - Ambasciatrici WIL<\/figcaption>\n\t\t\t\t\t\t\t\t\t\t<\/figure>\n\t\t\t\t\t\t\t\t\t<\/div>\n\t\t\t\t<\/div>\n\t\t\t\t<div class=\"elementor-element elementor-element-1125324 elementor-widget elementor-widget-text-editor\" data-id=\"1125324\" data-element_type=\"widget\" data-e-type=\"widget\" data-widget_type=\"text-editor.default\">\n\t\t\t\t<div class=\"elementor-widget-container\">\n\t\t\t\t\t\t\t\t\t<p><b>Perch\u00e9 secondo lei \u00e8 cos\u00ec importante per il settore?<\/b><\/p><p><span style=\"font-weight: 400;\">\u00abSono moltissime le iniziative che il <\/span><b>team WIL<\/b><span style=\"font-weight: 400;\"> assieme alle Ambasciatrici in tutto il mondo, in questi 5 anni hanno messo in atto per tenerci uniti e ampliare la grande <\/span><b>rete internazionale<\/b><span style=\"font-weight: 400;\"> che oggi \u00e8, ma ci tengo a soffermarmi sempre sull\u2019importanza che ha aver costruito questo <\/span><b>database<\/b><span style=\"font-weight: 400;\"> per la sua <\/span><b>concretezza<\/b><span style=\"font-weight: 400;\">. Oltre a contenere racconti e percorsi profondamente differenti di grande ispirazione, profilando le progettiste donne le rende pi\u00f9 <\/span><b>visibili<\/b><span style=\"font-weight: 400;\">, diventa un grande <\/span><b>strumento<\/b><span style=\"font-weight: 400;\"> che contrasta quella <\/span><b>cancellazione<\/b><span style=\"font-weight: 400;\"> che in passato, in moltissimi settori, ci ha restituito una storia popolata da soli uomini. Questo database nel settore dell\u2019illuminazione ora c\u2019\u00e8 e fornisce moltissime informazioni, i nomi e i contatti diretti sono tutti a disposizione di giornalisti, organizzatori di conferenze, curatori di mostre ecc. Vorremmo pi\u00f9 donne coinvolte, non vedere pi\u00f9 <\/span><b>panel composti da soli uomini<\/b><span style=\"font-weight: 400;\"> e salire sul palco sempre gli stessi nomi. <\/span><b>Women In Lighting<\/b><span style=\"font-weight: 400;\"> contribuisce al <\/span><b>quinto obiettivo dell\u2019agenda 2030 ONU<\/b><span style=\"font-weight: 400;\"> sostenendo attivit\u00e0 che portano a un <\/span><b>cambiamento culturale<\/b><span style=\"font-weight: 400;\"> partendo dal nostro settore\u00bb.<\/span><\/p>\t\t\t\t\t\t\t\t<\/div>\n\t\t\t\t<\/div>\n\t\t\t\t<div class=\"elementor-element elementor-element-5df3a0d elementor-widget elementor-widget-image\" data-id=\"5df3a0d\" data-element_type=\"widget\" data-e-type=\"widget\" data-widget_type=\"image.default\">\n\t\t\t\t<div class=\"elementor-widget-container\">\n\t\t\t\t\t\t\t\t\t\t\t\t<figure class=\"wp-caption\">\n\t\t\t\t\t\t\t\t\t\t<img decoding=\"async\" width=\"800\" height=\"524\" src=\"https:\/\/www.atmosferamag.it\/wp-content\/uploads\/2024\/09\/06_Evento-WIL-Italy-2020_01_Crediti-@SaraEliseSartore-1024x671.png\" class=\"attachment-large size-large wp-image-34719\" alt=\"\" srcset=\"https:\/\/www.atmosferamag.it\/wp-content\/uploads\/2024\/09\/06_Evento-WIL-Italy-2020_01_Crediti-@SaraEliseSartore-1024x671.png 1024w, https:\/\/www.atmosferamag.it\/wp-content\/uploads\/2024\/09\/06_Evento-WIL-Italy-2020_01_Crediti-@SaraEliseSartore-300x197.png 300w, https:\/\/www.atmosferamag.it\/wp-content\/uploads\/2024\/09\/06_Evento-WIL-Italy-2020_01_Crediti-@SaraEliseSartore-768x503.png 768w, https:\/\/www.atmosferamag.it\/wp-content\/uploads\/2024\/09\/06_Evento-WIL-Italy-2020_01_Crediti-@SaraEliseSartore-1536x1006.png 1536w, https:\/\/www.atmosferamag.it\/wp-content\/uploads\/2024\/09\/06_Evento-WIL-Italy-2020_01_Crediti-@SaraEliseSartore.png 1838w\" sizes=\"(max-width: 800px) 100vw, 800px\" \/>\t\t\t\t\t\t\t\t\t\t\t<figcaption class=\"widget-image-caption wp-caption-text\">3. Riunione annuale Women In Lighting Italia, settembre 2020, Spazio Rossana Orlandi, Milano. Foto di Sarah Elise Sartore<\/figcaption>\n\t\t\t\t\t\t\t\t\t\t<\/figure>\n\t\t\t\t\t\t\t\t\t<\/div>\n\t\t\t\t<\/div>\n\t\t\t\t<div class=\"elementor-element elementor-element-4bd8b2e elementor-widget elementor-widget-text-editor\" data-id=\"4bd8b2e\" data-element_type=\"widget\" data-e-type=\"widget\" data-widget_type=\"text-editor.default\">\n\t\t\t\t<div class=\"elementor-widget-container\">\n\t\t\t\t\t\t\t\t\t<p><strong><span style=\"color: var( --e-global-color-text );\">Per festeggiare questo quinquennio di attivit\u00e0, \u00e8 stato creato un evento alla fiera Light+Building. Ce ne parli.<\/span><\/strong><\/p><p><span style=\"font-weight: 400;\">\u00ab\u00c8 stato un momento molto importante e lo \u00e8 stata anche la scelta di celebrare l\u2019anniversario all\u2019interno di <\/span><a href=\"https:\/\/www.atmosferamag.it\/it\/light-building-2024-francoforte-programma-evento\/\" target=\"_blank\" rel=\"noopener\"><b><span style=\"text-decoration: underline;\">Light+Building<\/span><\/b><\/a><span style=\"font-weight: 400;\">, che \u00e8 un contesto dove si fa <\/span><b>business<\/b><span style=\"font-weight: 400;\">, inserendolo nel <\/span><b>programma ufficiale<\/b><span style=\"font-weight: 400;\">. Ci sono stati interventi di grande ispirazione che hanno coinvolto anche l\u2019associazione <\/span><span style=\"text-decoration: underline;\"><a href=\"http:\/\/www.iald.org\" target=\"_blank\" rel=\"noopener\"><b>IALD<\/b><\/a><\/span><b> \u2013 the International Association of Lighting Designers<\/b><span style=\"font-weight: 400;\">, che in questa maniera ha rimarcato il suo impegno e supporto verso gli obiettivi proposti da WIL. Gli speech dell\u20198 marzo dalle ambasciatrici di Paesi come <\/span><b>India, Messico, Pakistan, Portogallo<\/b><span style=\"font-weight: 400;\"> e anche <\/span><b>Italia<\/b><span style=\"font-weight: 400;\"> a mio avviso sono stati quelli che meglio hanno messo in luce le complessit\u00e0 legate a un <\/span><b>cambiamento culturale<\/b><span style=\"font-weight: 400;\">, proponendo un ventaglio di diversi approcci necessari al raggiungimento degli obiettivi WIL ma adatti a intervenire in maniera efficace nella cultura del proprio Paese di origine, facendo la propria parte\u00bb.<\/span><\/p>\t\t\t\t\t\t\t\t<\/div>\n\t\t\t\t<\/div>\n\t\t\t\t<div class=\"elementor-element elementor-element-52cc66a elementor-widget elementor-widget-image\" data-id=\"52cc66a\" data-element_type=\"widget\" data-e-type=\"widget\" data-widget_type=\"image.default\">\n\t\t\t\t<div class=\"elementor-widget-container\">\n\t\t\t\t\t\t\t\t\t\t\t\t<figure class=\"wp-caption\">\n\t\t\t\t\t\t\t\t\t\t<img loading=\"lazy\" decoding=\"async\" width=\"800\" height=\"534\" src=\"https:\/\/www.atmosferamag.it\/wp-content\/uploads\/2024\/09\/03_design-plaza-pw-09-1024x684.jpg\" class=\"attachment-large size-large wp-image-34721\" alt=\"\" srcset=\"https:\/\/www.atmosferamag.it\/wp-content\/uploads\/2024\/09\/03_design-plaza-pw-09-1024x684.jpg 1024w, https:\/\/www.atmosferamag.it\/wp-content\/uploads\/2024\/09\/03_design-plaza-pw-09-300x200.jpg 300w, https:\/\/www.atmosferamag.it\/wp-content\/uploads\/2024\/09\/03_design-plaza-pw-09-768x513.jpg 768w, https:\/\/www.atmosferamag.it\/wp-content\/uploads\/2024\/09\/03_design-plaza-pw-09-1536x1025.jpg 1536w, https:\/\/www.atmosferamag.it\/wp-content\/uploads\/2024\/09\/03_design-plaza-pw-09-2048x1367.jpg 2048w\" sizes=\"(max-width: 800px) 100vw, 800px\" \/>\t\t\t\t\t\t\t\t\t\t\t<figcaption class=\"widget-image-caption wp-caption-text\">4. 5\u00b0 Anniversario del progetto WIL, Light + Building a Francoforte, 8 marzo 2024, Messe Frankfurt<\/figcaption>\n\t\t\t\t\t\t\t\t\t\t<\/figure>\n\t\t\t\t\t\t\t\t\t<\/div>\n\t\t\t\t<\/div>\n\t\t\t\t<div class=\"elementor-element elementor-element-f48784e elementor-widget elementor-widget-text-editor\" data-id=\"f48784e\" data-element_type=\"widget\" data-e-type=\"widget\" data-widget_type=\"text-editor.default\">\n\t\t\t\t<div class=\"elementor-widget-container\">\n\t\t\t\t\t\t\t\t\t<p><strong>In Italia sono molte le iniziative che lei, come ambasciatrice, ha promosso. Qual \u00e8 la situazione nel nostro Paese in termini di parit\u00e0?<\/strong><\/p><p><span style=\"font-weight: 400;\">\u00abA differenza di altri Paesi, molte delle professioniste donne che lavorano nel nostro settore sono spesso <\/span><b>libere professioniste indipendenti<\/b><span style=\"font-weight: 400;\">. Figure <\/span><b>capaci<\/b><span style=\"font-weight: 400;\">, con un\u2019attivit\u00e0 <\/span><b>imprenditoriale<\/b><span style=\"font-weight: 400;\"> da portare avanti, alle quali per\u00f2 ancora oggi vengono affidate, nella quasi totalit\u00e0, le mansioni di <\/span><b>cura<\/b><span style=\"font-weight: 400;\"> nel contesto familiare: considerate parte del <\/span><b>welfare<\/b><span style=\"font-weight: 400;\"> devono occuparsi quasi sempre in primo luogo delle fragilit\u00e0 dei bambini, degli anziani e della casa.<\/span> <span style=\"font-weight: 400;\">Qui la chiave \u00e8 stata quella di immaginare occasioni da vivere assieme, delle opportunit\u00e0 d\u2019incontro e confronto sia reali che virtuali e di <\/span><b>rafforzamento dei rapporti<\/b><span style=\"font-weight: 400;\">. Sono nate cos\u00ec iniziative come <\/span><b>avventurosi weekend di workshop di lighting design<\/b><span style=\"font-weight: 400;\"> in presenza, momenti <\/span><b>formativi online<\/b><span style=\"font-weight: 400;\"> legati al business che hanno permesso di comprendere che la libera professione pretende di ragionare da imprenditrici, oltre ad attivit\u00e0 di <\/span><b>empowerment<\/b><span style=\"font-weight: 400;\">. Abbiamo iniziato a capire che <\/span><b>prendersi del tempo per s\u00e9 assieme alle altre<\/b><span style=\"font-weight: 400;\"> faceva accadere cose, <\/span><b>smuoveva animi, creativit\u00e0, sogni<\/b><span style=\"font-weight: 400;\">\u2026 Tra le professioniste, ciascuna con le sue specificit\u00e0, italiane e straniere, sono nate <\/span><b>collaborazioni continuative<\/b><span style=\"font-weight: 400;\"> e anche <\/span><b>grandi progetti corali<\/b><span style=\"font-weight: 400;\">, immaginati solo perch\u00e9 finalmente si \u00e8 parte di una reale <\/span><b>rete su cui poter contare<\/b><span style=\"font-weight: 400;\">\u00bb.<\/span><\/p>\t\t\t\t\t\t\t\t<\/div>\n\t\t\t\t<\/div>\n\t\t\t\t<div class=\"elementor-element elementor-element-f7f417f elementor-widget elementor-widget-image\" data-id=\"f7f417f\" data-element_type=\"widget\" data-e-type=\"widget\" data-widget_type=\"image.default\">\n\t\t\t\t<div class=\"elementor-widget-container\">\n\t\t\t\t\t\t\t\t\t\t\t\t<figure class=\"wp-caption\">\n\t\t\t\t\t\t\t\t\t\t<img loading=\"lazy\" decoding=\"async\" width=\"800\" height=\"531\" src=\"https:\/\/www.atmosferamag.it\/wp-content\/uploads\/2024\/09\/08_GavriilPapadiotis_CollectedLightMilan_April2023_063-1024x680.png\" class=\"attachment-large size-large wp-image-34723\" alt=\"\" srcset=\"https:\/\/www.atmosferamag.it\/wp-content\/uploads\/2024\/09\/08_GavriilPapadiotis_CollectedLightMilan_April2023_063-1024x680.png 1024w, https:\/\/www.atmosferamag.it\/wp-content\/uploads\/2024\/09\/08_GavriilPapadiotis_CollectedLightMilan_April2023_063-300x199.png 300w, https:\/\/www.atmosferamag.it\/wp-content\/uploads\/2024\/09\/08_GavriilPapadiotis_CollectedLightMilan_April2023_063-768x510.png 768w, https:\/\/www.atmosferamag.it\/wp-content\/uploads\/2024\/09\/08_GavriilPapadiotis_CollectedLightMilan_April2023_063-1536x1020.png 1536w, https:\/\/www.atmosferamag.it\/wp-content\/uploads\/2024\/09\/08_GavriilPapadiotis_CollectedLightMilan_April2023_063.png 1746w\" sizes=\"(max-width: 800px) 100vw, 800px\" \/>\t\t\t\t\t\t\t\t\t\t\t<figcaption class=\"widget-image-caption wp-caption-text\">5. Liz West e Giorgia Brusemini - Mostra Collected Light, Cascina Cuccagna Milano. Foto di Gavriil Papadiotis<\/figcaption>\n\t\t\t\t\t\t\t\t\t\t<\/figure>\n\t\t\t\t\t\t\t\t\t<\/div>\n\t\t\t\t<\/div>\n\t\t\t\t<div class=\"elementor-element elementor-element-3d11b7b elementor-widget elementor-widget-text-editor\" data-id=\"3d11b7b\" data-element_type=\"widget\" data-e-type=\"widget\" data-widget_type=\"text-editor.default\">\n\t\t\t\t<div class=\"elementor-widget-container\">\n\t\t\t\t\t\t\t\t\t<p><strong>Come si pone lei \u2013 da ambasciatrice \u2013 nei confronti delle nuove colleghe che aderiscono a WIL Italy?<\/strong><\/p><p><span style=\"font-weight: 400;\">\u00abIl mio ruolo \u00e8 stato, ed \u00e8 tutt\u2019ora, quello di <\/span><b>ascoltare<\/b><span style=\"font-weight: 400;\"> e facilitare i processi che ho raccontato sopra, modalit\u00e0 <\/span><b>virtuose<\/b><span style=\"font-weight: 400;\"> nelle quali vincono tutte, invitando per\u00f2, non senza fatica, ad <\/span><b>abbandonare<\/b><span style=\"font-weight: 400;\"> e non <\/span><b>alimentare vecchi stereotipi<\/b><span style=\"font-weight: 400;\"> che hanno sempre raccontato le donne in competizione. Mi piace questa frase di <\/span><b>Wingee Sin<\/b><span style=\"font-weight: 400;\">, direttrice del programma <\/span><b>Cartier Women\u2019s Iniziative<\/b><span style=\"font-weight: 400;\"> che premia i progetti imprenditoriali femminili che hanno un impatto <\/span><b>sociale\/ambientale<\/b><span style=\"font-weight: 400;\"> sulla vita delle persone: Le donne incontrano maggiori difficolt\u00e0 ad affermarsi rispetto agli uomini ma non bisogna permettere a un mondo non ancora inclusivo di escluderci. Se non ci sono ancora sufficienti<\/span> <b><i>role model<\/i><\/b><span style=\"font-weight: 400;\">, puoi diventarlo tu. <\/span><b><i>Keep going and Dream big<\/i><\/b><b>!<\/b><span style=\"font-weight: 400;\">\u00bb.<\/span><\/p>\t\t\t\t\t\t\t\t<\/div>\n\t\t\t\t<\/div>\n\t\t\t\t<div class=\"elementor-element elementor-element-10359ee elementor-widget elementor-widget-image\" data-id=\"10359ee\" data-element_type=\"widget\" data-e-type=\"widget\" data-widget_type=\"image.default\">\n\t\t\t\t<div class=\"elementor-widget-container\">\n\t\t\t\t\t\t\t\t\t\t\t\t<figure class=\"wp-caption\">\n\t\t\t\t\t\t\t\t\t\t<img loading=\"lazy\" decoding=\"async\" width=\"800\" height=\"534\" src=\"https:\/\/www.atmosferamag.it\/wp-content\/uploads\/2024\/09\/05-Evento-WIL-Italy_42-1024x683.jpg\" class=\"attachment-large size-large wp-image-34725\" alt=\"\" srcset=\"https:\/\/www.atmosferamag.it\/wp-content\/uploads\/2024\/09\/05-Evento-WIL-Italy_42-1024x683.jpg 1024w, https:\/\/www.atmosferamag.it\/wp-content\/uploads\/2024\/09\/05-Evento-WIL-Italy_42-300x200.jpg 300w, https:\/\/www.atmosferamag.it\/wp-content\/uploads\/2024\/09\/05-Evento-WIL-Italy_42-768x512.jpg 768w, https:\/\/www.atmosferamag.it\/wp-content\/uploads\/2024\/09\/05-Evento-WIL-Italy_42-1536x1024.jpg 1536w, https:\/\/www.atmosferamag.it\/wp-content\/uploads\/2024\/09\/05-Evento-WIL-Italy_42-2048x1365.jpg 2048w\" sizes=\"(max-width: 800px) 100vw, 800px\" \/>\t\t\t\t\t\t\t\t\t\t\t<figcaption class=\"widget-image-caption wp-caption-text\">6. Prima riunione Women In Lighting Italia presso la sede italiana di Formalighting, settembre 2019. Foto di Simona Monfrinotti<\/figcaption>\n\t\t\t\t\t\t\t\t\t\t<\/figure>\n\t\t\t\t\t\t\t\t\t<\/div>\n\t\t\t\t<\/div>\n\t\t\t\t<div class=\"elementor-element elementor-element-d7466b3 elementor-widget elementor-widget-text-editor\" data-id=\"d7466b3\" data-element_type=\"widget\" data-e-type=\"widget\" data-widget_type=\"text-editor.default\">\n\t\t\t\t<div class=\"elementor-widget-container\">\n\t\t\t\t\t\t\t\t\t<p><strong>Quali iniziative in programma; che cosa c\u2019\u00e8 nel futuro di WIL Italy?<\/strong><\/p><p><span style=\"font-weight: 400;\">\u00abLa rete anche qui in Italia si sta ampliando probabilmente perch\u00e9, nuove persone e realt\u00e0, stanno diventando pi\u00f9 <\/span><b>consapevoli<\/b><span style=\"font-weight: 400;\"> della molteplicit\u00e0 di elementi che alimentano il <\/span><b>gender gap<\/b><span style=\"font-weight: 400;\">, della <\/span><b>responsabilit\u00e0<\/b><span style=\"font-weight: 400;\"> che ciascuno ha, capendo che WIL \u00e8 un <\/span><b>vero progetto<\/b><span style=\"font-weight: 400;\"> con <\/span><b>obiettivi reali<\/b><span style=\"font-weight: 400;\"> che vanno sostenuti e che si raggiungono agendo anche raddrizzando il tiro, abbandonando il \u201csi \u00e8 sempre fatto cos\u00ec\u201d. Il futuro: assieme alla <\/span><b>lighting designer Martina Frattura<\/b><span style=\"font-weight: 400;\"> che da anni e con grande generosit\u00e0 mi aiuta a sviluppare il progetto qui in Italia, c\u2019\u00e8 l\u2019intento di sviluppare altre iniziative coinvolgendo in modo attivo le <\/span><b>brave progettiste<\/b><span style=\"font-weight: 400;\"> della rete, sempre nell\u2019ottica di una vera <\/span><b>condivisione del sapere<\/b><span style=\"font-weight: 400;\">. Ci stiamo lavorando. Un\u2019altra attivit\u00e0 che cercheremo di attivare \u00e8 un programma di incontri che coinvolgeranno <\/span><b>organizzazioni e fondazioni<\/b><span style=\"font-weight: 400;\"> contro la <\/span><b>violenza sulle donne<\/b><span style=\"font-weight: 400;\">, che ho conosciuto in questi anni proprio grazie al ruolo di ambasciatrice\u00bb.<\/span><\/p>\t\t\t\t\t\t\t\t<\/div>\n\t\t\t\t<\/div>\n\t\t\t\t<div class=\"elementor-element elementor-element-736d309 elementor-widget elementor-widget-image\" data-id=\"736d309\" data-element_type=\"widget\" data-e-type=\"widget\" data-widget_type=\"image.default\">\n\t\t\t\t<div class=\"elementor-widget-container\">\n\t\t\t\t\t\t\t\t\t\t\t\t<figure class=\"wp-caption\">\n\t\t\t\t\t\t\t\t\t\t<img loading=\"lazy\" decoding=\"async\" width=\"800\" height=\"459\" src=\"https:\/\/www.atmosferamag.it\/wp-content\/uploads\/2024\/09\/02_07.FullSizeRender-2-1024x588.png\" class=\"attachment-large size-large wp-image-34729\" alt=\"\" srcset=\"https:\/\/www.atmosferamag.it\/wp-content\/uploads\/2024\/09\/02_07.FullSizeRender-2-1024x588.png 1024w, https:\/\/www.atmosferamag.it\/wp-content\/uploads\/2024\/09\/02_07.FullSizeRender-2-300x172.png 300w, https:\/\/www.atmosferamag.it\/wp-content\/uploads\/2024\/09\/02_07.FullSizeRender-2-768x441.png 768w, https:\/\/www.atmosferamag.it\/wp-content\/uploads\/2024\/09\/02_07.FullSizeRender-2-1536x883.png 1536w, https:\/\/www.atmosferamag.it\/wp-content\/uploads\/2024\/09\/02_07.FullSizeRender-2.png 1876w\" sizes=\"(max-width: 800px) 100vw, 800px\" \/>\t\t\t\t\t\t\t\t\t\t\t<figcaption class=\"widget-image-caption wp-caption-text\">7. 5\u00b0 Anniversario del progetto WIL, Light + Building a Francoforte, 8 marzo 2024, Messe Frankfurt<\/figcaption>\n\t\t\t\t\t\t\t\t\t\t<\/figure>\n\t\t\t\t\t\t\t\t\t<\/div>\n\t\t\t\t<\/div>\n\t\t\t\t<div class=\"elementor-element elementor-element-da072e0 elementor-widget elementor-widget-text-editor\" data-id=\"da072e0\" data-element_type=\"widget\" data-e-type=\"widget\" data-widget_type=\"text-editor.default\">\n\t\t\t\t<div class=\"elementor-widget-container\">\n\t\t\t\t\t\t\t\t\t<p><strong>Un esempio di queste attivit\u00e0?<\/strong><\/p><p><span style=\"font-weight: 400;\">\u00abQuello di imparare le modalit\u00e0 corrette per <\/span><b>supportare<\/b><span style=\"font-weight: 400;\"> e <\/span><b>intervenire<\/b><span style=\"font-weight: 400;\"> controllando il <\/span><b>rischio di esporsi<\/b><span style=\"font-weight: 400;\">, quando si assiste a qualsiasi tipo di <\/span><b>atteggiamento sessista<\/b><span style=\"font-weight: 400;\">, <\/span><b>violenza verbale o fisica<\/b><span style=\"font-weight: 400;\"> nel contesto lavorativo o pubblico; anche per non trovarsi pi\u00f9 <\/span><b>sole e isolate<\/b><span style=\"font-weight: 400;\"> in questi episodi. Tutte le attivit\u00e0 saranno sempre in ottica di consolidamento di una <\/span><b>comunit\u00e0 femminile dell\u2019illuminazione<\/b><span style=\"font-weight: 400;\">, <\/span><b>dinamica e coraggiosa<\/b><span style=\"font-weight: 400;\"> che fronteggia problemi e si aiuta a vicenda\u00bb.<\/span><\/p>\t\t\t\t\t\t\t\t<\/div>\n\t\t\t\t<\/div>\n\t\t\t\t<div class=\"elementor-element elementor-element-b8e9c58 elementor-widget elementor-widget-text-editor\" data-id=\"b8e9c58\" data-element_type=\"widget\" data-e-type=\"widget\" data-widget_type=\"text-editor.default\">\n\t\t\t\t<div class=\"elementor-widget-container\">\n\t\t\t\t\t\t\t\t\t<p><span style=\"font-weight: 400;\">Per unirvi alla rete WIL &#8211; WIL Italy potete contattare Giorgia Brusemini all&#8217;indirizzo:\u00a0<\/span><a href=\"mailto:giorgia@womeninlighting.com\"><span style=\"font-weight: 400;\">giorgia@womeninlighting.com<\/span><\/a><\/p>\t\t\t\t\t\t\t\t<\/div>\n\t\t\t\t<\/div>\n\t\t\t\t\t<\/div>\n\t\t<\/div>\n\t\t\t\t\t<\/div>\n\t\t<\/section>\n\t\t\t\t<\/div>\n\t\t","protected":false},"excerpt":{"rendered":"<p>Giorgia Brusemini \u00e8 l&#8217;ambasciatrice italiana di WIL-Women In Lighting, la piattaforma digitale internazionale che realizza e conserva testimonianze di lighting designer e protagoniste nel settore luce di tutto il mondo, creando una vera e propria rete di connessioni.<\/p>\n","protected":false},"author":10,"featured_media":34712,"comment_status":"closed","ping_status":"closed","sticky":false,"template":"","format":"standard","meta":{"footnotes":""},"categories":[3,39],"tags":[],"class_list":["post-34711","post","type-post","status-publish","format-standard","has-post-thumbnail","hentry","category-stories"],"yoast_head":"<!-- This site is optimized with the Yoast SEO plugin v26.0 - https:\/\/yoast.com\/wordpress\/plugins\/seo\/ -->\n<title>Le Lighting Designer che affrontano il Gender Gap | Atmosfera Mag<\/title>\n<meta name=\"description\" content=\"Women In Lighting supporta le lighting designer e affronta il gender gap nel settore dell&#039;illuminazione professionale.\" \/>\n<meta name=\"robots\" content=\"index, follow, max-snippet:-1, max-image-preview:large, max-video-preview:-1\" \/>\n<link rel=\"canonical\" href=\"https:\/\/www.atmosferamag.it\/it\/lighting-designer-gender-gap\/\" \/>\n<meta property=\"og:locale\" content=\"it_IT\" \/>\n<meta property=\"og:type\" content=\"article\" \/>\n<meta property=\"og:title\" content=\"Le Lighting Designer che affrontano il Gender Gap | Atmosfera Mag\" \/>\n<meta property=\"og:description\" content=\"Women In Lighting supporta le lighting designer e affronta il gender gap nel settore dell&#039;illuminazione professionale.\" \/>\n<meta property=\"og:url\" content=\"https:\/\/www.atmosferamag.it\/it\/lighting-designer-gender-gap\/\" \/>\n<meta property=\"og:site_name\" content=\"Atmosfera Mag\" \/>\n<meta property=\"article:publisher\" content=\"https:\/\/www.facebook.com\/people\/Atmosfera-Mag\/100086538670476\/\" \/>\n<meta property=\"article:published_time\" content=\"2024-09-16T08:11:00+00:00\" \/>\n<meta property=\"article:modified_time\" content=\"2024-09-16T08:20:23+00:00\" \/>\n<meta property=\"og:image\" content=\"http:\/\/www.atmosferamag.it\/wp-content\/uploads\/2024\/09\/07_SPAZIO-DARSENA-LIGHTING-ZONES-PORTUAIRES-GENOVA-e-CONDIVISO-\u00a9-Silvia-Aresca_U-BOOT-Lab-scaled.jpg\" \/>\n\t<meta property=\"og:image:width\" content=\"2560\" \/>\n\t<meta property=\"og:image:height\" content=\"1707\" \/>\n\t<meta property=\"og:image:type\" content=\"image\/jpeg\" \/>\n<meta name=\"author\" content=\"Federica Capoduri\" \/>\n<meta name=\"twitter:card\" content=\"summary_large_image\" \/>\n<meta name=\"twitter:label1\" content=\"Scritto da\" \/>\n\t<meta name=\"twitter:data1\" content=\"Federica Capoduri\" \/>\n\t<meta name=\"twitter:label2\" content=\"Tempo di lettura stimato\" \/>\n\t<meta name=\"twitter:data2\" content=\"8 minuti\" \/>\n<script type=\"application\/ld+json\" class=\"yoast-schema-graph\">{\"@context\":\"https:\/\/schema.org\",\"@graph\":[{\"@type\":\"Article\",\"@id\":\"https:\/\/www.atmosferamag.it\/it\/lighting-designer-gender-gap\/#article\",\"isPartOf\":{\"@id\":\"https:\/\/www.atmosferamag.it\/it\/lighting-designer-gender-gap\/\"},\"author\":{\"name\":\"Federica Capoduri\",\"@id\":\"https:\/\/www.atmosferamag.it\/it\/#\/schema\/person\/635ef443ef3d01d6373c56f7700be50b\"},\"headline\":\"Women In Lighting: il progetto internazionale che affronta il gender gap\",\"datePublished\":\"2024-09-16T08:11:00+00:00\",\"dateModified\":\"2024-09-16T08:20:23+00:00\",\"mainEntityOfPage\":{\"@id\":\"https:\/\/www.atmosferamag.it\/it\/lighting-designer-gender-gap\/\"},\"wordCount\":1325,\"publisher\":{\"@id\":\"https:\/\/www.atmosferamag.it\/it\/#organization\"},\"image\":{\"@id\":\"https:\/\/www.atmosferamag.it\/it\/lighting-designer-gender-gap\/#primaryimage\"},\"thumbnailUrl\":\"https:\/\/www.atmosferamag.it\/wp-content\/uploads\/2024\/09\/07_SPAZIO-DARSENA-LIGHTING-ZONES-PORTUAIRES-GENOVA-e-CONDIVISO-\u00a9-Silvia-Aresca_U-BOOT-Lab-scaled.jpg\",\"articleSection\":[\"Stories\",\"Stories\"],\"inLanguage\":\"it-IT\"},{\"@type\":\"WebPage\",\"@id\":\"https:\/\/www.atmosferamag.it\/it\/lighting-designer-gender-gap\/\",\"url\":\"https:\/\/www.atmosferamag.it\/it\/lighting-designer-gender-gap\/\",\"name\":\"Le Lighting Designer che affrontano il Gender Gap | Atmosfera Mag\",\"isPartOf\":{\"@id\":\"https:\/\/www.atmosferamag.it\/it\/#website\"},\"primaryImageOfPage\":{\"@id\":\"https:\/\/www.atmosferamag.it\/it\/lighting-designer-gender-gap\/#primaryimage\"},\"image\":{\"@id\":\"https:\/\/www.atmosferamag.it\/it\/lighting-designer-gender-gap\/#primaryimage\"},\"thumbnailUrl\":\"https:\/\/www.atmosferamag.it\/wp-content\/uploads\/2024\/09\/07_SPAZIO-DARSENA-LIGHTING-ZONES-PORTUAIRES-GENOVA-e-CONDIVISO-\u00a9-Silvia-Aresca_U-BOOT-Lab-scaled.jpg\",\"datePublished\":\"2024-09-16T08:11:00+00:00\",\"dateModified\":\"2024-09-16T08:20:23+00:00\",\"description\":\"Women In Lighting supporta le lighting designer e affronta il gender gap nel settore dell'illuminazione professionale.\",\"breadcrumb\":{\"@id\":\"https:\/\/www.atmosferamag.it\/it\/lighting-designer-gender-gap\/#breadcrumb\"},\"inLanguage\":\"it-IT\",\"potentialAction\":[{\"@type\":\"ReadAction\",\"target\":[\"https:\/\/www.atmosferamag.it\/it\/lighting-designer-gender-gap\/\"]}]},{\"@type\":\"ImageObject\",\"inLanguage\":\"it-IT\",\"@id\":\"https:\/\/www.atmosferamag.it\/it\/lighting-designer-gender-gap\/#primaryimage\",\"url\":\"https:\/\/www.atmosferamag.it\/wp-content\/uploads\/2024\/09\/07_SPAZIO-DARSENA-LIGHTING-ZONES-PORTUAIRES-GENOVA-e-CONDIVISO-\u00a9-Silvia-Aresca_U-BOOT-Lab-scaled.jpg\",\"contentUrl\":\"https:\/\/www.atmosferamag.it\/wp-content\/uploads\/2024\/09\/07_SPAZIO-DARSENA-LIGHTING-ZONES-PORTUAIRES-GENOVA-e-CONDIVISO-\u00a9-Silvia-Aresca_U-BOOT-Lab-scaled.jpg\",\"width\":2560,\"height\":1707},{\"@type\":\"BreadcrumbList\",\"@id\":\"https:\/\/www.atmosferamag.it\/it\/lighting-designer-gender-gap\/#breadcrumb\",\"itemListElement\":[{\"@type\":\"ListItem\",\"position\":1,\"name\":\"Home\",\"item\":\"https:\/\/www.atmosferamag.it\/it\/\"},{\"@type\":\"ListItem\",\"position\":2,\"name\":\"Women In Lighting: il progetto internazionale che affronta il gender gap\"}]},{\"@type\":\"WebSite\",\"@id\":\"https:\/\/www.atmosferamag.it\/it\/#website\",\"url\":\"https:\/\/www.atmosferamag.it\/it\/\",\"name\":\"Atmosfera Mag\",\"description\":\"La luce in tutte le sue forme\",\"publisher\":{\"@id\":\"https:\/\/www.atmosferamag.it\/it\/#organization\"},\"potentialAction\":[{\"@type\":\"SearchAction\",\"target\":{\"@type\":\"EntryPoint\",\"urlTemplate\":\"https:\/\/www.atmosferamag.it\/it\/?s={search_term_string}\"},\"query-input\":{\"@type\":\"PropertyValueSpecification\",\"valueRequired\":true,\"valueName\":\"search_term_string\"}}],\"inLanguage\":\"it-IT\"},{\"@type\":\"Organization\",\"@id\":\"https:\/\/www.atmosferamag.it\/it\/#organization\",\"name\":\"Atmosfera Mag\",\"url\":\"https:\/\/www.atmosferamag.it\/it\/\",\"logo\":{\"@type\":\"ImageObject\",\"inLanguage\":\"it-IT\",\"@id\":\"https:\/\/www.atmosferamag.it\/it\/#\/schema\/logo\/image\/\",\"url\":\"https:\/\/www.atmosferamag.it\/wp-content\/uploads\/2022\/09\/titolo.png\",\"contentUrl\":\"https:\/\/www.atmosferamag.it\/wp-content\/uploads\/2022\/09\/titolo.png\",\"width\":2728,\"height\":406,\"caption\":\"Atmosfera Mag\"},\"image\":{\"@id\":\"https:\/\/www.atmosferamag.it\/it\/#\/schema\/logo\/image\/\"},\"sameAs\":[\"https:\/\/www.facebook.com\/people\/Atmosfera-Mag\/100086538670476\/\",\"https:\/\/www.instagram.com\/atmosferamag\/\",\"https:\/\/www.pinterest.it\/atmosfera_mag\/\"]},{\"@type\":\"Person\",\"@id\":\"https:\/\/www.atmosferamag.it\/it\/#\/schema\/person\/635ef443ef3d01d6373c56f7700be50b\",\"name\":\"Federica Capoduri\",\"image\":{\"@type\":\"ImageObject\",\"inLanguage\":\"it-IT\",\"@id\":\"https:\/\/www.atmosferamag.it\/it\/#\/schema\/person\/image\/\",\"url\":\"https:\/\/secure.gravatar.com\/avatar\/78094c34aed6f51374b6b7eb5bb4268c6160eab8beda40a8b6294c095ad1692a?s=96&d=mm&r=g\",\"contentUrl\":\"https:\/\/secure.gravatar.com\/avatar\/78094c34aed6f51374b6b7eb5bb4268c6160eab8beda40a8b6294c095ad1692a?s=96&d=mm&r=g\",\"caption\":\"Federica Capoduri\"},\"url\":\"https:\/\/www.atmosferamag.it\/it\/author\/federica-capoduri\/\"}]}<\/script>\n<!-- \/ Yoast SEO plugin. -->","yoast_head_json":{"title":"Le Lighting Designer che affrontano il Gender Gap | Atmosfera Mag","description":"Women In Lighting supporta le lighting designer e affronta il gender gap nel settore dell'illuminazione professionale.","robots":{"index":"index","follow":"follow","max-snippet":"max-snippet:-1","max-image-preview":"max-image-preview:large","max-video-preview":"max-video-preview:-1"},"canonical":"https:\/\/www.atmosferamag.it\/it\/lighting-designer-gender-gap\/","og_locale":"it_IT","og_type":"article","og_title":"Le Lighting Designer che affrontano il Gender Gap | Atmosfera Mag","og_description":"Women In Lighting supporta le lighting designer e affronta il gender gap nel settore dell'illuminazione professionale.","og_url":"https:\/\/www.atmosferamag.it\/it\/lighting-designer-gender-gap\/","og_site_name":"Atmosfera Mag","article_publisher":"https:\/\/www.facebook.com\/people\/Atmosfera-Mag\/100086538670476\/","article_published_time":"2024-09-16T08:11:00+00:00","article_modified_time":"2024-09-16T08:20:23+00:00","og_image":[{"width":2560,"height":1707,"url":"http:\/\/www.atmosferamag.it\/wp-content\/uploads\/2024\/09\/07_SPAZIO-DARSENA-LIGHTING-ZONES-PORTUAIRES-GENOVA-e-CONDIVISO-\u00a9-Silvia-Aresca_U-BOOT-Lab-scaled.jpg","type":"image\/jpeg"}],"author":"Federica Capoduri","twitter_card":"summary_large_image","twitter_misc":{"Scritto da":"Federica Capoduri","Tempo di lettura stimato":"8 minuti"},"schema":{"@context":"https:\/\/schema.org","@graph":[{"@type":"Article","@id":"https:\/\/www.atmosferamag.it\/it\/lighting-designer-gender-gap\/#article","isPartOf":{"@id":"https:\/\/www.atmosferamag.it\/it\/lighting-designer-gender-gap\/"},"author":{"name":"Federica Capoduri","@id":"https:\/\/www.atmosferamag.it\/it\/#\/schema\/person\/635ef443ef3d01d6373c56f7700be50b"},"headline":"Women In Lighting: il progetto internazionale che affronta il gender gap","datePublished":"2024-09-16T08:11:00+00:00","dateModified":"2024-09-16T08:20:23+00:00","mainEntityOfPage":{"@id":"https:\/\/www.atmosferamag.it\/it\/lighting-designer-gender-gap\/"},"wordCount":1325,"publisher":{"@id":"https:\/\/www.atmosferamag.it\/it\/#organization"},"image":{"@id":"https:\/\/www.atmosferamag.it\/it\/lighting-designer-gender-gap\/#primaryimage"},"thumbnailUrl":"https:\/\/www.atmosferamag.it\/wp-content\/uploads\/2024\/09\/07_SPAZIO-DARSENA-LIGHTING-ZONES-PORTUAIRES-GENOVA-e-CONDIVISO-\u00a9-Silvia-Aresca_U-BOOT-Lab-scaled.jpg","articleSection":["Stories","Stories"],"inLanguage":"it-IT"},{"@type":"WebPage","@id":"https:\/\/www.atmosferamag.it\/it\/lighting-designer-gender-gap\/","url":"https:\/\/www.atmosferamag.it\/it\/lighting-designer-gender-gap\/","name":"Le Lighting Designer che affrontano il Gender Gap | Atmosfera Mag","isPartOf":{"@id":"https:\/\/www.atmosferamag.it\/it\/#website"},"primaryImageOfPage":{"@id":"https:\/\/www.atmosferamag.it\/it\/lighting-designer-gender-gap\/#primaryimage"},"image":{"@id":"https:\/\/www.atmosferamag.it\/it\/lighting-designer-gender-gap\/#primaryimage"},"thumbnailUrl":"https:\/\/www.atmosferamag.it\/wp-content\/uploads\/2024\/09\/07_SPAZIO-DARSENA-LIGHTING-ZONES-PORTUAIRES-GENOVA-e-CONDIVISO-\u00a9-Silvia-Aresca_U-BOOT-Lab-scaled.jpg","datePublished":"2024-09-16T08:11:00+00:00","dateModified":"2024-09-16T08:20:23+00:00","description":"Women In Lighting supporta le lighting designer e affronta il gender gap nel settore dell'illuminazione professionale.","breadcrumb":{"@id":"https:\/\/www.atmosferamag.it\/it\/lighting-designer-gender-gap\/#breadcrumb"},"inLanguage":"it-IT","potentialAction":[{"@type":"ReadAction","target":["https:\/\/www.atmosferamag.it\/it\/lighting-designer-gender-gap\/"]}]},{"@type":"ImageObject","inLanguage":"it-IT","@id":"https:\/\/www.atmosferamag.it\/it\/lighting-designer-gender-gap\/#primaryimage","url":"https:\/\/www.atmosferamag.it\/wp-content\/uploads\/2024\/09\/07_SPAZIO-DARSENA-LIGHTING-ZONES-PORTUAIRES-GENOVA-e-CONDIVISO-\u00a9-Silvia-Aresca_U-BOOT-Lab-scaled.jpg","contentUrl":"https:\/\/www.atmosferamag.it\/wp-content\/uploads\/2024\/09\/07_SPAZIO-DARSENA-LIGHTING-ZONES-PORTUAIRES-GENOVA-e-CONDIVISO-\u00a9-Silvia-Aresca_U-BOOT-Lab-scaled.jpg","width":2560,"height":1707},{"@type":"BreadcrumbList","@id":"https:\/\/www.atmosferamag.it\/it\/lighting-designer-gender-gap\/#breadcrumb","itemListElement":[{"@type":"ListItem","position":1,"name":"Home","item":"https:\/\/www.atmosferamag.it\/it\/"},{"@type":"ListItem","position":2,"name":"Women In Lighting: il progetto internazionale che affronta il gender gap"}]},{"@type":"WebSite","@id":"https:\/\/www.atmosferamag.it\/it\/#website","url":"https:\/\/www.atmosferamag.it\/it\/","name":"Atmosfera Mag","description":"La luce in tutte le sue forme","publisher":{"@id":"https:\/\/www.atmosferamag.it\/it\/#organization"},"potentialAction":[{"@type":"SearchAction","target":{"@type":"EntryPoint","urlTemplate":"https:\/\/www.atmosferamag.it\/it\/?s={search_term_string}"},"query-input":{"@type":"PropertyValueSpecification","valueRequired":true,"valueName":"search_term_string"}}],"inLanguage":"it-IT"},{"@type":"Organization","@id":"https:\/\/www.atmosferamag.it\/it\/#organization","name":"Atmosfera Mag","url":"https:\/\/www.atmosferamag.it\/it\/","logo":{"@type":"ImageObject","inLanguage":"it-IT","@id":"https:\/\/www.atmosferamag.it\/it\/#\/schema\/logo\/image\/","url":"https:\/\/www.atmosferamag.it\/wp-content\/uploads\/2022\/09\/titolo.png","contentUrl":"https:\/\/www.atmosferamag.it\/wp-content\/uploads\/2022\/09\/titolo.png","width":2728,"height":406,"caption":"Atmosfera Mag"},"image":{"@id":"https:\/\/www.atmosferamag.it\/it\/#\/schema\/logo\/image\/"},"sameAs":["https:\/\/www.facebook.com\/people\/Atmosfera-Mag\/100086538670476\/","https:\/\/www.instagram.com\/atmosferamag\/","https:\/\/www.pinterest.it\/atmosfera_mag\/"]},{"@type":"Person","@id":"https:\/\/www.atmosferamag.it\/it\/#\/schema\/person\/635ef443ef3d01d6373c56f7700be50b","name":"Federica Capoduri","image":{"@type":"ImageObject","inLanguage":"it-IT","@id":"https:\/\/www.atmosferamag.it\/it\/#\/schema\/person\/image\/","url":"https:\/\/secure.gravatar.com\/avatar\/78094c34aed6f51374b6b7eb5bb4268c6160eab8beda40a8b6294c095ad1692a?s=96&d=mm&r=g","contentUrl":"https:\/\/secure.gravatar.com\/avatar\/78094c34aed6f51374b6b7eb5bb4268c6160eab8beda40a8b6294c095ad1692a?s=96&d=mm&r=g","caption":"Federica Capoduri"},"url":"https:\/\/www.atmosferamag.it\/it\/author\/federica-capoduri\/"}]}},"_links":{"self":[{"href":"https:\/\/www.atmosferamag.it\/it\/wp-json\/wp\/v2\/posts\/34711","targetHints":{"allow":["GET"]}}],"collection":[{"href":"https:\/\/www.atmosferamag.it\/it\/wp-json\/wp\/v2\/posts"}],"about":[{"href":"https:\/\/www.atmosferamag.it\/it\/wp-json\/wp\/v2\/types\/post"}],"author":[{"embeddable":true,"href":"https:\/\/www.atmosferamag.it\/it\/wp-json\/wp\/v2\/users\/10"}],"replies":[{"embeddable":true,"href":"https:\/\/www.atmosferamag.it\/it\/wp-json\/wp\/v2\/comments?post=34711"}],"version-history":[{"count":4,"href":"https:\/\/www.atmosferamag.it\/it\/wp-json\/wp\/v2\/posts\/34711\/revisions"}],"predecessor-version":[{"id":34733,"href":"https:\/\/www.atmosferamag.it\/it\/wp-json\/wp\/v2\/posts\/34711\/revisions\/34733"}],"wp:featuredmedia":[{"embeddable":true,"href":"https:\/\/www.atmosferamag.it\/it\/wp-json\/wp\/v2\/media\/34712"}],"wp:attachment":[{"href":"https:\/\/www.atmosferamag.it\/it\/wp-json\/wp\/v2\/media?parent=34711"}],"wp:term":[{"taxonomy":"category","embeddable":true,"href":"https:\/\/www.atmosferamag.it\/it\/wp-json\/wp\/v2\/categories?post=34711"},{"taxonomy":"post_tag","embeddable":true,"href":"https:\/\/www.atmosferamag.it\/it\/wp-json\/wp\/v2\/tags?post=34711"}],"curies":[{"name":"wp","href":"https:\/\/api.w.org\/{rel}","templated":true}]}}