{"id":33602,"date":"2024-05-13T12:08:32","date_gmt":"2024-05-13T10:08:32","guid":{"rendered":"https:\/\/www.atmosferamag.it\/?p=33602"},"modified":"2024-05-13T12:15:46","modified_gmt":"2024-05-13T10:15:46","slug":"lucien-herve-le-corbusier-zurigo-mostra","status":"publish","type":"post","link":"https:\/\/www.atmosferamag.it\/it\/lucien-herve-le-corbusier-zurigo-mostra\/","title":{"rendered":"Lucien Herv\u00e9, il fotografo della luce in mostra a Zurigo"},"content":{"rendered":"\t\t<div data-elementor-type=\"wp-post\" data-elementor-id=\"33602\" class=\"elementor elementor-33602 elementor-33581\" data-elementor-post-type=\"post\">\n\t\t\t\t\t\t<section class=\"elementor-section elementor-top-section elementor-element elementor-element-b08cc3b elementor-section-boxed elementor-section-height-default elementor-section-height-default\" data-id=\"b08cc3b\" data-element_type=\"section\" data-e-type=\"section\">\n\t\t\t\t\t\t<div class=\"elementor-container elementor-column-gap-default\">\n\t\t\t\t\t<div class=\"elementor-column elementor-col-100 elementor-top-column elementor-element elementor-element-99837cd\" data-id=\"99837cd\" data-element_type=\"column\" data-e-type=\"column\">\n\t\t\t<div class=\"elementor-widget-wrap elementor-element-populated\">\n\t\t\t\t\t\t<div class=\"elementor-element elementor-element-276a77d elementor-widget elementor-widget-text-editor\" data-id=\"276a77d\" data-element_type=\"widget\" data-e-type=\"widget\" data-widget_type=\"text-editor.default\">\n\t\t\t\t<div class=\"elementor-widget-container\">\n\t\t\t\t\t\t\t\t\t<h6>Cover photo: Lucien Herv\u00e9: Gebautes Licht &#8211; <span style=\"font-weight: 400;\">Lucien Herv\u00e9, Le Havre, France (architect: Auguste Perret), 1956, \u00a9 Lucien Herv\u00e9<\/span><\/h6>\t\t\t\t\t\t\t\t<\/div>\n\t\t\t\t<\/div>\n\t\t\t\t<div class=\"elementor-element elementor-element-e2b25d4 elementor-widget elementor-widget-text-editor\" data-id=\"e2b25d4\" data-element_type=\"widget\" data-e-type=\"widget\" data-widget_type=\"text-editor.default\">\n\t\t\t\t<div class=\"elementor-widget-container\">\n\t\t\t\t\t\t\t\t\t<p><span style=\"font-weight: 400;\">Nel punto pi\u00f9 settentrionale del Lago di Zurigo, a breve distanza dal Museum Gestaltung, si trova il <\/span><span style=\"text-decoration: underline;\"><a href=\"https:\/\/pavillon-le-corbusier.ch\/en\/\" target=\"_blank\" rel=\"noopener\"><span style=\"font-weight: 400;\">Pavilion Le Corbusier<\/span><\/a><\/span><span style=\"font-weight: 400;\">, un&#8217;opera d&#8217;architettura moderna completata nel 1967, commissionata da Heidi Weber e considerata l&#8217;ultimo capolavoro del celebre maestro dell&#8217;architettura moderna. Questo edificio, permeato di creativit\u00e0 e illuminato da una luce unica, rappresenta in modo eccellente la visione dell&#8217;architetto svizzero.<\/span><\/p>\t\t\t\t\t\t\t\t<\/div>\n\t\t\t\t<\/div>\n\t\t\t\t<div class=\"elementor-element elementor-element-29fc0e2 elementor-widget elementor-widget-image\" data-id=\"29fc0e2\" data-element_type=\"widget\" data-e-type=\"widget\" data-widget_type=\"image.default\">\n\t\t\t\t<div class=\"elementor-widget-container\">\n\t\t\t\t\t\t\t\t\t\t\t\t<figure class=\"wp-caption\">\n\t\t\t\t\t\t\t\t\t\t<img fetchpriority=\"high\" decoding=\"async\" width=\"752\" height=\"1024\" src=\"https:\/\/www.atmosferamag.it\/wp-content\/uploads\/2024\/05\/05_Lucien-Herve_Gebautes-Licht-752x1024.jpg\" class=\"attachment-large size-large wp-image-33598\" alt=\"\" srcset=\"https:\/\/www.atmosferamag.it\/wp-content\/uploads\/2024\/05\/05_Lucien-Herve_Gebautes-Licht-752x1024.jpg 752w, https:\/\/www.atmosferamag.it\/wp-content\/uploads\/2024\/05\/05_Lucien-Herve_Gebautes-Licht-220x300.jpg 220w, https:\/\/www.atmosferamag.it\/wp-content\/uploads\/2024\/05\/05_Lucien-Herve_Gebautes-Licht-768x1046.jpg 768w, https:\/\/www.atmosferamag.it\/wp-content\/uploads\/2024\/05\/05_Lucien-Herve_Gebautes-Licht-1128x1536.jpg 1128w, https:\/\/www.atmosferamag.it\/wp-content\/uploads\/2024\/05\/05_Lucien-Herve_Gebautes-Licht-1504x2048.jpg 1504w, https:\/\/www.atmosferamag.it\/wp-content\/uploads\/2024\/05\/05_Lucien-Herve_Gebautes-Licht-scaled.jpg 1879w\" sizes=\"(max-width: 752px) 100vw, 752px\" \/>\t\t\t\t\t\t\t\t\t\t\t<figcaption class=\"widget-image-caption wp-caption-text\">1. Lucien Herv\u00e9: Gebautes Licht - Lucien Herv\u00e9, Le Corbusier and his Modulor in the Unit\u00e9 d\u2019Habitation, Marseille, France, 1952, \u00a9 J. Paul Getty Trust, Los Angeles \/ Fondation Le Corbusier, Paris<\/figcaption>\n\t\t\t\t\t\t\t\t\t\t<\/figure>\n\t\t\t\t\t\t\t\t\t<\/div>\n\t\t\t\t<\/div>\n\t\t\t\t<div class=\"elementor-element elementor-element-17fccc8 elementor-widget elementor-widget-text-editor\" data-id=\"17fccc8\" data-element_type=\"widget\" data-e-type=\"widget\" data-widget_type=\"text-editor.default\">\n\t\t\t\t<div class=\"elementor-widget-container\">\n\t\t\t\t\t\t\t\t\t<p><span style=\"font-weight: 400;\">Attualmente sotto la gestione del <\/span><span style=\"text-decoration: underline;\"><a href=\"https:\/\/museum-gestaltung.ch\/de\/\" target=\"_blank\" rel=\"noopener\"><span style=\"font-weight: 400;\">Museum f\u00fcr Gestaltung<\/span><\/a><\/span><span style=\"font-weight: 400;\">, <\/span><b>il Pavilion Le Corbusier ospita una retrospettiva del fotografo franco-ungherese <\/b><a href=\"http:\/\/lucienherve.com\/LH.html\" target=\"_blank\" rel=\"noopener\"><b><span style=\"text-decoration: underline;\">Lucien Herv\u00e8<\/span><\/b><\/a><b>, in programma fino all&#8217;11 novembre 2024.<\/b><\/p>\t\t\t\t\t\t\t\t<\/div>\n\t\t\t\t<\/div>\n\t\t\t\t<div class=\"elementor-element elementor-element-71a45c8 elementor-widget elementor-widget-image\" data-id=\"71a45c8\" data-element_type=\"widget\" data-e-type=\"widget\" data-widget_type=\"image.default\">\n\t\t\t\t<div class=\"elementor-widget-container\">\n\t\t\t\t\t\t\t\t\t\t\t\t<figure class=\"wp-caption\">\n\t\t\t\t\t\t\t\t\t\t<img decoding=\"async\" width=\"800\" height=\"652\" src=\"https:\/\/www.atmosferamag.it\/wp-content\/uploads\/2024\/05\/07_Lucien-Herve_Gebautes-Licht-1024x835.jpg\" class=\"attachment-large size-large wp-image-33586\" alt=\"\" srcset=\"https:\/\/www.atmosferamag.it\/wp-content\/uploads\/2024\/05\/07_Lucien-Herve_Gebautes-Licht-1024x835.jpg 1024w, https:\/\/www.atmosferamag.it\/wp-content\/uploads\/2024\/05\/07_Lucien-Herve_Gebautes-Licht-300x245.jpg 300w, https:\/\/www.atmosferamag.it\/wp-content\/uploads\/2024\/05\/07_Lucien-Herve_Gebautes-Licht-768x626.jpg 768w, https:\/\/www.atmosferamag.it\/wp-content\/uploads\/2024\/05\/07_Lucien-Herve_Gebautes-Licht-1536x1252.jpg 1536w, https:\/\/www.atmosferamag.it\/wp-content\/uploads\/2024\/05\/07_Lucien-Herve_Gebautes-Licht-2048x1669.jpg 2048w\" sizes=\"(max-width: 800px) 100vw, 800px\" \/>\t\t\t\t\t\t\t\t\t\t\t<figcaption class=\"widget-image-caption wp-caption-text\">2. Lucien Herv\u00e9: Gebautes Licht - Lucien Herv\u00e9, Unit\u00e9 d\u2019habitation, Marseille, France (architect: Le Corbusier), 1949, \u00a9 J. Paul Getty Trust, Los Angeles \/ Fondation Le Corbusier, Paris<\/figcaption>\n\t\t\t\t\t\t\t\t\t\t<\/figure>\n\t\t\t\t\t\t\t\t\t<\/div>\n\t\t\t\t<\/div>\n\t\t\t\t<div class=\"elementor-element elementor-element-7668144 elementor-widget elementor-widget-text-editor\" data-id=\"7668144\" data-element_type=\"widget\" data-e-type=\"widget\" data-widget_type=\"text-editor.default\">\n\t\t\t\t<div class=\"elementor-widget-container\">\n\t\t\t\t\t\t\t\t\t<h2>La mostra <i>Lucien Herv\u00e9: Built Light <\/i>al Pavilion Le Corbusier di Zurigo<\/h2><p><span style=\"font-weight: 400;\">La mostra, intitolata <\/span><a href=\"https:\/\/museum-gestaltung.ch\/en\/ausstellung\/lucien-herve-gebautes-licht\/\"><i><span style=\"font-weight: 400;\">Lucien Herv\u00e9: Built Light<\/span><\/i><\/a><span style=\"font-weight: 400;\">, presenta la visione di uno dei pi\u00f9 grandi fotografi di architettura del XX secolo, che ha saputo cogliere il sapiente, rigoroso e magnifico gioco dei volumi sotto la luce. Al piano terra del padiglione, sono esposte le fotografie intime dedicate a Le Corbusier. Salendo al piano superiore, si possono ammirare icone architettoniche come la Torre Eiffel, fotografata da Herv\u00e9 all&#8217;inizio della sua carriera. <\/span><\/p>\t\t\t\t\t\t\t\t<\/div>\n\t\t\t\t<\/div>\n\t\t\t\t<div class=\"elementor-element elementor-element-0852b52 elementor-widget elementor-widget-image\" data-id=\"0852b52\" data-element_type=\"widget\" data-e-type=\"widget\" data-widget_type=\"image.default\">\n\t\t\t\t<div class=\"elementor-widget-container\">\n\t\t\t\t\t\t\t\t\t\t\t\t<figure class=\"wp-caption\">\n\t\t\t\t\t\t\t\t\t\t<img decoding=\"async\" width=\"800\" height=\"851\" src=\"https:\/\/www.atmosferamag.it\/wp-content\/uploads\/2024\/05\/04_Lucien-Herve_Gebautes-Licht-963x1024.jpg\" class=\"attachment-large size-large wp-image-33588\" alt=\"\" srcset=\"https:\/\/www.atmosferamag.it\/wp-content\/uploads\/2024\/05\/04_Lucien-Herve_Gebautes-Licht-963x1024.jpg 963w, https:\/\/www.atmosferamag.it\/wp-content\/uploads\/2024\/05\/04_Lucien-Herve_Gebautes-Licht-282x300.jpg 282w, https:\/\/www.atmosferamag.it\/wp-content\/uploads\/2024\/05\/04_Lucien-Herve_Gebautes-Licht-768x817.jpg 768w, https:\/\/www.atmosferamag.it\/wp-content\/uploads\/2024\/05\/04_Lucien-Herve_Gebautes-Licht-1444x1536.jpg 1444w, https:\/\/www.atmosferamag.it\/wp-content\/uploads\/2024\/05\/04_Lucien-Herve_Gebautes-Licht-1925x2048.jpg 1925w\" sizes=\"(max-width: 800px) 100vw, 800px\" \/>\t\t\t\t\t\t\t\t\t\t\t<figcaption class=\"widget-image-caption wp-caption-text\">3. Lucien Herv\u00e9: Gebautes Licht - Lucien Herv\u00e9, Le Corbusier\u2019s hands, Roquebrune-Cap-Martin, France, 1951, \u00a9 J. Paul Getty Trust, Los Angeles \/ Fondation Le Corbusier, Paris<\/figcaption>\n\t\t\t\t\t\t\t\t\t\t<\/figure>\n\t\t\t\t\t\t\t\t\t<\/div>\n\t\t\t\t<\/div>\n\t\t\t\t<div class=\"elementor-element elementor-element-ec2531b elementor-widget elementor-widget-text-editor\" data-id=\"ec2531b\" data-element_type=\"widget\" data-e-type=\"widget\" data-widget_type=\"text-editor.default\">\n\t\t\t\t<div class=\"elementor-widget-container\">\n\t\t\t\t\t\t\t\t\t<p><span style=\"font-weight: 400;\">Proseguendo, si scoprono fotografie di edifici di altri maestri moderni come Ludwig Mies van der Rohe, Jean Prouv\u00e9 e Oscar Niemeyer, che <\/span><b>mostrano l&#8217;evoluzione delle tendenze architettoniche e la capacit\u00e0 di Herv\u00e9 di adattarsi e catturare le diverse estetiche.<\/b><\/p>\t\t\t\t\t\t\t\t<\/div>\n\t\t\t\t<\/div>\n\t\t\t\t<div class=\"elementor-element elementor-element-4629c23 elementor-widget elementor-widget-image\" data-id=\"4629c23\" data-element_type=\"widget\" data-e-type=\"widget\" data-widget_type=\"image.default\">\n\t\t\t\t<div class=\"elementor-widget-container\">\n\t\t\t\t\t\t\t\t\t\t\t\t<figure class=\"wp-caption\">\n\t\t\t\t\t\t\t\t\t\t<img loading=\"lazy\" decoding=\"async\" width=\"754\" height=\"1024\" src=\"https:\/\/www.atmosferamag.it\/wp-content\/uploads\/2024\/05\/12_Lucien-Herve_Gebautes-Licht-754x1024.jpg\" class=\"attachment-large size-large wp-image-33590\" alt=\"\" srcset=\"https:\/\/www.atmosferamag.it\/wp-content\/uploads\/2024\/05\/12_Lucien-Herve_Gebautes-Licht-754x1024.jpg 754w, https:\/\/www.atmosferamag.it\/wp-content\/uploads\/2024\/05\/12_Lucien-Herve_Gebautes-Licht-221x300.jpg 221w, https:\/\/www.atmosferamag.it\/wp-content\/uploads\/2024\/05\/12_Lucien-Herve_Gebautes-Licht-768x1043.jpg 768w, https:\/\/www.atmosferamag.it\/wp-content\/uploads\/2024\/05\/12_Lucien-Herve_Gebautes-Licht-1131x1536.jpg 1131w, https:\/\/www.atmosferamag.it\/wp-content\/uploads\/2024\/05\/12_Lucien-Herve_Gebautes-Licht-1508x2048.jpg 1508w, https:\/\/www.atmosferamag.it\/wp-content\/uploads\/2024\/05\/12_Lucien-Herve_Gebautes-Licht-scaled.jpg 1885w\" sizes=\"(max-width: 754px) 100vw, 754px\" \/>\t\t\t\t\t\t\t\t\t\t\t<figcaption class=\"widget-image-caption wp-caption-text\">4. Lucien Herv\u00e9: Gebautes Licht - Lucien Herv\u00e9, Eiffel Tower, Paris, France, 1947, \u00a9 Lucien Herv\u00e9<\/figcaption>\n\t\t\t\t\t\t\t\t\t\t<\/figure>\n\t\t\t\t\t\t\t\t\t<\/div>\n\t\t\t\t<\/div>\n\t\t\t\t<div class=\"elementor-element elementor-element-b93be4f elementor-widget elementor-widget-text-editor\" data-id=\"b93be4f\" data-element_type=\"widget\" data-e-type=\"widget\" data-widget_type=\"text-editor.default\">\n\t\t\t\t<div class=\"elementor-widget-container\">\n\t\t\t\t\t\t\t\t\t<h2>Lucien Herv\u00e9 e Le Corbusier: un dialogo tra fotografia e spazio<\/h2><p><b>Le Corbusier rimase profondamente affascinato dal linguaggio visivo di Lucien Herv\u00e9, <\/b><span style=\"font-weight: 400;\">riconoscendovi non solo una semplice rappresentazione fotografica, ma piuttosto &#8220;l&#8217;anima dell&#8217;architetto&#8221; stessa. Il loro incontro nel 1949 diede inizio a una delle collaborazioni pi\u00f9 felici tra fotografia e architettura, un sodalizio durato per oltre 15 anni, che ha lasciato un&#8217;impronta indelebile in entrambe le discipline.<\/span><\/p>\t\t\t\t\t\t\t\t<\/div>\n\t\t\t\t<\/div>\n\t\t\t\t<div class=\"elementor-element elementor-element-5454f68 elementor-widget elementor-widget-image\" data-id=\"5454f68\" data-element_type=\"widget\" data-e-type=\"widget\" data-widget_type=\"image.default\">\n\t\t\t\t<div class=\"elementor-widget-container\">\n\t\t\t\t\t\t\t\t\t\t\t\t<figure class=\"wp-caption\">\n\t\t\t\t\t\t\t\t\t\t<img loading=\"lazy\" decoding=\"async\" width=\"800\" height=\"978\" src=\"https:\/\/www.atmosferamag.it\/wp-content\/uploads\/2024\/05\/02_Lucien-Herve_Gebautes-Licht-838x1024.jpg\" class=\"attachment-large size-large wp-image-33592\" alt=\"\" srcset=\"https:\/\/www.atmosferamag.it\/wp-content\/uploads\/2024\/05\/02_Lucien-Herve_Gebautes-Licht-838x1024.jpg 838w, https:\/\/www.atmosferamag.it\/wp-content\/uploads\/2024\/05\/02_Lucien-Herve_Gebautes-Licht-246x300.jpg 246w, https:\/\/www.atmosferamag.it\/wp-content\/uploads\/2024\/05\/02_Lucien-Herve_Gebautes-Licht-768x938.jpg 768w, https:\/\/www.atmosferamag.it\/wp-content\/uploads\/2024\/05\/02_Lucien-Herve_Gebautes-Licht-1257x1536.jpg 1257w, https:\/\/www.atmosferamag.it\/wp-content\/uploads\/2024\/05\/02_Lucien-Herve_Gebautes-Licht-1676x2048.jpg 1676w\" sizes=\"(max-width: 800px) 100vw, 800px\" \/>\t\t\t\t\t\t\t\t\t\t\t<figcaption class=\"widget-image-caption wp-caption-text\">5. Lucien Herv\u00e9: Gebautes Licht - Lucien Herv\u00e9, Piers, Unit\u00e9 d\u2019habitation, Rez\u00e9, France (architect: Le Corbusier), 1954, \u00a9 J. Paul Getty Trust, Los Angeles \/ Fondation Le Corbusier, Paris<\/figcaption>\n\t\t\t\t\t\t\t\t\t\t<\/figure>\n\t\t\t\t\t\t\t\t\t<\/div>\n\t\t\t\t<\/div>\n\t\t\t\t<div class=\"elementor-element elementor-element-035a005 elementor-widget elementor-widget-text-editor\" data-id=\"035a005\" data-element_type=\"widget\" data-e-type=\"widget\" data-widget_type=\"text-editor.default\">\n\t\t\t\t<div class=\"elementor-widget-container\">\n\t\t\t\t\t\t\t\t\t<p><span style=\"font-weight: 400;\">Le Corbusier ammirava la straordinaria <\/span><b>capacit\u00e0 di Herv\u00e9 di catturare non solo l&#8217;aspetto degli edifici, ma soprattutto la loro essenza, <\/b><span style=\"text-decoration: underline;\"><a href=\"https:\/\/www.atmosferamag.it\/it\/architettura-luce-sinergia-spaziale\/\"><b>la luce e lo spazio<\/b><\/a><\/span><b> che essi definivano<\/b><span style=\"font-weight: 400;\">. Le fotografie di Herv\u00e9 non erano semplici documentazioni, ma veri e propri<\/span><b> atti poetic<\/b><span style=\"font-weight: 400;\"><strong>i<\/strong>.\u00a0<\/span><\/p><p><span style=\"font-weight: 400;\">In questa mostra, le immagini di Herv\u00e9 ritraggono le opere di Le Corbusier e numerosi maestri dell&#8217;architettura, esposte accanto e in stretto dialogo con l\u2019edificio del Maestro.<\/span><\/p>\t\t\t\t\t\t\t\t<\/div>\n\t\t\t\t<\/div>\n\t\t\t\t<div class=\"elementor-element elementor-element-11bc8c4 elementor-widget elementor-widget-image\" data-id=\"11bc8c4\" data-element_type=\"widget\" data-e-type=\"widget\" data-widget_type=\"image.default\">\n\t\t\t\t<div class=\"elementor-widget-container\">\n\t\t\t\t\t\t\t\t\t\t\t\t<figure class=\"wp-caption\">\n\t\t\t\t\t\t\t\t\t\t<img loading=\"lazy\" decoding=\"async\" width=\"800\" height=\"831\" src=\"https:\/\/www.atmosferamag.it\/wp-content\/uploads\/2024\/05\/08_Lucien-Herve_Gebautes-Licht-986x1024.jpg\" class=\"attachment-large size-large wp-image-33594\" alt=\"\" srcset=\"https:\/\/www.atmosferamag.it\/wp-content\/uploads\/2024\/05\/08_Lucien-Herve_Gebautes-Licht-986x1024.jpg 986w, https:\/\/www.atmosferamag.it\/wp-content\/uploads\/2024\/05\/08_Lucien-Herve_Gebautes-Licht-289x300.jpg 289w, https:\/\/www.atmosferamag.it\/wp-content\/uploads\/2024\/05\/08_Lucien-Herve_Gebautes-Licht-768x798.jpg 768w, https:\/\/www.atmosferamag.it\/wp-content\/uploads\/2024\/05\/08_Lucien-Herve_Gebautes-Licht-1479x1536.jpg 1479w, https:\/\/www.atmosferamag.it\/wp-content\/uploads\/2024\/05\/08_Lucien-Herve_Gebautes-Licht-1972x2048.jpg 1972w\" sizes=\"(max-width: 800px) 100vw, 800px\" \/>\t\t\t\t\t\t\t\t\t\t\t<figcaption class=\"widget-image-caption wp-caption-text\">6. Lucien Herv\u00e9: Gebautes Licht - Lucien Herv\u00e9, Structural elements (construction: Jean Prouv\u00e9), 1963, \u00a9 Lucien Herv\u00e9, \u00a9 Adagp, Paris, 2024 <\/figcaption>\n\t\t\t\t\t\t\t\t\t\t<\/figure>\n\t\t\t\t\t\t\t\t\t<\/div>\n\t\t\t\t<\/div>\n\t\t\t\t<div class=\"elementor-element elementor-element-20466e9 elementor-widget elementor-widget-text-editor\" data-id=\"20466e9\" data-element_type=\"widget\" data-e-type=\"widget\" data-widget_type=\"text-editor.default\">\n\t\t\t\t<div class=\"elementor-widget-container\">\n\t\t\t\t\t\t\t\t\t<h2>La fotografia di Lucien Herv\u00e9 \u00e8 una danza visiva di luci e ombre<\/h2><p><span style=\"font-weight: 400;\">Con la loro straordinaria combinazione di ombre e luci, le fotografie di Herv\u00e9 riescono a conferire nuova vita agli edifici. Le sue <\/span><b>rappresentazioni minimaliste dei dettagli e dei materiali<\/b><span style=\"font-weight: 400;\"> si trasformano in potenti visioni visive dei fondamenti dell&#8217;architettura. \u00c8 proprio qui che emerge in tutta la sua unicit\u00e0 il raro talento di Herv\u00e9: nella sottile e vibrante tensione tra esattezza e ruvidezza, tra linee sinuose e forme squadrate.<\/span><\/p>\t\t\t\t\t\t\t\t<\/div>\n\t\t\t\t<\/div>\n\t\t\t\t<div class=\"elementor-element elementor-element-4d42795 elementor-widget elementor-widget-image\" data-id=\"4d42795\" data-element_type=\"widget\" data-e-type=\"widget\" data-widget_type=\"image.default\">\n\t\t\t\t<div class=\"elementor-widget-container\">\n\t\t\t\t\t\t\t\t\t\t\t\t<figure class=\"wp-caption\">\n\t\t\t\t\t\t\t\t\t\t<img loading=\"lazy\" decoding=\"async\" width=\"800\" height=\"872\" src=\"https:\/\/www.atmosferamag.it\/wp-content\/uploads\/2024\/05\/01_Lucien-Herve_Gebautes-Licht-939x1024.jpg\" class=\"attachment-large size-large wp-image-33596\" alt=\"\" srcset=\"https:\/\/www.atmosferamag.it\/wp-content\/uploads\/2024\/05\/01_Lucien-Herve_Gebautes-Licht-939x1024.jpg 939w, https:\/\/www.atmosferamag.it\/wp-content\/uploads\/2024\/05\/01_Lucien-Herve_Gebautes-Licht-275x300.jpg 275w, https:\/\/www.atmosferamag.it\/wp-content\/uploads\/2024\/05\/01_Lucien-Herve_Gebautes-Licht-768x837.jpg 768w, https:\/\/www.atmosferamag.it\/wp-content\/uploads\/2024\/05\/01_Lucien-Herve_Gebautes-Licht-1409x1536.jpg 1409w, https:\/\/www.atmosferamag.it\/wp-content\/uploads\/2024\/05\/01_Lucien-Herve_Gebautes-Licht-1878x2048.jpg 1878w\" sizes=\"(max-width: 800px) 100vw, 800px\" \/>\t\t\t\t\t\t\t\t\t\t\t<figcaption class=\"widget-image-caption wp-caption-text\">7. Lucien Herv\u00e9: Gebautes Licht -Lucien Herv\u00e9, University of St. Gallen, Switzerland (architect: Walter M. F\u00f6rderer), 1964, \u00a9 Lucien Herv\u00e9 <\/figcaption>\n\t\t\t\t\t\t\t\t\t\t<\/figure>\n\t\t\t\t\t\t\t\t\t<\/div>\n\t\t\t\t<\/div>\n\t\t\t\t<div class=\"elementor-element elementor-element-02e4bff elementor-widget elementor-widget-text-editor\" data-id=\"02e4bff\" data-element_type=\"widget\" data-e-type=\"widget\" data-widget_type=\"text-editor.default\">\n\t\t\t\t<div class=\"elementor-widget-container\">\n\t\t\t\t\t\t\t\t\t<p><span style=\"font-weight: 400;\">Attraverso la sua macchina fotografica, <\/span><b>una molteplicit\u00e0 di superfici si trasforma in composizioni astratte<\/b><span style=\"font-weight: 400;\">, dando vita a una danza visiva di luci e ombre, contrasti che catturano l&#8217;essenza stessa degli edifici.<\/span><\/p>\t\t\t\t\t\t\t\t<\/div>\n\t\t\t\t<\/div>\n\t\t\t\t\t<\/div>\n\t\t<\/div>\n\t\t\t\t\t<\/div>\n\t\t<\/section>\n\t\t\t\t<\/div>\n\t\t","protected":false},"excerpt":{"rendered":"<p>Attraverso i suoi scatti, Lucien Herv\u00e9 ha dato uno sguardo unico sull\u2019architettura, esaltando gioco dei volumi sotto la luce.<\/p>\n","protected":false},"author":18,"featured_media":33582,"comment_status":"closed","ping_status":"closed","sticky":false,"template":"","format":"standard","meta":{"footnotes":""},"categories":[43],"tags":[],"class_list":["post-33602","post","type-post","status-publish","format-standard","has-post-thumbnail","hentry","category-highlights"],"yoast_head":"<!-- This site is optimized with the Yoast SEO plugin v26.0 - https:\/\/yoast.com\/wordpress\/plugins\/seo\/ -->\n<title>Lucien Herv\u00e9 a Zurigo: Luce e Architettura | Atmosfera Mag<\/title>\n<meta name=\"description\" content=\"Scopri le opere di Lucien Herv\u00e9 al Pavilion Le Corbusier a Zurigo, un viaggio tra luce naturale e architettura fino all\u201911 Novembre 2024.\" \/>\n<meta name=\"robots\" content=\"index, follow, max-snippet:-1, max-image-preview:large, max-video-preview:-1\" \/>\n<link rel=\"canonical\" href=\"https:\/\/www.atmosferamag.it\/it\/lucien-herve-le-corbusier-zurigo-mostra\/\" \/>\n<meta property=\"og:locale\" content=\"it_IT\" \/>\n<meta property=\"og:type\" content=\"article\" \/>\n<meta property=\"og:title\" content=\"Lucien Herv\u00e9 a Zurigo: Luce e Architettura | Atmosfera Mag\" \/>\n<meta property=\"og:description\" content=\"Scopri le opere di Lucien Herv\u00e9 al Pavilion Le Corbusier a Zurigo, un viaggio tra luce naturale e architettura fino all\u201911 Novembre 2024.\" \/>\n<meta property=\"og:url\" content=\"https:\/\/www.atmosferamag.it\/it\/lucien-herve-le-corbusier-zurigo-mostra\/\" \/>\n<meta property=\"og:site_name\" content=\"Atmosfera Mag\" \/>\n<meta property=\"article:publisher\" content=\"https:\/\/www.facebook.com\/people\/Atmosfera-Mag\/100086538670476\/\" \/>\n<meta property=\"article:published_time\" content=\"2024-05-13T10:08:32+00:00\" \/>\n<meta property=\"article:modified_time\" content=\"2024-05-13T10:15:46+00:00\" \/>\n<meta property=\"og:image\" content=\"https:\/\/www.atmosferamag.it\/wp-content\/uploads\/2024\/05\/11_Lucien-Herve_Gebautes-Licht-scaled.jpg\" \/>\n\t<meta property=\"og:image:width\" content=\"2560\" \/>\n\t<meta property=\"og:image:height\" content=\"1545\" \/>\n\t<meta property=\"og:image:type\" content=\"image\/jpeg\" \/>\n<meta name=\"author\" content=\"Marco Belloni\" \/>\n<meta name=\"twitter:card\" content=\"summary_large_image\" \/>\n<meta name=\"twitter:label1\" content=\"Scritto da\" \/>\n\t<meta name=\"twitter:data1\" content=\"Marco Belloni\" \/>\n\t<meta name=\"twitter:label2\" content=\"Tempo di lettura stimato\" \/>\n\t<meta name=\"twitter:data2\" content=\"5 minuti\" \/>\n<script type=\"application\/ld+json\" class=\"yoast-schema-graph\">{\"@context\":\"https:\/\/schema.org\",\"@graph\":[{\"@type\":\"Article\",\"@id\":\"https:\/\/www.atmosferamag.it\/it\/lucien-herve-le-corbusier-zurigo-mostra\/#article\",\"isPartOf\":{\"@id\":\"https:\/\/www.atmosferamag.it\/it\/lucien-herve-le-corbusier-zurigo-mostra\/\"},\"author\":{\"name\":\"Marco Belloni\",\"@id\":\"https:\/\/www.atmosferamag.it\/it\/#\/schema\/person\/957f6a95d8f0d6ee0a99033d73856e57\"},\"headline\":\"Lucien Herv\u00e9, il fotografo della luce in mostra a Zurigo\",\"datePublished\":\"2024-05-13T10:08:32+00:00\",\"dateModified\":\"2024-05-13T10:15:46+00:00\",\"mainEntityOfPage\":{\"@id\":\"https:\/\/www.atmosferamag.it\/it\/lucien-herve-le-corbusier-zurigo-mostra\/\"},\"wordCount\":641,\"publisher\":{\"@id\":\"https:\/\/www.atmosferamag.it\/it\/#organization\"},\"image\":{\"@id\":\"https:\/\/www.atmosferamag.it\/it\/lucien-herve-le-corbusier-zurigo-mostra\/#primaryimage\"},\"thumbnailUrl\":\"https:\/\/www.atmosferamag.it\/wp-content\/uploads\/2024\/05\/11_Lucien-Herve_Gebautes-Licht-scaled.jpg\",\"articleSection\":[\"Highlights\"],\"inLanguage\":\"it-IT\"},{\"@type\":\"WebPage\",\"@id\":\"https:\/\/www.atmosferamag.it\/it\/lucien-herve-le-corbusier-zurigo-mostra\/\",\"url\":\"https:\/\/www.atmosferamag.it\/it\/lucien-herve-le-corbusier-zurigo-mostra\/\",\"name\":\"Lucien Herv\u00e9 a Zurigo: Luce e Architettura | Atmosfera Mag\",\"isPartOf\":{\"@id\":\"https:\/\/www.atmosferamag.it\/it\/#website\"},\"primaryImageOfPage\":{\"@id\":\"https:\/\/www.atmosferamag.it\/it\/lucien-herve-le-corbusier-zurigo-mostra\/#primaryimage\"},\"image\":{\"@id\":\"https:\/\/www.atmosferamag.it\/it\/lucien-herve-le-corbusier-zurigo-mostra\/#primaryimage\"},\"thumbnailUrl\":\"https:\/\/www.atmosferamag.it\/wp-content\/uploads\/2024\/05\/11_Lucien-Herve_Gebautes-Licht-scaled.jpg\",\"datePublished\":\"2024-05-13T10:08:32+00:00\",\"dateModified\":\"2024-05-13T10:15:46+00:00\",\"description\":\"Scopri le opere di Lucien Herv\u00e9 al Pavilion Le Corbusier a Zurigo, un viaggio tra luce naturale e architettura fino all\u201911 Novembre 2024.\",\"breadcrumb\":{\"@id\":\"https:\/\/www.atmosferamag.it\/it\/lucien-herve-le-corbusier-zurigo-mostra\/#breadcrumb\"},\"inLanguage\":\"it-IT\",\"potentialAction\":[{\"@type\":\"ReadAction\",\"target\":[\"https:\/\/www.atmosferamag.it\/it\/lucien-herve-le-corbusier-zurigo-mostra\/\"]}]},{\"@type\":\"ImageObject\",\"inLanguage\":\"it-IT\",\"@id\":\"https:\/\/www.atmosferamag.it\/it\/lucien-herve-le-corbusier-zurigo-mostra\/#primaryimage\",\"url\":\"https:\/\/www.atmosferamag.it\/wp-content\/uploads\/2024\/05\/11_Lucien-Herve_Gebautes-Licht-scaled.jpg\",\"contentUrl\":\"https:\/\/www.atmosferamag.it\/wp-content\/uploads\/2024\/05\/11_Lucien-Herve_Gebautes-Licht-scaled.jpg\",\"width\":2560,\"height\":1545},{\"@type\":\"BreadcrumbList\",\"@id\":\"https:\/\/www.atmosferamag.it\/it\/lucien-herve-le-corbusier-zurigo-mostra\/#breadcrumb\",\"itemListElement\":[{\"@type\":\"ListItem\",\"position\":1,\"name\":\"Home\",\"item\":\"https:\/\/www.atmosferamag.it\/it\/\"},{\"@type\":\"ListItem\",\"position\":2,\"name\":\"Lucien Herv\u00e9, il fotografo della luce in mostra a Zurigo\"}]},{\"@type\":\"WebSite\",\"@id\":\"https:\/\/www.atmosferamag.it\/it\/#website\",\"url\":\"https:\/\/www.atmosferamag.it\/it\/\",\"name\":\"Atmosfera Mag\",\"description\":\"La luce in tutte le sue forme\",\"publisher\":{\"@id\":\"https:\/\/www.atmosferamag.it\/it\/#organization\"},\"potentialAction\":[{\"@type\":\"SearchAction\",\"target\":{\"@type\":\"EntryPoint\",\"urlTemplate\":\"https:\/\/www.atmosferamag.it\/it\/?s={search_term_string}\"},\"query-input\":{\"@type\":\"PropertyValueSpecification\",\"valueRequired\":true,\"valueName\":\"search_term_string\"}}],\"inLanguage\":\"it-IT\"},{\"@type\":\"Organization\",\"@id\":\"https:\/\/www.atmosferamag.it\/it\/#organization\",\"name\":\"Atmosfera Mag\",\"url\":\"https:\/\/www.atmosferamag.it\/it\/\",\"logo\":{\"@type\":\"ImageObject\",\"inLanguage\":\"it-IT\",\"@id\":\"https:\/\/www.atmosferamag.it\/it\/#\/schema\/logo\/image\/\",\"url\":\"https:\/\/www.atmosferamag.it\/wp-content\/uploads\/2022\/09\/titolo.png\",\"contentUrl\":\"https:\/\/www.atmosferamag.it\/wp-content\/uploads\/2022\/09\/titolo.png\",\"width\":2728,\"height\":406,\"caption\":\"Atmosfera Mag\"},\"image\":{\"@id\":\"https:\/\/www.atmosferamag.it\/it\/#\/schema\/logo\/image\/\"},\"sameAs\":[\"https:\/\/www.facebook.com\/people\/Atmosfera-Mag\/100086538670476\/\",\"https:\/\/www.instagram.com\/atmosferamag\/\",\"https:\/\/www.pinterest.it\/atmosfera_mag\/\"]},{\"@type\":\"Person\",\"@id\":\"https:\/\/www.atmosferamag.it\/it\/#\/schema\/person\/957f6a95d8f0d6ee0a99033d73856e57\",\"name\":\"Marco Belloni\",\"image\":{\"@type\":\"ImageObject\",\"inLanguage\":\"it-IT\",\"@id\":\"https:\/\/www.atmosferamag.it\/it\/#\/schema\/person\/image\/\",\"url\":\"https:\/\/secure.gravatar.com\/avatar\/cf92bfb128be74a607e8fc4f0c923967fa2071260541c0317e819328800309fe?s=96&d=mm&r=g\",\"contentUrl\":\"https:\/\/secure.gravatar.com\/avatar\/cf92bfb128be74a607e8fc4f0c923967fa2071260541c0317e819328800309fe?s=96&d=mm&r=g\",\"caption\":\"Marco Belloni\"},\"url\":\"https:\/\/www.atmosferamag.it\/it\/author\/marco-belloni\/\"}]}<\/script>\n<!-- \/ Yoast SEO plugin. -->","yoast_head_json":{"title":"Lucien Herv\u00e9 a Zurigo: Luce e Architettura | Atmosfera Mag","description":"Scopri le opere di Lucien Herv\u00e9 al Pavilion Le Corbusier a Zurigo, un viaggio tra luce naturale e architettura fino all\u201911 Novembre 2024.","robots":{"index":"index","follow":"follow","max-snippet":"max-snippet:-1","max-image-preview":"max-image-preview:large","max-video-preview":"max-video-preview:-1"},"canonical":"https:\/\/www.atmosferamag.it\/it\/lucien-herve-le-corbusier-zurigo-mostra\/","og_locale":"it_IT","og_type":"article","og_title":"Lucien Herv\u00e9 a Zurigo: Luce e Architettura | Atmosfera Mag","og_description":"Scopri le opere di Lucien Herv\u00e9 al Pavilion Le Corbusier a Zurigo, un viaggio tra luce naturale e architettura fino all\u201911 Novembre 2024.","og_url":"https:\/\/www.atmosferamag.it\/it\/lucien-herve-le-corbusier-zurigo-mostra\/","og_site_name":"Atmosfera Mag","article_publisher":"https:\/\/www.facebook.com\/people\/Atmosfera-Mag\/100086538670476\/","article_published_time":"2024-05-13T10:08:32+00:00","article_modified_time":"2024-05-13T10:15:46+00:00","og_image":[{"width":2560,"height":1545,"url":"https:\/\/www.atmosferamag.it\/wp-content\/uploads\/2024\/05\/11_Lucien-Herve_Gebautes-Licht-scaled.jpg","type":"image\/jpeg"}],"author":"Marco Belloni","twitter_card":"summary_large_image","twitter_misc":{"Scritto da":"Marco Belloni","Tempo di lettura stimato":"5 minuti"},"schema":{"@context":"https:\/\/schema.org","@graph":[{"@type":"Article","@id":"https:\/\/www.atmosferamag.it\/it\/lucien-herve-le-corbusier-zurigo-mostra\/#article","isPartOf":{"@id":"https:\/\/www.atmosferamag.it\/it\/lucien-herve-le-corbusier-zurigo-mostra\/"},"author":{"name":"Marco Belloni","@id":"https:\/\/www.atmosferamag.it\/it\/#\/schema\/person\/957f6a95d8f0d6ee0a99033d73856e57"},"headline":"Lucien Herv\u00e9, il fotografo della luce in mostra a Zurigo","datePublished":"2024-05-13T10:08:32+00:00","dateModified":"2024-05-13T10:15:46+00:00","mainEntityOfPage":{"@id":"https:\/\/www.atmosferamag.it\/it\/lucien-herve-le-corbusier-zurigo-mostra\/"},"wordCount":641,"publisher":{"@id":"https:\/\/www.atmosferamag.it\/it\/#organization"},"image":{"@id":"https:\/\/www.atmosferamag.it\/it\/lucien-herve-le-corbusier-zurigo-mostra\/#primaryimage"},"thumbnailUrl":"https:\/\/www.atmosferamag.it\/wp-content\/uploads\/2024\/05\/11_Lucien-Herve_Gebautes-Licht-scaled.jpg","articleSection":["Highlights"],"inLanguage":"it-IT"},{"@type":"WebPage","@id":"https:\/\/www.atmosferamag.it\/it\/lucien-herve-le-corbusier-zurigo-mostra\/","url":"https:\/\/www.atmosferamag.it\/it\/lucien-herve-le-corbusier-zurigo-mostra\/","name":"Lucien Herv\u00e9 a Zurigo: Luce e Architettura | Atmosfera Mag","isPartOf":{"@id":"https:\/\/www.atmosferamag.it\/it\/#website"},"primaryImageOfPage":{"@id":"https:\/\/www.atmosferamag.it\/it\/lucien-herve-le-corbusier-zurigo-mostra\/#primaryimage"},"image":{"@id":"https:\/\/www.atmosferamag.it\/it\/lucien-herve-le-corbusier-zurigo-mostra\/#primaryimage"},"thumbnailUrl":"https:\/\/www.atmosferamag.it\/wp-content\/uploads\/2024\/05\/11_Lucien-Herve_Gebautes-Licht-scaled.jpg","datePublished":"2024-05-13T10:08:32+00:00","dateModified":"2024-05-13T10:15:46+00:00","description":"Scopri le opere di Lucien Herv\u00e9 al Pavilion Le Corbusier a Zurigo, un viaggio tra luce naturale e architettura fino all\u201911 Novembre 2024.","breadcrumb":{"@id":"https:\/\/www.atmosferamag.it\/it\/lucien-herve-le-corbusier-zurigo-mostra\/#breadcrumb"},"inLanguage":"it-IT","potentialAction":[{"@type":"ReadAction","target":["https:\/\/www.atmosferamag.it\/it\/lucien-herve-le-corbusier-zurigo-mostra\/"]}]},{"@type":"ImageObject","inLanguage":"it-IT","@id":"https:\/\/www.atmosferamag.it\/it\/lucien-herve-le-corbusier-zurigo-mostra\/#primaryimage","url":"https:\/\/www.atmosferamag.it\/wp-content\/uploads\/2024\/05\/11_Lucien-Herve_Gebautes-Licht-scaled.jpg","contentUrl":"https:\/\/www.atmosferamag.it\/wp-content\/uploads\/2024\/05\/11_Lucien-Herve_Gebautes-Licht-scaled.jpg","width":2560,"height":1545},{"@type":"BreadcrumbList","@id":"https:\/\/www.atmosferamag.it\/it\/lucien-herve-le-corbusier-zurigo-mostra\/#breadcrumb","itemListElement":[{"@type":"ListItem","position":1,"name":"Home","item":"https:\/\/www.atmosferamag.it\/it\/"},{"@type":"ListItem","position":2,"name":"Lucien Herv\u00e9, il fotografo della luce in mostra a Zurigo"}]},{"@type":"WebSite","@id":"https:\/\/www.atmosferamag.it\/it\/#website","url":"https:\/\/www.atmosferamag.it\/it\/","name":"Atmosfera Mag","description":"La luce in tutte le sue forme","publisher":{"@id":"https:\/\/www.atmosferamag.it\/it\/#organization"},"potentialAction":[{"@type":"SearchAction","target":{"@type":"EntryPoint","urlTemplate":"https:\/\/www.atmosferamag.it\/it\/?s={search_term_string}"},"query-input":{"@type":"PropertyValueSpecification","valueRequired":true,"valueName":"search_term_string"}}],"inLanguage":"it-IT"},{"@type":"Organization","@id":"https:\/\/www.atmosferamag.it\/it\/#organization","name":"Atmosfera Mag","url":"https:\/\/www.atmosferamag.it\/it\/","logo":{"@type":"ImageObject","inLanguage":"it-IT","@id":"https:\/\/www.atmosferamag.it\/it\/#\/schema\/logo\/image\/","url":"https:\/\/www.atmosferamag.it\/wp-content\/uploads\/2022\/09\/titolo.png","contentUrl":"https:\/\/www.atmosferamag.it\/wp-content\/uploads\/2022\/09\/titolo.png","width":2728,"height":406,"caption":"Atmosfera Mag"},"image":{"@id":"https:\/\/www.atmosferamag.it\/it\/#\/schema\/logo\/image\/"},"sameAs":["https:\/\/www.facebook.com\/people\/Atmosfera-Mag\/100086538670476\/","https:\/\/www.instagram.com\/atmosferamag\/","https:\/\/www.pinterest.it\/atmosfera_mag\/"]},{"@type":"Person","@id":"https:\/\/www.atmosferamag.it\/it\/#\/schema\/person\/957f6a95d8f0d6ee0a99033d73856e57","name":"Marco Belloni","image":{"@type":"ImageObject","inLanguage":"it-IT","@id":"https:\/\/www.atmosferamag.it\/it\/#\/schema\/person\/image\/","url":"https:\/\/secure.gravatar.com\/avatar\/cf92bfb128be74a607e8fc4f0c923967fa2071260541c0317e819328800309fe?s=96&d=mm&r=g","contentUrl":"https:\/\/secure.gravatar.com\/avatar\/cf92bfb128be74a607e8fc4f0c923967fa2071260541c0317e819328800309fe?s=96&d=mm&r=g","caption":"Marco Belloni"},"url":"https:\/\/www.atmosferamag.it\/it\/author\/marco-belloni\/"}]}},"_links":{"self":[{"href":"https:\/\/www.atmosferamag.it\/it\/wp-json\/wp\/v2\/posts\/33602","targetHints":{"allow":["GET"]}}],"collection":[{"href":"https:\/\/www.atmosferamag.it\/it\/wp-json\/wp\/v2\/posts"}],"about":[{"href":"https:\/\/www.atmosferamag.it\/it\/wp-json\/wp\/v2\/types\/post"}],"author":[{"embeddable":true,"href":"https:\/\/www.atmosferamag.it\/it\/wp-json\/wp\/v2\/users\/18"}],"replies":[{"embeddable":true,"href":"https:\/\/www.atmosferamag.it\/it\/wp-json\/wp\/v2\/comments?post=33602"}],"version-history":[{"count":4,"href":"https:\/\/www.atmosferamag.it\/it\/wp-json\/wp\/v2\/posts\/33602\/revisions"}],"predecessor-version":[{"id":33606,"href":"https:\/\/www.atmosferamag.it\/it\/wp-json\/wp\/v2\/posts\/33602\/revisions\/33606"}],"wp:featuredmedia":[{"embeddable":true,"href":"https:\/\/www.atmosferamag.it\/it\/wp-json\/wp\/v2\/media\/33582"}],"wp:attachment":[{"href":"https:\/\/www.atmosferamag.it\/it\/wp-json\/wp\/v2\/media?parent=33602"}],"wp:term":[{"taxonomy":"category","embeddable":true,"href":"https:\/\/www.atmosferamag.it\/it\/wp-json\/wp\/v2\/categories?post=33602"},{"taxonomy":"post_tag","embeddable":true,"href":"https:\/\/www.atmosferamag.it\/it\/wp-json\/wp\/v2\/tags?post=33602"}],"curies":[{"name":"wp","href":"https:\/\/api.w.org\/{rel}","templated":true}]}}