{"id":33177,"date":"2024-04-10T21:00:53","date_gmt":"2024-04-10T19:00:53","guid":{"rendered":"https:\/\/www.atmosferamag.it\/?p=33177"},"modified":"2024-04-10T21:02:38","modified_gmt":"2024-04-10T19:02:38","slug":"ann-veronica-janssens-luce-arte","status":"publish","type":"post","link":"https:\/\/www.atmosferamag.it\/it\/ann-veronica-janssens-luce-arte\/","title":{"rendered":"L\u2019immaterialit\u00e0 della luce nel lavoro Ann Veronica Janssens"},"content":{"rendered":"\t\t<div data-elementor-type=\"wp-post\" data-elementor-id=\"33177\" class=\"elementor elementor-33177 elementor-33202\" data-elementor-post-type=\"post\">\n\t\t\t\t\t\t<section class=\"elementor-section elementor-top-section elementor-element elementor-element-b08cc3b elementor-section-boxed elementor-section-height-default elementor-section-height-default\" data-id=\"b08cc3b\" data-element_type=\"section\" data-e-type=\"section\">\n\t\t\t\t\t\t<div class=\"elementor-container elementor-column-gap-default\">\n\t\t\t\t\t<div class=\"elementor-column elementor-col-100 elementor-top-column elementor-element elementor-element-99837cd\" data-id=\"99837cd\" data-element_type=\"column\" data-e-type=\"column\">\n\t\t\t<div class=\"elementor-widget-wrap elementor-element-populated\">\n\t\t\t\t\t\t<div class=\"elementor-element elementor-element-f35d375 elementor-widget elementor-widget-text-editor\" data-id=\"f35d375\" data-element_type=\"widget\" data-e-type=\"widget\" data-widget_type=\"text-editor.default\">\n\t\t\t\t<div class=\"elementor-widget-container\">\n\t\t\t\t\t\t\t\t\t<p><span style=\"font-weight: 400;\">La luce, insieme ai suoi riverberi, i suoi cromatismi e la sua temperatura sono la materia prima di cui sono fatte le opere di<\/span> <a href=\"https:\/\/pirellihangarbicocca.org\/mostra\/ann-veronica-janssens\/\"><b><span style=\"text-decoration: underline;\">Ann Veronica Janssen<\/span>s<\/b><\/a><span style=\"font-weight: 400;\">; un <\/span><b>universo incorporeo, impalpabile, volatile e fugace. In una parola, antimonumentale<\/b><span style=\"font-weight: 400;\">: \u00abIo lavoro molto per sottrazione, uso materiali che a volte sono liquidi, a volte solidi, a volte gassosi, cerco sempre di arrivare alla dimensione minima delle cose, la mia pratica \u00e8 una sorta di grande ballo, che immagino sempre in movimento, come la luce\u00bb.<\/span><\/p>\t\t\t\t\t\t\t\t<\/div>\n\t\t\t\t<\/div>\n\t\t\t\t<div class=\"elementor-element elementor-element-3ecd5dd elementor-widget elementor-widget-image\" data-id=\"3ecd5dd\" data-element_type=\"widget\" data-e-type=\"widget\" data-widget_type=\"image.default\">\n\t\t\t\t<div class=\"elementor-widget-container\">\n\t\t\t\t\t\t\t\t\t\t\t\t<figure class=\"wp-caption\">\n\t\t\t\t\t\t\t\t\t\t<img fetchpriority=\"high\" decoding=\"async\" width=\"800\" height=\"534\" src=\"https:\/\/www.atmosferamag.it\/wp-content\/uploads\/2024\/04\/AVJ-_09-1024x683.jpg\" class=\"attachment-large size-large wp-image-33186\" alt=\"\" srcset=\"https:\/\/www.atmosferamag.it\/wp-content\/uploads\/2024\/04\/AVJ-_09-1024x683.jpg 1024w, https:\/\/www.atmosferamag.it\/wp-content\/uploads\/2024\/04\/AVJ-_09-300x200.jpg 300w, https:\/\/www.atmosferamag.it\/wp-content\/uploads\/2024\/04\/AVJ-_09-768x513.jpg 768w, https:\/\/www.atmosferamag.it\/wp-content\/uploads\/2024\/04\/AVJ-_09-1536x1025.jpg 1536w, https:\/\/www.atmosferamag.it\/wp-content\/uploads\/2024\/04\/AVJ-_09-2048x1367.jpg 2048w\" sizes=\"(max-width: 800px) 100vw, 800px\" \/>\t\t\t\t\t\t\t\t\t\t\t<figcaption class=\"widget-image-caption wp-caption-text\">1. Ann Veronica Janssens, Untitled (Prism), 2013 - Courtesy the artist and Institut d\u2019Art Contemporain, Villeurbanne\/Rh\u00f4ne-Alpes\u2028\u00a9 2023 Ann Veronica Janssens \/ SIAE - Photo \u00a9 Blaise Adilon <\/figcaption>\n\t\t\t\t\t\t\t\t\t\t<\/figure>\n\t\t\t\t\t\t\t\t\t<\/div>\n\t\t\t\t<\/div>\n\t\t\t\t<section class=\"elementor-section elementor-inner-section elementor-element elementor-element-401ff70 elementor-section-boxed elementor-section-height-default elementor-section-height-default\" data-id=\"401ff70\" data-element_type=\"section\" data-e-type=\"section\">\n\t\t\t\t\t\t<div class=\"elementor-container elementor-column-gap-no\">\n\t\t\t\t\t<div class=\"elementor-column elementor-col-50 elementor-inner-column elementor-element elementor-element-6772889\" data-id=\"6772889\" data-element_type=\"column\" data-e-type=\"column\">\n\t\t\t<div class=\"elementor-widget-wrap elementor-element-populated\">\n\t\t\t\t\t\t<div class=\"elementor-element elementor-element-fe3d0fb elementor-widget elementor-widget-text-editor\" data-id=\"fe3d0fb\" data-element_type=\"widget\" data-e-type=\"widget\" data-widget_type=\"text-editor.default\">\n\t\t\t\t<div class=\"elementor-widget-container\">\n\t\t\t\t\t\t\t\t\t<h2><span style=\"font-weight: 400;\">Ann Veronica Janssens: breve biografia<\/span><\/h2><p><span style=\"font-weight: 400;\">Nata a Folkestone, nel Regno Unito, nel 1956, Ann Veronica Janssens ha trascorso gran parte della sua adolescenza a Bruxelles. Cresciuta tra la citt\u00e0 Belga e Kinshasa, attuale capitale della Repubblica Democratica del Congo, ha sviluppato un <\/span><b>profondo legame con l&#8217;arte e i fenomeni naturali che hanno fortemente influenzato la sua pratica artistica<\/b><span style=\"font-weight: 400;\">. Dopo gli studi all&#8217;\u00c9cole nationale sup\u00e9rieure des arts visuels de La Cambre, Janssens ha avviato la sua carriera nel mondo dell&#8217;arte presso lo studio dell&#8217;artista polacca conosciuta come Tapta, dove ha lavorato come assistente, affinando le sue capacit\u00e0 nella comprensione degli spazi architettonici.<\/span><\/p>\t\t\t\t\t\t\t\t<\/div>\n\t\t\t\t<\/div>\n\t\t\t\t\t<\/div>\n\t\t<\/div>\n\t\t\t\t<div class=\"elementor-column elementor-col-50 elementor-inner-column elementor-element elementor-element-2a2c196\" data-id=\"2a2c196\" data-element_type=\"column\" data-e-type=\"column\">\n\t\t\t<div class=\"elementor-widget-wrap elementor-element-populated\">\n\t\t\t\t\t\t<div class=\"elementor-element elementor-element-4becbb3 elementor-widget elementor-widget-image\" data-id=\"4becbb3\" data-element_type=\"widget\" data-e-type=\"widget\" data-widget_type=\"image.default\">\n\t\t\t\t<div class=\"elementor-widget-container\">\n\t\t\t\t\t\t\t\t\t\t\t\t<figure class=\"wp-caption\">\n\t\t\t\t\t\t\t\t\t\t<img decoding=\"async\" width=\"768\" height=\"1024\" src=\"https:\/\/www.atmosferamag.it\/wp-content\/uploads\/2024\/04\/AVJ-_22-768x1024.jpg\" class=\"attachment-large size-large wp-image-33179\" alt=\"\" srcset=\"https:\/\/www.atmosferamag.it\/wp-content\/uploads\/2024\/04\/AVJ-_22-768x1024.jpg 768w, https:\/\/www.atmosferamag.it\/wp-content\/uploads\/2024\/04\/AVJ-_22-225x300.jpg 225w, https:\/\/www.atmosferamag.it\/wp-content\/uploads\/2024\/04\/AVJ-_22.jpg 960w\" sizes=\"(max-width: 768px) 100vw, 768px\" \/>\t\t\t\t\t\t\t\t\t\t\t<figcaption class=\"widget-image-caption wp-caption-text\">2. Ann Veronica Janssens, Portrait - Courtesy Galleria Alfonso Artiaco \u00a9 2023 Ann Veronica Janssens \/ SIAE Photo Grafiluce <\/figcaption>\n\t\t\t\t\t\t\t\t\t\t<\/figure>\n\t\t\t\t\t\t\t\t\t<\/div>\n\t\t\t\t<\/div>\n\t\t\t\t\t<\/div>\n\t\t<\/div>\n\t\t\t\t\t<\/div>\n\t\t<\/section>\n\t\t\t\t<div class=\"elementor-element elementor-element-d89d20f elementor-widget elementor-widget-text-editor\" data-id=\"d89d20f\" data-element_type=\"widget\" data-e-type=\"widget\" data-widget_type=\"text-editor.default\">\n\t\t\t\t<div class=\"elementor-widget-container\">\n\t\t\t\t\t\t\t\t\t<p><b>Per oltre quarant&#8217;anni, Ann Veronica Janssens ha dedicato la sua ricerca artistica all&#8217;esplorazione dei fenomeni fisici intangibili, quali la luce, il colore, il suono e l&#8217;aria<\/b><span style=\"font-weight: 400;\">, al fine di comprendere i meccanismi della percezione umana. Le sue opere creano un vasto spettro di sensazioni ed emozioni, spaziando dalla gioia alla vertigine, dall&#8217;incertezza alla luminosit\u00e0 accecante, sino a stati ipnotici che immergono il visitatore in ambienti sensoriali unici.<\/span><\/p>\t\t\t\t\t\t\t\t<\/div>\n\t\t\t\t<\/div>\n\t\t\t\t<div class=\"elementor-element elementor-element-aebe462 elementor-widget elementor-widget-image\" data-id=\"aebe462\" data-element_type=\"widget\" data-e-type=\"widget\" data-widget_type=\"image.default\">\n\t\t\t\t<div class=\"elementor-widget-container\">\n\t\t\t\t\t\t\t\t\t\t\t\t<figure class=\"wp-caption\">\n\t\t\t\t\t\t\t\t\t\t<img decoding=\"async\" width=\"800\" height=\"477\" src=\"https:\/\/www.atmosferamag.it\/wp-content\/uploads\/2024\/04\/AVJ-_08-1024x611.jpg\" class=\"attachment-large size-large wp-image-33181\" alt=\"\" srcset=\"https:\/\/www.atmosferamag.it\/wp-content\/uploads\/2024\/04\/AVJ-_08-1024x611.jpg 1024w, https:\/\/www.atmosferamag.it\/wp-content\/uploads\/2024\/04\/AVJ-_08-300x179.jpg 300w, https:\/\/www.atmosferamag.it\/wp-content\/uploads\/2024\/04\/AVJ-_08-768x458.jpg 768w, https:\/\/www.atmosferamag.it\/wp-content\/uploads\/2024\/04\/AVJ-_08-1536x916.jpg 1536w, https:\/\/www.atmosferamag.it\/wp-content\/uploads\/2024\/04\/AVJ-_08-2048x1222.jpg 2048w\" sizes=\"(max-width: 800px) 100vw, 800px\" \/>\t\t\t\t\t\t\t\t\t\t\t<figcaption class=\"widget-image-caption wp-caption-text\">3. Ann Veronica Janssens, Blue, Red and Yellow, 2001 \u2013 Open date. Installation view, Louisiana Museum of Modern Art, Humleb\u00e6k, 2020 - Courtesy the artist and Louisiana Museum of Modern Art \u00a9 2023 Ann Veronica Janssens \/ SIAE\u2028- Photo \u00a9 Kim Hansen <\/figcaption>\n\t\t\t\t\t\t\t\t\t\t<\/figure>\n\t\t\t\t\t\t\t\t\t<\/div>\n\t\t\t\t<\/div>\n\t\t\t\t<section class=\"elementor-section elementor-inner-section elementor-element elementor-element-5e64be8 elementor-section-boxed elementor-section-height-default elementor-section-height-default\" data-id=\"5e64be8\" data-element_type=\"section\" data-e-type=\"section\">\n\t\t\t\t\t\t<div class=\"elementor-container elementor-column-gap-no\">\n\t\t\t\t\t<div class=\"elementor-column elementor-col-50 elementor-inner-column elementor-element elementor-element-8ee27a8\" data-id=\"8ee27a8\" data-element_type=\"column\" data-e-type=\"column\">\n\t\t\t<div class=\"elementor-widget-wrap elementor-element-populated\">\n\t\t\t\t\t\t<div class=\"elementor-element elementor-element-a77ed2e elementor-widget elementor-widget-text-editor\" data-id=\"a77ed2e\" data-element_type=\"widget\" data-e-type=\"widget\" data-widget_type=\"text-editor.default\">\n\t\t\t\t<div class=\"elementor-widget-container\">\n\t\t\t\t\t\t\t\t\t<h2>La luce &#8220;materiale&#8221; nel lavoro di Ann Veronica Janssens<\/h2><p><span style=\"font-weight: 400;\">Tra <\/span><a href=\"https:\/\/www.atmosferamag.it\/it\/luce-arte-contemporanea-esempi\/\"><span style=\"font-weight: 400;\">tutti i medium artistic<\/span><\/a><span style=\"font-weight: 400;\">i, <\/span><b>Janssens predilige la luce, utilizzandola in maniera scultorea nelle sue molteplici manifestazioni: liquida, solida, gassosa<\/b><span style=\"font-weight: 400;\">. Modellando l&#8217;elemento luminoso attraverso cumuli di nebbia artificiale, riflessi cromatici o superfici di glitter, l&#8217;artista d\u00e0 vita a <\/span><b>opere che esplorano il sottile confine tra presenza e assenza<\/b><span style=\"font-weight: 400;\">, invitando lo spettatore a confrontarsi con la natura ineffabile della luce, sfidando cos\u00ec la staticit\u00e0 della scultura e dell&#8217;installazione, coinvolgendo attivamente l&#8217;osservatore attraverso l&#8217;uso sapiente della luce e il suo impatto sull&#8217;ambiente circostante.\u00a0<\/span><\/p>\t\t\t\t\t\t\t\t<\/div>\n\t\t\t\t<\/div>\n\t\t\t\t\t<\/div>\n\t\t<\/div>\n\t\t\t\t<div class=\"elementor-column elementor-col-50 elementor-inner-column elementor-element elementor-element-571564f\" data-id=\"571564f\" data-element_type=\"column\" data-e-type=\"column\">\n\t\t\t<div class=\"elementor-widget-wrap elementor-element-populated\">\n\t\t\t\t\t\t<div class=\"elementor-element elementor-element-824948e elementor-widget elementor-widget-image\" data-id=\"824948e\" data-element_type=\"widget\" data-e-type=\"widget\" data-widget_type=\"image.default\">\n\t\t\t\t<div class=\"elementor-widget-container\">\n\t\t\t\t\t\t\t\t\t\t\t\t<figure class=\"wp-caption\">\n\t\t\t\t\t\t\t\t\t\t<img loading=\"lazy\" decoding=\"async\" width=\"683\" height=\"1024\" src=\"https:\/\/www.atmosferamag.it\/wp-content\/uploads\/2024\/04\/AVJ-_06-683x1024.jpg\" class=\"attachment-large size-large wp-image-33188\" alt=\"\" srcset=\"https:\/\/www.atmosferamag.it\/wp-content\/uploads\/2024\/04\/AVJ-_06-683x1024.jpg 683w, https:\/\/www.atmosferamag.it\/wp-content\/uploads\/2024\/04\/AVJ-_06-200x300.jpg 200w, https:\/\/www.atmosferamag.it\/wp-content\/uploads\/2024\/04\/AVJ-_06-768x1152.jpg 768w, https:\/\/www.atmosferamag.it\/wp-content\/uploads\/2024\/04\/AVJ-_06-1024x1536.jpg 1024w, https:\/\/www.atmosferamag.it\/wp-content\/uploads\/2024\/04\/AVJ-_06-1366x2048.jpg 1366w, https:\/\/www.atmosferamag.it\/wp-content\/uploads\/2024\/04\/AVJ-_06-scaled.jpg 1707w\" sizes=\"(max-width: 683px) 100vw, 683px\" \/>\t\t\t\t\t\t\t\t\t\t\t<figcaption class=\"widget-image-caption wp-caption-text\">4. Ann Veronica Janssens for PHB, 2004-23 - Installation view at Pirelli HangarBicocca, Milan, 2023 \u00a9 2023 Ann Veronica Janssens \/ SIAE - Photo Andrea Rossetti<\/figcaption>\n\t\t\t\t\t\t\t\t\t\t<\/figure>\n\t\t\t\t\t\t\t\t\t<\/div>\n\t\t\t\t<\/div>\n\t\t\t\t\t<\/div>\n\t\t<\/div>\n\t\t\t\t\t<\/div>\n\t\t<\/section>\n\t\t\t\t<div class=\"elementor-element elementor-element-756efdd elementor-widget elementor-widget-text-editor\" data-id=\"756efdd\" data-element_type=\"widget\" data-e-type=\"widget\" data-widget_type=\"text-editor.default\">\n\t\t\t\t<div class=\"elementor-widget-container\">\n\t\t\t\t\t\t\t\t\t<p><span style=\"font-weight: 400;\">Grazie alle collaborazioni scientifiche e tecnologiche, i lavori di Janssens esaltano i confini tra elementi contrastanti, come luce e oscurit\u00e0, suono e silenzio, tangibile e incorporeo, le sue creazioni stimolano una percezione alternativa della realt\u00e0, evidenziando spesso aspetti socio politici e culturali.<\/span><\/p>\t\t\t\t\t\t\t\t<\/div>\n\t\t\t\t<\/div>\n\t\t\t\t<div class=\"elementor-element elementor-element-d43190d elementor-widget elementor-widget-image\" data-id=\"d43190d\" data-element_type=\"widget\" data-e-type=\"widget\" data-widget_type=\"image.default\">\n\t\t\t\t<div class=\"elementor-widget-container\">\n\t\t\t\t\t\t\t\t\t\t\t\t<figure class=\"wp-caption\">\n\t\t\t\t\t\t\t\t\t\t<img loading=\"lazy\" decoding=\"async\" width=\"800\" height=\"509\" src=\"https:\/\/www.atmosferamag.it\/wp-content\/uploads\/2024\/04\/AVJ-_16-1024x651.jpeg\" class=\"attachment-large size-large wp-image-33192\" alt=\"\" srcset=\"https:\/\/www.atmosferamag.it\/wp-content\/uploads\/2024\/04\/AVJ-_16-1024x651.jpeg 1024w, https:\/\/www.atmosferamag.it\/wp-content\/uploads\/2024\/04\/AVJ-_16-300x191.jpeg 300w, https:\/\/www.atmosferamag.it\/wp-content\/uploads\/2024\/04\/AVJ-_16-768x488.jpeg 768w, https:\/\/www.atmosferamag.it\/wp-content\/uploads\/2024\/04\/AVJ-_16-1536x977.jpeg 1536w, https:\/\/www.atmosferamag.it\/wp-content\/uploads\/2024\/04\/AVJ-_16-2048x1302.jpeg 2048w\" sizes=\"(max-width: 800px) 100vw, 800px\" \/>\t\t\t\t\t\t\t\t\t\t\t<figcaption class=\"widget-image-caption wp-caption-text\">5. Ann Veronica Janssens, La pluie m\u00e9t\u00e9orique, 1997 (detail) - Collection M HKA \/ Museum of Contemporary Art Antwerp Courtesy the artist \u00a9 2023 Ann Veronica Janssens \/ SIAE <\/figcaption>\n\t\t\t\t\t\t\t\t\t\t<\/figure>\n\t\t\t\t\t\t\t\t\t<\/div>\n\t\t\t\t<\/div>\n\t\t\t\t<div class=\"elementor-element elementor-element-95d6274 elementor-widget elementor-widget-text-editor\" data-id=\"95d6274\" data-element_type=\"widget\" data-e-type=\"widget\" data-widget_type=\"text-editor.default\">\n\t\t\t\t<div class=\"elementor-widget-container\">\n\t\t\t\t\t\t\t\t\t<h2>Le mostre pi\u00f9 recenti di Ann Veronica Janssens<\/h2><p><span style=\"font-weight: 400;\">Tra le pi\u00f9 recenti esposizioni di Ann Veronica Janssens, due hanno lasciato un&#8217;impressione indelebile. La prima si \u00e8 tenuta nel 2020 nelle prestigiose sale della <\/span><b>South London Gallery a Londra<\/b><span style=\"font-weight: 400;\">, intitolata<\/span> <b><i>Hot Pink Turquoise<\/i><\/b><span style=\"font-weight: 400;\">. La seconda, tre anni dopo nel 2023, ha avuto luogo a Milano presso Pirelli HangarBicocca con il titolo <\/span><b><i>Grand Ball<\/i><\/b><span style=\"font-weight: 400;\">. Entrambe le esposizioni hanno avuto l&#8217;obiettivo di esplorare in modo approfondito e analitico un tema centrale della sua opera: Il rapporto tra la materialit\u00e0 e l&#8217;immaterialit\u00e0 della luce.<\/span><\/p><p><span style=\"font-weight: 400;\">Nella <\/span><b>South London Gallery<\/b><span style=\"font-weight: 400;\"> a Londra, in un&#8217;atmosfera rarefatta,<\/span> <span style=\"font-weight: 400;\">Janssens ha dimostrato la sua capacit\u00e0 di semplificazione, celando le complessit\u00e0 intrinseche alla costruzione delle opere e mettendo in risalto le propriet\u00e0 dei materiali e gli effetti della luce su di essi. A Milano, presso il <\/span><b>Pirelli HangarBicocca<\/b><span style=\"font-weight: 400;\">, \u00e8 stata invece esplorata la sua carriera attraverso un percorso concepito per interagire con l&#8217;architettura industriale, dilatando tempo e spazio.<\/span><\/p>\t\t\t\t\t\t\t\t<\/div>\n\t\t\t\t<\/div>\n\t\t\t\t<div class=\"elementor-element elementor-element-02b163e elementor-widget elementor-widget-image\" data-id=\"02b163e\" data-element_type=\"widget\" data-e-type=\"widget\" data-widget_type=\"image.default\">\n\t\t\t\t<div class=\"elementor-widget-container\">\n\t\t\t\t\t\t\t\t\t\t\t\t<figure class=\"wp-caption\">\n\t\t\t\t\t\t\t\t\t\t<img loading=\"lazy\" decoding=\"async\" width=\"800\" height=\"549\" src=\"https:\/\/www.atmosferamag.it\/wp-content\/uploads\/2024\/04\/AVJ-_03-1024x703.jpg\" class=\"attachment-large size-large wp-image-33190\" alt=\"\" srcset=\"https:\/\/www.atmosferamag.it\/wp-content\/uploads\/2024\/04\/AVJ-_03-1024x703.jpg 1024w, https:\/\/www.atmosferamag.it\/wp-content\/uploads\/2024\/04\/AVJ-_03-300x206.jpg 300w, https:\/\/www.atmosferamag.it\/wp-content\/uploads\/2024\/04\/AVJ-_03-768x527.jpg 768w, https:\/\/www.atmosferamag.it\/wp-content\/uploads\/2024\/04\/AVJ-_03-1536x1054.jpg 1536w, https:\/\/www.atmosferamag.it\/wp-content\/uploads\/2024\/04\/AVJ-_03-2048x1406.jpg 2048w\" sizes=\"(max-width: 800px) 100vw, 800px\" \/>\t\t\t\t\t\t\t\t\t\t\t<figcaption class=\"widget-image-caption wp-caption-text\">Ann Veronica Janssens, \u201cGrand Bal\u201d, exhibition view at Pirelli HangarBicocca, Milan, 2023 - \u00a9 2023 Ann Veronica Janssens \/ SIAE - Photo Andrea Rossetti<\/figcaption>\n\t\t\t\t\t\t\t\t\t\t<\/figure>\n\t\t\t\t\t\t\t\t\t<\/div>\n\t\t\t\t<\/div>\n\t\t\t\t<div class=\"elementor-element elementor-element-a9dd7f2 elementor-widget elementor-widget-text-editor\" data-id=\"a9dd7f2\" data-element_type=\"widget\" data-e-type=\"widget\" data-widget_type=\"text-editor.default\">\n\t\t\t\t<div class=\"elementor-widget-container\">\n\t\t\t\t\t\t\t\t\t<p><span style=\"font-weight: 400;\">Seguendo le tracce luminose, potremmo <\/span><b>rivivere l&#8217;intera storia dell&#8217;arte, progetti che fanno sognare, che stupiscono e che commuovono<\/b><span style=\"font-weight: 400;\">, i grandi di ieri e di oggi ci insegnano che le invenzioni e le emozioni intorno a questa componente fondamentale per la nostra vita che \u00e8 la luce sono diverse e molteplici. Tra questi assoluti si inserisce il lavoro di Ann Veronica Janssens, che ha fatto della luce la sua materia artistica d&#8217;elezione, riuscendo cos\u00ec a esplorare una delle sostanze pi\u00f9 potenti e allo stesso tempo fugaci che esistano.<\/span><\/p>\t\t\t\t\t\t\t\t<\/div>\n\t\t\t\t<\/div>\n\t\t\t\t\t<\/div>\n\t\t<\/div>\n\t\t\t\t\t<\/div>\n\t\t<\/section>\n\t\t\t\t<\/div>\n\t\t","protected":false},"excerpt":{"rendered":"<p>Celebrando l&#8217;immaterialit\u00e0: L&#8217;arte della luce e la sua dimensione evocativa nei lavori di Ann Veronica Janssens.<\/p>\n","protected":false},"author":18,"featured_media":33197,"comment_status":"closed","ping_status":"open","sticky":false,"template":"","format":"standard","meta":{"footnotes":""},"categories":[39],"tags":[],"class_list":["post-33177","post","type-post","status-publish","format-standard","has-post-thumbnail","hentry","category-stories"],"yoast_head":"<!-- This site is optimized with the Yoast SEO plugin v26.0 - https:\/\/yoast.com\/wordpress\/plugins\/seo\/ -->\n<title>La luce nel lavoro Ann Veronica Janssens | Atmosfera Mag<\/title>\n<meta name=\"description\" content=\"Un viaggio nell&#039;universo incantato della luce con Ann Veronica Janssens, autrice di sculture sensoriali che sfidano i confini dell&#039;arte e della percezione.\" \/>\n<meta name=\"robots\" content=\"index, follow, max-snippet:-1, max-image-preview:large, max-video-preview:-1\" \/>\n<link rel=\"canonical\" href=\"https:\/\/www.atmosferamag.it\/it\/ann-veronica-janssens-luce-arte\/\" \/>\n<meta property=\"og:locale\" content=\"it_IT\" \/>\n<meta property=\"og:type\" content=\"article\" \/>\n<meta property=\"og:title\" content=\"La luce nel lavoro Ann Veronica Janssens | Atmosfera Mag\" \/>\n<meta property=\"og:description\" content=\"Un viaggio nell&#039;universo incantato della luce con Ann Veronica Janssens, autrice di sculture sensoriali che sfidano i confini dell&#039;arte e della percezione.\" \/>\n<meta property=\"og:url\" content=\"https:\/\/www.atmosferamag.it\/it\/ann-veronica-janssens-luce-arte\/\" \/>\n<meta property=\"og:site_name\" content=\"Atmosfera Mag\" \/>\n<meta property=\"article:publisher\" content=\"https:\/\/www.facebook.com\/people\/Atmosfera-Mag\/100086538670476\/\" \/>\n<meta property=\"article:published_time\" content=\"2024-04-10T19:00:53+00:00\" \/>\n<meta property=\"article:modified_time\" content=\"2024-04-10T19:02:38+00:00\" \/>\n<meta property=\"og:image\" content=\"https:\/\/www.atmosferamag.it\/wp-content\/uploads\/2024\/04\/AVJ-_10-1024x768.jpg\" \/>\n\t<meta property=\"og:image:width\" content=\"1024\" \/>\n\t<meta property=\"og:image:height\" content=\"768\" \/>\n\t<meta property=\"og:image:type\" content=\"image\/jpeg\" \/>\n<meta name=\"author\" content=\"Marco Belloni\" \/>\n<meta name=\"twitter:card\" content=\"summary_large_image\" \/>\n<meta name=\"twitter:label1\" content=\"Scritto da\" \/>\n\t<meta name=\"twitter:data1\" content=\"Marco Belloni\" \/>\n\t<meta name=\"twitter:label2\" content=\"Tempo di lettura stimato\" \/>\n\t<meta name=\"twitter:data2\" content=\"6 minuti\" \/>\n<script type=\"application\/ld+json\" class=\"yoast-schema-graph\">{\"@context\":\"https:\/\/schema.org\",\"@graph\":[{\"@type\":\"Article\",\"@id\":\"https:\/\/www.atmosferamag.it\/it\/ann-veronica-janssens-luce-arte\/#article\",\"isPartOf\":{\"@id\":\"https:\/\/www.atmosferamag.it\/it\/ann-veronica-janssens-luce-arte\/\"},\"author\":{\"name\":\"Marco Belloni\",\"@id\":\"https:\/\/www.atmosferamag.it\/it\/#\/schema\/person\/957f6a95d8f0d6ee0a99033d73856e57\"},\"headline\":\"L\u2019immaterialit\u00e0 della luce nel lavoro Ann Veronica Janssens\",\"datePublished\":\"2024-04-10T19:00:53+00:00\",\"dateModified\":\"2024-04-10T19:02:38+00:00\",\"mainEntityOfPage\":{\"@id\":\"https:\/\/www.atmosferamag.it\/it\/ann-veronica-janssens-luce-arte\/\"},\"wordCount\":793,\"publisher\":{\"@id\":\"https:\/\/www.atmosferamag.it\/it\/#organization\"},\"image\":{\"@id\":\"https:\/\/www.atmosferamag.it\/it\/ann-veronica-janssens-luce-arte\/#primaryimage\"},\"thumbnailUrl\":\"https:\/\/www.atmosferamag.it\/wp-content\/uploads\/2024\/04\/AVJ-_10.jpg\",\"articleSection\":[\"Stories\"],\"inLanguage\":\"it-IT\"},{\"@type\":\"WebPage\",\"@id\":\"https:\/\/www.atmosferamag.it\/it\/ann-veronica-janssens-luce-arte\/\",\"url\":\"https:\/\/www.atmosferamag.it\/it\/ann-veronica-janssens-luce-arte\/\",\"name\":\"La luce nel lavoro Ann Veronica Janssens | Atmosfera Mag\",\"isPartOf\":{\"@id\":\"https:\/\/www.atmosferamag.it\/it\/#website\"},\"primaryImageOfPage\":{\"@id\":\"https:\/\/www.atmosferamag.it\/it\/ann-veronica-janssens-luce-arte\/#primaryimage\"},\"image\":{\"@id\":\"https:\/\/www.atmosferamag.it\/it\/ann-veronica-janssens-luce-arte\/#primaryimage\"},\"thumbnailUrl\":\"https:\/\/www.atmosferamag.it\/wp-content\/uploads\/2024\/04\/AVJ-_10.jpg\",\"datePublished\":\"2024-04-10T19:00:53+00:00\",\"dateModified\":\"2024-04-10T19:02:38+00:00\",\"description\":\"Un viaggio nell'universo incantato della luce con Ann Veronica Janssens, autrice di sculture sensoriali che sfidano i confini dell'arte e della percezione.\",\"breadcrumb\":{\"@id\":\"https:\/\/www.atmosferamag.it\/it\/ann-veronica-janssens-luce-arte\/#breadcrumb\"},\"inLanguage\":\"it-IT\",\"potentialAction\":[{\"@type\":\"ReadAction\",\"target\":[\"https:\/\/www.atmosferamag.it\/it\/ann-veronica-janssens-luce-arte\/\"]}]},{\"@type\":\"ImageObject\",\"inLanguage\":\"it-IT\",\"@id\":\"https:\/\/www.atmosferamag.it\/it\/ann-veronica-janssens-luce-arte\/#primaryimage\",\"url\":\"https:\/\/www.atmosferamag.it\/wp-content\/uploads\/2024\/04\/AVJ-_10.jpg\",\"contentUrl\":\"https:\/\/www.atmosferamag.it\/wp-content\/uploads\/2024\/04\/AVJ-_10.jpg\",\"width\":8272,\"height\":6200,\"caption\":\"Credit: Wellcome Library, London. Wellcome Images\"},{\"@type\":\"BreadcrumbList\",\"@id\":\"https:\/\/www.atmosferamag.it\/it\/ann-veronica-janssens-luce-arte\/#breadcrumb\",\"itemListElement\":[{\"@type\":\"ListItem\",\"position\":1,\"name\":\"Home\",\"item\":\"https:\/\/www.atmosferamag.it\/it\/\"},{\"@type\":\"ListItem\",\"position\":2,\"name\":\"L\u2019immaterialit\u00e0 della luce nel lavoro Ann Veronica Janssens\"}]},{\"@type\":\"WebSite\",\"@id\":\"https:\/\/www.atmosferamag.it\/it\/#website\",\"url\":\"https:\/\/www.atmosferamag.it\/it\/\",\"name\":\"Atmosfera Mag\",\"description\":\"La luce in tutte le sue forme\",\"publisher\":{\"@id\":\"https:\/\/www.atmosferamag.it\/it\/#organization\"},\"potentialAction\":[{\"@type\":\"SearchAction\",\"target\":{\"@type\":\"EntryPoint\",\"urlTemplate\":\"https:\/\/www.atmosferamag.it\/it\/?s={search_term_string}\"},\"query-input\":{\"@type\":\"PropertyValueSpecification\",\"valueRequired\":true,\"valueName\":\"search_term_string\"}}],\"inLanguage\":\"it-IT\"},{\"@type\":\"Organization\",\"@id\":\"https:\/\/www.atmosferamag.it\/it\/#organization\",\"name\":\"Atmosfera Mag\",\"url\":\"https:\/\/www.atmosferamag.it\/it\/\",\"logo\":{\"@type\":\"ImageObject\",\"inLanguage\":\"it-IT\",\"@id\":\"https:\/\/www.atmosferamag.it\/it\/#\/schema\/logo\/image\/\",\"url\":\"https:\/\/www.atmosferamag.it\/wp-content\/uploads\/2022\/09\/titolo.png\",\"contentUrl\":\"https:\/\/www.atmosferamag.it\/wp-content\/uploads\/2022\/09\/titolo.png\",\"width\":2728,\"height\":406,\"caption\":\"Atmosfera Mag\"},\"image\":{\"@id\":\"https:\/\/www.atmosferamag.it\/it\/#\/schema\/logo\/image\/\"},\"sameAs\":[\"https:\/\/www.facebook.com\/people\/Atmosfera-Mag\/100086538670476\/\",\"https:\/\/www.instagram.com\/atmosferamag\/\",\"https:\/\/www.pinterest.it\/atmosfera_mag\/\"]},{\"@type\":\"Person\",\"@id\":\"https:\/\/www.atmosferamag.it\/it\/#\/schema\/person\/957f6a95d8f0d6ee0a99033d73856e57\",\"name\":\"Marco Belloni\",\"image\":{\"@type\":\"ImageObject\",\"inLanguage\":\"it-IT\",\"@id\":\"https:\/\/www.atmosferamag.it\/it\/#\/schema\/person\/image\/\",\"url\":\"https:\/\/secure.gravatar.com\/avatar\/cf92bfb128be74a607e8fc4f0c923967fa2071260541c0317e819328800309fe?s=96&d=mm&r=g\",\"contentUrl\":\"https:\/\/secure.gravatar.com\/avatar\/cf92bfb128be74a607e8fc4f0c923967fa2071260541c0317e819328800309fe?s=96&d=mm&r=g\",\"caption\":\"Marco Belloni\"},\"url\":\"https:\/\/www.atmosferamag.it\/it\/author\/marco-belloni\/\"}]}<\/script>\n<!-- \/ Yoast SEO plugin. -->","yoast_head_json":{"title":"La luce nel lavoro Ann Veronica Janssens | Atmosfera Mag","description":"Un viaggio nell'universo incantato della luce con Ann Veronica Janssens, autrice di sculture sensoriali che sfidano i confini dell'arte e della percezione.","robots":{"index":"index","follow":"follow","max-snippet":"max-snippet:-1","max-image-preview":"max-image-preview:large","max-video-preview":"max-video-preview:-1"},"canonical":"https:\/\/www.atmosferamag.it\/it\/ann-veronica-janssens-luce-arte\/","og_locale":"it_IT","og_type":"article","og_title":"La luce nel lavoro Ann Veronica Janssens | Atmosfera Mag","og_description":"Un viaggio nell'universo incantato della luce con Ann Veronica Janssens, autrice di sculture sensoriali che sfidano i confini dell'arte e della percezione.","og_url":"https:\/\/www.atmosferamag.it\/it\/ann-veronica-janssens-luce-arte\/","og_site_name":"Atmosfera Mag","article_publisher":"https:\/\/www.facebook.com\/people\/Atmosfera-Mag\/100086538670476\/","article_published_time":"2024-04-10T19:00:53+00:00","article_modified_time":"2024-04-10T19:02:38+00:00","og_image":[{"width":1024,"height":768,"url":"https:\/\/www.atmosferamag.it\/wp-content\/uploads\/2024\/04\/AVJ-_10-1024x768.jpg","type":"image\/jpeg"}],"author":"Marco Belloni","twitter_card":"summary_large_image","twitter_misc":{"Scritto da":"Marco Belloni","Tempo di lettura stimato":"6 minuti"},"schema":{"@context":"https:\/\/schema.org","@graph":[{"@type":"Article","@id":"https:\/\/www.atmosferamag.it\/it\/ann-veronica-janssens-luce-arte\/#article","isPartOf":{"@id":"https:\/\/www.atmosferamag.it\/it\/ann-veronica-janssens-luce-arte\/"},"author":{"name":"Marco Belloni","@id":"https:\/\/www.atmosferamag.it\/it\/#\/schema\/person\/957f6a95d8f0d6ee0a99033d73856e57"},"headline":"L\u2019immaterialit\u00e0 della luce nel lavoro Ann Veronica Janssens","datePublished":"2024-04-10T19:00:53+00:00","dateModified":"2024-04-10T19:02:38+00:00","mainEntityOfPage":{"@id":"https:\/\/www.atmosferamag.it\/it\/ann-veronica-janssens-luce-arte\/"},"wordCount":793,"publisher":{"@id":"https:\/\/www.atmosferamag.it\/it\/#organization"},"image":{"@id":"https:\/\/www.atmosferamag.it\/it\/ann-veronica-janssens-luce-arte\/#primaryimage"},"thumbnailUrl":"https:\/\/www.atmosferamag.it\/wp-content\/uploads\/2024\/04\/AVJ-_10.jpg","articleSection":["Stories"],"inLanguage":"it-IT"},{"@type":"WebPage","@id":"https:\/\/www.atmosferamag.it\/it\/ann-veronica-janssens-luce-arte\/","url":"https:\/\/www.atmosferamag.it\/it\/ann-veronica-janssens-luce-arte\/","name":"La luce nel lavoro Ann Veronica Janssens | Atmosfera Mag","isPartOf":{"@id":"https:\/\/www.atmosferamag.it\/it\/#website"},"primaryImageOfPage":{"@id":"https:\/\/www.atmosferamag.it\/it\/ann-veronica-janssens-luce-arte\/#primaryimage"},"image":{"@id":"https:\/\/www.atmosferamag.it\/it\/ann-veronica-janssens-luce-arte\/#primaryimage"},"thumbnailUrl":"https:\/\/www.atmosferamag.it\/wp-content\/uploads\/2024\/04\/AVJ-_10.jpg","datePublished":"2024-04-10T19:00:53+00:00","dateModified":"2024-04-10T19:02:38+00:00","description":"Un viaggio nell'universo incantato della luce con Ann Veronica Janssens, autrice di sculture sensoriali che sfidano i confini dell'arte e della percezione.","breadcrumb":{"@id":"https:\/\/www.atmosferamag.it\/it\/ann-veronica-janssens-luce-arte\/#breadcrumb"},"inLanguage":"it-IT","potentialAction":[{"@type":"ReadAction","target":["https:\/\/www.atmosferamag.it\/it\/ann-veronica-janssens-luce-arte\/"]}]},{"@type":"ImageObject","inLanguage":"it-IT","@id":"https:\/\/www.atmosferamag.it\/it\/ann-veronica-janssens-luce-arte\/#primaryimage","url":"https:\/\/www.atmosferamag.it\/wp-content\/uploads\/2024\/04\/AVJ-_10.jpg","contentUrl":"https:\/\/www.atmosferamag.it\/wp-content\/uploads\/2024\/04\/AVJ-_10.jpg","width":8272,"height":6200,"caption":"Credit: Wellcome Library, London. Wellcome Images"},{"@type":"BreadcrumbList","@id":"https:\/\/www.atmosferamag.it\/it\/ann-veronica-janssens-luce-arte\/#breadcrumb","itemListElement":[{"@type":"ListItem","position":1,"name":"Home","item":"https:\/\/www.atmosferamag.it\/it\/"},{"@type":"ListItem","position":2,"name":"L\u2019immaterialit\u00e0 della luce nel lavoro Ann Veronica Janssens"}]},{"@type":"WebSite","@id":"https:\/\/www.atmosferamag.it\/it\/#website","url":"https:\/\/www.atmosferamag.it\/it\/","name":"Atmosfera Mag","description":"La luce in tutte le sue forme","publisher":{"@id":"https:\/\/www.atmosferamag.it\/it\/#organization"},"potentialAction":[{"@type":"SearchAction","target":{"@type":"EntryPoint","urlTemplate":"https:\/\/www.atmosferamag.it\/it\/?s={search_term_string}"},"query-input":{"@type":"PropertyValueSpecification","valueRequired":true,"valueName":"search_term_string"}}],"inLanguage":"it-IT"},{"@type":"Organization","@id":"https:\/\/www.atmosferamag.it\/it\/#organization","name":"Atmosfera Mag","url":"https:\/\/www.atmosferamag.it\/it\/","logo":{"@type":"ImageObject","inLanguage":"it-IT","@id":"https:\/\/www.atmosferamag.it\/it\/#\/schema\/logo\/image\/","url":"https:\/\/www.atmosferamag.it\/wp-content\/uploads\/2022\/09\/titolo.png","contentUrl":"https:\/\/www.atmosferamag.it\/wp-content\/uploads\/2022\/09\/titolo.png","width":2728,"height":406,"caption":"Atmosfera Mag"},"image":{"@id":"https:\/\/www.atmosferamag.it\/it\/#\/schema\/logo\/image\/"},"sameAs":["https:\/\/www.facebook.com\/people\/Atmosfera-Mag\/100086538670476\/","https:\/\/www.instagram.com\/atmosferamag\/","https:\/\/www.pinterest.it\/atmosfera_mag\/"]},{"@type":"Person","@id":"https:\/\/www.atmosferamag.it\/it\/#\/schema\/person\/957f6a95d8f0d6ee0a99033d73856e57","name":"Marco Belloni","image":{"@type":"ImageObject","inLanguage":"it-IT","@id":"https:\/\/www.atmosferamag.it\/it\/#\/schema\/person\/image\/","url":"https:\/\/secure.gravatar.com\/avatar\/cf92bfb128be74a607e8fc4f0c923967fa2071260541c0317e819328800309fe?s=96&d=mm&r=g","contentUrl":"https:\/\/secure.gravatar.com\/avatar\/cf92bfb128be74a607e8fc4f0c923967fa2071260541c0317e819328800309fe?s=96&d=mm&r=g","caption":"Marco Belloni"},"url":"https:\/\/www.atmosferamag.it\/it\/author\/marco-belloni\/"}]}},"_links":{"self":[{"href":"https:\/\/www.atmosferamag.it\/it\/wp-json\/wp\/v2\/posts\/33177","targetHints":{"allow":["GET"]}}],"collection":[{"href":"https:\/\/www.atmosferamag.it\/it\/wp-json\/wp\/v2\/posts"}],"about":[{"href":"https:\/\/www.atmosferamag.it\/it\/wp-json\/wp\/v2\/types\/post"}],"author":[{"embeddable":true,"href":"https:\/\/www.atmosferamag.it\/it\/wp-json\/wp\/v2\/users\/18"}],"replies":[{"embeddable":true,"href":"https:\/\/www.atmosferamag.it\/it\/wp-json\/wp\/v2\/comments?post=33177"}],"version-history":[{"count":13,"href":"https:\/\/www.atmosferamag.it\/it\/wp-json\/wp\/v2\/posts\/33177\/revisions"}],"predecessor-version":[{"id":33206,"href":"https:\/\/www.atmosferamag.it\/it\/wp-json\/wp\/v2\/posts\/33177\/revisions\/33206"}],"wp:featuredmedia":[{"embeddable":true,"href":"https:\/\/www.atmosferamag.it\/it\/wp-json\/wp\/v2\/media\/33197"}],"wp:attachment":[{"href":"https:\/\/www.atmosferamag.it\/it\/wp-json\/wp\/v2\/media?parent=33177"}],"wp:term":[{"taxonomy":"category","embeddable":true,"href":"https:\/\/www.atmosferamag.it\/it\/wp-json\/wp\/v2\/categories?post=33177"},{"taxonomy":"post_tag","embeddable":true,"href":"https:\/\/www.atmosferamag.it\/it\/wp-json\/wp\/v2\/tags?post=33177"}],"curies":[{"name":"wp","href":"https:\/\/api.w.org\/{rel}","templated":true}]}}