{"id":33169,"date":"2024-04-08T10:09:39","date_gmt":"2024-04-08T08:09:39","guid":{"rendered":"https:\/\/www.atmosferamag.it\/?p=33169"},"modified":"2024-04-08T10:17:16","modified_gmt":"2024-04-08T08:17:16","slug":"fuorisalone-milano-2024-location","status":"publish","type":"post","link":"https:\/\/www.atmosferamag.it\/it\/fuorisalone-milano-2024-location\/","title":{"rendered":"10 location (quasi) segrete da scoprire al Fuorisalone 2024"},"content":{"rendered":"\t\t<div data-elementor-type=\"wp-post\" data-elementor-id=\"33169\" class=\"elementor elementor-33169 elementor-33139\" data-elementor-post-type=\"post\">\n\t\t\t\t\t\t<section class=\"elementor-section elementor-top-section elementor-element elementor-element-b08cc3b elementor-section-boxed elementor-section-height-default elementor-section-height-default\" data-id=\"b08cc3b\" data-element_type=\"section\" data-e-type=\"section\">\n\t\t\t\t\t\t<div class=\"elementor-container elementor-column-gap-default\">\n\t\t\t\t\t<div class=\"elementor-column elementor-col-100 elementor-top-column elementor-element elementor-element-99837cd\" data-id=\"99837cd\" data-element_type=\"column\" data-e-type=\"column\">\n\t\t\t<div class=\"elementor-widget-wrap elementor-element-populated\">\n\t\t\t\t\t\t<div class=\"elementor-element elementor-element-d35120d elementor-widget elementor-widget-text-editor\" data-id=\"d35120d\" data-element_type=\"widget\" data-e-type=\"widget\" data-widget_type=\"text-editor.default\">\n\t\t\t\t<div class=\"elementor-widget-container\">\n\t\t\t\t\t\t\t\t\t<h2>1. Lab\u00f2<\/h2><p><span style=\"font-weight: 400;\">Dopo il successo dello scorso anno torna la <\/span><b>seconda edizione di Lab\u00f2<\/b><span style=\"font-weight: 400;\">, collettiva di designer, gallerie e brand emergenti organizzata <\/span><b>negli spazi industriali della SPA &#8211; Societ\u00e0 Prodotti Antibiotici <\/b><span style=\"font-weight: 400;\">&#8211; e della Fondazione Rodolfo Ferrari, <\/span><b>in zona Barona<\/b><span style=\"font-weight: 400;\">. Una location decisamente off-circuit, ma interessante perch\u00e9 sottolinea come dietro al <\/span><b>design di prodotto <\/b><span style=\"font-weight: 400;\">ci sia un intenso lavoro di ricerca. La selezione degli espositori \u00e8 del duo curatoriale The Design Blender, l&#8217;allestimento avr\u00e0 come oggetto di indagine il <\/span><b><i>luxe de cr\u00e9ation, <\/i><\/b><span style=\"font-weight: 400;\">la <\/span><b>materia e la sua lavorazione<\/b><span style=\"font-weight: 400;\">, attraverso pezzi da collezione che nascono dall\u2019utilizzo di tecniche artigianali o industriali avanzate.<\/span><\/p>\t\t\t\t\t\t\t\t<\/div>\n\t\t\t\t<\/div>\n\t\t\t\t<div class=\"elementor-element elementor-element-9a26e27 elementor-widget elementor-widget-image\" data-id=\"9a26e27\" data-element_type=\"widget\" data-e-type=\"widget\" data-widget_type=\"image.default\">\n\t\t\t\t<div class=\"elementor-widget-container\">\n\t\t\t\t\t\t\t\t\t\t\t\t<figure class=\"wp-caption\">\n\t\t\t\t\t\t\t\t\t\t<img fetchpriority=\"high\" decoding=\"async\" width=\"800\" height=\"509\" src=\"https:\/\/www.atmosferamag.it\/wp-content\/uploads\/2024\/04\/Labo-1024x652.png\" class=\"attachment-large size-large wp-image-33142\" alt=\"\" srcset=\"https:\/\/www.atmosferamag.it\/wp-content\/uploads\/2024\/04\/Labo-1024x652.png 1024w, https:\/\/www.atmosferamag.it\/wp-content\/uploads\/2024\/04\/Labo-300x191.png 300w, https:\/\/www.atmosferamag.it\/wp-content\/uploads\/2024\/04\/Labo-768x489.png 768w, https:\/\/www.atmosferamag.it\/wp-content\/uploads\/2024\/04\/Labo-1536x978.png 1536w, https:\/\/www.atmosferamag.it\/wp-content\/uploads\/2024\/04\/Labo-2048x1304.png 2048w\" sizes=\"(max-width: 800px) 100vw, 800px\" \/>\t\t\t\t\t\t\t\t\t\t\t<figcaption class=\"widget-image-caption wp-caption-text\">1. Labo\u0300 alla Fondazione Rodolfo Ferrari - ph. Elena Rosignoli<\/figcaption>\n\t\t\t\t\t\t\t\t\t\t<\/figure>\n\t\t\t\t\t\t\t\t\t<\/div>\n\t\t\t\t<\/div>\n\t\t\t\t<div class=\"elementor-element elementor-element-f02ff03 elementor-widget elementor-widget-text-editor\" data-id=\"f02ff03\" data-element_type=\"widget\" data-e-type=\"widget\" data-widget_type=\"text-editor.default\">\n\t\t\t\t<div class=\"elementor-widget-container\">\n\t\t\t\t\t\t\t\t\t<h6><strong>Lab\u00f2<\/strong><br \/><strong>Fondazione Rodolfo Ferrari<\/strong><br \/><strong>via Biella 6, Milano<\/strong><\/h6>\t\t\t\t\t\t\t\t<\/div>\n\t\t\t\t<\/div>\n\t\t\t\t<div class=\"elementor-element elementor-element-7668144 elementor-widget elementor-widget-text-editor\" data-id=\"7668144\" data-element_type=\"widget\" data-e-type=\"widget\" data-widget_type=\"text-editor.default\">\n\t\t\t\t<div class=\"elementor-widget-container\">\n\t\t\t\t\t\t\t\t\t<h2>2. Alcova<\/h2><p><span style=\"font-weight: 400;\">Ormai un &#8220;grande classico&#8221; del Fuorisalone, <\/span><a href=\"https:\/\/alcova.xyz\/\"><b>Alcova<\/b><\/a><b> lascia quest&#8217;anno i confini urbani <\/b><span style=\"font-weight: 400;\">per occupare due ville dell&#8217;area metropolitana, nel comune di Varedo. Si tratta di due case dall&#8217;anima diversa: la modernista <\/span><b>Villa Borsani<\/b><span style=\"font-weight: 400;\">, completata nel 1945 da Osvaldo Borsani e sede del suo archivio, e <\/span><b>Villa Bagatti Valsecchi<\/b><span style=\"font-weight: 400;\">, uno dei pi\u00f9 significativi esempi di architettura di villa del XIX secolo in Lombardia. La scommessa dei fondatori dell&#8217;evento Valentina Ciuffi\u00a0 \u2013 Studio Ved\u00e8t e Joseph Grima \u2013 Space Caviar \u00e8 quella di catalizzare l&#8217;attenzione dei visitatori anche allontanandosi dall&#8217;area cittadina, grazie al mix di spazi ed espositori che lavorano in maniera innovativa e assolutamente sperimentale su ambienti di vita, prodotti, sistemi, materiali e tecnologia.<\/span><\/p>\t\t\t\t\t\t\t\t<\/div>\n\t\t\t\t<\/div>\n\t\t\t\t<div class=\"elementor-element elementor-element-ab2be4f elementor-widget elementor-widget-image\" data-id=\"ab2be4f\" data-element_type=\"widget\" data-e-type=\"widget\" data-widget_type=\"image.default\">\n\t\t\t\t<div class=\"elementor-widget-container\">\n\t\t\t\t\t\t\t\t\t\t\t\t<figure class=\"wp-caption\">\n\t\t\t\t\t\t\t\t\t\t<img decoding=\"async\" width=\"800\" height=\"1000\" src=\"https:\/\/www.atmosferamag.it\/wp-content\/uploads\/2024\/04\/02-Alcova-Villa-Borsani.-Ph-Mary-Gaudin-819x1024.png\" class=\"attachment-large size-large wp-image-33144\" alt=\"\" srcset=\"https:\/\/www.atmosferamag.it\/wp-content\/uploads\/2024\/04\/02-Alcova-Villa-Borsani.-Ph-Mary-Gaudin-819x1024.png 819w, https:\/\/www.atmosferamag.it\/wp-content\/uploads\/2024\/04\/02-Alcova-Villa-Borsani.-Ph-Mary-Gaudin-240x300.png 240w, https:\/\/www.atmosferamag.it\/wp-content\/uploads\/2024\/04\/02-Alcova-Villa-Borsani.-Ph-Mary-Gaudin-768x960.png 768w, https:\/\/www.atmosferamag.it\/wp-content\/uploads\/2024\/04\/02-Alcova-Villa-Borsani.-Ph-Mary-Gaudin.png 1080w\" sizes=\"(max-width: 800px) 100vw, 800px\" \/>\t\t\t\t\t\t\t\t\t\t\t<figcaption class=\"widget-image-caption wp-caption-text\">2. Alcova, Villa Borsani - ph. Mary Gaudin<\/figcaption>\n\t\t\t\t\t\t\t\t\t\t<\/figure>\n\t\t\t\t\t\t\t\t\t<\/div>\n\t\t\t\t<\/div>\n\t\t\t\t<div class=\"elementor-element elementor-element-367ef40 elementor-widget elementor-widget-text-editor\" data-id=\"367ef40\" data-element_type=\"widget\" data-e-type=\"widget\" data-widget_type=\"text-editor.default\">\n\t\t\t\t<div class=\"elementor-widget-container\">\n\t\t\t\t\t\t\t\t\t<h6><strong>Villa Borsani<\/strong><br \/><strong>via Umberto I 148, Varedo<\/strong><\/h6><h6><strong>Villa Bagatti Valsecchi<\/strong><br \/><strong>via Vittorio Emanuele II 48, Varedo<\/strong><\/h6><h6><strong>Entrambe le ville sono raggiungibili dal centro di Milano in 25 minuti con le linee ferroviarie S2 e S4 di Trenord<\/strong><\/h6>\t\t\t\t\t\t\t\t<\/div>\n\t\t\t\t<\/div>\n\t\t\t\t<div class=\"elementor-element elementor-element-035a005 elementor-widget elementor-widget-text-editor\" data-id=\"035a005\" data-element_type=\"widget\" data-e-type=\"widget\" data-widget_type=\"text-editor.default\">\n\t\t\t\t<div class=\"elementor-widget-container\">\n\t\t\t\t\t\t\t\t\t<h2>3. Isola Design Festival<\/h2><p><span style=\"font-weight: 400;\">Tra i distretti in maggiore ascesa, quello che orbita attorno al <\/span><a href=\"https:\/\/isola.design\/home\"><b>quartiere Isola<\/b><\/a><b> cresce<\/b><span style=\"font-weight: 400;\"> di anno in anno e <\/span><b>per il 2024 <\/b><b>approda in\u00a0<\/b><b>location inedite<\/b><span style=\"font-weight: 400;\">, come <\/span><b>Lampo Milano<\/b><span style=\"font-weight: 400;\"> (all&#8217;interno dell&#8217;ex Scalo Farini, attualmente in fase di riqualificazione), <\/span><b>WAO PL7<\/b><span style=\"font-weight: 400;\">, e <\/span><b>Galleria Bonelli<\/b><span style=\"font-weight: 400;\">,<\/span><span style=\"font-weight: 400;\">\u00a0spazi mai esplorati durante la settimana del\u00a0design\u00a0milanese. Il tema portante della manifestazione sar\u00e0 <\/span><i><span style=\"font-weight: 400;\">This Future is Currently Unavailable, <\/span><\/i><span style=\"font-weight: 400;\">per sottolineare come si debba sempre a mente l&#8217;impatto collettivo del\u00a0design\u00a0sul pianeta e sull&#8217;umanit\u00e0.\u00a0<\/span><\/p><p><span style=\"font-weight: 400;\">Tra i nomi di maggior respiro internazionale che parteciperanno all&#8217;Isola Design festival il <\/span><b>duo spagnolo Masquespacio<\/b><span style=\"font-weight: 400;\"> che <\/span><span style=\"font-weight: 400;\">porter\u00e0 in Via Luigi Porro Lambertenghi 3 un\u2019installazione legata al tableware che sar\u00e0 anche uno spazio per meeting ed eventi privati.<\/span><\/p>\t\t\t\t\t\t\t\t<\/div>\n\t\t\t\t<\/div>\n\t\t\t\t<div class=\"elementor-element elementor-element-fa479b2 elementor-widget elementor-widget-image\" data-id=\"fa479b2\" data-element_type=\"widget\" data-e-type=\"widget\" data-widget_type=\"image.default\">\n\t\t\t\t<div class=\"elementor-widget-container\">\n\t\t\t\t\t\t\t\t\t\t\t\t<figure class=\"wp-caption\">\n\t\t\t\t\t\t\t\t\t\t<img decoding=\"async\" width=\"800\" height=\"534\" src=\"https:\/\/www.atmosferamag.it\/wp-content\/uploads\/2024\/04\/03-Isola-Design-Festival-2024_Lampo-Milano.-Ph-Idan-Eldar-1024x683.jpg\" class=\"attachment-large size-large wp-image-33165\" alt=\"\" srcset=\"https:\/\/www.atmosferamag.it\/wp-content\/uploads\/2024\/04\/03-Isola-Design-Festival-2024_Lampo-Milano.-Ph-Idan-Eldar-1024x683.jpg 1024w, https:\/\/www.atmosferamag.it\/wp-content\/uploads\/2024\/04\/03-Isola-Design-Festival-2024_Lampo-Milano.-Ph-Idan-Eldar-300x200.jpg 300w, https:\/\/www.atmosferamag.it\/wp-content\/uploads\/2024\/04\/03-Isola-Design-Festival-2024_Lampo-Milano.-Ph-Idan-Eldar-768x512.jpg 768w, https:\/\/www.atmosferamag.it\/wp-content\/uploads\/2024\/04\/03-Isola-Design-Festival-2024_Lampo-Milano.-Ph-Idan-Eldar-1536x1024.jpg 1536w, https:\/\/www.atmosferamag.it\/wp-content\/uploads\/2024\/04\/03-Isola-Design-Festival-2024_Lampo-Milano.-Ph-Idan-Eldar-2048x1365.jpg 2048w\" sizes=\"(max-width: 800px) 100vw, 800px\" \/>\t\t\t\t\t\t\t\t\t\t\t<figcaption class=\"widget-image-caption wp-caption-text\">3. Isola Design Festival 2024 Lampo Milano - ph. Idan Eldar<\/figcaption>\n\t\t\t\t\t\t\t\t\t\t<\/figure>\n\t\t\t\t\t\t\t\t\t<\/div>\n\t\t\t\t<\/div>\n\t\t\t\t<div class=\"elementor-element elementor-element-0918e6c elementor-widget elementor-widget-text-editor\" data-id=\"0918e6c\" data-element_type=\"widget\" data-e-type=\"widget\" data-widget_type=\"text-editor.default\">\n\t\t\t\t<div class=\"elementor-widget-container\">\n\t\t\t\t\t\t\t\t\t<h6><strong>Lampo Milano<\/strong><br \/><strong>via Valtellina 5, Milano<\/strong><\/h6><h6><strong>WAO PL7<\/strong><br \/><strong>via Luigi Porro Lambertenghi 7, Milano<\/strong><\/h6><h6><strong>Galleria Bonelli<\/strong><br \/><strong>via Luigi Porro Lambertenghi 6, Milano<\/strong><\/h6>\t\t\t\t\t\t\t\t<\/div>\n\t\t\t\t<\/div>\n\t\t\t\t<div class=\"elementor-element elementor-element-20466e9 elementor-widget elementor-widget-text-editor\" data-id=\"20466e9\" data-element_type=\"widget\" data-e-type=\"widget\" data-widget_type=\"text-editor.default\">\n\t\t\t\t<div class=\"elementor-widget-container\">\n\t\t\t\t\t\t\t\t\t<h2>4. Milano Design District<\/h2><p><span style=\"font-weight: 400;\">Il <\/span><a href=\"https:\/\/www.milanodurinidesign.it\/it\"><span style=\"font-weight: 400;\"><span style=\"text-decoration: underline;\">Milano Design District<\/span><\/span><\/a><span style=\"font-weight: 400;\"> raggruppa i <\/span><b>principali flagship del centro citt\u00e0<\/b><span style=\"font-weight: 400;\">, tra via Durini, corso Monforte e piazza San Babila; qui si trovano anche diversi <\/span><b>monomarca di grandi brand di illuminazione<\/b><span style=\"font-weight: 400;\">. Durante la Design Week l&#8217;area si anima (l&#8217;anno scorso sono state contate 300.000 presenze) e le porte degli showroom si aprono per mostrare al pubblico di addetti al settore \u2013 ma anche a tutti gli appassionati e ai semplici curiosi \u2013 i nuovi prodotti, con allestimenti scenografici e la possibilit\u00e0 di incontrare i progettisti. Un&#8217;atmosfera di festa che \u00e8 l&#8217;ideale per entrare nei negozi e scoprire tutte le novit\u00e0.<\/span><\/p>\t\t\t\t\t\t\t\t<\/div>\n\t\t\t\t<\/div>\n\t\t\t\t<div class=\"elementor-element elementor-element-29fc0e2 elementor-widget elementor-widget-image\" data-id=\"29fc0e2\" data-element_type=\"widget\" data-e-type=\"widget\" data-widget_type=\"image.default\">\n\t\t\t\t<div class=\"elementor-widget-container\">\n\t\t\t\t\t\t\t\t\t\t\t\t<figure class=\"wp-caption\">\n\t\t\t\t\t\t\t\t\t\t<img loading=\"lazy\" decoding=\"async\" width=\"800\" height=\"534\" src=\"https:\/\/www.atmosferamag.it\/wp-content\/uploads\/2024\/04\/04-Millano-Design-District.-Fosarini-Hoba-ph-Gianluca-Vassallo-1024x683.jpg\" class=\"attachment-large size-large wp-image-33148\" alt=\"\" srcset=\"https:\/\/www.atmosferamag.it\/wp-content\/uploads\/2024\/04\/04-Millano-Design-District.-Fosarini-Hoba-ph-Gianluca-Vassallo-1024x683.jpg 1024w, https:\/\/www.atmosferamag.it\/wp-content\/uploads\/2024\/04\/04-Millano-Design-District.-Fosarini-Hoba-ph-Gianluca-Vassallo-300x200.jpg 300w, https:\/\/www.atmosferamag.it\/wp-content\/uploads\/2024\/04\/04-Millano-Design-District.-Fosarini-Hoba-ph-Gianluca-Vassallo-768x512.jpg 768w, https:\/\/www.atmosferamag.it\/wp-content\/uploads\/2024\/04\/04-Millano-Design-District.-Fosarini-Hoba-ph-Gianluca-Vassallo-1536x1024.jpg 1536w, https:\/\/www.atmosferamag.it\/wp-content\/uploads\/2024\/04\/04-Millano-Design-District.-Fosarini-Hoba-ph-Gianluca-Vassallo-2048x1366.jpg 2048w\" sizes=\"(max-width: 800px) 100vw, 800px\" \/>\t\t\t\t\t\t\t\t\t\t\t<figcaption class=\"widget-image-caption wp-caption-text\">4. Milano Design District. Fosarini, Hoba - ph. Gianluca Vassallo<\/figcaption>\n\t\t\t\t\t\t\t\t\t\t<\/figure>\n\t\t\t\t\t\t\t\t\t<\/div>\n\t\t\t\t<\/div>\n\t\t\t\t<div class=\"elementor-element elementor-element-e16d16f elementor-widget elementor-widget-text-editor\" data-id=\"e16d16f\" data-element_type=\"widget\" data-e-type=\"widget\" data-widget_type=\"text-editor.default\">\n\t\t\t\t<div class=\"elementor-widget-container\">\n\t\t\t\t\t\t\t\t\t<h2>5. Design Variations<\/h2><p><span style=\"font-weight: 400;\">Qualit\u00e0, durata, economia circolare sono ingredienti necessari per progettare e pensare al futuro dell&#8217;abitare: questa la tesi portata avanti dalla collettiva <\/span><i><span style=\"font-weight: 400;\">Touching Materials<\/span><\/i><span style=\"font-weight: 400;\">, <\/span><b>l&#8217;edizione 2024 di <\/b><a href=\"https:\/\/www.moscapartners.it\/\"><b><span style=\"text-decoration: underline;\">Design Variations<\/span><\/b><\/a><b> che sar\u00e0 organizzata negli spazi dell&#8217;ex Garage auto di viale Gorizia<\/b><span style=\"font-weight: 400;\">, in zona Darsena. Il progetto allestitivo, dal titolo Hemp-Scape, sar\u00e0 di <\/span><b>Park Associati<\/b><span style=\"font-weight: 400;\">; si tratter\u00e0 di una scenografia di mattoni in cemento e canapa \u2013 facilmente disassemblabili e riutilizzabili \u2013 che divider\u00e0 l&#8217;area indoor del vecchio parcheggio in tre spazi. Sar\u00e0 invece firmato dall&#8217;artista <\/span><b>Nathalie Du Pasquier <\/b><span style=\"font-weight: 400;\">l&#8217;installazione <\/span><i><span style=\"font-weight: 400;\">site-specific <\/span><\/i><span style=\"font-weight: 400;\">che accoglier\u00e0 i visitatori all&#8217;ingresso della mostra.\u00a0<\/span><\/p>\t\t\t\t\t\t\t\t<\/div>\n\t\t\t\t<\/div>\n\t\t\t\t<div class=\"elementor-element elementor-element-92e4434 elementor-widget elementor-widget-image\" data-id=\"92e4434\" data-element_type=\"widget\" data-e-type=\"widget\" data-widget_type=\"image.default\">\n\t\t\t\t<div class=\"elementor-widget-container\">\n\t\t\t\t\t\t\t\t\t\t\t\t<figure class=\"wp-caption\">\n\t\t\t\t\t\t\t\t\t\t<img loading=\"lazy\" decoding=\"async\" width=\"800\" height=\"505\" src=\"https:\/\/www.atmosferamag.it\/wp-content\/uploads\/2024\/04\/05.1-Design-Variations-2024-Garage-viale-Gorizia.jpg\" class=\"attachment-large size-large wp-image-33150\" alt=\"\" srcset=\"https:\/\/www.atmosferamag.it\/wp-content\/uploads\/2024\/04\/05.1-Design-Variations-2024-Garage-viale-Gorizia.jpg 800w, https:\/\/www.atmosferamag.it\/wp-content\/uploads\/2024\/04\/05.1-Design-Variations-2024-Garage-viale-Gorizia-300x189.jpg 300w, https:\/\/www.atmosferamag.it\/wp-content\/uploads\/2024\/04\/05.1-Design-Variations-2024-Garage-viale-Gorizia-768x485.jpg 768w\" sizes=\"(max-width: 800px) 100vw, 800px\" \/>\t\t\t\t\t\t\t\t\t\t\t<figcaption class=\"widget-image-caption wp-caption-text\">5.  Design Variations 2024, Garage viale Gorizia<\/figcaption>\n\t\t\t\t\t\t\t\t\t\t<\/figure>\n\t\t\t\t\t\t\t\t\t<\/div>\n\t\t\t\t<\/div>\n\t\t\t\t<div class=\"elementor-element elementor-element-cf764e8 elementor-widget elementor-widget-text-editor\" data-id=\"cf764e8\" data-element_type=\"widget\" data-e-type=\"widget\" data-widget_type=\"text-editor.default\">\n\t\t\t\t<div class=\"elementor-widget-container\">\n\t\t\t\t\t\t\t\t\t<h6><strong>Garage<\/strong><br \/><strong>Viale Gorizia 14, Milan<\/strong><\/h6>\t\t\t\t\t\t\t\t<\/div>\n\t\t\t\t<\/div>\n\t\t\t\t<div class=\"elementor-element elementor-element-eac7d7a elementor-widget elementor-widget-text-editor\" data-id=\"eac7d7a\" data-element_type=\"widget\" data-e-type=\"widget\" data-widget_type=\"text-editor.default\">\n\t\t\t\t<div class=\"elementor-widget-container\">\n\t\t\t\t\t\t\t\t\t<h2>6. Masterly<\/h2><p><span style=\"font-weight: 400;\">Il design degli olandesi e il loro carico di fiori variopinti invader\u00e0 anche quest&#8217;anno il centralissimo <\/span><b>Palazzo dei Giureconsulti, a due passi dal Duomo<\/b><span style=\"font-weight: 400;\">. <\/span><span style=\"text-decoration: underline;\"><a href=\"https:\/\/masterly.nu\/it\/\"><span style=\"font-weight: 400;\">Masterly \u2013 The Dutch in Milano<\/span><\/a><\/span><span style=\"font-weight: 400;\"> sar\u00e0 una panoramica sulla creativit\u00e0 del paese, dai mobili d&#8217;avanguardia alle installazioni digitali.<\/span><\/p>\t\t\t\t\t\t\t\t<\/div>\n\t\t\t\t<\/div>\n\t\t\t\t<div class=\"elementor-element elementor-element-20dc2a5 elementor-widget elementor-widget-image\" data-id=\"20dc2a5\" data-element_type=\"widget\" data-e-type=\"widget\" data-widget_type=\"image.default\">\n\t\t\t\t<div class=\"elementor-widget-container\">\n\t\t\t\t\t\t\t\t\t\t\t\t<figure class=\"wp-caption\">\n\t\t\t\t\t\t\t\t\t\t<img loading=\"lazy\" decoding=\"async\" width=\"800\" height=\"564\" src=\"https:\/\/www.atmosferamag.it\/wp-content\/uploads\/2024\/04\/06-Masterly-Palazzo-dei-Giureconsulti-1024x722.jpg\" class=\"attachment-large size-large wp-image-33152\" alt=\"\" srcset=\"https:\/\/www.atmosferamag.it\/wp-content\/uploads\/2024\/04\/06-Masterly-Palazzo-dei-Giureconsulti-1024x722.jpg 1024w, https:\/\/www.atmosferamag.it\/wp-content\/uploads\/2024\/04\/06-Masterly-Palazzo-dei-Giureconsulti-300x211.jpg 300w, https:\/\/www.atmosferamag.it\/wp-content\/uploads\/2024\/04\/06-Masterly-Palazzo-dei-Giureconsulti-768x541.jpg 768w, https:\/\/www.atmosferamag.it\/wp-content\/uploads\/2024\/04\/06-Masterly-Palazzo-dei-Giureconsulti-1536x1083.jpg 1536w, https:\/\/www.atmosferamag.it\/wp-content\/uploads\/2024\/04\/06-Masterly-Palazzo-dei-Giureconsulti-2048x1444.jpg 2048w\" sizes=\"(max-width: 800px) 100vw, 800px\" \/>\t\t\t\t\t\t\t\t\t\t\t<figcaption class=\"widget-image-caption wp-caption-text\">6. Masterly, Palazzo dei Giureconsulti<\/figcaption>\n\t\t\t\t\t\t\t\t\t\t<\/figure>\n\t\t\t\t\t\t\t\t\t<\/div>\n\t\t\t\t<\/div>\n\t\t\t\t<div class=\"elementor-element elementor-element-9fcdd18 elementor-widget elementor-widget-text-editor\" data-id=\"9fcdd18\" data-element_type=\"widget\" data-e-type=\"widget\" data-widget_type=\"text-editor.default\">\n\t\t\t\t<div class=\"elementor-widget-container\">\n\t\t\t\t\t\t\t\t\t<h6><strong>Palazzo dei Giureconsulti<\/strong><br \/><strong>Piazza dei Mercanti 2, Milan<\/strong><\/h6>\t\t\t\t\t\t\t\t<\/div>\n\t\t\t\t<\/div>\n\t\t\t\t<div class=\"elementor-element elementor-element-adfd8fd elementor-widget elementor-widget-text-editor\" data-id=\"adfd8fd\" data-element_type=\"widget\" data-e-type=\"widget\" data-widget_type=\"text-editor.default\">\n\t\t\t\t<div class=\"elementor-widget-container\">\n\t\t\t\t\t\t\t\t\t<h2>7. Porsche, Brera Design Week<\/h2><p><span style=\"font-weight: 400;\">Inserita nel circuito del <\/span><span style=\"text-decoration: underline;\"><a href=\"https:\/\/www.breradesigndistrict.it\/\"><b>Brera Design District<\/b><\/a><\/span><span style=\"font-weight: 400;\">, ricco di showroom ed eventi per tutto il Fuorisalone e che vale sicuramente una visita, l&#8217;<\/span><b>opera curata da Porsche a Palazzo Clerici<\/b><span style=\"font-weight: 400;\"> promette di ridisegnare i cortili esterni della dimora nobiliare seicentesca. <\/span><i><span style=\"font-weight: 400;\">Lines of Flight<\/span><\/i><span style=\"font-weight: 400;\"> del <\/span><b>collettivo di design Numen\/For Use<\/b><span style=\"font-weight: 400;\"> sar\u00e0 una monumentale installazione interattiva ispirata all\u2019iconico motivo pepita proposto per la prima volta nella 356C, 911 Porsche.\u00a0<\/span><\/p>\t\t\t\t\t\t\t\t<\/div>\n\t\t\t\t<\/div>\n\t\t\t\t<div class=\"elementor-element elementor-element-6cf152e elementor-widget elementor-widget-image\" data-id=\"6cf152e\" data-element_type=\"widget\" data-e-type=\"widget\" data-widget_type=\"image.default\">\n\t\t\t\t<div class=\"elementor-widget-container\">\n\t\t\t\t\t\t\t\t\t\t\t\t<figure class=\"wp-caption\">\n\t\t\t\t\t\t\t\t\t\t<img loading=\"lazy\" decoding=\"async\" width=\"800\" height=\"534\" src=\"https:\/\/www.atmosferamag.it\/wp-content\/uploads\/2024\/04\/07-Porsche-Palazzo-Clerici-1024x683.jpg\" class=\"attachment-large size-large wp-image-33154\" alt=\"\" srcset=\"https:\/\/www.atmosferamag.it\/wp-content\/uploads\/2024\/04\/07-Porsche-Palazzo-Clerici-1024x683.jpg 1024w, https:\/\/www.atmosferamag.it\/wp-content\/uploads\/2024\/04\/07-Porsche-Palazzo-Clerici-300x200.jpg 300w, https:\/\/www.atmosferamag.it\/wp-content\/uploads\/2024\/04\/07-Porsche-Palazzo-Clerici-768x512.jpg 768w, https:\/\/www.atmosferamag.it\/wp-content\/uploads\/2024\/04\/07-Porsche-Palazzo-Clerici-1536x1024.jpg 1536w, https:\/\/www.atmosferamag.it\/wp-content\/uploads\/2024\/04\/07-Porsche-Palazzo-Clerici-2048x1365.jpg 2048w\" sizes=\"(max-width: 800px) 100vw, 800px\" \/>\t\t\t\t\t\t\t\t\t\t\t<figcaption class=\"widget-image-caption wp-caption-text\">7. Porsche, Palazzo Clerici<\/figcaption>\n\t\t\t\t\t\t\t\t\t\t<\/figure>\n\t\t\t\t\t\t\t\t\t<\/div>\n\t\t\t\t<\/div>\n\t\t\t\t<div class=\"elementor-element elementor-element-f7cae0c elementor-widget elementor-widget-text-editor\" data-id=\"f7cae0c\" data-element_type=\"widget\" data-e-type=\"widget\" data-widget_type=\"text-editor.default\">\n\t\t\t\t<div class=\"elementor-widget-container\">\n\t\t\t\t\t\t\t\t\t<h6><strong>Palazzo Clerici<\/strong><br \/><strong>Via Clerici 5, Milan<\/strong><\/h6>\t\t\t\t\t\t\t\t<\/div>\n\t\t\t\t<\/div>\n\t\t\t\t<div class=\"elementor-element elementor-element-f9e48f3 elementor-widget elementor-widget-text-editor\" data-id=\"f9e48f3\" data-element_type=\"widget\" data-e-type=\"widget\" data-widget_type=\"text-editor.default\">\n\t\t\t\t<div class=\"elementor-widget-container\">\n\t\t\t\t\t\t\t\t\t<h2>8. Origin of Simplicity<\/h2><p><span style=\"font-weight: 400;\">Non \u00e8 certamente un luogo segreto l&#8217;<\/span><span style=\"text-decoration: underline;\"><a href=\"http:\/\/adidesignmuseum.org\"><b>ADI Design Museum<\/b><\/a><\/span><span style=\"font-weight: 400;\"> di Milano, ma le sue mostre dedicate al miglior design industriale sono una garanzia. Per il Fuorisalone presenter\u00e0 <\/span><i><span style=\"font-weight: 400;\">Origin of Simplicity 20 Visions of Japanese Design<\/span><\/i><span style=\"font-weight: 400;\">, una lettura inedita del design giapponese con 150 opere. Il museo ospiter\u00e0 anche altri eventi, mostre e installazioni, oltre che l\u2019esposizione della collezione permanente del premio Compasso d\u2019Oro.<\/span><\/p>\t\t\t\t\t\t\t\t<\/div>\n\t\t\t\t<\/div>\n\t\t\t\t<div class=\"elementor-element elementor-element-7087261 elementor-widget elementor-widget-image\" data-id=\"7087261\" data-element_type=\"widget\" data-e-type=\"widget\" data-widget_type=\"image.default\">\n\t\t\t\t<div class=\"elementor-widget-container\">\n\t\t\t\t\t\t\t\t\t\t\t\t<figure class=\"wp-caption\">\n\t\t\t\t\t\t\t\t\t\t<img loading=\"lazy\" decoding=\"async\" width=\"800\" height=\"534\" src=\"https:\/\/www.atmosferamag.it\/wp-content\/uploads\/2024\/04\/08-ADI-Design-Museum-mostra-Presente-Permanente.-Ph-MartinaBonetti-1024x683.jpg\" class=\"attachment-large size-large wp-image-33156\" alt=\"\" srcset=\"https:\/\/www.atmosferamag.it\/wp-content\/uploads\/2024\/04\/08-ADI-Design-Museum-mostra-Presente-Permanente.-Ph-MartinaBonetti-1024x683.jpg 1024w, https:\/\/www.atmosferamag.it\/wp-content\/uploads\/2024\/04\/08-ADI-Design-Museum-mostra-Presente-Permanente.-Ph-MartinaBonetti-300x200.jpg 300w, https:\/\/www.atmosferamag.it\/wp-content\/uploads\/2024\/04\/08-ADI-Design-Museum-mostra-Presente-Permanente.-Ph-MartinaBonetti-768x512.jpg 768w, https:\/\/www.atmosferamag.it\/wp-content\/uploads\/2024\/04\/08-ADI-Design-Museum-mostra-Presente-Permanente.-Ph-MartinaBonetti-1536x1024.jpg 1536w, https:\/\/www.atmosferamag.it\/wp-content\/uploads\/2024\/04\/08-ADI-Design-Museum-mostra-Presente-Permanente.-Ph-MartinaBonetti-2048x1365.jpg 2048w\" sizes=\"(max-width: 800px) 100vw, 800px\" \/>\t\t\t\t\t\t\t\t\t\t\t<figcaption class=\"widget-image-caption wp-caption-text\">8. ADI Design Museum, mostra Presente Permanente - ph. Martina Bonetti<\/figcaption>\n\t\t\t\t\t\t\t\t\t\t<\/figure>\n\t\t\t\t\t\t\t\t\t<\/div>\n\t\t\t\t<\/div>\n\t\t\t\t<div class=\"elementor-element elementor-element-bba1b6c elementor-widget elementor-widget-text-editor\" data-id=\"bba1b6c\" data-element_type=\"widget\" data-e-type=\"widget\" data-widget_type=\"text-editor.default\">\n\t\t\t\t<div class=\"elementor-widget-container\">\n\t\t\t\t\t\t\t\t\t<h6><strong>ADI Design Museum<\/strong><br \/><strong>Piazza Compasso d&#8217;Oro 1, Milan<\/strong><\/h6>\t\t\t\t\t\t\t\t<\/div>\n\t\t\t\t<\/div>\n\t\t\t\t<div class=\"elementor-element elementor-element-1770613 elementor-widget elementor-widget-text-editor\" data-id=\"1770613\" data-element_type=\"widget\" data-e-type=\"widget\" data-widget_type=\"text-editor.default\">\n\t\t\t\t<div class=\"elementor-widget-container\">\n\t\t\t\t\t\t\t\t\t<h2>9. 5VIE Desgin Week<\/h2><p><span style=\"font-weight: 400;\">Giunta alla sua undicesima edizione,<\/span> <a href=\"https:\/\/5vie.it\/dna-home\/43123\/5vie-design-week-2024\/?lan=it\"><b><span style=\"text-decoration: underline;\">5VIE Design Week<\/span><\/b><\/a><b> riporta il design d\u2019autore e l\u2019artigianato d\u2019\u00e9lite nel cuore del centro storico<\/b><span style=\"font-weight: 400;\"> di Milano, nell\u2019area compresa tra corsso Magenta, Sant\u2019Ambrogio e le Colonne di San Lorenzo. Mostre, installazioni e performance animano palazzi e corti dell&#8217;area fatta di vicoli stretti e pav\u00e9, angoli segreti della citt\u00e0 spesso chiusi al pubblico. Tra questi <\/span><b>Palazzo Litta<\/b><span style=\"font-weight: 400;\"> in corso Magenta 24, residenza in stile barocco con stanze affrescate tra cui perdersi col naso all&#8217;ins\u00f9, e la novecentesca <\/span><b>Residenza Vignale<\/b><span style=\"font-weight: 400;\"> trasformata in l&#8217;<\/span><b>Appartamento da Artmest<\/b><span style=\"font-weight: 400;\">.<\/span><\/p>\t\t\t\t\t\t\t\t<\/div>\n\t\t\t\t<\/div>\n\t\t\t\t<div class=\"elementor-element elementor-element-986e8bb elementor-widget elementor-widget-image\" data-id=\"986e8bb\" data-element_type=\"widget\" data-e-type=\"widget\" data-widget_type=\"image.default\">\n\t\t\t\t<div class=\"elementor-widget-container\">\n\t\t\t\t\t\t\t\t\t\t\t\t<figure class=\"wp-caption\">\n\t\t\t\t\t\t\t\t\t\t<img loading=\"lazy\" decoding=\"async\" width=\"800\" height=\"600\" src=\"https:\/\/www.atmosferamag.it\/wp-content\/uploads\/2024\/04\/09-Artemest-l_Appartamento-Residenza-Vignale_5VIE-1024x768.jpg\" class=\"attachment-large size-large wp-image-33158\" alt=\"\" srcset=\"https:\/\/www.atmosferamag.it\/wp-content\/uploads\/2024\/04\/09-Artemest-l_Appartamento-Residenza-Vignale_5VIE-1024x768.jpg 1024w, https:\/\/www.atmosferamag.it\/wp-content\/uploads\/2024\/04\/09-Artemest-l_Appartamento-Residenza-Vignale_5VIE-300x225.jpg 300w, https:\/\/www.atmosferamag.it\/wp-content\/uploads\/2024\/04\/09-Artemest-l_Appartamento-Residenza-Vignale_5VIE-768x576.jpg 768w, https:\/\/www.atmosferamag.it\/wp-content\/uploads\/2024\/04\/09-Artemest-l_Appartamento-Residenza-Vignale_5VIE-1536x1152.jpg 1536w, https:\/\/www.atmosferamag.it\/wp-content\/uploads\/2024\/04\/09-Artemest-l_Appartamento-Residenza-Vignale_5VIE-2048x1536.jpg 2048w\" sizes=\"(max-width: 800px) 100vw, 800px\" \/>\t\t\t\t\t\t\t\t\t\t\t<figcaption class=\"widget-image-caption wp-caption-text\">9. Artemest, l'Appartamento, Residenza Vignale\/5VIE<\/figcaption>\n\t\t\t\t\t\t\t\t\t\t<\/figure>\n\t\t\t\t\t\t\t\t\t<\/div>\n\t\t\t\t<\/div>\n\t\t\t\t<div class=\"elementor-element elementor-element-b75dcfd elementor-widget elementor-widget-text-editor\" data-id=\"b75dcfd\" data-element_type=\"widget\" data-e-type=\"widget\" data-widget_type=\"text-editor.default\">\n\t\t\t\t<div class=\"elementor-widget-container\">\n\t\t\t\t\t\t\t\t\t<h6><strong>Residenza Vignale<\/strong><br \/><strong>Via E. Toti 2<\/strong><\/h6>\t\t\t\t\t\t\t\t<\/div>\n\t\t\t\t<\/div>\n\t\t\t\t<div class=\"elementor-element elementor-element-5169814 elementor-widget elementor-widget-text-editor\" data-id=\"5169814\" data-element_type=\"widget\" data-e-type=\"widget\" data-widget_type=\"text-editor.default\">\n\t\t\t\t<div class=\"elementor-widget-container\">\n\t\t\t\t\t\t\t\t\t<h2>10. Fuorisalone Festival<\/h2><p><span style=\"font-weight: 400;\">Nella <\/span><b>location post industriale dell&#8217;ex Macello<\/b><span style=\"font-weight: 400;\">, aperta l&#8217;anno scorso da Alcova, va in scena quest&#8217;anno il Fuorisalone Festival, <\/span><b>una settimana di mostre legate al design ed eventi musicali <\/b><span style=\"font-weight: 400;\">curata da \u00a0<\/span><span style=\"text-decoration: underline;\"><a href=\"https:\/\/customer48565.musvc2.net\/e\/tr?q=3%3dHeFVI%26I%3dF%26D%3dGgDR%263%3dbHQEg%266%3d88Q1I_6xdp_Gh_3qgw_Cf_6xdp_Fmw5q8yDw9lBs.F5_Heza_RT%26A%3dxK7SnR.2B5%2697%3deHQKe%265I%3dFgCTNZKTNdF1o8lWNZ%26s%3d1t9HZtdGXofJ4N8nUHaFUEeC2pCF3N8G6IepYpaK6t8nVEgCUI0J5KgHWF8lVoCm&amp;mupckp=mupAtu4m8OiX0wt\"><span style=\"font-weight: 400;\">Le Cannibale<\/span><\/a><\/span><span style=\"font-weight: 400;\">,\u00a0<\/span><span style=\"text-decoration: underline;\"><a href=\"https:\/\/customer48565.musvc2.net\/e\/tr?q=0%3dPf5cQ%26J%3d5%26K%3dOh3Y%26A%3dc7XMh%26u%3dEFRpP_DySw_Oi_rxox_2m_DySw_NnwTI.GnPF9gOwK.cL9_PQzl_ZF8BC_mF89nL_DySw_Nn%26d%3dJGQv0N.LeQ%265Q8w9a%3d8dMe8%26QE%3dZ0YPh3gPh7bSh3%26E%3dOg68yBdZ10eC1B9YSg1C1a89UZffxBb9SacZS0ceQh2BQf6B2f8eQYcg1C1eMd1e&amp;mupckp=mupAtu4m8OiX0wt\"><span style=\"font-weight: 400;\">APE<\/span><\/a><\/span><span style=\"font-weight: 400;\">,\u00a0<\/span><span style=\"text-decoration: underline;\"><a href=\"https:\/\/customer48565.musvc2.net\/e\/tr?q=0%3d6bSc7%26F%3dS%26K%3d5dQY%26q%3dYUX3d%26I%3dEvNDP_tuqw_5e_FxUt_Pm_tuqw_4jKTy.J78pIz.Fv_LozR_Vd_OSwn_Y5%268%3dARuP1Y.p9H%26Fu%3dbUX9b%26HP%3d4dPa8c5yBWXaBaSdBW%266%3dA4VUXB01bB64a37TCgaOd6WTb36RY06QBf81e55VYdaQXhaX90WQB3VRC40Xbe9T&amp;mupckp=mupAtu4m8OiX0wt\"><span style=\"font-weight: 400;\">PianoB<\/span><\/a><\/span><span style=\"font-weight: 400;\">,\u00a0<\/span><span style=\"text-decoration: underline;\"><a href=\"https:\/\/customer48565.musvc2.net\/e\/tr?q=3%3d9dEV0%26H%3dE%26D%3d8fCR%26t%3daGQ6f%265%3d8yPzI_wwcp_8g_2qXv_Bf_wwcp_7lw1wAw9q7xE.tNq_HVyZ_RK%260%3dwKxRmR.sA4%269x%3ddGQBd%264I%3d7fBTEYJTEcE1f7kWEY%26r%3d2DeARgeA39YA1AaEQhWAYicDXEYCT7ZCWBeB4g8EUiWG2k8oTf0nZffA47fo18fp&amp;mupckp=mupAtu4m8OiX0wt\"><span style=\"font-weight: 400;\">Mare culturale urbano<\/span><\/a><\/span><span style=\"font-weight: 400;\">\u00a0e\u00a0<\/span><span style=\"text-decoration: underline;\"><a href=\"https:\/\/customer48565.musvc2.net\/e\/tr?q=9%3dJXRbK%26B%3dR%26J%3dIZPX%265%3dUTWGZ%26H%3dD0JCO_8qpv_Ia_Ewip_Ol_8qpv_HfJSC.6HK89F72EAA.yJ_Ewip_Ol%26t%3dCHOB3O.JuJ%266O%3dNWNcN%26JF%3dXPRQfIZ7q1xQfMUTfI%268%3d2Ar21eI2WAO5NaKX3BuUVeu5QAKWNZuQRWP118MZN0LS27rTxds4ScvYWZJ43Wv4&amp;mupckp=mupAtu4m8OiX0wt\"><span style=\"font-weight: 400;\">Fuorisalone.it<\/span><\/a><\/span><span style=\"font-weight: 400;\">.\u00a0Negli oltre 3.800 metri quadri sono previsti oltre 70.000 visitatori, per un evento ancora in fase di definizione ma che si configura come una nuova e importante realt\u00e0 della design week milanese.<\/span><\/p>\t\t\t\t\t\t\t\t<\/div>\n\t\t\t\t<\/div>\n\t\t\t\t<div class=\"elementor-element elementor-element-cea40c5 elementor-widget elementor-widget-image\" data-id=\"cea40c5\" data-element_type=\"widget\" data-e-type=\"widget\" data-widget_type=\"image.default\">\n\t\t\t\t<div class=\"elementor-widget-container\">\n\t\t\t\t\t\t\t\t\t\t\t\t<figure class=\"wp-caption\">\n\t\t\t\t\t\t\t\t\t\t<img loading=\"lazy\" decoding=\"async\" width=\"800\" height=\"500\" src=\"https:\/\/www.atmosferamag.it\/wp-content\/uploads\/2024\/04\/10-Fuorisalone-Festival-ex-Macello.jpg\" class=\"attachment-large size-large wp-image-33160\" alt=\"\" srcset=\"https:\/\/www.atmosferamag.it\/wp-content\/uploads\/2024\/04\/10-Fuorisalone-Festival-ex-Macello.jpg 800w, https:\/\/www.atmosferamag.it\/wp-content\/uploads\/2024\/04\/10-Fuorisalone-Festival-ex-Macello-300x188.jpg 300w, https:\/\/www.atmosferamag.it\/wp-content\/uploads\/2024\/04\/10-Fuorisalone-Festival-ex-Macello-768x480.jpg 768w\" sizes=\"(max-width: 800px) 100vw, 800px\" \/>\t\t\t\t\t\t\t\t\t\t\t<figcaption class=\"widget-image-caption wp-caption-text\">10. Fuorisalone Festival, ex Macello<\/figcaption>\n\t\t\t\t\t\t\t\t\t\t<\/figure>\n\t\t\t\t\t\t\t\t\t<\/div>\n\t\t\t\t<\/div>\n\t\t\t\t<div class=\"elementor-element elementor-element-ed2aa94 elementor-widget elementor-widget-text-editor\" data-id=\"ed2aa94\" data-element_type=\"widget\" data-e-type=\"widget\" data-widget_type=\"text-editor.default\">\n\t\t\t\t<div class=\"elementor-widget-container\">\n\t\t\t\t\t\t\t\t\t<h6><strong>Ex Macello<\/strong><br \/><strong>Viale Molise 62<\/strong><\/h6>\t\t\t\t\t\t\t\t<\/div>\n\t\t\t\t<\/div>\n\t\t\t\t\t<\/div>\n\t\t<\/div>\n\t\t\t\t\t<\/div>\n\t\t<\/section>\n\t\t\t\t<\/div>\n\t\t","protected":false},"excerpt":{"rendered":"<p>La Design Week milanese \u00e8 anche l&#8217;occasione per visitare angoli di citt\u00e0 generalmente chiusi al pubblico. Ecco le 10 mostre, presentazioni ed eventi da non perdere in spazi tutti da scoprire.<\/p>\n","protected":false},"author":2,"featured_media":33145,"comment_status":"closed","ping_status":"closed","sticky":false,"template":"","format":"standard","meta":{"footnotes":""},"categories":[43],"tags":[],"class_list":["post-33169","post","type-post","status-publish","format-standard","has-post-thumbnail","hentry","category-highlights"],"yoast_head":"<!-- This site is optimized with the Yoast SEO plugin v26.0 - https:\/\/yoast.com\/wordpress\/plugins\/seo\/ -->\n<title>Le location pi\u00f9 belle del Fuorisalone 2024 | Atmosfera Mag<\/title>\n<meta name=\"description\" content=\"Scopri le location pi\u00f9 belle del Fuorisalone 2024, spazi spesso chiusi al pubblico e luoghi inediti da scoprire.\" \/>\n<meta name=\"robots\" content=\"index, follow, max-snippet:-1, max-image-preview:large, max-video-preview:-1\" \/>\n<link rel=\"canonical\" href=\"https:\/\/www.atmosferamag.it\/it\/fuorisalone-milano-2024-location\/\" \/>\n<meta property=\"og:locale\" content=\"it_IT\" \/>\n<meta property=\"og:type\" content=\"article\" \/>\n<meta property=\"og:title\" content=\"Le location pi\u00f9 belle del Fuorisalone 2024 | Atmosfera Mag\" \/>\n<meta property=\"og:description\" content=\"Scopri le location pi\u00f9 belle del Fuorisalone 2024, spazi spesso chiusi al pubblico e luoghi inediti da scoprire.\" \/>\n<meta property=\"og:url\" content=\"https:\/\/www.atmosferamag.it\/it\/fuorisalone-milano-2024-location\/\" \/>\n<meta property=\"og:site_name\" content=\"Atmosfera Mag\" \/>\n<meta property=\"article:publisher\" content=\"https:\/\/www.facebook.com\/people\/Atmosfera-Mag\/100086538670476\/\" \/>\n<meta property=\"article:published_time\" content=\"2024-04-08T08:09:39+00:00\" \/>\n<meta property=\"article:modified_time\" content=\"2024-04-08T08:17:16+00:00\" \/>\n<meta property=\"og:image\" content=\"https:\/\/www.atmosferamag.it\/wp-content\/uploads\/2024\/04\/03.1-Isola-Design-Festival-2024_WAO-PL7.-Ph-\u00a9courtesy-of-WAO-PL7-scaled.jpg\" \/>\n\t<meta property=\"og:image:width\" content=\"2560\" \/>\n\t<meta property=\"og:image:height\" content=\"1707\" \/>\n\t<meta property=\"og:image:type\" content=\"image\/jpeg\" \/>\n<meta name=\"author\" content=\"Redazione AtmosferaMag\" \/>\n<meta name=\"twitter:card\" content=\"summary_large_image\" \/>\n<meta name=\"twitter:label1\" content=\"Scritto da\" \/>\n\t<meta name=\"twitter:data1\" content=\"Redazione AtmosferaMag\" \/>\n\t<meta name=\"twitter:label2\" content=\"Tempo di lettura stimato\" \/>\n\t<meta name=\"twitter:data2\" content=\"8 minuti\" \/>\n<script type=\"application\/ld+json\" class=\"yoast-schema-graph\">{\"@context\":\"https:\/\/schema.org\",\"@graph\":[{\"@type\":\"Article\",\"@id\":\"https:\/\/www.atmosferamag.it\/it\/fuorisalone-milano-2024-location\/#article\",\"isPartOf\":{\"@id\":\"https:\/\/www.atmosferamag.it\/it\/fuorisalone-milano-2024-location\/\"},\"author\":{\"name\":\"Redazione AtmosferaMag\",\"@id\":\"https:\/\/www.atmosferamag.it\/it\/#\/schema\/person\/ab74a44bc124a0796815bc269e4939dc\"},\"headline\":\"10 location (quasi) segrete da scoprire al Fuorisalone 2024\",\"datePublished\":\"2024-04-08T08:09:39+00:00\",\"dateModified\":\"2024-04-08T08:17:16+00:00\",\"mainEntityOfPage\":{\"@id\":\"https:\/\/www.atmosferamag.it\/it\/fuorisalone-milano-2024-location\/\"},\"wordCount\":1069,\"publisher\":{\"@id\":\"https:\/\/www.atmosferamag.it\/it\/#organization\"},\"image\":{\"@id\":\"https:\/\/www.atmosferamag.it\/it\/fuorisalone-milano-2024-location\/#primaryimage\"},\"thumbnailUrl\":\"https:\/\/www.atmosferamag.it\/wp-content\/uploads\/2024\/04\/03.1-Isola-Design-Festival-2024_WAO-PL7.-Ph-\u00a9courtesy-of-WAO-PL7-scaled.jpg\",\"articleSection\":[\"Highlights\"],\"inLanguage\":\"it-IT\"},{\"@type\":\"WebPage\",\"@id\":\"https:\/\/www.atmosferamag.it\/it\/fuorisalone-milano-2024-location\/\",\"url\":\"https:\/\/www.atmosferamag.it\/it\/fuorisalone-milano-2024-location\/\",\"name\":\"Le location pi\u00f9 belle del Fuorisalone 2024 | Atmosfera Mag\",\"isPartOf\":{\"@id\":\"https:\/\/www.atmosferamag.it\/it\/#website\"},\"primaryImageOfPage\":{\"@id\":\"https:\/\/www.atmosferamag.it\/it\/fuorisalone-milano-2024-location\/#primaryimage\"},\"image\":{\"@id\":\"https:\/\/www.atmosferamag.it\/it\/fuorisalone-milano-2024-location\/#primaryimage\"},\"thumbnailUrl\":\"https:\/\/www.atmosferamag.it\/wp-content\/uploads\/2024\/04\/03.1-Isola-Design-Festival-2024_WAO-PL7.-Ph-\u00a9courtesy-of-WAO-PL7-scaled.jpg\",\"datePublished\":\"2024-04-08T08:09:39+00:00\",\"dateModified\":\"2024-04-08T08:17:16+00:00\",\"description\":\"Scopri le location pi\u00f9 belle del Fuorisalone 2024, spazi spesso chiusi al pubblico e luoghi inediti da scoprire.\",\"breadcrumb\":{\"@id\":\"https:\/\/www.atmosferamag.it\/it\/fuorisalone-milano-2024-location\/#breadcrumb\"},\"inLanguage\":\"it-IT\",\"potentialAction\":[{\"@type\":\"ReadAction\",\"target\":[\"https:\/\/www.atmosferamag.it\/it\/fuorisalone-milano-2024-location\/\"]}]},{\"@type\":\"ImageObject\",\"inLanguage\":\"it-IT\",\"@id\":\"https:\/\/www.atmosferamag.it\/it\/fuorisalone-milano-2024-location\/#primaryimage\",\"url\":\"https:\/\/www.atmosferamag.it\/wp-content\/uploads\/2024\/04\/03.1-Isola-Design-Festival-2024_WAO-PL7.-Ph-\u00a9courtesy-of-WAO-PL7-scaled.jpg\",\"contentUrl\":\"https:\/\/www.atmosferamag.it\/wp-content\/uploads\/2024\/04\/03.1-Isola-Design-Festival-2024_WAO-PL7.-Ph-\u00a9courtesy-of-WAO-PL7-scaled.jpg\",\"width\":2560,\"height\":1707},{\"@type\":\"BreadcrumbList\",\"@id\":\"https:\/\/www.atmosferamag.it\/it\/fuorisalone-milano-2024-location\/#breadcrumb\",\"itemListElement\":[{\"@type\":\"ListItem\",\"position\":1,\"name\":\"Home\",\"item\":\"https:\/\/www.atmosferamag.it\/it\/\"},{\"@type\":\"ListItem\",\"position\":2,\"name\":\"10 location (quasi) segrete da scoprire al Fuorisalone 2024\"}]},{\"@type\":\"WebSite\",\"@id\":\"https:\/\/www.atmosferamag.it\/it\/#website\",\"url\":\"https:\/\/www.atmosferamag.it\/it\/\",\"name\":\"Atmosfera Mag\",\"description\":\"La luce in tutte le sue forme\",\"publisher\":{\"@id\":\"https:\/\/www.atmosferamag.it\/it\/#organization\"},\"potentialAction\":[{\"@type\":\"SearchAction\",\"target\":{\"@type\":\"EntryPoint\",\"urlTemplate\":\"https:\/\/www.atmosferamag.it\/it\/?s={search_term_string}\"},\"query-input\":{\"@type\":\"PropertyValueSpecification\",\"valueRequired\":true,\"valueName\":\"search_term_string\"}}],\"inLanguage\":\"it-IT\"},{\"@type\":\"Organization\",\"@id\":\"https:\/\/www.atmosferamag.it\/it\/#organization\",\"name\":\"Atmosfera Mag\",\"url\":\"https:\/\/www.atmosferamag.it\/it\/\",\"logo\":{\"@type\":\"ImageObject\",\"inLanguage\":\"it-IT\",\"@id\":\"https:\/\/www.atmosferamag.it\/it\/#\/schema\/logo\/image\/\",\"url\":\"https:\/\/www.atmosferamag.it\/wp-content\/uploads\/2022\/09\/titolo.png\",\"contentUrl\":\"https:\/\/www.atmosferamag.it\/wp-content\/uploads\/2022\/09\/titolo.png\",\"width\":2728,\"height\":406,\"caption\":\"Atmosfera Mag\"},\"image\":{\"@id\":\"https:\/\/www.atmosferamag.it\/it\/#\/schema\/logo\/image\/\"},\"sameAs\":[\"https:\/\/www.facebook.com\/people\/Atmosfera-Mag\/100086538670476\/\",\"https:\/\/www.instagram.com\/atmosferamag\/\",\"https:\/\/www.pinterest.it\/atmosfera_mag\/\"]},{\"@type\":\"Person\",\"@id\":\"https:\/\/www.atmosferamag.it\/it\/#\/schema\/person\/ab74a44bc124a0796815bc269e4939dc\",\"name\":\"Redazione AtmosferaMag\",\"image\":{\"@type\":\"ImageObject\",\"inLanguage\":\"it-IT\",\"@id\":\"https:\/\/www.atmosferamag.it\/it\/#\/schema\/person\/image\/\",\"url\":\"https:\/\/secure.gravatar.com\/avatar\/75c14bf3645779c6632cf8ba43a7dc0a35c55ddd31ef25cacf675d951cdd4015?s=96&d=mm&r=g\",\"contentUrl\":\"https:\/\/secure.gravatar.com\/avatar\/75c14bf3645779c6632cf8ba43a7dc0a35c55ddd31ef25cacf675d951cdd4015?s=96&d=mm&r=g\",\"caption\":\"Redazione AtmosferaMag\"},\"url\":\"https:\/\/www.atmosferamag.it\/it\/author\/4tm0sf3r4m4g\/\"}]}<\/script>\n<!-- \/ Yoast SEO plugin. -->","yoast_head_json":{"title":"Le location pi\u00f9 belle del Fuorisalone 2024 | Atmosfera Mag","description":"Scopri le location pi\u00f9 belle del Fuorisalone 2024, spazi spesso chiusi al pubblico e luoghi inediti da scoprire.","robots":{"index":"index","follow":"follow","max-snippet":"max-snippet:-1","max-image-preview":"max-image-preview:large","max-video-preview":"max-video-preview:-1"},"canonical":"https:\/\/www.atmosferamag.it\/it\/fuorisalone-milano-2024-location\/","og_locale":"it_IT","og_type":"article","og_title":"Le location pi\u00f9 belle del Fuorisalone 2024 | Atmosfera Mag","og_description":"Scopri le location pi\u00f9 belle del Fuorisalone 2024, spazi spesso chiusi al pubblico e luoghi inediti da scoprire.","og_url":"https:\/\/www.atmosferamag.it\/it\/fuorisalone-milano-2024-location\/","og_site_name":"Atmosfera Mag","article_publisher":"https:\/\/www.facebook.com\/people\/Atmosfera-Mag\/100086538670476\/","article_published_time":"2024-04-08T08:09:39+00:00","article_modified_time":"2024-04-08T08:17:16+00:00","og_image":[{"width":2560,"height":1707,"url":"https:\/\/www.atmosferamag.it\/wp-content\/uploads\/2024\/04\/03.1-Isola-Design-Festival-2024_WAO-PL7.-Ph-\u00a9courtesy-of-WAO-PL7-scaled.jpg","type":"image\/jpeg"}],"author":"Redazione AtmosferaMag","twitter_card":"summary_large_image","twitter_misc":{"Scritto da":"Redazione AtmosferaMag","Tempo di lettura stimato":"8 minuti"},"schema":{"@context":"https:\/\/schema.org","@graph":[{"@type":"Article","@id":"https:\/\/www.atmosferamag.it\/it\/fuorisalone-milano-2024-location\/#article","isPartOf":{"@id":"https:\/\/www.atmosferamag.it\/it\/fuorisalone-milano-2024-location\/"},"author":{"name":"Redazione AtmosferaMag","@id":"https:\/\/www.atmosferamag.it\/it\/#\/schema\/person\/ab74a44bc124a0796815bc269e4939dc"},"headline":"10 location (quasi) segrete da scoprire al Fuorisalone 2024","datePublished":"2024-04-08T08:09:39+00:00","dateModified":"2024-04-08T08:17:16+00:00","mainEntityOfPage":{"@id":"https:\/\/www.atmosferamag.it\/it\/fuorisalone-milano-2024-location\/"},"wordCount":1069,"publisher":{"@id":"https:\/\/www.atmosferamag.it\/it\/#organization"},"image":{"@id":"https:\/\/www.atmosferamag.it\/it\/fuorisalone-milano-2024-location\/#primaryimage"},"thumbnailUrl":"https:\/\/www.atmosferamag.it\/wp-content\/uploads\/2024\/04\/03.1-Isola-Design-Festival-2024_WAO-PL7.-Ph-\u00a9courtesy-of-WAO-PL7-scaled.jpg","articleSection":["Highlights"],"inLanguage":"it-IT"},{"@type":"WebPage","@id":"https:\/\/www.atmosferamag.it\/it\/fuorisalone-milano-2024-location\/","url":"https:\/\/www.atmosferamag.it\/it\/fuorisalone-milano-2024-location\/","name":"Le location pi\u00f9 belle del Fuorisalone 2024 | Atmosfera Mag","isPartOf":{"@id":"https:\/\/www.atmosferamag.it\/it\/#website"},"primaryImageOfPage":{"@id":"https:\/\/www.atmosferamag.it\/it\/fuorisalone-milano-2024-location\/#primaryimage"},"image":{"@id":"https:\/\/www.atmosferamag.it\/it\/fuorisalone-milano-2024-location\/#primaryimage"},"thumbnailUrl":"https:\/\/www.atmosferamag.it\/wp-content\/uploads\/2024\/04\/03.1-Isola-Design-Festival-2024_WAO-PL7.-Ph-\u00a9courtesy-of-WAO-PL7-scaled.jpg","datePublished":"2024-04-08T08:09:39+00:00","dateModified":"2024-04-08T08:17:16+00:00","description":"Scopri le location pi\u00f9 belle del Fuorisalone 2024, spazi spesso chiusi al pubblico e luoghi inediti da scoprire.","breadcrumb":{"@id":"https:\/\/www.atmosferamag.it\/it\/fuorisalone-milano-2024-location\/#breadcrumb"},"inLanguage":"it-IT","potentialAction":[{"@type":"ReadAction","target":["https:\/\/www.atmosferamag.it\/it\/fuorisalone-milano-2024-location\/"]}]},{"@type":"ImageObject","inLanguage":"it-IT","@id":"https:\/\/www.atmosferamag.it\/it\/fuorisalone-milano-2024-location\/#primaryimage","url":"https:\/\/www.atmosferamag.it\/wp-content\/uploads\/2024\/04\/03.1-Isola-Design-Festival-2024_WAO-PL7.-Ph-\u00a9courtesy-of-WAO-PL7-scaled.jpg","contentUrl":"https:\/\/www.atmosferamag.it\/wp-content\/uploads\/2024\/04\/03.1-Isola-Design-Festival-2024_WAO-PL7.-Ph-\u00a9courtesy-of-WAO-PL7-scaled.jpg","width":2560,"height":1707},{"@type":"BreadcrumbList","@id":"https:\/\/www.atmosferamag.it\/it\/fuorisalone-milano-2024-location\/#breadcrumb","itemListElement":[{"@type":"ListItem","position":1,"name":"Home","item":"https:\/\/www.atmosferamag.it\/it\/"},{"@type":"ListItem","position":2,"name":"10 location (quasi) segrete da scoprire al Fuorisalone 2024"}]},{"@type":"WebSite","@id":"https:\/\/www.atmosferamag.it\/it\/#website","url":"https:\/\/www.atmosferamag.it\/it\/","name":"Atmosfera Mag","description":"La luce in tutte le sue forme","publisher":{"@id":"https:\/\/www.atmosferamag.it\/it\/#organization"},"potentialAction":[{"@type":"SearchAction","target":{"@type":"EntryPoint","urlTemplate":"https:\/\/www.atmosferamag.it\/it\/?s={search_term_string}"},"query-input":{"@type":"PropertyValueSpecification","valueRequired":true,"valueName":"search_term_string"}}],"inLanguage":"it-IT"},{"@type":"Organization","@id":"https:\/\/www.atmosferamag.it\/it\/#organization","name":"Atmosfera Mag","url":"https:\/\/www.atmosferamag.it\/it\/","logo":{"@type":"ImageObject","inLanguage":"it-IT","@id":"https:\/\/www.atmosferamag.it\/it\/#\/schema\/logo\/image\/","url":"https:\/\/www.atmosferamag.it\/wp-content\/uploads\/2022\/09\/titolo.png","contentUrl":"https:\/\/www.atmosferamag.it\/wp-content\/uploads\/2022\/09\/titolo.png","width":2728,"height":406,"caption":"Atmosfera Mag"},"image":{"@id":"https:\/\/www.atmosferamag.it\/it\/#\/schema\/logo\/image\/"},"sameAs":["https:\/\/www.facebook.com\/people\/Atmosfera-Mag\/100086538670476\/","https:\/\/www.instagram.com\/atmosferamag\/","https:\/\/www.pinterest.it\/atmosfera_mag\/"]},{"@type":"Person","@id":"https:\/\/www.atmosferamag.it\/it\/#\/schema\/person\/ab74a44bc124a0796815bc269e4939dc","name":"Redazione AtmosferaMag","image":{"@type":"ImageObject","inLanguage":"it-IT","@id":"https:\/\/www.atmosferamag.it\/it\/#\/schema\/person\/image\/","url":"https:\/\/secure.gravatar.com\/avatar\/75c14bf3645779c6632cf8ba43a7dc0a35c55ddd31ef25cacf675d951cdd4015?s=96&d=mm&r=g","contentUrl":"https:\/\/secure.gravatar.com\/avatar\/75c14bf3645779c6632cf8ba43a7dc0a35c55ddd31ef25cacf675d951cdd4015?s=96&d=mm&r=g","caption":"Redazione AtmosferaMag"},"url":"https:\/\/www.atmosferamag.it\/it\/author\/4tm0sf3r4m4g\/"}]}},"_links":{"self":[{"href":"https:\/\/www.atmosferamag.it\/it\/wp-json\/wp\/v2\/posts\/33169","targetHints":{"allow":["GET"]}}],"collection":[{"href":"https:\/\/www.atmosferamag.it\/it\/wp-json\/wp\/v2\/posts"}],"about":[{"href":"https:\/\/www.atmosferamag.it\/it\/wp-json\/wp\/v2\/types\/post"}],"author":[{"embeddable":true,"href":"https:\/\/www.atmosferamag.it\/it\/wp-json\/wp\/v2\/users\/2"}],"replies":[{"embeddable":true,"href":"https:\/\/www.atmosferamag.it\/it\/wp-json\/wp\/v2\/comments?post=33169"}],"version-history":[{"count":4,"href":"https:\/\/www.atmosferamag.it\/it\/wp-json\/wp\/v2\/posts\/33169\/revisions"}],"predecessor-version":[{"id":33176,"href":"https:\/\/www.atmosferamag.it\/it\/wp-json\/wp\/v2\/posts\/33169\/revisions\/33176"}],"wp:featuredmedia":[{"embeddable":true,"href":"https:\/\/www.atmosferamag.it\/it\/wp-json\/wp\/v2\/media\/33145"}],"wp:attachment":[{"href":"https:\/\/www.atmosferamag.it\/it\/wp-json\/wp\/v2\/media?parent=33169"}],"wp:term":[{"taxonomy":"category","embeddable":true,"href":"https:\/\/www.atmosferamag.it\/it\/wp-json\/wp\/v2\/categories?post=33169"},{"taxonomy":"post_tag","embeddable":true,"href":"https:\/\/www.atmosferamag.it\/it\/wp-json\/wp\/v2\/tags?post=33169"}],"curies":[{"name":"wp","href":"https:\/\/api.w.org\/{rel}","templated":true}]}}