{"id":30791,"date":"2023-10-23T21:25:21","date_gmt":"2023-10-23T19:25:21","guid":{"rendered":"https:\/\/www.atmosferamag.it\/?p=30791"},"modified":"2023-10-27T18:37:35","modified_gmt":"2023-10-27T16:37:35","slug":"architect-at-work-milano-2023","status":"publish","type":"post","link":"https:\/\/www.atmosferamag.it\/it\/architect-at-work-milano-2023\/","title":{"rendered":"Tutto su Architect@Work Milano 2023"},"content":{"rendered":"\t\t<div data-elementor-type=\"wp-post\" data-elementor-id=\"30791\" class=\"elementor elementor-30791 elementor-30813\" data-elementor-post-type=\"post\">\n\t\t\t\t\t\t<section class=\"elementor-section elementor-top-section elementor-element elementor-element-b08cc3b elementor-section-boxed elementor-section-height-default elementor-section-height-default\" data-id=\"b08cc3b\" data-element_type=\"section\" data-e-type=\"section\">\n\t\t\t\t\t\t<div class=\"elementor-container elementor-column-gap-default\">\n\t\t\t\t\t<div class=\"elementor-column elementor-col-100 elementor-top-column elementor-element elementor-element-99837cd\" data-id=\"99837cd\" data-element_type=\"column\" data-e-type=\"column\">\n\t\t\t<div class=\"elementor-widget-wrap elementor-element-populated\">\n\t\t\t\t\t\t<div class=\"elementor-element elementor-element-eef240d elementor-widget elementor-widget-text-editor\" data-id=\"eef240d\" data-element_type=\"widget\" data-e-type=\"widget\" data-widget_type=\"text-editor.default\">\n\t\t\t\t<div class=\"elementor-widget-container\">\n\t\t\t\t\t\t\t\t\t<p><span style=\"font-weight: 400;\">Grande entusiasmo per <\/span><span style=\"text-decoration: underline;\"><a href=\"https:\/\/milan.architectatwork.it\/\"><span style=\"font-weight: 400;\">Architect@Work Milano 2023<\/span><\/a><span style=\"font-weight: 400;\">, <\/span><\/span><b>in programma il prossimo 8 e 9 Novembre<\/b><span style=\"font-weight: 400;\">, appuntamento dedicato agli addetti ai lavori per scoprire migliori <\/span><b>novit\u00e0 per l\u2019architettura, l\u2019edilizia e l\u2019interior design<\/b><span style=\"font-weight: 400;\">. \u00abDa Architect@Work si tocca con mano la qualit\u00e0 dei prodotti, si incontrano i referenti aziendali e si creano contatti diretti, senza filtri\u00bb sottolinea <\/span><b>Annalisa Grossi, project manager di Architect@Work<\/b><span style=\"font-weight: 400;\">. \u00ab\u00c8 un evento leggero, piacevole, compatto, la visita non stanca; inoltre, il lato commerciale della kermesse \u00e8 corredato con contenuti di ispirazione per il pubblico, mostre e talk pensati per gli architetti. Nel 2022 abbiamo avuto<\/span><b> 3,420 visitatori unici<\/b><span style=\"font-weight: 400;\">, confidiamo che il numero cresca\u00bb.<\/span><\/p>\t\t\t\t\t\t\t\t<\/div>\n\t\t\t\t<\/div>\n\t\t\t\t<div class=\"elementor-element elementor-element-ef4a0c3 elementor-widget elementor-widget-image\" data-id=\"ef4a0c3\" data-element_type=\"widget\" data-e-type=\"widget\" data-widget_type=\"image.default\">\n\t\t\t\t<div class=\"elementor-widget-container\">\n\t\t\t\t\t\t\t\t\t\t\t\t<figure class=\"wp-caption\">\n\t\t\t\t\t\t\t\t\t\t<img fetchpriority=\"high\" decoding=\"async\" width=\"800\" height=\"533\" src=\"https:\/\/www.atmosferamag.it\/wp-content\/uploads\/2023\/10\/A@W-Milano-2022-21-NOV-100.jpg\" class=\"attachment-large size-large wp-image-30806\" alt=\"\" srcset=\"https:\/\/www.atmosferamag.it\/wp-content\/uploads\/2023\/10\/A@W-Milano-2022-21-NOV-100.jpg 900w, https:\/\/www.atmosferamag.it\/wp-content\/uploads\/2023\/10\/A@W-Milano-2022-21-NOV-100-300x200.jpg 300w, https:\/\/www.atmosferamag.it\/wp-content\/uploads\/2023\/10\/A@W-Milano-2022-21-NOV-100-768x512.jpg 768w\" sizes=\"(max-width: 800px) 100vw, 800px\" \/>\t\t\t\t\t\t\t\t\t\t\t<figcaption class=\"widget-image-caption wp-caption-text\">1. Architect@Work Milano 2022 <\/figcaption>\n\t\t\t\t\t\t\t\t\t\t<\/figure>\n\t\t\t\t\t\t\t\t\t<\/div>\n\t\t\t\t<\/div>\n\t\t\t\t<div class=\"elementor-element elementor-element-d35120d elementor-widget elementor-widget-text-editor\" data-id=\"d35120d\" data-element_type=\"widget\" data-e-type=\"widget\" data-widget_type=\"text-editor.default\">\n\t\t\t\t<div class=\"elementor-widget-container\">\n\t\t\t\t\t\t\t\t\t<h2>Le Innovazioni dell&#8217;Edizione 2023 di Architect@Work Milano<\/h2>\t\t\t\t\t\t\t\t<\/div>\n\t\t\t\t<\/div>\n\t\t\t\t<div class=\"elementor-element elementor-element-ff79b86 elementor-widget elementor-widget-text-editor\" data-id=\"ff79b86\" data-element_type=\"widget\" data-e-type=\"widget\" data-widget_type=\"text-editor.default\">\n\t\t\t\t<div class=\"elementor-widget-container\">\n\t\t\t\t\t\t\t\t\t<p><span style=\"font-weight: 400;\">Con il titolo \u201c<\/span><b>Fab Futures \u2013 linguaggi emergenti per le generazioni future<\/b><span style=\"font-weight: 400;\">\u201d, la Nona Edizione milanese della <\/span><i><span style=\"font-weight: 400;\">kermesse<\/span><\/i><span style=\"font-weight: 400;\"> fieristica propone una <\/span><b>riflessione sul futuro e sui suoi paradigmi in continua evoluzione<\/b><span style=\"font-weight: 400;\">: crisi climatica, nuove potenze digitali, nuovi fattori culturali che, come uomo e natura insegnano, si trasformano nel tempo.<\/span><\/p><p><b>Due giornate dedicate al networking e all\u2019aggiornamento professionale<\/b><span style=\"font-weight: 400;\">: \u00e8 confermato ancora una volta il layout originale con stand tutti identici per dimensioni che si susseguono lungo file ordinate dando vita a <\/span><b>una galleria espositiva <\/b><span style=\"font-weight: 400;\">dove i prodotti e le idee sono protagonisti e i corridoi esulano dalla loro funzione di semplici aree di passaggio, trasformandosi in <\/span><b>spazi di incontro personale e di scambio<\/b><span style=\"font-weight: 400;\">.\u00a0<\/span><\/p><p><span style=\"font-weight: 400;\">Confermata anche la formula con snack e bevande gratuite disponibili per l\u2019intera giornata. Continua Annalisa Grossi: \u00abIl format piace molto a espositori e visitatori perch\u00e9 permette un&#8217;<\/span><b>interazione diretta tra chi produce materiali e componenti e chi pu\u00f2 utilizzarli nei progetti<\/b><span style=\"font-weight: 400;\">, \u00e8 un evento molto concreto dove non si fa networking ma nascono connessioni personali molto strette e collaborazioni pratiche\u00bb.<\/span><\/p>\t\t\t\t\t\t\t\t<\/div>\n\t\t\t\t<\/div>\n\t\t\t\t<div class=\"elementor-element elementor-element-aaa8e66 elementor-widget elementor-widget-image\" data-id=\"aaa8e66\" data-element_type=\"widget\" data-e-type=\"widget\" data-widget_type=\"image.default\">\n\t\t\t\t<div class=\"elementor-widget-container\">\n\t\t\t\t\t\t\t\t\t\t\t\t<figure class=\"wp-caption\">\n\t\t\t\t\t\t\t\t\t\t<img decoding=\"async\" width=\"800\" height=\"533\" src=\"https:\/\/www.atmosferamag.it\/wp-content\/uploads\/2023\/10\/A@W-2022-MILANO-1-1024x682.jpg\" class=\"attachment-large size-large wp-image-30802\" alt=\"\" srcset=\"https:\/\/www.atmosferamag.it\/wp-content\/uploads\/2023\/10\/A@W-2022-MILANO-1-1024x682.jpg 1024w, https:\/\/www.atmosferamag.it\/wp-content\/uploads\/2023\/10\/A@W-2022-MILANO-1-300x200.jpg 300w, https:\/\/www.atmosferamag.it\/wp-content\/uploads\/2023\/10\/A@W-2022-MILANO-1-768x512.jpg 768w, https:\/\/www.atmosferamag.it\/wp-content\/uploads\/2023\/10\/A@W-2022-MILANO-1-1536x1023.jpg 1536w, https:\/\/www.atmosferamag.it\/wp-content\/uploads\/2023\/10\/A@W-2022-MILANO-1.jpg 1800w\" sizes=\"(max-width: 800px) 100vw, 800px\" \/>\t\t\t\t\t\t\t\t\t\t\t<figcaption class=\"widget-image-caption wp-caption-text\">2. Architect@Work Milano 2022 <\/figcaption>\n\t\t\t\t\t\t\t\t\t\t<\/figure>\n\t\t\t\t\t\t\t\t\t<\/div>\n\t\t\t\t<\/div>\n\t\t\t\t<div class=\"elementor-element elementor-element-dd0e8a1 elementor-widget elementor-widget-text-editor\" data-id=\"dd0e8a1\" data-element_type=\"widget\" data-e-type=\"widget\" data-widget_type=\"text-editor.default\">\n\t\t\t\t<div class=\"elementor-widget-container\">\n\t\t\t\t\t\t\t\t\t<h2>Espositori e Highlights dell&#8217;Architect@Work Milano 2023<\/h2><div><p><span style=\"font-weight: 400;\">Oltre <\/span><b>200 i brand che esporranno ad Architect@Work Milano 2023<\/b><span style=\"font-weight: 400;\">, realt\u00e0 attive in tutte le categorie merceologiche coinvolte nel progetto di architettura e di interior design; dai serramenti al materiale fonoassorbente, dalle ceramiche alle cerniere, dalle coperture per tetti all\u2019illuminazione, dal rubinetto al parquet, dai sistemi per facciate alla domotica. <\/span><b>Allo stand 106 sar\u00e0 presente <\/b><b>A.A.G. Stucchi-Eutrac<\/b><span style=\"font-weight: 400;\">. Sottolinea<\/span><b> Annalisa Grossi<\/b><span style=\"font-weight: 400;\">: \u00abC&#8217;\u00e8 la stessa visibilit\u00e0 per tutti gli espositori, spiccano molto di pi\u00f9 i prodotti che i brand. Le proposte sono tutte recenti e hanno carattere innovativo, grazie anche alla selezione operata dalla commissione tecnica interna\u00bb.<\/span><\/p><p><span style=\"font-weight: 400;\">Per gli architetti ci sar\u00e0 un <\/span><b>palinsesto di 6 talk<\/b><span style=\"font-weight: 400;\"> a cura di<\/span><b> DDN<\/b><span style=\"font-weight: 400;\"> e di <\/span><span style=\"text-decoration: underline;\"><a href=\"https:\/\/ordinearchitetti.mi.it\/it\/fondazione\"><b>Fondazione dell\u2019Ordine degli Architetti P.P.C <\/b><\/a><\/span><span style=\"font-weight: 400;\">della Provincia di Milano che daranno diritto a cfp. All\u2019interno del <\/span><span style=\"text-decoration: underline;\"><a href=\"https:\/\/milan.architectatwork.it\/it\/speciali-e-seminari\/\"><span style=\"font-weight: 400;\">programma <\/span><\/a><\/span><span style=\"font-weight: 400;\">evidenziamo due le mostre speciali: \u201c<\/span><b><i>Next Beauty\u201d<\/i><\/b><b> a cura di Baolab<\/b><span style=\"font-weight: 400;\">, un viaggio attraverso evoluzione e sensorialit\u00e0 della materia, il racconto del bello e del suo rapporto col tempo, e l&#8217;installazione<\/span><b><i> \u201cStudio sulla Luce\u201d<\/i><\/b> <b>a cura di Raffaele Salvoldi<\/b><span style=\"font-weight: 400;\">, realizzata live durante i giorni di apertura con mattoncini <\/span><b>Kapla<\/b><span style=\"font-weight: 400;\">. A queste si affianca la gallery fotografica \u201c<\/span><b><i>Project Wall\u201d<\/i><\/b> <span style=\"font-weight: 400;\">a cura di <\/span><a href=\"https:\/\/www.world-architects.com\/en\"><span style=\"font-weight: 400;\"><span style=\"text-decoration: underline;\">worldarchitects.com<\/span><\/span><\/a><span style=\"font-weight: 400;\"> con scatti da tutto il mondo e in temporary bookstore con interessante selezione di pubblicazioni a tema progetto.<\/span><span style=\"font-weight: 400;\"><br \/><\/span><\/p><\/div>\t\t\t\t\t\t\t\t<\/div>\n\t\t\t\t<\/div>\n\t\t\t\t<div class=\"elementor-element elementor-element-9bea2bb elementor-widget elementor-widget-image\" data-id=\"9bea2bb\" data-element_type=\"widget\" data-e-type=\"widget\" data-widget_type=\"image.default\">\n\t\t\t\t<div class=\"elementor-widget-container\">\n\t\t\t\t\t\t\t\t\t\t\t\t<figure class=\"wp-caption\">\n\t\t\t\t\t\t\t\t\t\t<img decoding=\"async\" width=\"800\" height=\"533\" src=\"https:\/\/www.atmosferamag.it\/wp-content\/uploads\/2023\/10\/A@W-Milano-2022-21-NOV-25.jpg\" class=\"attachment-large size-large wp-image-30808\" alt=\"\" srcset=\"https:\/\/www.atmosferamag.it\/wp-content\/uploads\/2023\/10\/A@W-Milano-2022-21-NOV-25.jpg 900w, https:\/\/www.atmosferamag.it\/wp-content\/uploads\/2023\/10\/A@W-Milano-2022-21-NOV-25-300x200.jpg 300w, https:\/\/www.atmosferamag.it\/wp-content\/uploads\/2023\/10\/A@W-Milano-2022-21-NOV-25-768x512.jpg 768w\" sizes=\"(max-width: 800px) 100vw, 800px\" \/>\t\t\t\t\t\t\t\t\t\t\t<figcaption class=\"widget-image-caption wp-caption-text\">3. Architect@Work Milano 2022 <\/figcaption>\n\t\t\t\t\t\t\t\t\t\t<\/figure>\n\t\t\t\t\t\t\t\t\t<\/div>\n\t\t\t\t<\/div>\n\t\t\t\t<div class=\"elementor-element elementor-element-3c0819b elementor-widget elementor-widget-text-editor\" data-id=\"3c0819b\" data-element_type=\"widget\" data-e-type=\"widget\" data-widget_type=\"text-editor.default\">\n\t\t\t\t<div class=\"elementor-widget-container\">\n\t\t\t\t\t\t\t\t\t<h2>Come Partecipare all&#8217;Evento Architect@Work Milano 2023<\/h2><div><p><span style=\"font-weight: 400;\">Per partecipare ad <\/span><b>Architect@Work Milano 2023 \u00e8 necessario <\/b><span style=\"text-decoration: underline;\"><a href=\"https:\/\/register.visitcloud.com\/survey\/2idzyx8nsa488?actioncode=80215\"><b>richiedere un invito<\/b><\/a><\/span><span style=\"font-weight: 400;\"> (gratuito) con una mail all&#8217;indirizzo milano@architectatwork.com. Sul sito internet ufficiale dell&#8217;evento si trovano tutte le informazioni pratiche per raggiungere l&#8217;<\/span><b>Allianz MiCo<\/b><span style=\"font-weight: 400;\">.<\/span><\/p><\/div>\t\t\t\t\t\t\t\t<\/div>\n\t\t\t\t<\/div>\n\t\t\t\t\t<\/div>\n\t\t<\/div>\n\t\t\t\t\t<\/div>\n\t\t<\/section>\n\t\t\t\t<\/div>\n\t\t","protected":false},"excerpt":{"rendered":"<p>Ai blocchi di partenza la manifestazione dedicata al mondo del progetto, in calendario l&#8217;8 e il 9 novembre all&#8217;Allianz MiCo<\/p>\n","protected":false},"author":2,"featured_media":30796,"comment_status":"closed","ping_status":"open","sticky":false,"template":"","format":"standard","meta":{"footnotes":""},"categories":[43],"tags":[],"class_list":["post-30791","post","type-post","status-publish","format-standard","has-post-thumbnail","hentry","category-highlights"],"yoast_head":"<!-- This site is optimized with the Yoast SEO plugin v26.0 - https:\/\/yoast.com\/wordpress\/plugins\/seo\/ -->\n<title>Architect@Work Milano 2023: il programma | Atmosfera Mag<\/title>\n<meta name=\"description\" content=\"Scopri Architect@Work Milano 2023, l&#039;evento clou dell&#039;architettura, dell&#039;edilizia e del design. In calendario l&#039;8 e il 9 novembre all&#039;Allianz MiCo.\" \/>\n<meta name=\"robots\" content=\"index, follow, max-snippet:-1, max-image-preview:large, max-video-preview:-1\" \/>\n<link rel=\"canonical\" href=\"https:\/\/www.atmosferamag.it\/it\/architect-at-work-milano-2023\/\" \/>\n<meta property=\"og:locale\" content=\"it_IT\" \/>\n<meta property=\"og:type\" content=\"article\" \/>\n<meta property=\"og:title\" content=\"Architect@Work Milano 2023: il programma | Atmosfera Mag\" \/>\n<meta property=\"og:description\" content=\"Scopri Architect@Work Milano 2023, l&#039;evento clou dell&#039;architettura, dell&#039;edilizia e del design. In calendario l&#039;8 e il 9 novembre all&#039;Allianz MiCo.\" \/>\n<meta property=\"og:url\" content=\"https:\/\/www.atmosferamag.it\/it\/architect-at-work-milano-2023\/\" \/>\n<meta property=\"og:site_name\" content=\"Atmosfera Mag\" \/>\n<meta property=\"article:publisher\" content=\"https:\/\/www.facebook.com\/people\/Atmosfera-Mag\/100086538670476\/\" \/>\n<meta property=\"article:published_time\" content=\"2023-10-23T19:25:21+00:00\" \/>\n<meta property=\"article:modified_time\" content=\"2023-10-27T16:37:35+00:00\" \/>\n<meta property=\"og:image\" content=\"https:\/\/www.atmosferamag.it\/wp-content\/uploads\/2023\/10\/A@W-Milano-2022-21-NOV-108.jpg\" \/>\n\t<meta property=\"og:image:width\" content=\"900\" \/>\n\t<meta property=\"og:image:height\" content=\"585\" \/>\n\t<meta property=\"og:image:type\" content=\"image\/jpeg\" \/>\n<meta name=\"author\" content=\"Redazione AtmosferaMag\" \/>\n<meta name=\"twitter:card\" content=\"summary_large_image\" \/>\n<meta name=\"twitter:label1\" content=\"Scritto da\" \/>\n\t<meta name=\"twitter:data1\" content=\"Redazione AtmosferaMag\" \/>\n\t<meta name=\"twitter:label2\" content=\"Tempo di lettura stimato\" \/>\n\t<meta name=\"twitter:data2\" content=\"4 minuti\" \/>\n<script type=\"application\/ld+json\" class=\"yoast-schema-graph\">{\"@context\":\"https:\/\/schema.org\",\"@graph\":[{\"@type\":\"Article\",\"@id\":\"https:\/\/www.atmosferamag.it\/it\/architect-at-work-milano-2023\/#article\",\"isPartOf\":{\"@id\":\"https:\/\/www.atmosferamag.it\/it\/architect-at-work-milano-2023\/\"},\"author\":{\"name\":\"Redazione AtmosferaMag\",\"@id\":\"https:\/\/www.atmosferamag.it\/it\/#\/schema\/person\/ab74a44bc124a0796815bc269e4939dc\"},\"headline\":\"Tutto su Architect@Work Milano 2023\",\"datePublished\":\"2023-10-23T19:25:21+00:00\",\"dateModified\":\"2023-10-27T16:37:35+00:00\",\"mainEntityOfPage\":{\"@id\":\"https:\/\/www.atmosferamag.it\/it\/architect-at-work-milano-2023\/\"},\"wordCount\":559,\"publisher\":{\"@id\":\"https:\/\/www.atmosferamag.it\/it\/#organization\"},\"image\":{\"@id\":\"https:\/\/www.atmosferamag.it\/it\/architect-at-work-milano-2023\/#primaryimage\"},\"thumbnailUrl\":\"https:\/\/www.atmosferamag.it\/wp-content\/uploads\/2023\/10\/A@W-Milano-2022-21-NOV-108.jpg\",\"articleSection\":[\"Highlights\"],\"inLanguage\":\"it-IT\"},{\"@type\":\"WebPage\",\"@id\":\"https:\/\/www.atmosferamag.it\/it\/architect-at-work-milano-2023\/\",\"url\":\"https:\/\/www.atmosferamag.it\/it\/architect-at-work-milano-2023\/\",\"name\":\"Architect@Work Milano 2023: il programma | Atmosfera Mag\",\"isPartOf\":{\"@id\":\"https:\/\/www.atmosferamag.it\/it\/#website\"},\"primaryImageOfPage\":{\"@id\":\"https:\/\/www.atmosferamag.it\/it\/architect-at-work-milano-2023\/#primaryimage\"},\"image\":{\"@id\":\"https:\/\/www.atmosferamag.it\/it\/architect-at-work-milano-2023\/#primaryimage\"},\"thumbnailUrl\":\"https:\/\/www.atmosferamag.it\/wp-content\/uploads\/2023\/10\/A@W-Milano-2022-21-NOV-108.jpg\",\"datePublished\":\"2023-10-23T19:25:21+00:00\",\"dateModified\":\"2023-10-27T16:37:35+00:00\",\"description\":\"Scopri Architect@Work Milano 2023, l'evento clou dell'architettura, dell'edilizia e del design. In calendario l'8 e il 9 novembre all'Allianz MiCo.\",\"breadcrumb\":{\"@id\":\"https:\/\/www.atmosferamag.it\/it\/architect-at-work-milano-2023\/#breadcrumb\"},\"inLanguage\":\"it-IT\",\"potentialAction\":[{\"@type\":\"ReadAction\",\"target\":[\"https:\/\/www.atmosferamag.it\/it\/architect-at-work-milano-2023\/\"]}]},{\"@type\":\"ImageObject\",\"inLanguage\":\"it-IT\",\"@id\":\"https:\/\/www.atmosferamag.it\/it\/architect-at-work-milano-2023\/#primaryimage\",\"url\":\"https:\/\/www.atmosferamag.it\/wp-content\/uploads\/2023\/10\/A@W-Milano-2022-21-NOV-108.jpg\",\"contentUrl\":\"https:\/\/www.atmosferamag.it\/wp-content\/uploads\/2023\/10\/A@W-Milano-2022-21-NOV-108.jpg\",\"width\":900,\"height\":585},{\"@type\":\"BreadcrumbList\",\"@id\":\"https:\/\/www.atmosferamag.it\/it\/architect-at-work-milano-2023\/#breadcrumb\",\"itemListElement\":[{\"@type\":\"ListItem\",\"position\":1,\"name\":\"Home\",\"item\":\"https:\/\/www.atmosferamag.it\/it\/\"},{\"@type\":\"ListItem\",\"position\":2,\"name\":\"Tutto su Architect@Work Milano 2023\"}]},{\"@type\":\"WebSite\",\"@id\":\"https:\/\/www.atmosferamag.it\/it\/#website\",\"url\":\"https:\/\/www.atmosferamag.it\/it\/\",\"name\":\"Atmosfera Mag\",\"description\":\"La luce in tutte le sue forme\",\"publisher\":{\"@id\":\"https:\/\/www.atmosferamag.it\/it\/#organization\"},\"potentialAction\":[{\"@type\":\"SearchAction\",\"target\":{\"@type\":\"EntryPoint\",\"urlTemplate\":\"https:\/\/www.atmosferamag.it\/it\/?s={search_term_string}\"},\"query-input\":{\"@type\":\"PropertyValueSpecification\",\"valueRequired\":true,\"valueName\":\"search_term_string\"}}],\"inLanguage\":\"it-IT\"},{\"@type\":\"Organization\",\"@id\":\"https:\/\/www.atmosferamag.it\/it\/#organization\",\"name\":\"Atmosfera Mag\",\"url\":\"https:\/\/www.atmosferamag.it\/it\/\",\"logo\":{\"@type\":\"ImageObject\",\"inLanguage\":\"it-IT\",\"@id\":\"https:\/\/www.atmosferamag.it\/it\/#\/schema\/logo\/image\/\",\"url\":\"https:\/\/www.atmosferamag.it\/wp-content\/uploads\/2022\/09\/titolo.png\",\"contentUrl\":\"https:\/\/www.atmosferamag.it\/wp-content\/uploads\/2022\/09\/titolo.png\",\"width\":2728,\"height\":406,\"caption\":\"Atmosfera Mag\"},\"image\":{\"@id\":\"https:\/\/www.atmosferamag.it\/it\/#\/schema\/logo\/image\/\"},\"sameAs\":[\"https:\/\/www.facebook.com\/people\/Atmosfera-Mag\/100086538670476\/\",\"https:\/\/www.instagram.com\/atmosferamag\/\",\"https:\/\/www.pinterest.it\/atmosfera_mag\/\"]},{\"@type\":\"Person\",\"@id\":\"https:\/\/www.atmosferamag.it\/it\/#\/schema\/person\/ab74a44bc124a0796815bc269e4939dc\",\"name\":\"Redazione AtmosferaMag\",\"image\":{\"@type\":\"ImageObject\",\"inLanguage\":\"it-IT\",\"@id\":\"https:\/\/www.atmosferamag.it\/it\/#\/schema\/person\/image\/\",\"url\":\"https:\/\/secure.gravatar.com\/avatar\/75c14bf3645779c6632cf8ba43a7dc0a35c55ddd31ef25cacf675d951cdd4015?s=96&d=mm&r=g\",\"contentUrl\":\"https:\/\/secure.gravatar.com\/avatar\/75c14bf3645779c6632cf8ba43a7dc0a35c55ddd31ef25cacf675d951cdd4015?s=96&d=mm&r=g\",\"caption\":\"Redazione AtmosferaMag\"},\"url\":\"https:\/\/www.atmosferamag.it\/it\/author\/4tm0sf3r4m4g\/\"}]}<\/script>\n<!-- \/ Yoast SEO plugin. -->","yoast_head_json":{"title":"Architect@Work Milano 2023: il programma | Atmosfera Mag","description":"Scopri Architect@Work Milano 2023, l'evento clou dell'architettura, dell'edilizia e del design. In calendario l'8 e il 9 novembre all'Allianz MiCo.","robots":{"index":"index","follow":"follow","max-snippet":"max-snippet:-1","max-image-preview":"max-image-preview:large","max-video-preview":"max-video-preview:-1"},"canonical":"https:\/\/www.atmosferamag.it\/it\/architect-at-work-milano-2023\/","og_locale":"it_IT","og_type":"article","og_title":"Architect@Work Milano 2023: il programma | Atmosfera Mag","og_description":"Scopri Architect@Work Milano 2023, l'evento clou dell'architettura, dell'edilizia e del design. In calendario l'8 e il 9 novembre all'Allianz MiCo.","og_url":"https:\/\/www.atmosferamag.it\/it\/architect-at-work-milano-2023\/","og_site_name":"Atmosfera Mag","article_publisher":"https:\/\/www.facebook.com\/people\/Atmosfera-Mag\/100086538670476\/","article_published_time":"2023-10-23T19:25:21+00:00","article_modified_time":"2023-10-27T16:37:35+00:00","og_image":[{"width":900,"height":585,"url":"https:\/\/www.atmosferamag.it\/wp-content\/uploads\/2023\/10\/A@W-Milano-2022-21-NOV-108.jpg","type":"image\/jpeg"}],"author":"Redazione AtmosferaMag","twitter_card":"summary_large_image","twitter_misc":{"Scritto da":"Redazione AtmosferaMag","Tempo di lettura stimato":"4 minuti"},"schema":{"@context":"https:\/\/schema.org","@graph":[{"@type":"Article","@id":"https:\/\/www.atmosferamag.it\/it\/architect-at-work-milano-2023\/#article","isPartOf":{"@id":"https:\/\/www.atmosferamag.it\/it\/architect-at-work-milano-2023\/"},"author":{"name":"Redazione AtmosferaMag","@id":"https:\/\/www.atmosferamag.it\/it\/#\/schema\/person\/ab74a44bc124a0796815bc269e4939dc"},"headline":"Tutto su Architect@Work Milano 2023","datePublished":"2023-10-23T19:25:21+00:00","dateModified":"2023-10-27T16:37:35+00:00","mainEntityOfPage":{"@id":"https:\/\/www.atmosferamag.it\/it\/architect-at-work-milano-2023\/"},"wordCount":559,"publisher":{"@id":"https:\/\/www.atmosferamag.it\/it\/#organization"},"image":{"@id":"https:\/\/www.atmosferamag.it\/it\/architect-at-work-milano-2023\/#primaryimage"},"thumbnailUrl":"https:\/\/www.atmosferamag.it\/wp-content\/uploads\/2023\/10\/A@W-Milano-2022-21-NOV-108.jpg","articleSection":["Highlights"],"inLanguage":"it-IT"},{"@type":"WebPage","@id":"https:\/\/www.atmosferamag.it\/it\/architect-at-work-milano-2023\/","url":"https:\/\/www.atmosferamag.it\/it\/architect-at-work-milano-2023\/","name":"Architect@Work Milano 2023: il programma | Atmosfera Mag","isPartOf":{"@id":"https:\/\/www.atmosferamag.it\/it\/#website"},"primaryImageOfPage":{"@id":"https:\/\/www.atmosferamag.it\/it\/architect-at-work-milano-2023\/#primaryimage"},"image":{"@id":"https:\/\/www.atmosferamag.it\/it\/architect-at-work-milano-2023\/#primaryimage"},"thumbnailUrl":"https:\/\/www.atmosferamag.it\/wp-content\/uploads\/2023\/10\/A@W-Milano-2022-21-NOV-108.jpg","datePublished":"2023-10-23T19:25:21+00:00","dateModified":"2023-10-27T16:37:35+00:00","description":"Scopri Architect@Work Milano 2023, l'evento clou dell'architettura, dell'edilizia e del design. In calendario l'8 e il 9 novembre all'Allianz MiCo.","breadcrumb":{"@id":"https:\/\/www.atmosferamag.it\/it\/architect-at-work-milano-2023\/#breadcrumb"},"inLanguage":"it-IT","potentialAction":[{"@type":"ReadAction","target":["https:\/\/www.atmosferamag.it\/it\/architect-at-work-milano-2023\/"]}]},{"@type":"ImageObject","inLanguage":"it-IT","@id":"https:\/\/www.atmosferamag.it\/it\/architect-at-work-milano-2023\/#primaryimage","url":"https:\/\/www.atmosferamag.it\/wp-content\/uploads\/2023\/10\/A@W-Milano-2022-21-NOV-108.jpg","contentUrl":"https:\/\/www.atmosferamag.it\/wp-content\/uploads\/2023\/10\/A@W-Milano-2022-21-NOV-108.jpg","width":900,"height":585},{"@type":"BreadcrumbList","@id":"https:\/\/www.atmosferamag.it\/it\/architect-at-work-milano-2023\/#breadcrumb","itemListElement":[{"@type":"ListItem","position":1,"name":"Home","item":"https:\/\/www.atmosferamag.it\/it\/"},{"@type":"ListItem","position":2,"name":"Tutto su Architect@Work Milano 2023"}]},{"@type":"WebSite","@id":"https:\/\/www.atmosferamag.it\/it\/#website","url":"https:\/\/www.atmosferamag.it\/it\/","name":"Atmosfera Mag","description":"La luce in tutte le sue forme","publisher":{"@id":"https:\/\/www.atmosferamag.it\/it\/#organization"},"potentialAction":[{"@type":"SearchAction","target":{"@type":"EntryPoint","urlTemplate":"https:\/\/www.atmosferamag.it\/it\/?s={search_term_string}"},"query-input":{"@type":"PropertyValueSpecification","valueRequired":true,"valueName":"search_term_string"}}],"inLanguage":"it-IT"},{"@type":"Organization","@id":"https:\/\/www.atmosferamag.it\/it\/#organization","name":"Atmosfera Mag","url":"https:\/\/www.atmosferamag.it\/it\/","logo":{"@type":"ImageObject","inLanguage":"it-IT","@id":"https:\/\/www.atmosferamag.it\/it\/#\/schema\/logo\/image\/","url":"https:\/\/www.atmosferamag.it\/wp-content\/uploads\/2022\/09\/titolo.png","contentUrl":"https:\/\/www.atmosferamag.it\/wp-content\/uploads\/2022\/09\/titolo.png","width":2728,"height":406,"caption":"Atmosfera Mag"},"image":{"@id":"https:\/\/www.atmosferamag.it\/it\/#\/schema\/logo\/image\/"},"sameAs":["https:\/\/www.facebook.com\/people\/Atmosfera-Mag\/100086538670476\/","https:\/\/www.instagram.com\/atmosferamag\/","https:\/\/www.pinterest.it\/atmosfera_mag\/"]},{"@type":"Person","@id":"https:\/\/www.atmosferamag.it\/it\/#\/schema\/person\/ab74a44bc124a0796815bc269e4939dc","name":"Redazione AtmosferaMag","image":{"@type":"ImageObject","inLanguage":"it-IT","@id":"https:\/\/www.atmosferamag.it\/it\/#\/schema\/person\/image\/","url":"https:\/\/secure.gravatar.com\/avatar\/75c14bf3645779c6632cf8ba43a7dc0a35c55ddd31ef25cacf675d951cdd4015?s=96&d=mm&r=g","contentUrl":"https:\/\/secure.gravatar.com\/avatar\/75c14bf3645779c6632cf8ba43a7dc0a35c55ddd31ef25cacf675d951cdd4015?s=96&d=mm&r=g","caption":"Redazione AtmosferaMag"},"url":"https:\/\/www.atmosferamag.it\/it\/author\/4tm0sf3r4m4g\/"}]}},"_links":{"self":[{"href":"https:\/\/www.atmosferamag.it\/it\/wp-json\/wp\/v2\/posts\/30791","targetHints":{"allow":["GET"]}}],"collection":[{"href":"https:\/\/www.atmosferamag.it\/it\/wp-json\/wp\/v2\/posts"}],"about":[{"href":"https:\/\/www.atmosferamag.it\/it\/wp-json\/wp\/v2\/types\/post"}],"author":[{"embeddable":true,"href":"https:\/\/www.atmosferamag.it\/it\/wp-json\/wp\/v2\/users\/2"}],"replies":[{"embeddable":true,"href":"https:\/\/www.atmosferamag.it\/it\/wp-json\/wp\/v2\/comments?post=30791"}],"version-history":[{"count":14,"href":"https:\/\/www.atmosferamag.it\/it\/wp-json\/wp\/v2\/posts\/30791\/revisions"}],"predecessor-version":[{"id":30959,"href":"https:\/\/www.atmosferamag.it\/it\/wp-json\/wp\/v2\/posts\/30791\/revisions\/30959"}],"wp:featuredmedia":[{"embeddable":true,"href":"https:\/\/www.atmosferamag.it\/it\/wp-json\/wp\/v2\/media\/30796"}],"wp:attachment":[{"href":"https:\/\/www.atmosferamag.it\/it\/wp-json\/wp\/v2\/media?parent=30791"}],"wp:term":[{"taxonomy":"category","embeddable":true,"href":"https:\/\/www.atmosferamag.it\/it\/wp-json\/wp\/v2\/categories?post=30791"},{"taxonomy":"post_tag","embeddable":true,"href":"https:\/\/www.atmosferamag.it\/it\/wp-json\/wp\/v2\/tags?post=30791"}],"curies":[{"name":"wp","href":"https:\/\/api.w.org\/{rel}","templated":true}]}}