{"id":30713,"date":"2023-10-22T22:18:54","date_gmt":"2023-10-22T20:18:54","guid":{"rendered":"https:\/\/www.atmosferamag.it\/?p=30713"},"modified":"2023-10-22T22:19:46","modified_gmt":"2023-10-22T20:19:46","slug":"calamaio-oluce-studenti-sapienza","status":"publish","type":"post","link":"https:\/\/www.atmosferamag.it\/it\/calamaio-oluce-studenti-sapienza\/","title":{"rendered":"Calamaio: quando i sogni diventano luce"},"content":{"rendered":"\t\t<div data-elementor-type=\"wp-post\" data-elementor-id=\"30713\" class=\"elementor elementor-30713 elementor-30736\" data-elementor-post-type=\"post\">\n\t\t\t\t\t\t<section class=\"elementor-section elementor-top-section elementor-element elementor-element-b08cc3b elementor-section-boxed elementor-section-height-default elementor-section-height-default\" data-id=\"b08cc3b\" data-element_type=\"section\" data-e-type=\"section\">\n\t\t\t\t\t\t<div class=\"elementor-container elementor-column-gap-default\">\n\t\t\t\t\t<div class=\"elementor-column elementor-col-100 elementor-top-column elementor-element elementor-element-99837cd\" data-id=\"99837cd\" data-element_type=\"column\" data-e-type=\"column\">\n\t\t\t<div class=\"elementor-widget-wrap elementor-element-populated\">\n\t\t\t\t\t\t<div class=\"elementor-element elementor-element-41e300d elementor-widget elementor-widget-text-editor\" data-id=\"41e300d\" data-element_type=\"widget\" data-e-type=\"widget\" data-widget_type=\"text-editor.default\">\n\t\t\t\t<div class=\"elementor-widget-container\">\n\t\t\t\t\t\t\t\t\t<p><span style=\"font-weight: 400;\">Il successo del <\/span><b>progetto \u201cCalamaio\u201d<\/b><span style=\"font-weight: 400;\"> risponde perfettamente alla mission del <\/span><b>Master in Lighting Design dell\u2019Universit\u00e0 Sapienza di Roma<\/b><span style=\"font-weight: 400;\">, cio\u00e8 formare professionisti altamente specializzati nel settore della luce che abbiano competenze a 360\u00b0 gradi nei vari ambiti applicativi di questa disciplina, mettendoli in condizione di esprimere da subito nel concreto il loro talento. La <\/span><b>lampada da tavolo firmata dagli studenti Marco Cervelleri<\/b><span style=\"font-weight: 400;\">, <\/span><b>Giulia Di Lorenzo <\/b><span style=\"font-weight: 400;\">e<\/span><b> Giacomo Montini <\/b><span style=\"font-weight: 400;\">\u00a0nell&#8217;ambito della settimana di studi dedicata al design di prodotto, \u00e8 entrata a far parte del <\/span><b>catalogo di <\/b><a href=\"https:\/\/www.oluce.com\/\"><span style=\"font-weight: 400;\"><span style=\"text-decoration: underline;\">Oluce<\/span><\/span><\/a><span style=\"font-weight: 400;\"> ed \u00e8 stata presentata a <\/span><span style=\"text-decoration: underline;\"><a href=\"https:\/\/www.atmosferamag.it\/it\/salone-del-mobile-milano-and-euroluce-2023-ended-with-great-success\/\"><b>Euroluce 2023<\/b><\/a><\/span><b>.<\/b><\/p>\t\t\t\t\t\t\t\t<\/div>\n\t\t\t\t<\/div>\n\t\t\t\t<div class=\"elementor-element elementor-element-44b83f9 elementor-widget elementor-widget-image\" data-id=\"44b83f9\" data-element_type=\"widget\" data-e-type=\"widget\" data-widget_type=\"image.default\">\n\t\t\t\t<div class=\"elementor-widget-container\">\n\t\t\t\t\t\t\t\t\t\t\t\t<figure class=\"wp-caption\">\n\t\t\t\t\t\t\t\t\t\t<img fetchpriority=\"high\" decoding=\"async\" width=\"800\" height=\"800\" src=\"https:\/\/www.atmosferamag.it\/wp-content\/uploads\/2023\/10\/02-Calamaio_Oluce_f_foto-Christian-Del-Giusto-1024x1024.jpg\" class=\"attachment-large size-large wp-image-30722\" alt=\"\" srcset=\"https:\/\/www.atmosferamag.it\/wp-content\/uploads\/2023\/10\/02-Calamaio_Oluce_f_foto-Christian-Del-Giusto-1024x1024.jpg 1024w, https:\/\/www.atmosferamag.it\/wp-content\/uploads\/2023\/10\/02-Calamaio_Oluce_f_foto-Christian-Del-Giusto-300x300.jpg 300w, https:\/\/www.atmosferamag.it\/wp-content\/uploads\/2023\/10\/02-Calamaio_Oluce_f_foto-Christian-Del-Giusto-150x150.jpg 150w, https:\/\/www.atmosferamag.it\/wp-content\/uploads\/2023\/10\/02-Calamaio_Oluce_f_foto-Christian-Del-Giusto-768x768.jpg 768w, https:\/\/www.atmosferamag.it\/wp-content\/uploads\/2023\/10\/02-Calamaio_Oluce_f_foto-Christian-Del-Giusto.jpg 1080w\" sizes=\"(max-width: 800px) 100vw, 800px\" \/>\t\t\t\t\t\t\t\t\t\t\t<figcaption class=\"widget-image-caption wp-caption-text\">1. I progettisti, da sinistra Giacomo Montini, Giulia Di Lorenzo, Marco Cervellieri - ph. Christian Del Giusto<\/figcaption>\n\t\t\t\t\t\t\t\t\t\t<\/figure>\n\t\t\t\t\t\t\t\t\t<\/div>\n\t\t\t\t<\/div>\n\t\t\t\t<div class=\"elementor-element elementor-element-fb7900a elementor-widget elementor-widget-text-editor\" data-id=\"fb7900a\" data-element_type=\"widget\" data-e-type=\"widget\" data-widget_type=\"text-editor.default\">\n\t\t\t\t<div class=\"elementor-widget-container\">\n\t\t\t\t\t\t\t\t\t<h2>La storia di Calamaio: design e passione con Oluce<\/h2>\t\t\t\t\t\t\t\t<\/div>\n\t\t\t\t<\/div>\n\t\t\t\t<div class=\"elementor-element elementor-element-4863fb8 elementor-widget elementor-widget-text-editor\" data-id=\"4863fb8\" data-element_type=\"widget\" data-e-type=\"widget\" data-widget_type=\"text-editor.default\">\n\t\t\t\t<div class=\"elementor-widget-container\">\n\t\t\t\t\t\t\t\t\t<p><span style=\"font-weight: 400;\">L\u2019<\/span><b>apparecchio di illuminazione da tavolo Calamaio<\/b><span style=\"font-weight: 400;\"> \u00e8 stato progettato nell\u2019ambito della settimana di Master dedicata al design di prodotto, coordinata da me (<\/span><b>Floriana Cannatelli<\/b><span style=\"font-weight: 400;\">) insieme al collega <\/span><b>Stefano Sabbatini<\/b><span style=\"font-weight: 400;\">. L&#8217;aspetto pi\u00f9 interessante del lavoro \u00e8 stata la <\/span><b>collaborazione e il supporto dello storico brand Oluce<\/b><span style=\"font-weight: 400;\">; <\/span><b>Franco Lettera<\/b><span style=\"font-weight: 400;\">, intervenuto al Master con una <\/span><i><span style=\"font-weight: 400;\">lecture<\/span><\/i><span style=\"font-weight: 400;\"> in cui ha ripercorso le tappe principali della sua esperienza in azienda, si \u00e8 reso disponibile a valutare i progetti elaborati dai ragazzi durante il workshop.\u00a0<\/span><\/p>\t\t\t\t\t\t\t\t<\/div>\n\t\t\t\t<\/div>\n\t\t\t\t<div class=\"elementor-element elementor-element-edc957e elementor-widget elementor-widget-image\" data-id=\"edc957e\" data-element_type=\"widget\" data-e-type=\"widget\" data-widget_type=\"image.default\">\n\t\t\t\t<div class=\"elementor-widget-container\">\n\t\t\t\t\t\t\t\t\t\t\t\t<figure class=\"wp-caption\">\n\t\t\t\t\t\t\t\t\t\t<img decoding=\"async\" width=\"800\" height=\"594\" src=\"https:\/\/www.atmosferamag.it\/wp-content\/uploads\/2023\/10\/04-Calamaio_Oluce_f_foto-Zoe-Leo-1024x760.jpg\" class=\"attachment-large size-large wp-image-30726\" alt=\"\" srcset=\"https:\/\/www.atmosferamag.it\/wp-content\/uploads\/2023\/10\/04-Calamaio_Oluce_f_foto-Zoe-Leo-1024x760.jpg 1024w, https:\/\/www.atmosferamag.it\/wp-content\/uploads\/2023\/10\/04-Calamaio_Oluce_f_foto-Zoe-Leo-300x223.jpg 300w, https:\/\/www.atmosferamag.it\/wp-content\/uploads\/2023\/10\/04-Calamaio_Oluce_f_foto-Zoe-Leo-768x570.jpg 768w, https:\/\/www.atmosferamag.it\/wp-content\/uploads\/2023\/10\/04-Calamaio_Oluce_f_foto-Zoe-Leo-1536x1140.jpg 1536w, https:\/\/www.atmosferamag.it\/wp-content\/uploads\/2023\/10\/04-Calamaio_Oluce_f_foto-Zoe-Leo-2048x1521.jpg 2048w\" sizes=\"(max-width: 800px) 100vw, 800px\" \/>\t\t\t\t\t\t\t\t\t\t\t<figcaption class=\"widget-image-caption wp-caption-text\">2. Franco Lettera, Direttore di Oluce, insieme a Floriana Cannatelli, responsabile dell\u2019organizzazione e docente del Master in Lighting Design dell\u2019Universit\u00e0 Sapienza - ph. Zoe Leo<\/figcaption>\n\t\t\t\t\t\t\t\t\t\t<\/figure>\n\t\t\t\t\t\t\t\t\t<\/div>\n\t\t\t\t<\/div>\n\t\t\t\t<div class=\"elementor-element elementor-element-63e3054 elementor-widget elementor-widget-text-editor\" data-id=\"63e3054\" data-element_type=\"widget\" data-e-type=\"widget\" data-widget_type=\"text-editor.default\">\n\t\t\t\t<div class=\"elementor-widget-container\">\n\t\t\t\t\t\t\t\t\t<p><span style=\"font-weight: 400;\">A suscitare il suo interesse \u00e8 stato il progetto di <\/span><b>Marco Cervellieri, Giulia Di Lorenzo, Giacomo Montini<\/b><span style=\"font-weight: 400;\"> per una <\/span><b>lampada da scrivania in metallo composta da due steli sottili che, ruotando sulla base, consentono ampia libert\u00e0 di movimento e orientamento della sorgente Led<\/b><span style=\"font-weight: 400;\">. \u00c8 cos\u00ec che \u00e8 nata Calamaio, oggi prodotta nelle colorazioni rosso scarlet, giallo mostarda e nickel nero satinato.<\/span><\/p>\t\t\t\t\t\t\t\t<\/div>\n\t\t\t\t<\/div>\n\t\t\t\t<div class=\"elementor-element elementor-element-ae294cc elementor-widget elementor-widget-text-editor\" data-id=\"ae294cc\" data-element_type=\"widget\" data-e-type=\"widget\" data-widget_type=\"text-editor.default\">\n\t\t\t\t<div class=\"elementor-widget-container\">\n\t\t\t\t\t\t\t\t\t<h2>Il Design di Calamaio raccontato dai Giovani Designer<\/h2><p><span style=\"font-weight: 400;\">Entusiasti del risultato ottenuto, i ragazzi hanno scelto di condividere la loro esperienza. Inizia <\/span><b>Marco Cervelleri<\/b><span style=\"font-weight: 400;\">: \u00abGrazie alla preziosa esperienza con Oluce ho constatato come la realizzazione di un prodotto sia complessa e affascinante nelle sue diverse fasi. Come progettista, ho potuto seguire e comprendere meglio gli elaborati passaggi che vanno dagli schizzi di concept all\u2019elaborazione progettuale in 3D, alla fase di prototipazione e di ingegnerizzazione, fino alla comunicazione e al marketing. Poter vedere il progetto realizzato ed esposto mi ha dato, oltre che una grande emozione, anche l&#8217;opportunit\u00e0 di vivere, osservare e confrontarmi con il mondo del design da una diversa e pi\u00f9 matura prospettiva professionale\u00bb.<\/span><\/p>\t\t\t\t\t\t\t\t<\/div>\n\t\t\t\t<\/div>\n\t\t\t\t<div class=\"elementor-element elementor-element-6ff7ebf elementor-widget elementor-widget-image\" data-id=\"6ff7ebf\" data-element_type=\"widget\" data-e-type=\"widget\" data-widget_type=\"image.default\">\n\t\t\t\t<div class=\"elementor-widget-container\">\n\t\t\t\t\t\t\t\t\t\t\t\t<figure class=\"wp-caption\">\n\t\t\t\t\t\t\t\t\t\t<img decoding=\"async\" width=\"800\" height=\"732\" src=\"https:\/\/www.atmosferamag.it\/wp-content\/uploads\/2023\/10\/03-Calamaio_Oluce_f_foto-Marco-Cervellieri-1024x937.jpg\" class=\"attachment-large size-large wp-image-30724\" alt=\"\" srcset=\"https:\/\/www.atmosferamag.it\/wp-content\/uploads\/2023\/10\/03-Calamaio_Oluce_f_foto-Marco-Cervellieri-1024x937.jpg 1024w, https:\/\/www.atmosferamag.it\/wp-content\/uploads\/2023\/10\/03-Calamaio_Oluce_f_foto-Marco-Cervellieri-300x274.jpg 300w, https:\/\/www.atmosferamag.it\/wp-content\/uploads\/2023\/10\/03-Calamaio_Oluce_f_foto-Marco-Cervellieri-768x703.jpg 768w, https:\/\/www.atmosferamag.it\/wp-content\/uploads\/2023\/10\/03-Calamaio_Oluce_f_foto-Marco-Cervellieri.jpg 1176w\" sizes=\"(max-width: 800px) 100vw, 800px\" \/>\t\t\t\t\t\t\t\t\t\t\t<figcaption class=\"widget-image-caption wp-caption-text\">3. Calamaio nello stand di Oluce ad Euroluce - ph. Cervellieri<\/figcaption>\n\t\t\t\t\t\t\t\t\t\t<\/figure>\n\t\t\t\t\t\t\t\t\t<\/div>\n\t\t\t\t<\/div>\n\t\t\t\t<div class=\"elementor-element elementor-element-a337f89 elementor-widget elementor-widget-text-editor\" data-id=\"a337f89\" data-element_type=\"widget\" data-e-type=\"widget\" data-widget_type=\"text-editor.default\">\n\t\t\t\t<div class=\"elementor-widget-container\">\n\t\t\t\t\t\t\t\t\t<p><span style=\"font-weight: 400;\">Gli fa eco <\/span><b>Giacomo Montini<\/b><span style=\"font-weight: 400;\">:<\/span><\/p><p><span style=\"font-weight: 400;\">\u00abProgettare Calamaio \u00e8 stato un viaggio stimolante. Siamo stati premiati con il fantastico risultato di avere il progetto in produzione, ho imparato l&#8217;importanza del lavoro di squadra, la precisione nel dettaglio e l\u2019importanza delle competenze inerenti la comunicazione. Questa esperienza mi ha ispirato a continuare a crescere e ad aprire nuove opportunit\u00e0 nella mia carriera professionale di lighting designer, in particolar modo nel settore del prodotto\u00bb.<\/span><\/p>\t\t\t\t\t\t\t\t<\/div>\n\t\t\t\t<\/div>\n\t\t\t\t<div class=\"elementor-element elementor-element-cbf2262 elementor-widget elementor-widget-text-editor\" data-id=\"cbf2262\" data-element_type=\"widget\" data-e-type=\"widget\" data-widget_type=\"text-editor.default\">\n\t\t\t\t<div class=\"elementor-widget-container\">\n\t\t\t\t\t\t\t\t\t<h2>Il Master in Lighting Design dell&#8217;Universit\u00e0 Sapienza di Roma<\/h2><p><span style=\"font-weight: 400;\">Attivo ormai da 20 anni, il <\/span><a href=\"https:\/\/www.uniroma1.it\/it\/offerta-formativa\/master\/2022\/lighting-design\"><span style=\"font-weight: 400;\"><span style=\"text-decoration: underline;\">Master<\/span><\/span><\/a><span style=\"font-weight: 400;\"> ha strutturato sin dalla prima edizione l\u2019intera programmazione didattica, e in particolare le esperienze progettuali dei workshop, sul <\/span><b>rapporto diretto con le aziende del settore, con le Istituzioni pubbliche e con i principali studi professionali<\/b><span style=\"font-weight: 400;\"> italiani al fine di verificare e aggiornare le prospettive concrete di inserimento professionale. Sono tanti i progetti concreti elaborati durante i corsi dagli studenti, dalle linee guida per il nuovo sistema di illuminazione del Colosseo al progetto di <\/span><span style=\"text-decoration: underline;\"><a href=\"https:\/\/www.atmosferamag.it\/it\/lampadari-moderni-tra-estetica-e-tecnologia\/\"><span style=\"font-weight: 400;\">illuminazione a Led<\/span><\/a><\/span><span style=\"font-weight: 400;\"> per il Comune di Roma, fino alla pi\u00f9 recente Convenzione pluriennale con Areti per la predisposizione di interventi migliorativi sugli impianti di Illuminazione Pubblica di Roma Capitale.\u00a0<\/span><\/p><p><span style=\"font-weight: 400;\">L&#8217;<\/span><b>offerta didattica<\/b><span style=\"font-weight: 400;\"> del Master <\/span><b>sviluppa le tematiche della progettazione della luce in ogni settore di applicazione, indoor e outdoor, dagli ambiti tradizionali del patrimonio storico artistico fino alle nuove frontiere del digitale<\/b><span style=\"font-weight: 400;\">.\u00a0 In questo ampio panorama formativo la progettazione del prodotto riveste un suo ruolo di grande interesse e si sostanzia di progetti innovativi sviluppati ogni anno in collaborazione con le aziende.\u00a0 A sottolineare la qualit\u00e0 dell&#8217;offerta formativa<\/span><b> Giulia Di Lorenzo<\/b><span style=\"font-weight: 400;\">, progettista di Calamaio, dichiara: \u00abIl Master mi ha dato la possibilit\u00e0 di incontrare importanti realt\u00e0 lavorative che altrimenti non avrei probabilmente mai conosciuto. La struttura didattica e organizzativa del Master \u00e8 molto attiva nell\u2019intento di creare continue sinergie col mondo del lavoro. Un lavoro di intermediazione prezioso che apprezzo moltissimo e che mi ha davvero aiutata a realizzarmi professionalmente\u00bb.<\/span><\/p>\t\t\t\t\t\t\t\t<\/div>\n\t\t\t\t<\/div>\n\t\t\t\t\t<\/div>\n\t\t<\/div>\n\t\t\t\t\t<\/div>\n\t\t<\/section>\n\t\t\t\t<\/div>\n\t\t","protected":false},"excerpt":{"rendered":"<p>La Lampada nata dalla creativit\u00e0 degli Studenti dell\u2019Universit\u00e0 Sapienza di Roma che celebra il Brand Oluce<\/p>\n","protected":false},"author":17,"featured_media":30716,"comment_status":"closed","ping_status":"open","sticky":false,"template":"","format":"standard","meta":{"footnotes":""},"categories":[39],"tags":[],"class_list":["post-30713","post","type-post","status-publish","format-standard","has-post-thumbnail","hentry","category-stories"],"yoast_head":"<!-- This site is optimized with the Yoast SEO plugin v26.0 - https:\/\/yoast.com\/wordpress\/plugins\/seo\/ -->\n<title>Calamaio: gli studenti disegnano per Oluce | Atmosfera<\/title>\n<meta name=\"description\" content=\"Progetto Calamaio: vi raccontiamo la lampada da tavolo ideata dagli studenti del Master in Lighting Design dell&#039;Universit\u00e0 Sapienza di Roma, per Oluce.\" \/>\n<meta name=\"robots\" content=\"index, follow, max-snippet:-1, max-image-preview:large, max-video-preview:-1\" \/>\n<link rel=\"canonical\" href=\"https:\/\/www.atmosferamag.it\/it\/calamaio-oluce-studenti-sapienza\/\" \/>\n<meta property=\"og:locale\" content=\"it_IT\" \/>\n<meta property=\"og:type\" content=\"article\" \/>\n<meta property=\"og:title\" content=\"Calamaio: gli studenti disegnano per Oluce | Atmosfera\" \/>\n<meta property=\"og:description\" content=\"Progetto Calamaio: vi raccontiamo la lampada da tavolo ideata dagli studenti del Master in Lighting Design dell&#039;Universit\u00e0 Sapienza di Roma, per Oluce.\" \/>\n<meta property=\"og:url\" content=\"https:\/\/www.atmosferamag.it\/it\/calamaio-oluce-studenti-sapienza\/\" \/>\n<meta property=\"og:site_name\" content=\"Atmosfera Mag\" \/>\n<meta property=\"article:publisher\" content=\"https:\/\/www.facebook.com\/people\/Atmosfera-Mag\/100086538670476\/\" \/>\n<meta property=\"article:published_time\" content=\"2023-10-22T20:18:54+00:00\" \/>\n<meta property=\"article:modified_time\" content=\"2023-10-22T20:19:46+00:00\" \/>\n<meta property=\"og:image\" content=\"https:\/\/www.atmosferamag.it\/wp-content\/uploads\/2023\/10\/01-Calamaio_Oluce_foto-Miro-Zagnoli.jpg\" \/>\n\t<meta property=\"og:image:width\" content=\"1744\" \/>\n\t<meta property=\"og:image:height\" content=\"1321\" \/>\n\t<meta property=\"og:image:type\" content=\"image\/jpeg\" \/>\n<meta name=\"author\" content=\"Floriana Cannatelli\" \/>\n<meta name=\"twitter:card\" content=\"summary_large_image\" \/>\n<meta name=\"twitter:label1\" content=\"Scritto da\" \/>\n\t<meta name=\"twitter:data1\" content=\"Floriana Cannatelli\" \/>\n\t<meta name=\"twitter:label2\" content=\"Tempo di lettura stimato\" \/>\n\t<meta name=\"twitter:data2\" content=\"5 minuti\" \/>\n<script type=\"application\/ld+json\" class=\"yoast-schema-graph\">{\"@context\":\"https:\/\/schema.org\",\"@graph\":[{\"@type\":\"Article\",\"@id\":\"https:\/\/www.atmosferamag.it\/it\/calamaio-oluce-studenti-sapienza\/#article\",\"isPartOf\":{\"@id\":\"https:\/\/www.atmosferamag.it\/it\/calamaio-oluce-studenti-sapienza\/\"},\"author\":{\"name\":\"Floriana Cannatelli\",\"@id\":\"https:\/\/www.atmosferamag.it\/it\/#\/schema\/person\/60d753082734326e14b166fa3dae2b13\"},\"headline\":\"Calamaio: quando i sogni diventano luce\",\"datePublished\":\"2023-10-22T20:18:54+00:00\",\"dateModified\":\"2023-10-22T20:19:46+00:00\",\"mainEntityOfPage\":{\"@id\":\"https:\/\/www.atmosferamag.it\/it\/calamaio-oluce-studenti-sapienza\/\"},\"wordCount\":736,\"publisher\":{\"@id\":\"https:\/\/www.atmosferamag.it\/it\/#organization\"},\"image\":{\"@id\":\"https:\/\/www.atmosferamag.it\/it\/calamaio-oluce-studenti-sapienza\/#primaryimage\"},\"thumbnailUrl\":\"https:\/\/www.atmosferamag.it\/wp-content\/uploads\/2023\/10\/01-Calamaio_Oluce_foto-Miro-Zagnoli.jpg\",\"articleSection\":[\"Stories\"],\"inLanguage\":\"it-IT\"},{\"@type\":\"WebPage\",\"@id\":\"https:\/\/www.atmosferamag.it\/it\/calamaio-oluce-studenti-sapienza\/\",\"url\":\"https:\/\/www.atmosferamag.it\/it\/calamaio-oluce-studenti-sapienza\/\",\"name\":\"Calamaio: gli studenti disegnano per Oluce | Atmosfera\",\"isPartOf\":{\"@id\":\"https:\/\/www.atmosferamag.it\/it\/#website\"},\"primaryImageOfPage\":{\"@id\":\"https:\/\/www.atmosferamag.it\/it\/calamaio-oluce-studenti-sapienza\/#primaryimage\"},\"image\":{\"@id\":\"https:\/\/www.atmosferamag.it\/it\/calamaio-oluce-studenti-sapienza\/#primaryimage\"},\"thumbnailUrl\":\"https:\/\/www.atmosferamag.it\/wp-content\/uploads\/2023\/10\/01-Calamaio_Oluce_foto-Miro-Zagnoli.jpg\",\"datePublished\":\"2023-10-22T20:18:54+00:00\",\"dateModified\":\"2023-10-22T20:19:46+00:00\",\"description\":\"Progetto Calamaio: vi raccontiamo la lampada da tavolo ideata dagli studenti del Master in Lighting Design dell'Universit\u00e0 Sapienza di Roma, per Oluce.\",\"breadcrumb\":{\"@id\":\"https:\/\/www.atmosferamag.it\/it\/calamaio-oluce-studenti-sapienza\/#breadcrumb\"},\"inLanguage\":\"it-IT\",\"potentialAction\":[{\"@type\":\"ReadAction\",\"target\":[\"https:\/\/www.atmosferamag.it\/it\/calamaio-oluce-studenti-sapienza\/\"]}]},{\"@type\":\"ImageObject\",\"inLanguage\":\"it-IT\",\"@id\":\"https:\/\/www.atmosferamag.it\/it\/calamaio-oluce-studenti-sapienza\/#primaryimage\",\"url\":\"https:\/\/www.atmosferamag.it\/wp-content\/uploads\/2023\/10\/01-Calamaio_Oluce_foto-Miro-Zagnoli.jpg\",\"contentUrl\":\"https:\/\/www.atmosferamag.it\/wp-content\/uploads\/2023\/10\/01-Calamaio_Oluce_foto-Miro-Zagnoli.jpg\",\"width\":1744,\"height\":1321},{\"@type\":\"BreadcrumbList\",\"@id\":\"https:\/\/www.atmosferamag.it\/it\/calamaio-oluce-studenti-sapienza\/#breadcrumb\",\"itemListElement\":[{\"@type\":\"ListItem\",\"position\":1,\"name\":\"Home\",\"item\":\"https:\/\/www.atmosferamag.it\/it\/\"},{\"@type\":\"ListItem\",\"position\":2,\"name\":\"Calamaio: quando i sogni diventano luce\"}]},{\"@type\":\"WebSite\",\"@id\":\"https:\/\/www.atmosferamag.it\/it\/#website\",\"url\":\"https:\/\/www.atmosferamag.it\/it\/\",\"name\":\"Atmosfera Mag\",\"description\":\"La luce in tutte le sue forme\",\"publisher\":{\"@id\":\"https:\/\/www.atmosferamag.it\/it\/#organization\"},\"potentialAction\":[{\"@type\":\"SearchAction\",\"target\":{\"@type\":\"EntryPoint\",\"urlTemplate\":\"https:\/\/www.atmosferamag.it\/it\/?s={search_term_string}\"},\"query-input\":{\"@type\":\"PropertyValueSpecification\",\"valueRequired\":true,\"valueName\":\"search_term_string\"}}],\"inLanguage\":\"it-IT\"},{\"@type\":\"Organization\",\"@id\":\"https:\/\/www.atmosferamag.it\/it\/#organization\",\"name\":\"Atmosfera Mag\",\"url\":\"https:\/\/www.atmosferamag.it\/it\/\",\"logo\":{\"@type\":\"ImageObject\",\"inLanguage\":\"it-IT\",\"@id\":\"https:\/\/www.atmosferamag.it\/it\/#\/schema\/logo\/image\/\",\"url\":\"https:\/\/www.atmosferamag.it\/wp-content\/uploads\/2022\/09\/titolo.png\",\"contentUrl\":\"https:\/\/www.atmosferamag.it\/wp-content\/uploads\/2022\/09\/titolo.png\",\"width\":2728,\"height\":406,\"caption\":\"Atmosfera Mag\"},\"image\":{\"@id\":\"https:\/\/www.atmosferamag.it\/it\/#\/schema\/logo\/image\/\"},\"sameAs\":[\"https:\/\/www.facebook.com\/people\/Atmosfera-Mag\/100086538670476\/\",\"https:\/\/www.instagram.com\/atmosferamag\/\",\"https:\/\/www.pinterest.it\/atmosfera_mag\/\"]},{\"@type\":\"Person\",\"@id\":\"https:\/\/www.atmosferamag.it\/it\/#\/schema\/person\/60d753082734326e14b166fa3dae2b13\",\"name\":\"Floriana Cannatelli\",\"image\":{\"@type\":\"ImageObject\",\"inLanguage\":\"it-IT\",\"@id\":\"https:\/\/www.atmosferamag.it\/it\/#\/schema\/person\/image\/\",\"url\":\"https:\/\/secure.gravatar.com\/avatar\/f13fec2b5d6b71bd0b46566e0b14e16f22ae90145c1b63818634d56f5a243bb7?s=96&d=mm&r=g\",\"contentUrl\":\"https:\/\/secure.gravatar.com\/avatar\/f13fec2b5d6b71bd0b46566e0b14e16f22ae90145c1b63818634d56f5a243bb7?s=96&d=mm&r=g\",\"caption\":\"Floriana Cannatelli\"},\"url\":\"https:\/\/www.atmosferamag.it\/it\/author\/floriana\/\"}]}<\/script>\n<!-- \/ Yoast SEO plugin. -->","yoast_head_json":{"title":"Calamaio: gli studenti disegnano per Oluce | Atmosfera","description":"Progetto Calamaio: vi raccontiamo la lampada da tavolo ideata dagli studenti del Master in Lighting Design dell'Universit\u00e0 Sapienza di Roma, per Oluce.","robots":{"index":"index","follow":"follow","max-snippet":"max-snippet:-1","max-image-preview":"max-image-preview:large","max-video-preview":"max-video-preview:-1"},"canonical":"https:\/\/www.atmosferamag.it\/it\/calamaio-oluce-studenti-sapienza\/","og_locale":"it_IT","og_type":"article","og_title":"Calamaio: gli studenti disegnano per Oluce | Atmosfera","og_description":"Progetto Calamaio: vi raccontiamo la lampada da tavolo ideata dagli studenti del Master in Lighting Design dell'Universit\u00e0 Sapienza di Roma, per Oluce.","og_url":"https:\/\/www.atmosferamag.it\/it\/calamaio-oluce-studenti-sapienza\/","og_site_name":"Atmosfera Mag","article_publisher":"https:\/\/www.facebook.com\/people\/Atmosfera-Mag\/100086538670476\/","article_published_time":"2023-10-22T20:18:54+00:00","article_modified_time":"2023-10-22T20:19:46+00:00","og_image":[{"width":1744,"height":1321,"url":"https:\/\/www.atmosferamag.it\/wp-content\/uploads\/2023\/10\/01-Calamaio_Oluce_foto-Miro-Zagnoli.jpg","type":"image\/jpeg"}],"author":"Floriana Cannatelli","twitter_card":"summary_large_image","twitter_misc":{"Scritto da":"Floriana Cannatelli","Tempo di lettura stimato":"5 minuti"},"schema":{"@context":"https:\/\/schema.org","@graph":[{"@type":"Article","@id":"https:\/\/www.atmosferamag.it\/it\/calamaio-oluce-studenti-sapienza\/#article","isPartOf":{"@id":"https:\/\/www.atmosferamag.it\/it\/calamaio-oluce-studenti-sapienza\/"},"author":{"name":"Floriana Cannatelli","@id":"https:\/\/www.atmosferamag.it\/it\/#\/schema\/person\/60d753082734326e14b166fa3dae2b13"},"headline":"Calamaio: quando i sogni diventano luce","datePublished":"2023-10-22T20:18:54+00:00","dateModified":"2023-10-22T20:19:46+00:00","mainEntityOfPage":{"@id":"https:\/\/www.atmosferamag.it\/it\/calamaio-oluce-studenti-sapienza\/"},"wordCount":736,"publisher":{"@id":"https:\/\/www.atmosferamag.it\/it\/#organization"},"image":{"@id":"https:\/\/www.atmosferamag.it\/it\/calamaio-oluce-studenti-sapienza\/#primaryimage"},"thumbnailUrl":"https:\/\/www.atmosferamag.it\/wp-content\/uploads\/2023\/10\/01-Calamaio_Oluce_foto-Miro-Zagnoli.jpg","articleSection":["Stories"],"inLanguage":"it-IT"},{"@type":"WebPage","@id":"https:\/\/www.atmosferamag.it\/it\/calamaio-oluce-studenti-sapienza\/","url":"https:\/\/www.atmosferamag.it\/it\/calamaio-oluce-studenti-sapienza\/","name":"Calamaio: gli studenti disegnano per Oluce | Atmosfera","isPartOf":{"@id":"https:\/\/www.atmosferamag.it\/it\/#website"},"primaryImageOfPage":{"@id":"https:\/\/www.atmosferamag.it\/it\/calamaio-oluce-studenti-sapienza\/#primaryimage"},"image":{"@id":"https:\/\/www.atmosferamag.it\/it\/calamaio-oluce-studenti-sapienza\/#primaryimage"},"thumbnailUrl":"https:\/\/www.atmosferamag.it\/wp-content\/uploads\/2023\/10\/01-Calamaio_Oluce_foto-Miro-Zagnoli.jpg","datePublished":"2023-10-22T20:18:54+00:00","dateModified":"2023-10-22T20:19:46+00:00","description":"Progetto Calamaio: vi raccontiamo la lampada da tavolo ideata dagli studenti del Master in Lighting Design dell'Universit\u00e0 Sapienza di Roma, per Oluce.","breadcrumb":{"@id":"https:\/\/www.atmosferamag.it\/it\/calamaio-oluce-studenti-sapienza\/#breadcrumb"},"inLanguage":"it-IT","potentialAction":[{"@type":"ReadAction","target":["https:\/\/www.atmosferamag.it\/it\/calamaio-oluce-studenti-sapienza\/"]}]},{"@type":"ImageObject","inLanguage":"it-IT","@id":"https:\/\/www.atmosferamag.it\/it\/calamaio-oluce-studenti-sapienza\/#primaryimage","url":"https:\/\/www.atmosferamag.it\/wp-content\/uploads\/2023\/10\/01-Calamaio_Oluce_foto-Miro-Zagnoli.jpg","contentUrl":"https:\/\/www.atmosferamag.it\/wp-content\/uploads\/2023\/10\/01-Calamaio_Oluce_foto-Miro-Zagnoli.jpg","width":1744,"height":1321},{"@type":"BreadcrumbList","@id":"https:\/\/www.atmosferamag.it\/it\/calamaio-oluce-studenti-sapienza\/#breadcrumb","itemListElement":[{"@type":"ListItem","position":1,"name":"Home","item":"https:\/\/www.atmosferamag.it\/it\/"},{"@type":"ListItem","position":2,"name":"Calamaio: quando i sogni diventano luce"}]},{"@type":"WebSite","@id":"https:\/\/www.atmosferamag.it\/it\/#website","url":"https:\/\/www.atmosferamag.it\/it\/","name":"Atmosfera Mag","description":"La luce in tutte le sue forme","publisher":{"@id":"https:\/\/www.atmosferamag.it\/it\/#organization"},"potentialAction":[{"@type":"SearchAction","target":{"@type":"EntryPoint","urlTemplate":"https:\/\/www.atmosferamag.it\/it\/?s={search_term_string}"},"query-input":{"@type":"PropertyValueSpecification","valueRequired":true,"valueName":"search_term_string"}}],"inLanguage":"it-IT"},{"@type":"Organization","@id":"https:\/\/www.atmosferamag.it\/it\/#organization","name":"Atmosfera Mag","url":"https:\/\/www.atmosferamag.it\/it\/","logo":{"@type":"ImageObject","inLanguage":"it-IT","@id":"https:\/\/www.atmosferamag.it\/it\/#\/schema\/logo\/image\/","url":"https:\/\/www.atmosferamag.it\/wp-content\/uploads\/2022\/09\/titolo.png","contentUrl":"https:\/\/www.atmosferamag.it\/wp-content\/uploads\/2022\/09\/titolo.png","width":2728,"height":406,"caption":"Atmosfera Mag"},"image":{"@id":"https:\/\/www.atmosferamag.it\/it\/#\/schema\/logo\/image\/"},"sameAs":["https:\/\/www.facebook.com\/people\/Atmosfera-Mag\/100086538670476\/","https:\/\/www.instagram.com\/atmosferamag\/","https:\/\/www.pinterest.it\/atmosfera_mag\/"]},{"@type":"Person","@id":"https:\/\/www.atmosferamag.it\/it\/#\/schema\/person\/60d753082734326e14b166fa3dae2b13","name":"Floriana Cannatelli","image":{"@type":"ImageObject","inLanguage":"it-IT","@id":"https:\/\/www.atmosferamag.it\/it\/#\/schema\/person\/image\/","url":"https:\/\/secure.gravatar.com\/avatar\/f13fec2b5d6b71bd0b46566e0b14e16f22ae90145c1b63818634d56f5a243bb7?s=96&d=mm&r=g","contentUrl":"https:\/\/secure.gravatar.com\/avatar\/f13fec2b5d6b71bd0b46566e0b14e16f22ae90145c1b63818634d56f5a243bb7?s=96&d=mm&r=g","caption":"Floriana Cannatelli"},"url":"https:\/\/www.atmosferamag.it\/it\/author\/floriana\/"}]}},"_links":{"self":[{"href":"https:\/\/www.atmosferamag.it\/it\/wp-json\/wp\/v2\/posts\/30713","targetHints":{"allow":["GET"]}}],"collection":[{"href":"https:\/\/www.atmosferamag.it\/it\/wp-json\/wp\/v2\/posts"}],"about":[{"href":"https:\/\/www.atmosferamag.it\/it\/wp-json\/wp\/v2\/types\/post"}],"author":[{"embeddable":true,"href":"https:\/\/www.atmosferamag.it\/it\/wp-json\/wp\/v2\/users\/17"}],"replies":[{"embeddable":true,"href":"https:\/\/www.atmosferamag.it\/it\/wp-json\/wp\/v2\/comments?post=30713"}],"version-history":[{"count":15,"href":"https:\/\/www.atmosferamag.it\/it\/wp-json\/wp\/v2\/posts\/30713\/revisions"}],"predecessor-version":[{"id":30756,"href":"https:\/\/www.atmosferamag.it\/it\/wp-json\/wp\/v2\/posts\/30713\/revisions\/30756"}],"wp:featuredmedia":[{"embeddable":true,"href":"https:\/\/www.atmosferamag.it\/it\/wp-json\/wp\/v2\/media\/30716"}],"wp:attachment":[{"href":"https:\/\/www.atmosferamag.it\/it\/wp-json\/wp\/v2\/media?parent=30713"}],"wp:term":[{"taxonomy":"category","embeddable":true,"href":"https:\/\/www.atmosferamag.it\/it\/wp-json\/wp\/v2\/categories?post=30713"},{"taxonomy":"post_tag","embeddable":true,"href":"https:\/\/www.atmosferamag.it\/it\/wp-json\/wp\/v2\/tags?post=30713"}],"curies":[{"name":"wp","href":"https:\/\/api.w.org\/{rel}","templated":true}]}}