{"id":30392,"date":"2023-09-14T20:06:16","date_gmt":"2023-09-14T18:06:16","guid":{"rendered":"https:\/\/www.atmosferamag.it\/?p=30392"},"modified":"2023-09-21T11:12:36","modified_gmt":"2023-09-21T09:12:36","slug":"estetiche-neon-nel-cinema","status":"publish","type":"post","link":"https:\/\/www.atmosferamag.it\/it\/estetiche-neon-nel-cinema\/","title":{"rendered":"Le estetiche al neon, il trend visivo del cinema contemporaneo"},"content":{"rendered":"\t\t<div data-elementor-type=\"wp-post\" data-elementor-id=\"30392\" class=\"elementor elementor-30392 elementor-30409\" data-elementor-post-type=\"post\">\n\t\t\t\t\t\t<section class=\"elementor-section elementor-top-section elementor-element elementor-element-b08cc3b elementor-section-boxed elementor-section-height-default elementor-section-height-default\" data-id=\"b08cc3b\" data-element_type=\"section\" data-e-type=\"section\">\n\t\t\t\t\t\t<div class=\"elementor-container elementor-column-gap-default\">\n\t\t\t\t\t<div class=\"elementor-column elementor-col-100 elementor-top-column elementor-element elementor-element-99837cd\" data-id=\"99837cd\" data-element_type=\"column\" data-e-type=\"column\">\n\t\t\t<div class=\"elementor-widget-wrap elementor-element-populated\">\n\t\t\t\t\t\t<div class=\"elementor-element elementor-element-eef240d elementor-widget elementor-widget-text-editor\" data-id=\"eef240d\" data-element_type=\"widget\" data-e-type=\"widget\" data-widget_type=\"text-editor.default\">\n\t\t\t\t<div class=\"elementor-widget-container\">\n\t\t\t\t\t\t\t\t\t<p><span style=\"font-weight: 400;\">Gas luminoso colorato inserito all\u2019interno di un tubo di vetro o di metallo, storicamente il <\/span><b>neon<\/b><span style=\"font-weight: 400;\"> \u00e8 stato allo stesso tempo medium pubblicitario, elemento architettonico e materiale di design. Ha definito l\u2019identit\u00e0 delle metropoli urbane sin dalla sua prima comparsa nel 1912 a Parigi, diventando uno dei simboli della modernit\u00e0 nell\u2019immaginario collettivo. Successivamente, il neon ha iniziato ad essere utilizzato come <\/span><b>strumento per la realizzazione di opere d\u2019arte<\/b><span style=\"font-weight: 400;\"> e, allo stesso tempo, <strong>c<\/strong><\/span><b>ome oggetto di design<\/b><span style=\"font-weight: 400;\">. Gi\u00e0 nel 1939 <\/span><a href=\"https:\/\/tba21.org\/neon-signs-chicago-1939-2002\"><span style=\"font-weight: 400;\"><span style=\"text-decoration: underline;\">le fotografie di Chicago di Moholy-Nagy<\/span><\/span><\/a><span style=\"font-weight: 400;\"> raffigurarono le luci al neon come caratterizzanti dell\u2019orizzonte visivo della citt\u00e0.<\/span><\/p><p><span style=\"font-weight: 400;\">Oggi, <\/span><b>le estetiche al neon sono una tendenza formale del cinema moderno<\/b><span style=\"font-weight: 400;\"> e, soprattutto, contemporaneo. David Lynch, Wong Kar-wai, Harmony Korine, ma anche Gaspar No\u00e9 e Paul Thomas Anderson sono tutti registi che hanno dato vita a immaginari notturni in cui la luce, obbligatoriamente colorata, \u00e8 protagonista. In pieno contrasto con l\u2019elemento diegetico che li accomuna, ovvero la rappresentazione della notte, del buio, delle tenebre. <\/span><b>Nelle estetiche al neon \u00e8 presente una tendenza a privilegiare ambientazioni notturne<\/b><span style=\"font-weight: 400;\">, o, in altro modo, a rendere l\u2019oscurit\u00e0 protagonista. In questi casi, le poche luci presenti vengono valorizzate al massimo. All\u2019interno di queste \u201cnotti digitali\u201d le <\/span><span style=\"text-decoration: underline;\"><a href=\"https:\/\/www.atmosferamag.it\/it\/light-as-medium-and-a-message-in-the-urban-space\/\"><span style=\"font-weight: 400;\">luci artificiali<\/span><\/a><\/span><span style=\"font-weight: 400;\"> assumono un ruolo centrale nella costruzione dell\u2019immagine, andando ad<strong> i<\/strong><\/span><b>nfluire sul tono del film e sulla costruzione di un immaginario<\/b><span style=\"font-weight: 400;\">.<\/span><\/p>\t\t\t\t\t\t\t\t<\/div>\n\t\t\t\t<\/div>\n\t\t\t\t<div class=\"elementor-element elementor-element-cc13746 elementor-widget elementor-widget-text-editor\" data-id=\"cc13746\" data-element_type=\"widget\" data-e-type=\"widget\" data-widget_type=\"text-editor.default\">\n\t\t\t\t<div class=\"elementor-widget-container\">\n\t\t\t\t\t\t\t\t\t<h2>Estetiche al neon, gli esordi<\/h2><p><span style=\"font-weight: 400;\">Le <\/span><b>estetiche al neon<\/b><span style=\"font-weight: 400;\">, tuttavia, non sono solo un appannaggio del cinema contemporaneo, in quanto rappresentano una <\/span><b>tendenza visiva gi\u00e0 presente nel periodo precedente alla rivoluzione digitale<\/b><span style=\"font-weight: 400;\">; nel cinema moderno alcuni registi si erano gi\u00e0 indirizzati verso la costruzione di una messa in scena in cui i colori permeavano fortemente la scenografia.\u00a0<\/span><\/p>\t\t\t\t\t\t\t\t<\/div>\n\t\t\t\t<\/div>\n\t\t\t\t<div class=\"elementor-element elementor-element-790e062 elementor-widget elementor-widget-image\" data-id=\"790e062\" data-element_type=\"widget\" data-e-type=\"widget\" data-widget_type=\"image.default\">\n\t\t\t\t<div class=\"elementor-widget-container\">\n\t\t\t\t\t\t\t\t\t\t\t\t<figure class=\"wp-caption\">\n\t\t\t\t\t\t\t\t\t\t<img fetchpriority=\"high\" decoding=\"async\" width=\"800\" height=\"340\" src=\"https:\/\/www.atmosferamag.it\/wp-content\/uploads\/2023\/09\/neon-aestthetics-1-suspiria--1024x435.jpeg\" class=\"attachment-large size-large wp-image-30396\" alt=\"\" srcset=\"https:\/\/www.atmosferamag.it\/wp-content\/uploads\/2023\/09\/neon-aestthetics-1-suspiria--1024x435.jpeg 1024w, https:\/\/www.atmosferamag.it\/wp-content\/uploads\/2023\/09\/neon-aestthetics-1-suspiria--300x128.jpeg 300w, https:\/\/www.atmosferamag.it\/wp-content\/uploads\/2023\/09\/neon-aestthetics-1-suspiria--768x326.jpeg 768w, https:\/\/www.atmosferamag.it\/wp-content\/uploads\/2023\/09\/neon-aestthetics-1-suspiria--1536x653.jpeg 1536w, https:\/\/www.atmosferamag.it\/wp-content\/uploads\/2023\/09\/neon-aestthetics-1-suspiria-.jpeg 1920w\" sizes=\"(max-width: 800px) 100vw, 800px\" \/>\t\t\t\t\t\t\t\t\t\t\t<figcaption class=\"widget-image-caption wp-caption-text\">1. Suspiria - Dario Argento, 1977<\/figcaption>\n\t\t\t\t\t\t\t\t\t\t<\/figure>\n\t\t\t\t\t\t\t\t\t<\/div>\n\t\t\t\t<\/div>\n\t\t\t\t<div class=\"elementor-element elementor-element-b564861 elementor-widget elementor-widget-text-editor\" data-id=\"b564861\" data-element_type=\"widget\" data-e-type=\"widget\" data-widget_type=\"text-editor.default\">\n\t\t\t\t<div class=\"elementor-widget-container\">\n\t\t\t\t\t\t\t\t\t<p><span style=\"font-weight: 400;\">Un esempio \u00e8 <strong>Dario Argento<\/strong>, che nel 1977 con <\/span><i><span style=\"font-weight: 400;\">Suspiria<\/span><\/i><span style=\"font-weight: 400;\"> si pone di fatto come un <strong>precursore di un uso del colore nel cinema \u201cal neon\u201d<\/strong>. <\/span><i><span style=\"font-weight: 400;\">Suspiria<\/span><\/i><span style=\"font-weight: 400;\"> \u00e8 un film di genere horror che vede ripetuto un forte utilizzo dei colori rosso e blu nelle proprie scene, per dare un\u2019aura fantastica e mistica al luogo in cui \u00e8 ambientata la storia: una scuola di ballo in cui la protagonista, invitata a prendere parte alla prestigiosa scuola, viene a contatto con l\u2019anima esoterica di quel luogo.<\/span><\/p><p><span style=\"font-weight: 400;\">La fase fondamentale per tracciare l\u2019origine delle estetiche al neon risiede proprio nel <strong>passaggio da cinema analogico a cinema digitale<\/strong>, e in particolar modo nella rappresentazione della luce e del colore tra essi.\u00a0<\/span><\/p>\t\t\t\t\t\t\t\t<\/div>\n\t\t\t\t<\/div>\n\t\t\t\t<div class=\"elementor-element elementor-element-9006b15 elementor-widget elementor-widget-text-editor\" data-id=\"9006b15\" data-element_type=\"widget\" data-e-type=\"widget\" data-widget_type=\"text-editor.default\">\n\t\t\t\t<div class=\"elementor-widget-container\">\n\t\t\t\t\t\t\t\t\t<h2>La sfida tecnica della rappresentazione del colore<\/h2><p>Un breve excursus tecnico sui modi di produzione delle immagini \u00e8 necessario. <strong>In tempi analogici, il controllo del colore era un\u2019operazione da compiere prevalentemente durante le riprese<\/strong>. Aggiustare il colore durante la fase di post-produzione era una sfida logistica non semplice, in quanto per incidere sul colore di una singola scena era indispensabile andare ad agire su tutta la scala RGB della stessa. Il digitale ha dato la possibilit\u00e0 di esaltare un singolo colore sugli altri, e, di conseguenza, renderlo pi\u00f9 o meno luminoso, pi\u00f9 o meno saturo.<\/p><p><span style=\"font-weight: 400;\">Un altro aspetto \u00e8 che appartiene alle tecnologie digitali \u00e8 <strong>il dettaglio<\/strong>. All\u2019interno di una scena buia pu\u00f2 essere catturato con maggiore facilit\u00e0, e le vaste possibilit\u00e0 di post-produzione permettono di aumentare maggiormente l\u2019intensit\u00e0 luminosa e la polarizzazione della luce, contribuendo alla creazione di un\u2019immagine opaca in cui<strong> il singolo pixel viene sensibilmente curato<\/strong>, permettendo di poter vedere un \u201cdi pi\u00f9\u201d rispetto ad un\u2019immagine analogica.\u00a0<\/span><\/p>\t\t\t\t\t\t\t\t<\/div>\n\t\t\t\t<\/div>\n\t\t\t\t<div class=\"elementor-element elementor-element-ff55d02 elementor-widget elementor-widget-image\" data-id=\"ff55d02\" data-element_type=\"widget\" data-e-type=\"widget\" data-widget_type=\"image.default\">\n\t\t\t\t<div class=\"elementor-widget-container\">\n\t\t\t\t\t\t\t\t\t\t\t\t<figure class=\"wp-caption\">\n\t\t\t\t\t\t\t\t\t\t<img decoding=\"async\" width=\"800\" height=\"340\" src=\"https:\/\/www.atmosferamag.it\/wp-content\/uploads\/2023\/09\/neon-aestthetics-1-suspiria-4.jpg\" class=\"attachment-large size-large wp-image-30400\" alt=\"\" srcset=\"https:\/\/www.atmosferamag.it\/wp-content\/uploads\/2023\/09\/neon-aestthetics-1-suspiria-4.jpg 1000w, https:\/\/www.atmosferamag.it\/wp-content\/uploads\/2023\/09\/neon-aestthetics-1-suspiria-4-300x128.jpg 300w, https:\/\/www.atmosferamag.it\/wp-content\/uploads\/2023\/09\/neon-aestthetics-1-suspiria-4-768x326.jpg 768w\" sizes=\"(max-width: 800px) 100vw, 800px\" \/>\t\t\t\t\t\t\t\t\t\t\t<figcaption class=\"widget-image-caption wp-caption-text\">2. Suspiria - Dario Argento, 1977<\/figcaption>\n\t\t\t\t\t\t\t\t\t\t<\/figure>\n\t\t\t\t\t\t\t\t\t<\/div>\n\t\t\t\t<\/div>\n\t\t\t\t<div class=\"elementor-element elementor-element-d8048a5 elementor-widget elementor-widget-text-editor\" data-id=\"d8048a5\" data-element_type=\"widget\" data-e-type=\"widget\" data-widget_type=\"text-editor.default\">\n\t\t\t\t<div class=\"elementor-widget-container\">\n\t\t\t\t\t\t\t\t\t<p><span style=\"font-weight: 400;\">Le possibilit\u00e0 di manipolazione del colore date dal digitale quindi, unite alle nuove tendenze di rappresentazione della notte, hanno portato ad immagini in cui il soggetto e lo sfondo sono quasi indistinguibili, quando sottoposti a luci colorate dal forte impatto antinaturalistico. Inoltre, la maggiore risoluzione del digitale, unita alle pi\u00f9 avanzate possibilit\u00e0 di ripresa in assenza di luce, consente di creare delle immagini in notturno molto pi\u00f9 aderenti al reale di quanto non siano mai state. La <\/span><b>tendenza delle estetiche al neon<\/b><span style=\"font-weight: 400;\">, quindi, \u00e8 iniziata da prima del passaggio all\u2019immagine digitale, ma \u00e8 grazie ad essa che ha vissuto il <\/span><b>proprio periodo d\u2019oro non ancora giunto al termine<\/b><span style=\"font-weight: 400;\">. Va notato come le immagini che costituiscono questi film siano visivamente molto simili l\u2019una all\u2019altra anche quando la distanza temporale tra un film e l\u2019altro \u00e8 molto ampia: ci\u00f2 che le accomuna \u00e8 sempre il modo in cui <\/span><b>il colore assume un vero e proprio <\/b><b><i>status<\/i><\/b><b> di manipolatore delle emozioni<\/b><span style=\"font-weight: 400;\">.&nbsp;<\/span><\/p>\t\t\t\t\t\t\t\t<\/div>\n\t\t\t\t<\/div>\n\t\t\t\t<div class=\"elementor-element elementor-element-230eae3 elementor-widget elementor-widget-text-editor\" data-id=\"230eae3\" data-element_type=\"widget\" data-e-type=\"widget\" data-widget_type=\"text-editor.default\">\n\t\t\t\t<div class=\"elementor-widget-container\">\n\t\t\t\t\t\t\t\t\t<h2>Le estetiche al neon nel cinema contemporaneo<\/h2><p><span style=\"font-weight: 400;\">Un regista che \u00e8 un vero e proprio promotore di queste estetiche \u00e8 sicuramente <strong>Nicolas Winding Refn<\/strong>, che infatti non ha mai nascosto la sua passione per il cinema di Dario Argento. Con il suo film <\/span><i><span style=\"font-weight: 400;\">The Neon Demon<\/span><\/i><span style=\"font-weight: 400;\"> (2016) <strong>ha utilizzato colore in maniera fortemente antinaturalistica<\/strong>, facendogli assumere anche una valenza simbolica per raccontare una storia di fashion-horror ambientata a Los Angeles. Il rosso e il blu in questo film diventano dei<strong> veicoli di emozioni e intensit\u00e0<\/strong>, simboleggiando il passaggio che segna la protagonista nella storia. Semioticamente, il passaggio da blu a rosso rappresenta il contrasto tra quiete e movimento, tra sicurezza e pericolo. Qui Refn esaspera entrambi, facendoli diventare veicolo di intensit\u00e0 filmica.<\/span><\/p>\t\t\t\t\t\t\t\t<\/div>\n\t\t\t\t<\/div>\n\t\t\t\t<div class=\"elementor-element elementor-element-0815904 elementor-widget elementor-widget-image\" data-id=\"0815904\" data-element_type=\"widget\" data-e-type=\"widget\" data-widget_type=\"image.default\">\n\t\t\t\t<div class=\"elementor-widget-container\">\n\t\t\t\t\t\t\t\t\t\t\t\t<figure class=\"wp-caption\">\n\t\t\t\t\t\t\t\t\t\t<img decoding=\"async\" width=\"800\" height=\"432\" src=\"https:\/\/www.atmosferamag.it\/wp-content\/uploads\/2023\/09\/neon-aesthetics-7-only-god-forgives-refn.png\" class=\"attachment-large size-large wp-image-30402\" alt=\"Only God Forgives - Nicolas Winding Refn, 2013\" srcset=\"https:\/\/www.atmosferamag.it\/wp-content\/uploads\/2023\/09\/neon-aesthetics-7-only-god-forgives-refn.png 1024w, https:\/\/www.atmosferamag.it\/wp-content\/uploads\/2023\/09\/neon-aesthetics-7-only-god-forgives-refn-300x162.png 300w, https:\/\/www.atmosferamag.it\/wp-content\/uploads\/2023\/09\/neon-aesthetics-7-only-god-forgives-refn-768x415.png 768w\" sizes=\"(max-width: 800px) 100vw, 800px\" \/>\t\t\t\t\t\t\t\t\t\t\t<figcaption class=\"widget-image-caption wp-caption-text\">3. Only God Forgives - Nicolas Winding Refn, 2013<\/figcaption>\n\t\t\t\t\t\t\t\t\t\t<\/figure>\n\t\t\t\t\t\t\t\t\t<\/div>\n\t\t\t\t<\/div>\n\t\t\t\t<div class=\"elementor-element elementor-element-e24b9d0 elementor-widget elementor-widget-text-editor\" data-id=\"e24b9d0\" data-element_type=\"widget\" data-e-type=\"widget\" data-widget_type=\"text-editor.default\">\n\t\t\t\t<div class=\"elementor-widget-container\">\n\t\t\t\t\t\t\t\t\t<p><span style=\"font-weight: 400;\">Un altro regista emblematico nella messa in scena \u201cal neon\u201d \u00e8 sicuramente <strong>Gaspar No\u00e9<\/strong>; nel cinema del regista francese l\u2019estetica al neon viene utilizzata per creare<strong> uno spettacolo che si impone come uno choc visivo per lo spettatore<\/strong>, che diventa oggetto di una continua raffica di luci intermittenti, colori brillanti, piani-sequenza ambiziosi. Della sua produzione \u00e8 stato sottolineato pi\u00f9 volte il carattere immersivo, che <strong>mira a coinvolgere lo spettatore all\u2019interno di un\u2019esperienza di visione che diventi fisica<\/strong>. Sono tutti ottimi esempi i suoi film <\/span><i><span style=\"font-weight: 400;\">Enter The Void<\/span><\/i><span style=\"font-weight: 400;\"> (2009), <\/span><i><span style=\"font-weight: 400;\">Irreversible <\/span><\/i><span style=\"font-weight: 400;\">(2002) e <\/span><i><span style=\"font-weight: 400;\">Love<\/span><\/i><span style=\"font-weight: 400;\"> (2015). Spesso girati in soggettiva o semi-soggettiva, trasportano lo spettatore in un\u2019esperienza in prima persona, rigorosamente ambientata in notturno, sia interno che esterno.\u00a0<\/span><\/p>\t\t\t\t\t\t\t\t<\/div>\n\t\t\t\t<\/div>\n\t\t\t\t<div class=\"elementor-element elementor-element-0ff00aa elementor-widget elementor-widget-image\" data-id=\"0ff00aa\" data-element_type=\"widget\" data-e-type=\"widget\" data-widget_type=\"image.default\">\n\t\t\t\t<div class=\"elementor-widget-container\">\n\t\t\t\t\t\t\t\t\t\t\t\t<figure class=\"wp-caption\">\n\t\t\t\t\t\t\t\t\t\t<img loading=\"lazy\" decoding=\"async\" width=\"800\" height=\"352\" src=\"https:\/\/www.atmosferamag.it\/wp-content\/uploads\/2023\/09\/neon-aestthetics-1-enter-the-void-2--1024x450.jpg\" class=\"attachment-large size-large wp-image-30404\" alt=\"\" srcset=\"https:\/\/www.atmosferamag.it\/wp-content\/uploads\/2023\/09\/neon-aestthetics-1-enter-the-void-2--1024x450.jpg 1024w, https:\/\/www.atmosferamag.it\/wp-content\/uploads\/2023\/09\/neon-aestthetics-1-enter-the-void-2--300x132.jpg 300w, https:\/\/www.atmosferamag.it\/wp-content\/uploads\/2023\/09\/neon-aestthetics-1-enter-the-void-2--768x337.jpg 768w, https:\/\/www.atmosferamag.it\/wp-content\/uploads\/2023\/09\/neon-aestthetics-1-enter-the-void-2--1536x675.jpg 1536w, https:\/\/www.atmosferamag.it\/wp-content\/uploads\/2023\/09\/neon-aestthetics-1-enter-the-void-2-.jpg 1600w\" sizes=\"(max-width: 800px) 100vw, 800px\" \/>\t\t\t\t\t\t\t\t\t\t\t<figcaption class=\"widget-image-caption wp-caption-text\">4. Enter the Void - Gaspar No\u00e9, 2009<\/figcaption>\n\t\t\t\t\t\t\t\t\t\t<\/figure>\n\t\t\t\t\t\t\t\t\t<\/div>\n\t\t\t\t<\/div>\n\t\t\t\t<div class=\"elementor-element elementor-element-b4f06aa elementor-widget elementor-widget-text-editor\" data-id=\"b4f06aa\" data-element_type=\"widget\" data-e-type=\"widget\" data-widget_type=\"text-editor.default\">\n\t\t\t\t<div class=\"elementor-widget-container\">\n\t\t\t\t\t\t\t\t\t<p><span style=\"font-weight: 400;\">Nel nuovo millennio, quindi, si \u00e8 assistito ad una vera e propria <strong>proliferazione delle estetiche al neon<\/strong>, in particolare dopo il 2010. Possiamo trovarla nel film di fantascienza <\/span><i><span style=\"font-weight: 400;\">Beyond the Black Rainbow <\/span><\/i><span style=\"font-weight: 400;\">(Panos Cosmatos, 2013), cos\u00ec come nel musical di grande successo <\/span><i><span style=\"font-weight: 400;\">La La Land <\/span><\/i><span style=\"font-weight: 400;\">(Damien Chazelle, 2016). Nel film di spionaggio della serie di 007 <\/span><i><span style=\"font-weight: 400;\">Skyfall, <\/span><\/i><span style=\"font-weight: 400;\">(Sam Mendes, 2012), anch\u2019esso ambientato in una citt\u00e0 asiatica, Shangai. In <\/span><i><span style=\"font-weight: 400;\">Inherent Vice<\/span><\/i><span style=\"font-weight: 400;\"> (Paul Thomas Anderson, 2014) una Los Angeles sfavillante di luci fa d\u00e0 sfondo ad un racconto noir tratto dal caleidoscopico romanzo di Thomas Pynchon, e il neon viene usato come mezzo per descrivere visivamente la citt\u00e0 californiana di quegli anni, cos\u00ec come nel pi\u00f9 recente <\/span><i><span style=\"font-weight: 400;\">Once Upon a Time in\u2026Hollywood <\/span><\/i><span style=\"font-weight: 400;\">(2019) dove Quentin Tarantino, raccontando una storia ambientata nella grande macchina dei sogni, in una delle ultime scene film fa un focus montando in successione una serie di inquadrature sulle insegne al neon dei cinema della citt\u00e0 che si accendono, ad indicare il risveglio di una vita notturna.\u00a0<\/span><\/p>\t\t\t\t\t\t\t\t<\/div>\n\t\t\t\t<\/div>\n\t\t\t\t\t<\/div>\n\t\t<\/div>\n\t\t\t\t\t<\/div>\n\t\t<\/section>\n\t\t\t\t<\/div>\n\t\t","protected":false},"excerpt":{"rendered":"<p>Il neon e il cinema: un connubio creativo vincente<\/p>\n","protected":false},"author":16,"featured_media":30394,"comment_status":"closed","ping_status":"open","sticky":false,"template":"","format":"standard","meta":{"footnotes":""},"categories":[41],"tags":[],"class_list":["post-30392","post","type-post","status-publish","format-standard","has-post-thumbnail","hentry","category-spaces"],"yoast_head":"<!-- This site is optimized with the Yoast SEO plugin v26.0 - https:\/\/yoast.com\/wordpress\/plugins\/seo\/ -->\n<title>Le estetiche al neon: la luce nel cinema | Atmosfera Mag<\/title>\n<meta name=\"description\" content=\"Le estetiche al neon: il trend visivo che attraversa il cinema moderno e contemporaneo. Scopri i registi pi\u00f9 iconici.\" \/>\n<meta name=\"robots\" content=\"index, follow, max-snippet:-1, max-image-preview:large, max-video-preview:-1\" \/>\n<link rel=\"canonical\" href=\"https:\/\/www.atmosferamag.it\/it\/estetiche-neon-nel-cinema\/\" \/>\n<meta property=\"og:locale\" content=\"it_IT\" \/>\n<meta property=\"og:type\" content=\"article\" \/>\n<meta property=\"og:title\" content=\"Le estetiche al neon: la luce nel cinema | Atmosfera Mag\" \/>\n<meta property=\"og:description\" content=\"Le estetiche al neon: il trend visivo che attraversa il cinema moderno e contemporaneo. Scopri i registi pi\u00f9 iconici.\" \/>\n<meta property=\"og:url\" content=\"https:\/\/www.atmosferamag.it\/it\/estetiche-neon-nel-cinema\/\" \/>\n<meta property=\"og:site_name\" content=\"Atmosfera Mag\" \/>\n<meta property=\"article:publisher\" content=\"https:\/\/www.facebook.com\/people\/Atmosfera-Mag\/100086538670476\/\" \/>\n<meta property=\"article:published_time\" content=\"2023-09-14T18:06:16+00:00\" \/>\n<meta property=\"article:modified_time\" content=\"2023-09-21T09:12:36+00:00\" \/>\n<meta property=\"og:image\" content=\"https:\/\/www.atmosferamag.it\/wp-content\/uploads\/2023\/09\/neon-aestthetics-1-enter-the-void-3-.jpg\" \/>\n\t<meta property=\"og:image:width\" content=\"2000\" \/>\n\t<meta property=\"og:image:height\" content=\"876\" \/>\n\t<meta property=\"og:image:type\" content=\"image\/jpeg\" \/>\n<meta name=\"author\" content=\"Pietro Leonardi\" \/>\n<meta name=\"twitter:card\" content=\"summary_large_image\" \/>\n<meta name=\"twitter:label1\" content=\"Scritto da\" \/>\n\t<meta name=\"twitter:data1\" content=\"Pietro Leonardi\" \/>\n\t<meta name=\"twitter:label2\" content=\"Tempo di lettura stimato\" \/>\n\t<meta name=\"twitter:data2\" content=\"7 minuti\" \/>\n<script type=\"application\/ld+json\" class=\"yoast-schema-graph\">{\"@context\":\"https:\/\/schema.org\",\"@graph\":[{\"@type\":\"Article\",\"@id\":\"https:\/\/www.atmosferamag.it\/it\/estetiche-neon-nel-cinema\/#article\",\"isPartOf\":{\"@id\":\"https:\/\/www.atmosferamag.it\/it\/estetiche-neon-nel-cinema\/\"},\"author\":{\"name\":\"Pietro Leonardi\",\"@id\":\"https:\/\/www.atmosferamag.it\/it\/#\/schema\/person\/c13bbdc51aa0fbfc2930d6b3f4aeb4e9\"},\"headline\":\"Le estetiche al neon, il trend visivo del cinema contemporaneo\",\"datePublished\":\"2023-09-14T18:06:16+00:00\",\"dateModified\":\"2023-09-21T09:12:36+00:00\",\"mainEntityOfPage\":{\"@id\":\"https:\/\/www.atmosferamag.it\/it\/estetiche-neon-nel-cinema\/\"},\"wordCount\":1148,\"publisher\":{\"@id\":\"https:\/\/www.atmosferamag.it\/it\/#organization\"},\"image\":{\"@id\":\"https:\/\/www.atmosferamag.it\/it\/estetiche-neon-nel-cinema\/#primaryimage\"},\"thumbnailUrl\":\"https:\/\/www.atmosferamag.it\/wp-content\/uploads\/2023\/09\/neon-aestthetics-1-enter-the-void-3-.jpg\",\"articleSection\":[\"Spaces\"],\"inLanguage\":\"it-IT\"},{\"@type\":\"WebPage\",\"@id\":\"https:\/\/www.atmosferamag.it\/it\/estetiche-neon-nel-cinema\/\",\"url\":\"https:\/\/www.atmosferamag.it\/it\/estetiche-neon-nel-cinema\/\",\"name\":\"Le estetiche al neon: la luce nel cinema | Atmosfera Mag\",\"isPartOf\":{\"@id\":\"https:\/\/www.atmosferamag.it\/it\/#website\"},\"primaryImageOfPage\":{\"@id\":\"https:\/\/www.atmosferamag.it\/it\/estetiche-neon-nel-cinema\/#primaryimage\"},\"image\":{\"@id\":\"https:\/\/www.atmosferamag.it\/it\/estetiche-neon-nel-cinema\/#primaryimage\"},\"thumbnailUrl\":\"https:\/\/www.atmosferamag.it\/wp-content\/uploads\/2023\/09\/neon-aestthetics-1-enter-the-void-3-.jpg\",\"datePublished\":\"2023-09-14T18:06:16+00:00\",\"dateModified\":\"2023-09-21T09:12:36+00:00\",\"description\":\"Le estetiche al neon: il trend visivo che attraversa il cinema moderno e contemporaneo. Scopri i registi pi\u00f9 iconici.\",\"breadcrumb\":{\"@id\":\"https:\/\/www.atmosferamag.it\/it\/estetiche-neon-nel-cinema\/#breadcrumb\"},\"inLanguage\":\"it-IT\",\"potentialAction\":[{\"@type\":\"ReadAction\",\"target\":[\"https:\/\/www.atmosferamag.it\/it\/estetiche-neon-nel-cinema\/\"]}]},{\"@type\":\"ImageObject\",\"inLanguage\":\"it-IT\",\"@id\":\"https:\/\/www.atmosferamag.it\/it\/estetiche-neon-nel-cinema\/#primaryimage\",\"url\":\"https:\/\/www.atmosferamag.it\/wp-content\/uploads\/2023\/09\/neon-aestthetics-1-enter-the-void-3-.jpg\",\"contentUrl\":\"https:\/\/www.atmosferamag.it\/wp-content\/uploads\/2023\/09\/neon-aestthetics-1-enter-the-void-3-.jpg\",\"width\":2000,\"height\":876},{\"@type\":\"BreadcrumbList\",\"@id\":\"https:\/\/www.atmosferamag.it\/it\/estetiche-neon-nel-cinema\/#breadcrumb\",\"itemListElement\":[{\"@type\":\"ListItem\",\"position\":1,\"name\":\"Home\",\"item\":\"https:\/\/www.atmosferamag.it\/it\/\"},{\"@type\":\"ListItem\",\"position\":2,\"name\":\"Le estetiche al neon, il trend visivo del cinema contemporaneo\"}]},{\"@type\":\"WebSite\",\"@id\":\"https:\/\/www.atmosferamag.it\/it\/#website\",\"url\":\"https:\/\/www.atmosferamag.it\/it\/\",\"name\":\"Atmosfera Mag\",\"description\":\"La luce in tutte le sue forme\",\"publisher\":{\"@id\":\"https:\/\/www.atmosferamag.it\/it\/#organization\"},\"potentialAction\":[{\"@type\":\"SearchAction\",\"target\":{\"@type\":\"EntryPoint\",\"urlTemplate\":\"https:\/\/www.atmosferamag.it\/it\/?s={search_term_string}\"},\"query-input\":{\"@type\":\"PropertyValueSpecification\",\"valueRequired\":true,\"valueName\":\"search_term_string\"}}],\"inLanguage\":\"it-IT\"},{\"@type\":\"Organization\",\"@id\":\"https:\/\/www.atmosferamag.it\/it\/#organization\",\"name\":\"Atmosfera Mag\",\"url\":\"https:\/\/www.atmosferamag.it\/it\/\",\"logo\":{\"@type\":\"ImageObject\",\"inLanguage\":\"it-IT\",\"@id\":\"https:\/\/www.atmosferamag.it\/it\/#\/schema\/logo\/image\/\",\"url\":\"https:\/\/www.atmosferamag.it\/wp-content\/uploads\/2022\/09\/titolo.png\",\"contentUrl\":\"https:\/\/www.atmosferamag.it\/wp-content\/uploads\/2022\/09\/titolo.png\",\"width\":2728,\"height\":406,\"caption\":\"Atmosfera Mag\"},\"image\":{\"@id\":\"https:\/\/www.atmosferamag.it\/it\/#\/schema\/logo\/image\/\"},\"sameAs\":[\"https:\/\/www.facebook.com\/people\/Atmosfera-Mag\/100086538670476\/\",\"https:\/\/www.instagram.com\/atmosferamag\/\",\"https:\/\/www.pinterest.it\/atmosfera_mag\/\"]},{\"@type\":\"Person\",\"@id\":\"https:\/\/www.atmosferamag.it\/it\/#\/schema\/person\/c13bbdc51aa0fbfc2930d6b3f4aeb4e9\",\"name\":\"Pietro Leonardi\",\"image\":{\"@type\":\"ImageObject\",\"inLanguage\":\"it-IT\",\"@id\":\"https:\/\/www.atmosferamag.it\/it\/#\/schema\/person\/image\/\",\"url\":\"https:\/\/secure.gravatar.com\/avatar\/6f3af0d26e85b0d8d75d60499919b675c644d7d3dce017babae8ef9231d34dc3?s=96&d=mm&r=g\",\"contentUrl\":\"https:\/\/secure.gravatar.com\/avatar\/6f3af0d26e85b0d8d75d60499919b675c644d7d3dce017babae8ef9231d34dc3?s=96&d=mm&r=g\",\"caption\":\"Pietro Leonardi\"},\"url\":\"https:\/\/www.atmosferamag.it\/it\/author\/pietro-leonardi\/\"}]}<\/script>\n<!-- \/ Yoast SEO plugin. -->","yoast_head_json":{"title":"Le estetiche al neon: la luce nel cinema | Atmosfera Mag","description":"Le estetiche al neon: il trend visivo che attraversa il cinema moderno e contemporaneo. Scopri i registi pi\u00f9 iconici.","robots":{"index":"index","follow":"follow","max-snippet":"max-snippet:-1","max-image-preview":"max-image-preview:large","max-video-preview":"max-video-preview:-1"},"canonical":"https:\/\/www.atmosferamag.it\/it\/estetiche-neon-nel-cinema\/","og_locale":"it_IT","og_type":"article","og_title":"Le estetiche al neon: la luce nel cinema | Atmosfera Mag","og_description":"Le estetiche al neon: il trend visivo che attraversa il cinema moderno e contemporaneo. Scopri i registi pi\u00f9 iconici.","og_url":"https:\/\/www.atmosferamag.it\/it\/estetiche-neon-nel-cinema\/","og_site_name":"Atmosfera Mag","article_publisher":"https:\/\/www.facebook.com\/people\/Atmosfera-Mag\/100086538670476\/","article_published_time":"2023-09-14T18:06:16+00:00","article_modified_time":"2023-09-21T09:12:36+00:00","og_image":[{"width":2000,"height":876,"url":"https:\/\/www.atmosferamag.it\/wp-content\/uploads\/2023\/09\/neon-aestthetics-1-enter-the-void-3-.jpg","type":"image\/jpeg"}],"author":"Pietro Leonardi","twitter_card":"summary_large_image","twitter_misc":{"Scritto da":"Pietro Leonardi","Tempo di lettura stimato":"7 minuti"},"schema":{"@context":"https:\/\/schema.org","@graph":[{"@type":"Article","@id":"https:\/\/www.atmosferamag.it\/it\/estetiche-neon-nel-cinema\/#article","isPartOf":{"@id":"https:\/\/www.atmosferamag.it\/it\/estetiche-neon-nel-cinema\/"},"author":{"name":"Pietro Leonardi","@id":"https:\/\/www.atmosferamag.it\/it\/#\/schema\/person\/c13bbdc51aa0fbfc2930d6b3f4aeb4e9"},"headline":"Le estetiche al neon, il trend visivo del cinema contemporaneo","datePublished":"2023-09-14T18:06:16+00:00","dateModified":"2023-09-21T09:12:36+00:00","mainEntityOfPage":{"@id":"https:\/\/www.atmosferamag.it\/it\/estetiche-neon-nel-cinema\/"},"wordCount":1148,"publisher":{"@id":"https:\/\/www.atmosferamag.it\/it\/#organization"},"image":{"@id":"https:\/\/www.atmosferamag.it\/it\/estetiche-neon-nel-cinema\/#primaryimage"},"thumbnailUrl":"https:\/\/www.atmosferamag.it\/wp-content\/uploads\/2023\/09\/neon-aestthetics-1-enter-the-void-3-.jpg","articleSection":["Spaces"],"inLanguage":"it-IT"},{"@type":"WebPage","@id":"https:\/\/www.atmosferamag.it\/it\/estetiche-neon-nel-cinema\/","url":"https:\/\/www.atmosferamag.it\/it\/estetiche-neon-nel-cinema\/","name":"Le estetiche al neon: la luce nel cinema | Atmosfera Mag","isPartOf":{"@id":"https:\/\/www.atmosferamag.it\/it\/#website"},"primaryImageOfPage":{"@id":"https:\/\/www.atmosferamag.it\/it\/estetiche-neon-nel-cinema\/#primaryimage"},"image":{"@id":"https:\/\/www.atmosferamag.it\/it\/estetiche-neon-nel-cinema\/#primaryimage"},"thumbnailUrl":"https:\/\/www.atmosferamag.it\/wp-content\/uploads\/2023\/09\/neon-aestthetics-1-enter-the-void-3-.jpg","datePublished":"2023-09-14T18:06:16+00:00","dateModified":"2023-09-21T09:12:36+00:00","description":"Le estetiche al neon: il trend visivo che attraversa il cinema moderno e contemporaneo. Scopri i registi pi\u00f9 iconici.","breadcrumb":{"@id":"https:\/\/www.atmosferamag.it\/it\/estetiche-neon-nel-cinema\/#breadcrumb"},"inLanguage":"it-IT","potentialAction":[{"@type":"ReadAction","target":["https:\/\/www.atmosferamag.it\/it\/estetiche-neon-nel-cinema\/"]}]},{"@type":"ImageObject","inLanguage":"it-IT","@id":"https:\/\/www.atmosferamag.it\/it\/estetiche-neon-nel-cinema\/#primaryimage","url":"https:\/\/www.atmosferamag.it\/wp-content\/uploads\/2023\/09\/neon-aestthetics-1-enter-the-void-3-.jpg","contentUrl":"https:\/\/www.atmosferamag.it\/wp-content\/uploads\/2023\/09\/neon-aestthetics-1-enter-the-void-3-.jpg","width":2000,"height":876},{"@type":"BreadcrumbList","@id":"https:\/\/www.atmosferamag.it\/it\/estetiche-neon-nel-cinema\/#breadcrumb","itemListElement":[{"@type":"ListItem","position":1,"name":"Home","item":"https:\/\/www.atmosferamag.it\/it\/"},{"@type":"ListItem","position":2,"name":"Le estetiche al neon, il trend visivo del cinema contemporaneo"}]},{"@type":"WebSite","@id":"https:\/\/www.atmosferamag.it\/it\/#website","url":"https:\/\/www.atmosferamag.it\/it\/","name":"Atmosfera Mag","description":"La luce in tutte le sue forme","publisher":{"@id":"https:\/\/www.atmosferamag.it\/it\/#organization"},"potentialAction":[{"@type":"SearchAction","target":{"@type":"EntryPoint","urlTemplate":"https:\/\/www.atmosferamag.it\/it\/?s={search_term_string}"},"query-input":{"@type":"PropertyValueSpecification","valueRequired":true,"valueName":"search_term_string"}}],"inLanguage":"it-IT"},{"@type":"Organization","@id":"https:\/\/www.atmosferamag.it\/it\/#organization","name":"Atmosfera Mag","url":"https:\/\/www.atmosferamag.it\/it\/","logo":{"@type":"ImageObject","inLanguage":"it-IT","@id":"https:\/\/www.atmosferamag.it\/it\/#\/schema\/logo\/image\/","url":"https:\/\/www.atmosferamag.it\/wp-content\/uploads\/2022\/09\/titolo.png","contentUrl":"https:\/\/www.atmosferamag.it\/wp-content\/uploads\/2022\/09\/titolo.png","width":2728,"height":406,"caption":"Atmosfera Mag"},"image":{"@id":"https:\/\/www.atmosferamag.it\/it\/#\/schema\/logo\/image\/"},"sameAs":["https:\/\/www.facebook.com\/people\/Atmosfera-Mag\/100086538670476\/","https:\/\/www.instagram.com\/atmosferamag\/","https:\/\/www.pinterest.it\/atmosfera_mag\/"]},{"@type":"Person","@id":"https:\/\/www.atmosferamag.it\/it\/#\/schema\/person\/c13bbdc51aa0fbfc2930d6b3f4aeb4e9","name":"Pietro Leonardi","image":{"@type":"ImageObject","inLanguage":"it-IT","@id":"https:\/\/www.atmosferamag.it\/it\/#\/schema\/person\/image\/","url":"https:\/\/secure.gravatar.com\/avatar\/6f3af0d26e85b0d8d75d60499919b675c644d7d3dce017babae8ef9231d34dc3?s=96&d=mm&r=g","contentUrl":"https:\/\/secure.gravatar.com\/avatar\/6f3af0d26e85b0d8d75d60499919b675c644d7d3dce017babae8ef9231d34dc3?s=96&d=mm&r=g","caption":"Pietro Leonardi"},"url":"https:\/\/www.atmosferamag.it\/it\/author\/pietro-leonardi\/"}]}},"_links":{"self":[{"href":"https:\/\/www.atmosferamag.it\/it\/wp-json\/wp\/v2\/posts\/30392","targetHints":{"allow":["GET"]}}],"collection":[{"href":"https:\/\/www.atmosferamag.it\/it\/wp-json\/wp\/v2\/posts"}],"about":[{"href":"https:\/\/www.atmosferamag.it\/it\/wp-json\/wp\/v2\/types\/post"}],"author":[{"embeddable":true,"href":"https:\/\/www.atmosferamag.it\/it\/wp-json\/wp\/v2\/users\/16"}],"replies":[{"embeddable":true,"href":"https:\/\/www.atmosferamag.it\/it\/wp-json\/wp\/v2\/comments?post=30392"}],"version-history":[{"count":11,"href":"https:\/\/www.atmosferamag.it\/it\/wp-json\/wp\/v2\/posts\/30392\/revisions"}],"predecessor-version":[{"id":30493,"href":"https:\/\/www.atmosferamag.it\/it\/wp-json\/wp\/v2\/posts\/30392\/revisions\/30493"}],"wp:featuredmedia":[{"embeddable":true,"href":"https:\/\/www.atmosferamag.it\/it\/wp-json\/wp\/v2\/media\/30394"}],"wp:attachment":[{"href":"https:\/\/www.atmosferamag.it\/it\/wp-json\/wp\/v2\/media?parent=30392"}],"wp:term":[{"taxonomy":"category","embeddable":true,"href":"https:\/\/www.atmosferamag.it\/it\/wp-json\/wp\/v2\/categories?post=30392"},{"taxonomy":"post_tag","embeddable":true,"href":"https:\/\/www.atmosferamag.it\/it\/wp-json\/wp\/v2\/tags?post=30392"}],"curies":[{"name":"wp","href":"https:\/\/api.w.org\/{rel}","templated":true}]}}