{"id":28892,"date":"2023-06-03T20:20:15","date_gmt":"2023-06-03T18:20:15","guid":{"rendered":"https:\/\/www.atmosferamag.it\/?p=28892"},"modified":"2023-06-05T09:59:25","modified_gmt":"2023-06-05T07:59:25","slug":"tendenze-illuminazione-outdoor-2023","status":"publish","type":"post","link":"https:\/\/www.atmosferamag.it\/it\/tendenze-illuminazione-outdoor-2023\/","title":{"rendered":"Le tendenze di design nell&#8217;illuminazione outdoor per il 2023"},"content":{"rendered":"\t\t<div data-elementor-type=\"wp-post\" data-elementor-id=\"28892\" class=\"elementor elementor-28892 elementor-28852\" data-elementor-post-type=\"post\">\n\t\t\t\t\t\t<section class=\"elementor-section elementor-top-section elementor-element elementor-element-136f018 elementor-section-boxed elementor-section-height-default elementor-section-height-default\" data-id=\"136f018\" data-element_type=\"section\" data-e-type=\"section\">\n\t\t\t\t\t\t<div class=\"elementor-container elementor-column-gap-default\">\n\t\t\t\t\t<div class=\"elementor-column elementor-col-100 elementor-top-column elementor-element elementor-element-6744b83\" data-id=\"6744b83\" data-element_type=\"column\" data-e-type=\"column\">\n\t\t\t<div class=\"elementor-widget-wrap elementor-element-populated\">\n\t\t\t\t\t\t<div class=\"elementor-element elementor-element-c55ec36 elementor-widget elementor-widget-text-editor\" data-id=\"c55ec36\" data-element_type=\"widget\" data-e-type=\"widget\" data-widget_type=\"text-editor.default\">\n\t\t\t\t<div class=\"elementor-widget-container\">\n\t\t\t\t\t\t\t\t\t<p>Cortili, giardini e bordo piscina sono progettati con sempre maggior cura. Che si tratti di dehor domestici o di spazi pubblici come hotel e ristoranti, la tendenza imperante \u00e8 quella di dar vita ad <b>angoli relax che nulla hanno da invidiare ai living di casa<\/b>. Le nuove luci outdoor presentate nel 2023 assecondano la voglia di<b> comfort en-plein-air <\/b>con soluzioni di design che puntano tutto su materiali ricercati, linee accattivanti e su standard di resistenza all&#8217;acqua e alle intemperie sempre pi\u00f9 alti. Dentro ogni luce per il giardino c&#8217;\u00e8 un <b>cuore tecnologico<\/b>, composto da una <b>sorgente Led<\/b> performante e a risparmio energetico, accoppiata a <b>driver leggeri<\/b> o a <b>batterie ricaricabili <\/b>per spostare le lampade con facilit\u00e0.\u00a0<\/p>\t\t\t\t\t\t\t\t<\/div>\n\t\t\t\t<\/div>\n\t\t\t\t<div class=\"elementor-element elementor-element-722ba9a elementor-widget elementor-widget-text-editor\" data-id=\"722ba9a\" data-element_type=\"widget\" data-e-type=\"widget\" data-widget_type=\"text-editor.default\">\n\t\t\t\t<div class=\"elementor-widget-container\">\n\t\t\t\t\t\t\t\t\t<p><b>Lampade ricaricabili per il giardino<\/b><\/p>\t\t\t\t\t\t\t\t<\/div>\n\t\t\t\t<\/div>\n\t\t\t\t<div class=\"elementor-element elementor-element-09475b5 elementor-widget elementor-widget-text-editor\" data-id=\"09475b5\" data-element_type=\"widget\" data-e-type=\"widget\" data-widget_type=\"text-editor.default\">\n\t\t\t\t<div class=\"elementor-widget-container\">\n\t\t\t\t\t\t\t\t\t<p>Semplici nel concetto, le <a href=\"https:\/\/www.atmosferamag.it\/it\/nel-mondo-delle-lampade-senza-fili\/\"><u>lampade portatili<\/u> <\/a>con batteria hanno rivoluzionato l&#8217;illuminazione. Si tratta di oggetti leggeri, pensati per <b>illuminare la tavola<\/b> durante una cena estiva o per <b>creare il giusto ambiente<\/b> al calar del sole. Piccole e compatte, come Poldina Reverso di <a href=\"https:\/\/www.zafferanoailatilights.it\/collezioni\/\"><u>Zafferano<\/u><\/a> che \u00e8 anche un piccolo vaso porta oggetti, oppure pi\u00f9 grandi come Clara di <a href=\"https:\/\/contardi-italia.it\/\"><u>Contardi<\/u><\/a>, sono l&#8217;equivalente moderno delle romantiche lanterne.<\/p>\t\t\t\t\t\t\t\t<\/div>\n\t\t\t\t<\/div>\n\t\t\t\t<div class=\"elementor-element elementor-element-b6e6006 elementor-widget elementor-widget-text-editor\" data-id=\"b6e6006\" data-element_type=\"widget\" data-e-type=\"widget\" data-widget_type=\"text-editor.default\">\n\t\t\t\t<div class=\"elementor-widget-container\">\n\t\t\t\t\t\t\t\t\t<p><b>Lampadari per esterno: i modelli classici must-have<\/b><\/p>\t\t\t\t\t\t\t\t<\/div>\n\t\t\t\t<\/div>\n\t\t\t\t<div class=\"elementor-element elementor-element-2590369 elementor-widget elementor-widget-text-editor\" data-id=\"2590369\" data-element_type=\"widget\" data-e-type=\"widget\" data-widget_type=\"text-editor.default\">\n\t\t\t\t<div class=\"elementor-widget-container\">\n\t\t\t\t\t\t\t\t\t<p>La voglia di stile all&#8217;aria aperta si nota soprattutto nella <b>grande variet\u00e0 di lampadari<\/b> presentati in Fiera. Da sempre lumi domestici per eccellenza, abbandonano la sala da pranzo per &#8220;andare fuori&#8221; senza perdere un grammo del loro appeal. Succede che modelli storici, come Costanza di <a href=\"https:\/\/luceplan.com\/it\/home\"><u>Luceplan<\/u><\/a> o Neuro di <u><a href=\"https:\/\/www.davidegroppi.com\/it\">Davide Groppi<\/a><\/u>, vengano aggiornati per l&#8217;outdoor o che lampade tecniche, come il faretto Gople di <u><a href=\"https:\/\/www.artemide.com\/it\/home\">Artemide<\/a><\/u>, vengano declinati anche in una versione decorativa.<\/p>\t\t\t\t\t\t\t\t<\/div>\n\t\t\t\t<\/div>\n\t\t\t\t<div class=\"elementor-element elementor-element-425108a elementor-widget elementor-widget-text-editor\" data-id=\"425108a\" data-element_type=\"widget\" data-e-type=\"widget\" data-widget_type=\"text-editor.default\">\n\t\t\t\t<div class=\"elementor-widget-container\">\n\t\t\t\t\t\t\t\t\t<p><b>Piantane Outdoor, per angoli di relax\u00a0<\/b><\/p>\t\t\t\t\t\t\t\t<\/div>\n\t\t\t\t<\/div>\n\t\t\t\t<div class=\"elementor-element elementor-element-ac6360b elementor-widget elementor-widget-text-editor\" data-id=\"ac6360b\" data-element_type=\"widget\" data-e-type=\"widget\" data-widget_type=\"text-editor.default\">\n\t\t\t\t<div class=\"elementor-widget-container\">\n\t\t\t\t\t\t\t\t\t<p>Un tempo erano i bollard fissi, oggi sono le snelle e agili piantane a portare la luce nei giardini. Sempre pi\u00f9 <b>simili alle &#8220;sorelle&#8221; indoor anche per materiali <\/b>\u2013 metallo per la struttura, plastiche di ultima generazione dall&#8217;animo green o vetro per i diffusori \u2013 hanno cavi lunghi per essere posizionate e riposizionate ogni volta che ce n&#8217;\u00e8 bisogno. Tra le novit\u00e0 viste a Euroluce 2023 Atmosphere di <a href=\"https:\/\/karmanitalia.it\/\"><u>Karman<\/u><\/a>, con sfera luminosa in PVC, e Tee Outdoor di <a href=\"https:\/\/www.masierogroup.com\/\"><u>Masiero<\/u><\/a>, dal look vagamente anni &#8217;70.<\/p>\t\t\t\t\t\t\t\t<\/div>\n\t\t\t\t<\/div>\n\t\t\t\t<div class=\"elementor-element elementor-element-bdb3aa4 elementor-widget elementor-widget-text-editor\" data-id=\"bdb3aa4\" data-element_type=\"widget\" data-e-type=\"widget\" data-widget_type=\"text-editor.default\">\n\t\t\t\t<div class=\"elementor-widget-container\">\n\t\t\t\t\t\t\t\t\t<p><b>Tendenza nella tendenza: famiglie di prodotto complete<\/b><\/p>\t\t\t\t\t\t\t\t<\/div>\n\t\t\t\t<\/div>\n\t\t\t\t<div class=\"elementor-element elementor-element-e221e6a elementor-widget elementor-widget-text-editor\" data-id=\"e221e6a\" data-element_type=\"widget\" data-e-type=\"widget\" data-widget_type=\"text-editor.default\">\n\t\t\t\t<div class=\"elementor-widget-container\">\n\t\t\t\t\t\t\t\t\t<p>Non solo singoli prodotti, le aziende cercano sempre pi\u00f9 di dar vita a famiglie complete, <b>flessibili nelle modalit\u00e0 di utilizzo<\/b> (applique, sospensione, terra, tavolo) e <b>modulari nelle configurazioni<\/b>, in modo da poter soddisfare le esigenze di illuminazione di qualsiasi spazio architettonico.<\/p><p>Nella gallery alcune tra le novit\u00e0 outdoor presentate nel 2023.<\/p>\t\t\t\t\t\t\t\t<\/div>\n\t\t\t\t<\/div>\n\t\t\t\t<div class=\"elementor-element elementor-element-b887d3f elementor-widget elementor-widget-heading\" data-id=\"b887d3f\" data-element_type=\"widget\" data-e-type=\"widget\" data-widget_type=\"heading.default\">\n\t\t\t\t<div class=\"elementor-widget-container\">\n\t\t\t\t\t<h2 class=\"elementor-heading-title elementor-size-default\">1. Atmosphere - Karman<\/h2>\t\t\t\t<\/div>\n\t\t\t\t<\/div>\n\t\t\t\t<section class=\"elementor-section elementor-inner-section elementor-element elementor-element-ee384ca elementor-section-boxed elementor-section-height-default elementor-section-height-default\" data-id=\"ee384ca\" data-element_type=\"section\" data-e-type=\"section\">\n\t\t\t\t\t\t<div class=\"elementor-container elementor-column-gap-no\">\n\t\t\t\t\t<div class=\"elementor-column elementor-col-50 elementor-inner-column elementor-element elementor-element-e9ba5f0\" data-id=\"e9ba5f0\" data-element_type=\"column\" data-e-type=\"column\">\n\t\t\t<div class=\"elementor-widget-wrap elementor-element-populated\">\n\t\t\t\t\t\t<div class=\"elementor-element elementor-element-554558f elementor-widget elementor-widget-image\" data-id=\"554558f\" data-element_type=\"widget\" data-e-type=\"widget\" data-widget_type=\"image.default\">\n\t\t\t\t<div class=\"elementor-widget-container\">\n\t\t\t\t\t\t\t\t\t\t\t\t<figure class=\"wp-caption\">\n\t\t\t\t\t\t\t\t\t\t<img fetchpriority=\"high\" decoding=\"async\" width=\"800\" height=\"800\" src=\"https:\/\/www.atmosferamag.it\/wp-content\/uploads\/2023\/06\/atmosphere-by-karman-1024x1024.png\" class=\"attachment-large size-large wp-image-28859\" alt=\"\" srcset=\"https:\/\/www.atmosferamag.it\/wp-content\/uploads\/2023\/06\/atmosphere-by-karman-1024x1024.png 1024w, https:\/\/www.atmosferamag.it\/wp-content\/uploads\/2023\/06\/atmosphere-by-karman-300x300.png 300w, https:\/\/www.atmosferamag.it\/wp-content\/uploads\/2023\/06\/atmosphere-by-karman-150x150.png 150w, https:\/\/www.atmosferamag.it\/wp-content\/uploads\/2023\/06\/atmosphere-by-karman-768x769.png 768w, https:\/\/www.atmosferamag.it\/wp-content\/uploads\/2023\/06\/atmosphere-by-karman.png 1410w\" sizes=\"(max-width: 800px) 100vw, 800px\" \/>\t\t\t\t\t\t\t\t\t\t\t<figcaption class=\"widget-image-caption wp-caption-text\">1. Atmosphere by Karman<\/figcaption>\n\t\t\t\t\t\t\t\t\t\t<\/figure>\n\t\t\t\t\t\t\t\t\t<\/div>\n\t\t\t\t<\/div>\n\t\t\t\t\t<\/div>\n\t\t<\/div>\n\t\t\t\t<div class=\"elementor-column elementor-col-50 elementor-inner-column elementor-element elementor-element-406de4b\" data-id=\"406de4b\" data-element_type=\"column\" data-e-type=\"column\">\n\t\t\t<div class=\"elementor-widget-wrap elementor-element-populated\">\n\t\t\t\t\t\t<div class=\"elementor-element elementor-element-86b8426 elementor-widget elementor-widget-text-editor\" data-id=\"86b8426\" data-element_type=\"widget\" data-e-type=\"widget\" data-widget_type=\"text-editor.default\">\n\t\t\t\t<div class=\"elementor-widget-container\">\n\t\t\t\t\t\t\t\t\t<p>La nuova piantana outdoor disegnata da Matteo Ugolini prende ispirazione dalla natura e ripropone, in maxi-formato, un filo d&#8217;erba con una goccia di rugiada. Il filo \u00e8 una barra in fibra di vetro zigrinato verniciato bianco o nero, fissato a una base circolare in metallo che fa da contrappeso, mentre la goccia \u00e8 un corpo luminoso sferico in PVC. Tre le altezze a catalogo, da usare anche per creare composizioni: 180, 260 e 350 cm. Disponibile anche con picchetto e attacco a terra, della stessa famiglia anche il modello a parete\/soffitto.<\/p>\t\t\t\t\t\t\t\t<\/div>\n\t\t\t\t<\/div>\n\t\t\t\t\t<\/div>\n\t\t<\/div>\n\t\t\t\t\t<\/div>\n\t\t<\/section>\n\t\t\t\t<div class=\"elementor-element elementor-element-a928191 elementor-widget elementor-widget-heading\" data-id=\"a928191\" data-element_type=\"widget\" data-e-type=\"widget\" data-widget_type=\"heading.default\">\n\t\t\t\t<div class=\"elementor-widget-container\">\n\t\t\t\t\t<h2 class=\"elementor-heading-title elementor-size-default\">2. Gople Outdoor Led - Artemide<\/h2>\t\t\t\t<\/div>\n\t\t\t\t<\/div>\n\t\t\t\t<section class=\"elementor-section elementor-inner-section elementor-element elementor-element-c2ce4a5 elementor-section-boxed elementor-section-height-default elementor-section-height-default\" data-id=\"c2ce4a5\" data-element_type=\"section\" data-e-type=\"section\">\n\t\t\t\t\t\t<div class=\"elementor-container elementor-column-gap-no\">\n\t\t\t\t\t<div class=\"elementor-column elementor-col-50 elementor-inner-column elementor-element elementor-element-f4c61d0\" data-id=\"f4c61d0\" data-element_type=\"column\" data-e-type=\"column\">\n\t\t\t<div class=\"elementor-widget-wrap elementor-element-populated\">\n\t\t\t\t\t\t<div class=\"elementor-element elementor-element-8641556 elementor-widget elementor-widget-image\" data-id=\"8641556\" data-element_type=\"widget\" data-e-type=\"widget\" data-widget_type=\"image.default\">\n\t\t\t\t<div class=\"elementor-widget-container\">\n\t\t\t\t\t\t\t\t\t\t\t\t<figure class=\"wp-caption\">\n\t\t\t\t\t\t\t\t\t\t<img decoding=\"async\" width=\"683\" height=\"1024\" src=\"https:\/\/www.atmosferamag.it\/wp-content\/uploads\/2023\/06\/gople-outdoor-by-artemide-683x1024.jpeg\" class=\"attachment-large size-large wp-image-28867\" alt=\"\" srcset=\"https:\/\/www.atmosferamag.it\/wp-content\/uploads\/2023\/06\/gople-outdoor-by-artemide-683x1024.jpeg 683w, https:\/\/www.atmosferamag.it\/wp-content\/uploads\/2023\/06\/gople-outdoor-by-artemide-200x300.jpeg 200w, https:\/\/www.atmosferamag.it\/wp-content\/uploads\/2023\/06\/gople-outdoor-by-artemide-768x1152.jpeg 768w, https:\/\/www.atmosferamag.it\/wp-content\/uploads\/2023\/06\/gople-outdoor-by-artemide-1024x1536.jpeg 1024w, https:\/\/www.atmosferamag.it\/wp-content\/uploads\/2023\/06\/gople-outdoor-by-artemide-1365x2048.jpeg 1365w, https:\/\/www.atmosferamag.it\/wp-content\/uploads\/2023\/06\/gople-outdoor-by-artemide.jpeg 1680w\" sizes=\"(max-width: 683px) 100vw, 683px\" \/>\t\t\t\t\t\t\t\t\t\t\t<figcaption class=\"widget-image-caption wp-caption-text\">2. Gople Outdoor Led by Artemide\u200b<\/figcaption>\n\t\t\t\t\t\t\t\t\t\t<\/figure>\n\t\t\t\t\t\t\t\t\t<\/div>\n\t\t\t\t<\/div>\n\t\t\t\t\t<\/div>\n\t\t<\/div>\n\t\t\t\t<div class=\"elementor-column elementor-col-50 elementor-inner-column elementor-element elementor-element-f02d8f0\" data-id=\"f02d8f0\" data-element_type=\"column\" data-e-type=\"column\">\n\t\t\t<div class=\"elementor-widget-wrap elementor-element-populated\">\n\t\t\t\t\t\t<div class=\"elementor-element elementor-element-42faac6 elementor-widget elementor-widget-text-editor\" data-id=\"42faac6\" data-element_type=\"widget\" data-e-type=\"widget\" data-widget_type=\"text-editor.default\">\n\t\t\t\t<div class=\"elementor-widget-container\">\n\t\t\t\t\t\t\t\t\t<p>Parte di un sistema pi\u00f9 ampio di spot e bollard per esterno interamente concepito da BIG-Bjarke Ingels Group, l&#8217;ampliamento di gamma \u00e8 una sospensione con diffusore in polietilene stampato in rotazionale con finitura bianca lucida. Collegata a un cavo impermeabile con tecnologia brevettata, la lampada pu\u00f2 essere spostata facilmente ed \u00e8 perfetta per essere fissata ai rami delle piante.<\/p>\t\t\t\t\t\t\t\t<\/div>\n\t\t\t\t<\/div>\n\t\t\t\t\t<\/div>\n\t\t<\/div>\n\t\t\t\t\t<\/div>\n\t\t<\/section>\n\t\t\t\t<div class=\"elementor-element elementor-element-c0bcd13 elementor-widget elementor-widget-heading\" data-id=\"c0bcd13\" data-element_type=\"widget\" data-e-type=\"widget\" data-widget_type=\"heading.default\">\n\t\t\t\t<div class=\"elementor-widget-container\">\n\t\t\t\t\t<h2 class=\"elementor-heading-title elementor-size-default\">3. Balina - Platek<\/h2>\t\t\t\t<\/div>\n\t\t\t\t<\/div>\n\t\t\t\t<section class=\"elementor-section elementor-inner-section elementor-element elementor-element-e973b38 elementor-section-boxed elementor-section-height-default elementor-section-height-default\" data-id=\"e973b38\" data-element_type=\"section\" data-e-type=\"section\">\n\t\t\t\t\t\t<div class=\"elementor-container elementor-column-gap-no\">\n\t\t\t\t\t<div class=\"elementor-column elementor-col-50 elementor-inner-column elementor-element elementor-element-afa1f50\" data-id=\"afa1f50\" data-element_type=\"column\" data-e-type=\"column\">\n\t\t\t<div class=\"elementor-widget-wrap elementor-element-populated\">\n\t\t\t\t\t\t<div class=\"elementor-element elementor-element-358afae elementor-widget elementor-widget-image\" data-id=\"358afae\" data-element_type=\"widget\" data-e-type=\"widget\" data-widget_type=\"image.default\">\n\t\t\t\t<div class=\"elementor-widget-container\">\n\t\t\t\t\t\t\t\t\t\t\t\t<figure class=\"wp-caption\">\n\t\t\t\t\t\t\t\t\t\t<img decoding=\"async\" width=\"683\" height=\"1024\" src=\"https:\/\/www.atmosferamag.it\/wp-content\/uploads\/2023\/06\/balina-by-platek-e1685815464179.jpg\" class=\"attachment-large size-large wp-image-28861\" alt=\"\" \/>\t\t\t\t\t\t\t\t\t\t\t<figcaption class=\"widget-image-caption wp-caption-text\">3. Balina by Platek<\/figcaption>\n\t\t\t\t\t\t\t\t\t\t<\/figure>\n\t\t\t\t\t\t\t\t\t<\/div>\n\t\t\t\t<\/div>\n\t\t\t\t\t<\/div>\n\t\t<\/div>\n\t\t\t\t<div class=\"elementor-column elementor-col-50 elementor-inner-column elementor-element elementor-element-8e0bd22\" data-id=\"8e0bd22\" data-element_type=\"column\" data-e-type=\"column\">\n\t\t\t<div class=\"elementor-widget-wrap elementor-element-populated\">\n\t\t\t\t\t\t<div class=\"elementor-element elementor-element-4ef0cbe elementor-widget elementor-widget-text-editor\" data-id=\"4ef0cbe\" data-element_type=\"widget\" data-e-type=\"widget\" data-widget_type=\"text-editor.default\">\n\t\t\t\t<div class=\"elementor-widget-container\">\n\t\t\t\t\t\t\t\t\t<p>Delicata e quasi eterea, \u00e8 una lampada a picchetto, con stelo in acciaio e diffusore in vetro opalino o trasparente, La versione pi\u00f9 piccola in vetro trasparente (foto) si mimetizza nel verde durante il giorno, mentre la notte ricorda una lucciola in volo. Declinata in due dimensioni: con piccola sfera \u00d8 6 cm opalina o trasparente in 3 altezze, oppure in versione paletto, applique e sospensione con sfera \u00d8 12 cm. Design Sara Moroni.<\/p>\t\t\t\t\t\t\t\t<\/div>\n\t\t\t\t<\/div>\n\t\t\t\t\t<\/div>\n\t\t<\/div>\n\t\t\t\t\t<\/div>\n\t\t<\/section>\n\t\t\t\t<div class=\"elementor-element elementor-element-9616c17 elementor-widget elementor-widget-heading\" data-id=\"9616c17\" data-element_type=\"widget\" data-e-type=\"widget\" data-widget_type=\"heading.default\">\n\t\t\t\t<div class=\"elementor-widget-container\">\n\t\t\t\t\t<h2 class=\"elementor-heading-title elementor-size-default\">4. Artico - FontanaArte<\/h2>\t\t\t\t<\/div>\n\t\t\t\t<\/div>\n\t\t\t\t<div class=\"elementor-element elementor-element-82aae0d elementor-widget elementor-widget-text-editor\" data-id=\"82aae0d\" data-element_type=\"widget\" data-e-type=\"widget\" data-widget_type=\"text-editor.default\">\n\t\t\t\t<div class=\"elementor-widget-container\">\n\t\t\t\t\t\t\t\t\t<p>Progettata da Gabriele e Oscar Buratti, \u00e8 un lampada da esterni da terra a luce diretta dimmerabile. Base, stelo e testa sono\u00a0 in metallo verniciato bianco o nero, il diffusore \u00e8 stampato in policarbonato satinato. Pensata per illuminare giardini, patii, portici, area lounge e dining,\u00a0<span style=\"color: var( --e-global-color-text );\">per ville, spazi pubblici ed edifici, integra una sorgente Led con emissione downlight.\u00a0<\/span><\/p>\t\t\t\t\t\t\t\t<\/div>\n\t\t\t\t<\/div>\n\t\t\t\t<div class=\"elementor-element elementor-element-2a11a90 elementor-widget elementor-widget-image\" data-id=\"2a11a90\" data-element_type=\"widget\" data-e-type=\"widget\" data-widget_type=\"image.default\">\n\t\t\t\t<div class=\"elementor-widget-container\">\n\t\t\t\t\t\t\t\t\t\t\t\t<figure class=\"wp-caption\">\n\t\t\t\t\t\t\t\t\t\t<img loading=\"lazy\" decoding=\"async\" width=\"800\" height=\"412\" src=\"https:\/\/www.atmosferamag.it\/wp-content\/uploads\/2023\/06\/artico-by-fontanarte-1024x527.jpg\" class=\"attachment-large size-large wp-image-28857\" alt=\"\" srcset=\"https:\/\/www.atmosferamag.it\/wp-content\/uploads\/2023\/06\/artico-by-fontanarte-1024x527.jpg 1024w, https:\/\/www.atmosferamag.it\/wp-content\/uploads\/2023\/06\/artico-by-fontanarte-300x154.jpg 300w, https:\/\/www.atmosferamag.it\/wp-content\/uploads\/2023\/06\/artico-by-fontanarte-768x395.jpg 768w, https:\/\/www.atmosferamag.it\/wp-content\/uploads\/2023\/06\/artico-by-fontanarte-1536x790.jpg 1536w, https:\/\/www.atmosferamag.it\/wp-content\/uploads\/2023\/06\/artico-by-fontanarte.jpg 1800w\" sizes=\"(max-width: 800px) 100vw, 800px\" \/>\t\t\t\t\t\t\t\t\t\t\t<figcaption class=\"widget-image-caption wp-caption-text\">4. Artico by FontanaArte<\/figcaption>\n\t\t\t\t\t\t\t\t\t\t<\/figure>\n\t\t\t\t\t\t\t\t\t<\/div>\n\t\t\t\t<\/div>\n\t\t\t\t<div class=\"elementor-element elementor-element-92a15c8 elementor-widget elementor-widget-heading\" data-id=\"92a15c8\" data-element_type=\"widget\" data-e-type=\"widget\" data-widget_type=\"heading.default\">\n\t\t\t\t<div class=\"elementor-widget-container\">\n\t\t\t\t\t<h2 class=\"elementor-heading-title elementor-size-default\">5. LikPlus - Axolight<\/h2>\t\t\t\t<\/div>\n\t\t\t\t<\/div>\n\t\t\t\t<section class=\"elementor-section elementor-inner-section elementor-element elementor-element-3bd8893 elementor-section-boxed elementor-section-height-default elementor-section-height-default\" data-id=\"3bd8893\" data-element_type=\"section\" data-e-type=\"section\">\n\t\t\t\t\t\t<div class=\"elementor-container elementor-column-gap-no\">\n\t\t\t\t\t<div class=\"elementor-column elementor-col-50 elementor-inner-column elementor-element elementor-element-82bdec0\" data-id=\"82bdec0\" data-element_type=\"column\" data-e-type=\"column\">\n\t\t\t<div class=\"elementor-widget-wrap elementor-element-populated\">\n\t\t\t\t\t\t<div class=\"elementor-element elementor-element-662fe30 elementor-widget elementor-widget-image\" data-id=\"662fe30\" data-element_type=\"widget\" data-e-type=\"widget\" data-widget_type=\"image.default\">\n\t\t\t\t<div class=\"elementor-widget-container\">\n\t\t\t\t\t\t\t\t\t\t\t\t<figure class=\"wp-caption\">\n\t\t\t\t\t\t\t\t\t\t<img loading=\"lazy\" decoding=\"async\" width=\"785\" height=\"1024\" src=\"https:\/\/www.atmosferamag.it\/wp-content\/uploads\/2023\/06\/likplus-by-axolight-785x1024.jpg\" class=\"attachment-large size-large wp-image-28871\" alt=\"\" srcset=\"https:\/\/www.atmosferamag.it\/wp-content\/uploads\/2023\/06\/likplus-by-axolight-785x1024.jpg 785w, https:\/\/www.atmosferamag.it\/wp-content\/uploads\/2023\/06\/likplus-by-axolight-230x300.jpg 230w, https:\/\/www.atmosferamag.it\/wp-content\/uploads\/2023\/06\/likplus-by-axolight-768x1002.jpg 768w, https:\/\/www.atmosferamag.it\/wp-content\/uploads\/2023\/06\/likplus-by-axolight.jpg 1150w\" sizes=\"(max-width: 785px) 100vw, 785px\" \/>\t\t\t\t\t\t\t\t\t\t\t<figcaption class=\"widget-image-caption wp-caption-text\">5. LikPlus by Axolight<\/figcaption>\n\t\t\t\t\t\t\t\t\t\t<\/figure>\n\t\t\t\t\t\t\t\t\t<\/div>\n\t\t\t\t<\/div>\n\t\t\t\t\t<\/div>\n\t\t<\/div>\n\t\t\t\t<div class=\"elementor-column elementor-col-50 elementor-inner-column elementor-element elementor-element-2f6783c\" data-id=\"2f6783c\" data-element_type=\"column\" data-e-type=\"column\">\n\t\t\t<div class=\"elementor-widget-wrap elementor-element-populated\">\n\t\t\t\t\t\t<div class=\"elementor-element elementor-element-afcea37 elementor-widget elementor-widget-text-editor\" data-id=\"afcea37\" data-element_type=\"widget\" data-e-type=\"widget\" data-widget_type=\"text-editor.default\">\n\t\t\t\t<div class=\"elementor-widget-container\">\n\t\t\t\t\t\t\t\t\t<p>Applique concepita da Serge e Robert Cornelissen. La sorgente \u00e8 sistemata dietro il corpo lampada per emettere una morbida luce indiretta, che riflette sulla parete. Disponibile in tre colori.<\/p>\t\t\t\t\t\t\t\t<\/div>\n\t\t\t\t<\/div>\n\t\t\t\t\t<\/div>\n\t\t<\/div>\n\t\t\t\t\t<\/div>\n\t\t<\/section>\n\t\t\t\t<div class=\"elementor-element elementor-element-300f6c8 elementor-widget elementor-widget-heading\" data-id=\"300f6c8\" data-element_type=\"widget\" data-e-type=\"widget\" data-widget_type=\"heading.default\">\n\t\t\t\t<div class=\"elementor-widget-container\">\n\t\t\t\t\t<h2 class=\"elementor-heading-title elementor-size-default\">6. Clara - Contardi<\/h2>\t\t\t\t<\/div>\n\t\t\t\t<\/div>\n\t\t\t\t<div class=\"elementor-element elementor-element-8261108 elementor-widget elementor-widget-text-editor\" data-id=\"8261108\" data-element_type=\"widget\" data-e-type=\"widget\" data-widget_type=\"text-editor.default\">\n\t\t\t\t<div class=\"elementor-widget-container\">\n\t\t\t\t\t\t\t\t\t<p>Lampada portatile con batteria ricaricabile che rilegge la forma della classica lanterna. Il diffusore \u00e8 in resina effetto paglia di Vienna e pu\u00f2 essere appeso grazie a un anello sulla parte superiore. Il corpo lampada \u00e8 avvitato sulla parte superiore ed \u00e8 estraibile, per diventare un piccolo punto luce da usare a tavola o per muoversi quando cala il sole. Design CaberlonCaroppi in collaborazione con Marco Forbicioni.<\/p>\t\t\t\t\t\t\t\t<\/div>\n\t\t\t\t<\/div>\n\t\t\t\t<div class=\"elementor-element elementor-element-85734f3 elementor-widget elementor-widget-image\" data-id=\"85734f3\" data-element_type=\"widget\" data-e-type=\"widget\" data-widget_type=\"image.default\">\n\t\t\t\t<div class=\"elementor-widget-container\">\n\t\t\t\t\t\t\t\t\t\t\t\t<figure class=\"wp-caption\">\n\t\t\t\t\t\t\t\t\t\t<img loading=\"lazy\" decoding=\"async\" width=\"800\" height=\"534\" src=\"https:\/\/www.atmosferamag.it\/wp-content\/uploads\/2023\/06\/clara-by-contardi-1024x683.jpg\" class=\"attachment-large size-large wp-image-28882\" alt=\"\" srcset=\"https:\/\/www.atmosferamag.it\/wp-content\/uploads\/2023\/06\/clara-by-contardi-1024x683.jpg 1024w, https:\/\/www.atmosferamag.it\/wp-content\/uploads\/2023\/06\/clara-by-contardi-300x200.jpg 300w, https:\/\/www.atmosferamag.it\/wp-content\/uploads\/2023\/06\/clara-by-contardi-768x512.jpg 768w, https:\/\/www.atmosferamag.it\/wp-content\/uploads\/2023\/06\/clara-by-contardi.jpg 1050w\" sizes=\"(max-width: 800px) 100vw, 800px\" \/>\t\t\t\t\t\t\t\t\t\t\t<figcaption class=\"widget-image-caption wp-caption-text\">6. Clara by Contardi<\/figcaption>\n\t\t\t\t\t\t\t\t\t\t<\/figure>\n\t\t\t\t\t\t\t\t\t<\/div>\n\t\t\t\t<\/div>\n\t\t\t\t<div class=\"elementor-element elementor-element-a34971b elementor-widget elementor-widget-heading\" data-id=\"a34971b\" data-element_type=\"widget\" data-e-type=\"widget\" data-widget_type=\"heading.default\">\n\t\t\t\t<div class=\"elementor-widget-container\">\n\t\t\t\t\t<h2 class=\"elementor-heading-title elementor-size-default\">7. Cyborg Big - Martinelli Luce<\/h2>\t\t\t\t<\/div>\n\t\t\t\t<\/div>\n\t\t\t\t<section class=\"elementor-section elementor-inner-section elementor-element elementor-element-724739b elementor-section-boxed elementor-section-height-default elementor-section-height-default\" data-id=\"724739b\" data-element_type=\"section\" data-e-type=\"section\">\n\t\t\t\t\t\t<div class=\"elementor-container elementor-column-gap-no\">\n\t\t\t\t\t<div class=\"elementor-column elementor-col-50 elementor-inner-column elementor-element elementor-element-83ee398\" data-id=\"83ee398\" data-element_type=\"column\" data-e-type=\"column\">\n\t\t\t<div class=\"elementor-widget-wrap elementor-element-populated\">\n\t\t\t\t\t\t<div class=\"elementor-element elementor-element-6d4bbf3 elementor-widget elementor-widget-image\" data-id=\"6d4bbf3\" data-element_type=\"widget\" data-e-type=\"widget\" data-widget_type=\"image.default\">\n\t\t\t\t<div class=\"elementor-widget-container\">\n\t\t\t\t\t\t\t\t\t\t\t\t<figure class=\"wp-caption\">\n\t\t\t\t\t\t\t\t\t\t<img loading=\"lazy\" decoding=\"async\" width=\"702\" height=\"1024\" src=\"https:\/\/www.atmosferamag.it\/wp-content\/uploads\/2023\/06\/cyborg-big-by-martinelli-luce-702x1024.png\" class=\"attachment-large size-large wp-image-28865\" alt=\"\" srcset=\"https:\/\/www.atmosferamag.it\/wp-content\/uploads\/2023\/06\/cyborg-big-by-martinelli-luce-702x1024.png 702w, https:\/\/www.atmosferamag.it\/wp-content\/uploads\/2023\/06\/cyborg-big-by-martinelli-luce-206x300.png 206w, https:\/\/www.atmosferamag.it\/wp-content\/uploads\/2023\/06\/cyborg-big-by-martinelli-luce-768x1120.png 768w, https:\/\/www.atmosferamag.it\/wp-content\/uploads\/2023\/06\/cyborg-big-by-martinelli-luce.png 868w\" sizes=\"(max-width: 702px) 100vw, 702px\" \/>\t\t\t\t\t\t\t\t\t\t\t<figcaption class=\"widget-image-caption wp-caption-text\">7. Cyborg Big by Martinelli Luce<\/figcaption>\n\t\t\t\t\t\t\t\t\t\t<\/figure>\n\t\t\t\t\t\t\t\t\t<\/div>\n\t\t\t\t<\/div>\n\t\t\t\t\t<\/div>\n\t\t<\/div>\n\t\t\t\t<div class=\"elementor-column elementor-col-50 elementor-inner-column elementor-element elementor-element-29062d8\" data-id=\"29062d8\" data-element_type=\"column\" data-e-type=\"column\">\n\t\t\t<div class=\"elementor-widget-wrap elementor-element-populated\">\n\t\t\t\t\t\t<div class=\"elementor-element elementor-element-52c2482 elementor-widget elementor-widget-text-editor\" data-id=\"52c2482\" data-element_type=\"widget\" data-e-type=\"widget\" data-widget_type=\"text-editor.default\">\n\t\t\t\t<div class=\"elementor-widget-container\">\n\t\t\t\t\t\t\t\t\t<p>Lampada da terra da esterno, versione pi\u00f9 grande dell&#8217;omonima lampada da tavolo, sempre firmata da Karim Rashid. Disponibile in due versioni: a luce diffusa con il corpo lampada stampato con tecnologia rotazionale in polietilene bianco, a luce indiretta il corpo lampada stampato con tecnologia rotazionale in materiale eco-friendly EcoAllene\u00ae nel colore verde. Sorgente Led, con cavo e spina per l&#8217;alimentazione.<\/p>\t\t\t\t\t\t\t\t<\/div>\n\t\t\t\t<\/div>\n\t\t\t\t\t<\/div>\n\t\t<\/div>\n\t\t\t\t\t<\/div>\n\t\t<\/section>\n\t\t\t\t<div class=\"elementor-element elementor-element-013139a elementor-widget elementor-widget-heading\" data-id=\"013139a\" data-element_type=\"widget\" data-e-type=\"widget\" data-widget_type=\"heading.default\">\n\t\t\t\t<div class=\"elementor-widget-container\">\n\t\t\t\t\t<h2 class=\"elementor-heading-title elementor-size-default\">8. Tee Outdoor - Masiero\n<\/h2>\t\t\t\t<\/div>\n\t\t\t\t<\/div>\n\t\t\t\t<section class=\"elementor-section elementor-inner-section elementor-element elementor-element-06895e5 elementor-section-boxed elementor-section-height-default elementor-section-height-default\" data-id=\"06895e5\" data-element_type=\"section\" data-e-type=\"section\">\n\t\t\t\t\t\t<div class=\"elementor-container elementor-column-gap-no\">\n\t\t\t\t\t<div class=\"elementor-column elementor-col-50 elementor-inner-column elementor-element elementor-element-bda033d\" data-id=\"bda033d\" data-element_type=\"column\" data-e-type=\"column\">\n\t\t\t<div class=\"elementor-widget-wrap elementor-element-populated\">\n\t\t\t\t\t\t<div class=\"elementor-element elementor-element-3492551 elementor-widget elementor-widget-image\" data-id=\"3492551\" data-element_type=\"widget\" data-e-type=\"widget\" data-widget_type=\"image.default\">\n\t\t\t\t<div class=\"elementor-widget-container\">\n\t\t\t\t\t\t\t\t\t\t\t\t<figure class=\"wp-caption\">\n\t\t\t\t\t\t\t\t\t\t<img loading=\"lazy\" decoding=\"async\" width=\"709\" height=\"1024\" src=\"https:\/\/www.atmosferamag.it\/wp-content\/uploads\/2023\/06\/tee-by-masiero-709x1024.jpg\" class=\"attachment-large size-large wp-image-28877\" alt=\"\" srcset=\"https:\/\/www.atmosferamag.it\/wp-content\/uploads\/2023\/06\/tee-by-masiero-709x1024.jpg 709w, https:\/\/www.atmosferamag.it\/wp-content\/uploads\/2023\/06\/tee-by-masiero-208x300.jpg 208w, https:\/\/www.atmosferamag.it\/wp-content\/uploads\/2023\/06\/tee-by-masiero-768x1109.jpg 768w, https:\/\/www.atmosferamag.it\/wp-content\/uploads\/2023\/06\/tee-by-masiero-1064x1536.jpg 1064w, https:\/\/www.atmosferamag.it\/wp-content\/uploads\/2023\/06\/tee-by-masiero.jpg 1276w\" sizes=\"(max-width: 709px) 100vw, 709px\" \/>\t\t\t\t\t\t\t\t\t\t\t<figcaption class=\"widget-image-caption wp-caption-text\">8. Tee Outdoor by Masiero<\/figcaption>\n\t\t\t\t\t\t\t\t\t\t<\/figure>\n\t\t\t\t\t\t\t\t\t<\/div>\n\t\t\t\t<\/div>\n\t\t\t\t\t<\/div>\n\t\t<\/div>\n\t\t\t\t<div class=\"elementor-column elementor-col-50 elementor-inner-column elementor-element elementor-element-204c555\" data-id=\"204c555\" data-element_type=\"column\" data-e-type=\"column\">\n\t\t\t<div class=\"elementor-widget-wrap elementor-element-populated\">\n\t\t\t\t\t\t<div class=\"elementor-element elementor-element-1097180 elementor-widget elementor-widget-text-editor\" data-id=\"1097180\" data-element_type=\"widget\" data-e-type=\"widget\" data-widget_type=\"text-editor.default\">\n\t\t\t\t<div class=\"elementor-widget-container\">\n\t\t\t\t\t\t\t\t\t<p>Lampada da terra con sfera luminosa in polietilene, decorata da un&#8217;incisione di linee parallele a spirale che sembra imprimere ai globi una lenta rotazione. Lo stelo in tubolare metallico, dipinto bianco o color nocciola, termina con un tronco di cono su cui si aggancia il diffusore come un fiore di calla. Parte di un&#8217;intera famiglia di lampade outdoor con plafoniere, lampade da\u00a0 tavolo, da parete e da appoggio. Design Valerio Cometti +V12Design.<\/p>\t\t\t\t\t\t\t\t<\/div>\n\t\t\t\t<\/div>\n\t\t\t\t\t<\/div>\n\t\t<\/div>\n\t\t\t\t\t<\/div>\n\t\t<\/section>\n\t\t\t\t<div class=\"elementor-element elementor-element-b4a163b elementor-widget elementor-widget-heading\" data-id=\"b4a163b\" data-element_type=\"widget\" data-e-type=\"widget\" data-widget_type=\"heading.default\">\n\t\t\t\t<div class=\"elementor-widget-container\">\n\t\t\t\t\t<h2 class=\"elementor-heading-title elementor-size-default\">9. Grande Costanza Open Air Suspension - Luceplan\n<\/h2>\t\t\t\t<\/div>\n\t\t\t\t<\/div>\n\t\t\t\t<section class=\"elementor-section elementor-inner-section elementor-element elementor-element-ac3e030 elementor-section-boxed elementor-section-height-default elementor-section-height-default\" data-id=\"ac3e030\" data-element_type=\"section\" data-e-type=\"section\">\n\t\t\t\t\t\t<div class=\"elementor-container elementor-column-gap-no\">\n\t\t\t\t\t<div class=\"elementor-column elementor-col-50 elementor-inner-column elementor-element elementor-element-712eb27\" data-id=\"712eb27\" data-element_type=\"column\" data-e-type=\"column\">\n\t\t\t<div class=\"elementor-widget-wrap elementor-element-populated\">\n\t\t\t\t\t\t<div class=\"elementor-element elementor-element-cddbb82 elementor-widget elementor-widget-image\" data-id=\"cddbb82\" data-element_type=\"widget\" data-e-type=\"widget\" data-widget_type=\"image.default\">\n\t\t\t\t<div class=\"elementor-widget-container\">\n\t\t\t\t\t\t\t\t\t\t\t\t<figure class=\"wp-caption\">\n\t\t\t\t\t\t\t\t\t\t<img loading=\"lazy\" decoding=\"async\" width=\"768\" height=\"1024\" src=\"https:\/\/www.atmosferamag.it\/wp-content\/uploads\/2023\/06\/grande-costanza-openair-suspension-by-luceplan-768x1024.jpg\" class=\"attachment-large size-large wp-image-28869\" alt=\"\" srcset=\"https:\/\/www.atmosferamag.it\/wp-content\/uploads\/2023\/06\/grande-costanza-openair-suspension-by-luceplan-768x1024.jpg 768w, https:\/\/www.atmosferamag.it\/wp-content\/uploads\/2023\/06\/grande-costanza-openair-suspension-by-luceplan-225x300.jpg 225w, https:\/\/www.atmosferamag.it\/wp-content\/uploads\/2023\/06\/grande-costanza-openair-suspension-by-luceplan-1152x1536.jpg 1152w, https:\/\/www.atmosferamag.it\/wp-content\/uploads\/2023\/06\/grande-costanza-openair-suspension-by-luceplan-1536x2048.jpg 1536w, https:\/\/www.atmosferamag.it\/wp-content\/uploads\/2023\/06\/grande-costanza-openair-suspension-by-luceplan-scaled.jpg 1920w\" sizes=\"(max-width: 768px) 100vw, 768px\" \/>\t\t\t\t\t\t\t\t\t\t\t<figcaption class=\"widget-image-caption wp-caption-text\">9. Grande Costanza Open Air Suspension by Luceplan<\/figcaption>\n\t\t\t\t\t\t\t\t\t\t<\/figure>\n\t\t\t\t\t\t\t\t\t<\/div>\n\t\t\t\t<\/div>\n\t\t\t\t\t<\/div>\n\t\t<\/div>\n\t\t\t\t<div class=\"elementor-column elementor-col-50 elementor-inner-column elementor-element elementor-element-8bbd946\" data-id=\"8bbd946\" data-element_type=\"column\" data-e-type=\"column\">\n\t\t\t<div class=\"elementor-widget-wrap elementor-element-populated\">\n\t\t\t\t\t\t<div class=\"elementor-element elementor-element-aaf00dd elementor-widget elementor-widget-text-editor\" data-id=\"aaf00dd\" data-element_type=\"widget\" data-e-type=\"widget\" data-widget_type=\"text-editor.default\">\n\t\t\t\t<div class=\"elementor-widget-container\">\n\t\t\t\t\t\t\t\t\t<p>L&#8217;iconica lampada di Paolo Rizzatto, un vero e proprio classico moderno dell&#8217;illuminazione domestica, viene lanciata in una nuova versione a sospensione per esterno. Ideale per essere installata sopra il tavolo o sotto un gazebo, ha un diffusore in policarbonato (diametro 50 e 70 cm) e un vano ottico IP65 collegato al paralume da tre astine.<\/p>\t\t\t\t\t\t\t\t<\/div>\n\t\t\t\t<\/div>\n\t\t\t\t\t<\/div>\n\t\t<\/div>\n\t\t\t\t\t<\/div>\n\t\t<\/section>\n\t\t\t\t<div class=\"elementor-element elementor-element-aae4b5d elementor-widget elementor-widget-heading\" data-id=\"aae4b5d\" data-element_type=\"widget\" data-e-type=\"widget\" data-widget_type=\"heading.default\">\n\t\t\t\t<div class=\"elementor-widget-container\">\n\t\t\t\t\t<h2 class=\"elementor-heading-title elementor-size-default\"><h2 data-elementor-setting-key=\"title\" data-pen-placeholder=\"Digita qui...\"><span style=\"color: var( --e-global-color-secondary );font-size: 40px;letter-spacing: 1.2px\">10. Neuro Outdoor - Davide Groppi<\/span><span style=\"color: var( --e-global-color-secondary );font-size: 40px;letter-spacing: 1.2px\"><\/span><br><\/h2><\/h2>\t\t\t\t<\/div>\n\t\t\t\t<\/div>\n\t\t\t\t<section class=\"elementor-section elementor-inner-section elementor-element elementor-element-d808d06 elementor-section-boxed elementor-section-height-default elementor-section-height-default\" data-id=\"d808d06\" data-element_type=\"section\" data-e-type=\"section\">\n\t\t\t\t\t\t<div class=\"elementor-container elementor-column-gap-no\">\n\t\t\t\t\t<div class=\"elementor-column elementor-col-50 elementor-inner-column elementor-element elementor-element-df95bcf\" data-id=\"df95bcf\" data-element_type=\"column\" data-e-type=\"column\">\n\t\t\t<div class=\"elementor-widget-wrap elementor-element-populated\">\n\t\t\t\t\t\t<div class=\"elementor-element elementor-element-c50dc98 elementor-widget elementor-widget-image\" data-id=\"c50dc98\" data-element_type=\"widget\" data-e-type=\"widget\" data-widget_type=\"image.default\">\n\t\t\t\t<div class=\"elementor-widget-container\">\n\t\t\t\t\t\t\t\t\t\t\t\t<figure class=\"wp-caption\">\n\t\t\t\t\t\t\t\t\t\t<img loading=\"lazy\" decoding=\"async\" width=\"727\" height=\"1024\" src=\"https:\/\/www.atmosferamag.it\/wp-content\/uploads\/2023\/06\/neuro-outdoor-by-davide-groppi-727x1024.jpg\" class=\"attachment-large size-large wp-image-28873\" alt=\"\" srcset=\"https:\/\/www.atmosferamag.it\/wp-content\/uploads\/2023\/06\/neuro-outdoor-by-davide-groppi-727x1024.jpg 727w, https:\/\/www.atmosferamag.it\/wp-content\/uploads\/2023\/06\/neuro-outdoor-by-davide-groppi-213x300.jpg 213w, https:\/\/www.atmosferamag.it\/wp-content\/uploads\/2023\/06\/neuro-outdoor-by-davide-groppi-768x1081.jpg 768w, https:\/\/www.atmosferamag.it\/wp-content\/uploads\/2023\/06\/neuro-outdoor-by-davide-groppi-1091x1536.jpg 1091w, https:\/\/www.atmosferamag.it\/wp-content\/uploads\/2023\/06\/neuro-outdoor-by-davide-groppi.jpg 1250w\" sizes=\"(max-width: 727px) 100vw, 727px\" \/>\t\t\t\t\t\t\t\t\t\t\t<figcaption class=\"widget-image-caption wp-caption-text\">10. Neuro Outdoor by Davide Groppi<\/figcaption>\n\t\t\t\t\t\t\t\t\t\t<\/figure>\n\t\t\t\t\t\t\t\t\t<\/div>\n\t\t\t\t<\/div>\n\t\t\t\t\t<\/div>\n\t\t<\/div>\n\t\t\t\t<div class=\"elementor-column elementor-col-50 elementor-inner-column elementor-element elementor-element-01a8e03\" data-id=\"01a8e03\" data-element_type=\"column\" data-e-type=\"column\">\n\t\t\t<div class=\"elementor-widget-wrap elementor-element-populated\">\n\t\t\t\t\t\t<div class=\"elementor-element elementor-element-6adfd15 elementor-widget elementor-widget-text-editor\" data-id=\"6adfd15\" data-element_type=\"widget\" data-e-type=\"widget\" data-widget_type=\"text-editor.default\">\n\t\t\t\t<div class=\"elementor-widget-container\">\n\t\t\t\t\t\t\t\t\t<p>Declinazione per esterni dell&#8217;omonima versione indoor, sfrutta lo stesso principio creativo per portare la luce dove si desidera, partendo da una presa elettrica. La lampada \u00e8 composta da una spina, un cavo, un portalampada e un modulo Led; semplicemente fissando il cavo al muro o sospendendolo su sostegni aerei. Design Davide Groppi &#8211; Beppe Merlano<\/p>\t\t\t\t\t\t\t\t<\/div>\n\t\t\t\t<\/div>\n\t\t\t\t\t<\/div>\n\t\t<\/div>\n\t\t\t\t\t<\/div>\n\t\t<\/section>\n\t\t\t\t<div class=\"elementor-element elementor-element-63c8fa4 elementor-widget elementor-widget-heading\" data-id=\"63c8fa4\" data-element_type=\"widget\" data-e-type=\"widget\" data-widget_type=\"heading.default\">\n\t\t\t\t<div class=\"elementor-widget-container\">\n\t\t\t\t\t<h2 class=\"elementor-heading-title elementor-size-default\"><h2 data-elementor-setting-key=\"title\" data-pen-placeholder=\"Digita qui...\"><span style=\"color: var( --e-global-color-secondary );font-size: 40px;letter-spacing: 1.2px\">11. Poldina Reverso - Zafferano<\/span><span style=\"color: var( --e-global-color-secondary );font-size: 40px;letter-spacing: 1.2px\"><\/span><br><\/h2><\/h2>\t\t\t\t<\/div>\n\t\t\t\t<\/div>\n\t\t\t\t<section class=\"elementor-section elementor-inner-section elementor-element elementor-element-bf8679c elementor-section-boxed elementor-section-height-default elementor-section-height-default\" data-id=\"bf8679c\" data-element_type=\"section\" data-e-type=\"section\">\n\t\t\t\t\t\t<div class=\"elementor-container elementor-column-gap-no\">\n\t\t\t\t\t<div class=\"elementor-column elementor-col-50 elementor-inner-column elementor-element elementor-element-052dffe\" data-id=\"052dffe\" data-element_type=\"column\" data-e-type=\"column\">\n\t\t\t<div class=\"elementor-widget-wrap elementor-element-populated\">\n\t\t\t\t\t\t<div class=\"elementor-element elementor-element-77ffad9 elementor-widget elementor-widget-image\" data-id=\"77ffad9\" data-element_type=\"widget\" data-e-type=\"widget\" data-widget_type=\"image.default\">\n\t\t\t\t<div class=\"elementor-widget-container\">\n\t\t\t\t\t\t\t\t\t\t\t\t<figure class=\"wp-caption\">\n\t\t\t\t\t\t\t\t\t\t<img loading=\"lazy\" decoding=\"async\" width=\"500\" height=\"583\" src=\"https:\/\/www.atmosferamag.it\/wp-content\/uploads\/2023\/06\/poldina-reverso-by-zafferano.jpg\" class=\"attachment-large size-large wp-image-28875\" alt=\"\" srcset=\"https:\/\/www.atmosferamag.it\/wp-content\/uploads\/2023\/06\/poldina-reverso-by-zafferano.jpg 500w, https:\/\/www.atmosferamag.it\/wp-content\/uploads\/2023\/06\/poldina-reverso-by-zafferano-257x300.jpg 257w\" sizes=\"(max-width: 500px) 100vw, 500px\" \/>\t\t\t\t\t\t\t\t\t\t\t<figcaption class=\"widget-image-caption wp-caption-text\">11. Poldina Reverso by Zafferano<\/figcaption>\n\t\t\t\t\t\t\t\t\t\t<\/figure>\n\t\t\t\t\t\t\t\t\t<\/div>\n\t\t\t\t<\/div>\n\t\t\t\t\t<\/div>\n\t\t<\/div>\n\t\t\t\t<div class=\"elementor-column elementor-col-50 elementor-inner-column elementor-element elementor-element-f6fbdf0\" data-id=\"f6fbdf0\" data-element_type=\"column\" data-e-type=\"column\">\n\t\t\t<div class=\"elementor-widget-wrap elementor-element-populated\">\n\t\t\t\t\t\t<div class=\"elementor-element elementor-element-b92f007 elementor-widget elementor-widget-text-editor\" data-id=\"b92f007\" data-element_type=\"widget\" data-e-type=\"widget\" data-widget_type=\"text-editor.default\">\n\t\t\t\t<div class=\"elementor-widget-container\">\n\t\t\t\t\t\t\t\t\t<p>L&#8217;iconica Poldina, pioniera delle ricaricabili, esce di casa con la nuova versione Reverso. Il cappello dell&#8217;originale diventa una base-contenitore, adatta anche per alimenti, mentre la base diventa il diffusore. Corpo in pressofusione di alluminio, colori bianco, corten, grigio scuro, verde salvia, sabbia; diffusore in policarbonato satinato. Dotata di touch dimmer, \u00e8 possibile selezionare la temperatura colore della luce Led tra 2200K, 2700K e 3000K. La durata della batteria \u00e8 di 12 ore, il tempo di ricarica di 6\/7 ore.<\/p>\t\t\t\t\t\t\t\t<\/div>\n\t\t\t\t<\/div>\n\t\t\t\t\t<\/div>\n\t\t<\/div>\n\t\t\t\t\t<\/div>\n\t\t<\/section>\n\t\t\t\t\t<\/div>\n\t\t<\/div>\n\t\t\t\t\t<\/div>\n\t\t<\/section>\n\t\t\t\t<\/div>\n\t\t","protected":false},"excerpt":{"rendered":"<p>L&#8217;outdoor \u00e8 sempre pi\u00f9 un prolungamento degli spazi indoor. A partire dal 2023 superano il classico bollard in favore di lampadari, piantane e soluzioni ricaricabili per creare salotti all&#8217;aria aperta<\/p>\n","protected":false},"author":2,"featured_media":28853,"comment_status":"closed","ping_status":"open","sticky":false,"template":"","format":"standard","meta":{"footnotes":""},"categories":[40],"tags":[],"class_list":["post-28892","post","type-post","status-publish","format-standard","has-post-thumbnail","hentry","category-style"],"yoast_head":"<!-- This site is optimized with the Yoast SEO plugin v26.0 - https:\/\/yoast.com\/wordpress\/plugins\/seo\/ -->\n<title>Novit\u00e0 prodotto: lampade outdoor | Atmosfera Mag<\/title>\n<meta name=\"description\" content=\"Scopri le tendenze pi\u00f9 innovative per l&#039;illuminazione outdoor 2023: design elegante, tecnologia LED di risparmio energetico e materiali di alta qualit\u00e0\" \/>\n<meta name=\"robots\" content=\"index, follow, max-snippet:-1, max-image-preview:large, max-video-preview:-1\" \/>\n<link rel=\"canonical\" href=\"https:\/\/www.atmosferamag.it\/it\/tendenze-illuminazione-outdoor-2023\/\" \/>\n<meta property=\"og:locale\" content=\"it_IT\" \/>\n<meta property=\"og:type\" content=\"article\" \/>\n<meta property=\"og:title\" content=\"Novit\u00e0 prodotto: lampade outdoor | Atmosfera Mag\" \/>\n<meta property=\"og:description\" content=\"Scopri le tendenze pi\u00f9 innovative per l&#039;illuminazione outdoor 2023: design elegante, tecnologia LED di risparmio energetico e materiali di alta qualit\u00e0\" \/>\n<meta property=\"og:url\" content=\"https:\/\/www.atmosferamag.it\/it\/tendenze-illuminazione-outdoor-2023\/\" \/>\n<meta property=\"og:site_name\" content=\"Atmosfera Mag\" \/>\n<meta property=\"article:publisher\" content=\"https:\/\/www.facebook.com\/people\/Atmosfera-Mag\/100086538670476\/\" \/>\n<meta property=\"article:published_time\" content=\"2023-06-03T18:20:15+00:00\" \/>\n<meta property=\"article:modified_time\" content=\"2023-06-05T07:59:25+00:00\" \/>\n<meta property=\"og:image\" content=\"https:\/\/www.atmosferamag.it\/wp-content\/uploads\/2023\/06\/neuro-davide-groppi-1.jpg\" \/>\n\t<meta property=\"og:image:width\" content=\"1200\" \/>\n\t<meta property=\"og:image:height\" content=\"900\" \/>\n\t<meta property=\"og:image:type\" content=\"image\/jpeg\" \/>\n<meta name=\"author\" content=\"Redazione AtmosferaMag\" \/>\n<meta name=\"twitter:card\" content=\"summary_large_image\" \/>\n<meta name=\"twitter:label1\" content=\"Scritto da\" \/>\n\t<meta name=\"twitter:data1\" content=\"Redazione AtmosferaMag\" \/>\n<script type=\"application\/ld+json\" class=\"yoast-schema-graph\">{\"@context\":\"https:\/\/schema.org\",\"@graph\":[{\"@type\":\"Article\",\"@id\":\"https:\/\/www.atmosferamag.it\/it\/tendenze-illuminazione-outdoor-2023\/#article\",\"isPartOf\":{\"@id\":\"https:\/\/www.atmosferamag.it\/it\/tendenze-illuminazione-outdoor-2023\/\"},\"author\":{\"name\":\"Redazione AtmosferaMag\",\"@id\":\"https:\/\/www.atmosferamag.it\/it\/#\/schema\/person\/ab74a44bc124a0796815bc269e4939dc\"},\"headline\":\"Le tendenze di design nell&#8217;illuminazione outdoor per il 2023\",\"datePublished\":\"2023-06-03T18:20:15+00:00\",\"dateModified\":\"2023-06-05T07:59:25+00:00\",\"mainEntityOfPage\":{\"@id\":\"https:\/\/www.atmosferamag.it\/it\/tendenze-illuminazione-outdoor-2023\/\"},\"wordCount\":1195,\"publisher\":{\"@id\":\"https:\/\/www.atmosferamag.it\/it\/#organization\"},\"image\":{\"@id\":\"https:\/\/www.atmosferamag.it\/it\/tendenze-illuminazione-outdoor-2023\/#primaryimage\"},\"thumbnailUrl\":\"https:\/\/www.atmosferamag.it\/wp-content\/uploads\/2023\/06\/neuro-davide-groppi-1.jpg\",\"articleSection\":[\"Style\"],\"inLanguage\":\"it-IT\"},{\"@type\":\"WebPage\",\"@id\":\"https:\/\/www.atmosferamag.it\/it\/tendenze-illuminazione-outdoor-2023\/\",\"url\":\"https:\/\/www.atmosferamag.it\/it\/tendenze-illuminazione-outdoor-2023\/\",\"name\":\"Novit\u00e0 prodotto: lampade outdoor | Atmosfera Mag\",\"isPartOf\":{\"@id\":\"https:\/\/www.atmosferamag.it\/it\/#website\"},\"primaryImageOfPage\":{\"@id\":\"https:\/\/www.atmosferamag.it\/it\/tendenze-illuminazione-outdoor-2023\/#primaryimage\"},\"image\":{\"@id\":\"https:\/\/www.atmosferamag.it\/it\/tendenze-illuminazione-outdoor-2023\/#primaryimage\"},\"thumbnailUrl\":\"https:\/\/www.atmosferamag.it\/wp-content\/uploads\/2023\/06\/neuro-davide-groppi-1.jpg\",\"datePublished\":\"2023-06-03T18:20:15+00:00\",\"dateModified\":\"2023-06-05T07:59:25+00:00\",\"description\":\"Scopri le tendenze pi\u00f9 innovative per l'illuminazione outdoor 2023: design elegante, tecnologia LED di risparmio energetico e materiali di alta qualit\u00e0\",\"breadcrumb\":{\"@id\":\"https:\/\/www.atmosferamag.it\/it\/tendenze-illuminazione-outdoor-2023\/#breadcrumb\"},\"inLanguage\":\"it-IT\",\"potentialAction\":[{\"@type\":\"ReadAction\",\"target\":[\"https:\/\/www.atmosferamag.it\/it\/tendenze-illuminazione-outdoor-2023\/\"]}]},{\"@type\":\"ImageObject\",\"inLanguage\":\"it-IT\",\"@id\":\"https:\/\/www.atmosferamag.it\/it\/tendenze-illuminazione-outdoor-2023\/#primaryimage\",\"url\":\"https:\/\/www.atmosferamag.it\/wp-content\/uploads\/2023\/06\/neuro-davide-groppi-1.jpg\",\"contentUrl\":\"https:\/\/www.atmosferamag.it\/wp-content\/uploads\/2023\/06\/neuro-davide-groppi-1.jpg\",\"width\":1200,\"height\":900},{\"@type\":\"BreadcrumbList\",\"@id\":\"https:\/\/www.atmosferamag.it\/it\/tendenze-illuminazione-outdoor-2023\/#breadcrumb\",\"itemListElement\":[{\"@type\":\"ListItem\",\"position\":1,\"name\":\"Home\",\"item\":\"https:\/\/www.atmosferamag.it\/it\/\"},{\"@type\":\"ListItem\",\"position\":2,\"name\":\"Le tendenze di design nell&#8217;illuminazione outdoor per il 2023\"}]},{\"@type\":\"WebSite\",\"@id\":\"https:\/\/www.atmosferamag.it\/it\/#website\",\"url\":\"https:\/\/www.atmosferamag.it\/it\/\",\"name\":\"Atmosfera Mag\",\"description\":\"La luce in tutte le sue forme\",\"publisher\":{\"@id\":\"https:\/\/www.atmosferamag.it\/it\/#organization\"},\"potentialAction\":[{\"@type\":\"SearchAction\",\"target\":{\"@type\":\"EntryPoint\",\"urlTemplate\":\"https:\/\/www.atmosferamag.it\/it\/?s={search_term_string}\"},\"query-input\":{\"@type\":\"PropertyValueSpecification\",\"valueRequired\":true,\"valueName\":\"search_term_string\"}}],\"inLanguage\":\"it-IT\"},{\"@type\":\"Organization\",\"@id\":\"https:\/\/www.atmosferamag.it\/it\/#organization\",\"name\":\"Atmosfera Mag\",\"url\":\"https:\/\/www.atmosferamag.it\/it\/\",\"logo\":{\"@type\":\"ImageObject\",\"inLanguage\":\"it-IT\",\"@id\":\"https:\/\/www.atmosferamag.it\/it\/#\/schema\/logo\/image\/\",\"url\":\"https:\/\/www.atmosferamag.it\/wp-content\/uploads\/2022\/09\/titolo.png\",\"contentUrl\":\"https:\/\/www.atmosferamag.it\/wp-content\/uploads\/2022\/09\/titolo.png\",\"width\":2728,\"height\":406,\"caption\":\"Atmosfera Mag\"},\"image\":{\"@id\":\"https:\/\/www.atmosferamag.it\/it\/#\/schema\/logo\/image\/\"},\"sameAs\":[\"https:\/\/www.facebook.com\/people\/Atmosfera-Mag\/100086538670476\/\",\"https:\/\/www.instagram.com\/atmosferamag\/\",\"https:\/\/www.pinterest.it\/atmosfera_mag\/\"]},{\"@type\":\"Person\",\"@id\":\"https:\/\/www.atmosferamag.it\/it\/#\/schema\/person\/ab74a44bc124a0796815bc269e4939dc\",\"name\":\"Redazione AtmosferaMag\",\"image\":{\"@type\":\"ImageObject\",\"inLanguage\":\"it-IT\",\"@id\":\"https:\/\/www.atmosferamag.it\/it\/#\/schema\/person\/image\/\",\"url\":\"https:\/\/secure.gravatar.com\/avatar\/75c14bf3645779c6632cf8ba43a7dc0a35c55ddd31ef25cacf675d951cdd4015?s=96&d=mm&r=g\",\"contentUrl\":\"https:\/\/secure.gravatar.com\/avatar\/75c14bf3645779c6632cf8ba43a7dc0a35c55ddd31ef25cacf675d951cdd4015?s=96&d=mm&r=g\",\"caption\":\"Redazione AtmosferaMag\"},\"url\":\"https:\/\/www.atmosferamag.it\/it\/author\/4tm0sf3r4m4g\/\"}]}<\/script>\n<!-- \/ Yoast SEO plugin. -->","yoast_head_json":{"title":"Novit\u00e0 prodotto: lampade outdoor | Atmosfera Mag","description":"Scopri le tendenze pi\u00f9 innovative per l'illuminazione outdoor 2023: design elegante, tecnologia LED di risparmio energetico e materiali di alta qualit\u00e0","robots":{"index":"index","follow":"follow","max-snippet":"max-snippet:-1","max-image-preview":"max-image-preview:large","max-video-preview":"max-video-preview:-1"},"canonical":"https:\/\/www.atmosferamag.it\/it\/tendenze-illuminazione-outdoor-2023\/","og_locale":"it_IT","og_type":"article","og_title":"Novit\u00e0 prodotto: lampade outdoor | Atmosfera Mag","og_description":"Scopri le tendenze pi\u00f9 innovative per l'illuminazione outdoor 2023: design elegante, tecnologia LED di risparmio energetico e materiali di alta qualit\u00e0","og_url":"https:\/\/www.atmosferamag.it\/it\/tendenze-illuminazione-outdoor-2023\/","og_site_name":"Atmosfera Mag","article_publisher":"https:\/\/www.facebook.com\/people\/Atmosfera-Mag\/100086538670476\/","article_published_time":"2023-06-03T18:20:15+00:00","article_modified_time":"2023-06-05T07:59:25+00:00","og_image":[{"width":1200,"height":900,"url":"https:\/\/www.atmosferamag.it\/wp-content\/uploads\/2023\/06\/neuro-davide-groppi-1.jpg","type":"image\/jpeg"}],"author":"Redazione AtmosferaMag","twitter_card":"summary_large_image","twitter_misc":{"Scritto da":"Redazione AtmosferaMag"},"schema":{"@context":"https:\/\/schema.org","@graph":[{"@type":"Article","@id":"https:\/\/www.atmosferamag.it\/it\/tendenze-illuminazione-outdoor-2023\/#article","isPartOf":{"@id":"https:\/\/www.atmosferamag.it\/it\/tendenze-illuminazione-outdoor-2023\/"},"author":{"name":"Redazione AtmosferaMag","@id":"https:\/\/www.atmosferamag.it\/it\/#\/schema\/person\/ab74a44bc124a0796815bc269e4939dc"},"headline":"Le tendenze di design nell&#8217;illuminazione outdoor per il 2023","datePublished":"2023-06-03T18:20:15+00:00","dateModified":"2023-06-05T07:59:25+00:00","mainEntityOfPage":{"@id":"https:\/\/www.atmosferamag.it\/it\/tendenze-illuminazione-outdoor-2023\/"},"wordCount":1195,"publisher":{"@id":"https:\/\/www.atmosferamag.it\/it\/#organization"},"image":{"@id":"https:\/\/www.atmosferamag.it\/it\/tendenze-illuminazione-outdoor-2023\/#primaryimage"},"thumbnailUrl":"https:\/\/www.atmosferamag.it\/wp-content\/uploads\/2023\/06\/neuro-davide-groppi-1.jpg","articleSection":["Style"],"inLanguage":"it-IT"},{"@type":"WebPage","@id":"https:\/\/www.atmosferamag.it\/it\/tendenze-illuminazione-outdoor-2023\/","url":"https:\/\/www.atmosferamag.it\/it\/tendenze-illuminazione-outdoor-2023\/","name":"Novit\u00e0 prodotto: lampade outdoor | Atmosfera Mag","isPartOf":{"@id":"https:\/\/www.atmosferamag.it\/it\/#website"},"primaryImageOfPage":{"@id":"https:\/\/www.atmosferamag.it\/it\/tendenze-illuminazione-outdoor-2023\/#primaryimage"},"image":{"@id":"https:\/\/www.atmosferamag.it\/it\/tendenze-illuminazione-outdoor-2023\/#primaryimage"},"thumbnailUrl":"https:\/\/www.atmosferamag.it\/wp-content\/uploads\/2023\/06\/neuro-davide-groppi-1.jpg","datePublished":"2023-06-03T18:20:15+00:00","dateModified":"2023-06-05T07:59:25+00:00","description":"Scopri le tendenze pi\u00f9 innovative per l'illuminazione outdoor 2023: design elegante, tecnologia LED di risparmio energetico e materiali di alta qualit\u00e0","breadcrumb":{"@id":"https:\/\/www.atmosferamag.it\/it\/tendenze-illuminazione-outdoor-2023\/#breadcrumb"},"inLanguage":"it-IT","potentialAction":[{"@type":"ReadAction","target":["https:\/\/www.atmosferamag.it\/it\/tendenze-illuminazione-outdoor-2023\/"]}]},{"@type":"ImageObject","inLanguage":"it-IT","@id":"https:\/\/www.atmosferamag.it\/it\/tendenze-illuminazione-outdoor-2023\/#primaryimage","url":"https:\/\/www.atmosferamag.it\/wp-content\/uploads\/2023\/06\/neuro-davide-groppi-1.jpg","contentUrl":"https:\/\/www.atmosferamag.it\/wp-content\/uploads\/2023\/06\/neuro-davide-groppi-1.jpg","width":1200,"height":900},{"@type":"BreadcrumbList","@id":"https:\/\/www.atmosferamag.it\/it\/tendenze-illuminazione-outdoor-2023\/#breadcrumb","itemListElement":[{"@type":"ListItem","position":1,"name":"Home","item":"https:\/\/www.atmosferamag.it\/it\/"},{"@type":"ListItem","position":2,"name":"Le tendenze di design nell&#8217;illuminazione outdoor per il 2023"}]},{"@type":"WebSite","@id":"https:\/\/www.atmosferamag.it\/it\/#website","url":"https:\/\/www.atmosferamag.it\/it\/","name":"Atmosfera Mag","description":"La luce in tutte le sue forme","publisher":{"@id":"https:\/\/www.atmosferamag.it\/it\/#organization"},"potentialAction":[{"@type":"SearchAction","target":{"@type":"EntryPoint","urlTemplate":"https:\/\/www.atmosferamag.it\/it\/?s={search_term_string}"},"query-input":{"@type":"PropertyValueSpecification","valueRequired":true,"valueName":"search_term_string"}}],"inLanguage":"it-IT"},{"@type":"Organization","@id":"https:\/\/www.atmosferamag.it\/it\/#organization","name":"Atmosfera Mag","url":"https:\/\/www.atmosferamag.it\/it\/","logo":{"@type":"ImageObject","inLanguage":"it-IT","@id":"https:\/\/www.atmosferamag.it\/it\/#\/schema\/logo\/image\/","url":"https:\/\/www.atmosferamag.it\/wp-content\/uploads\/2022\/09\/titolo.png","contentUrl":"https:\/\/www.atmosferamag.it\/wp-content\/uploads\/2022\/09\/titolo.png","width":2728,"height":406,"caption":"Atmosfera Mag"},"image":{"@id":"https:\/\/www.atmosferamag.it\/it\/#\/schema\/logo\/image\/"},"sameAs":["https:\/\/www.facebook.com\/people\/Atmosfera-Mag\/100086538670476\/","https:\/\/www.instagram.com\/atmosferamag\/","https:\/\/www.pinterest.it\/atmosfera_mag\/"]},{"@type":"Person","@id":"https:\/\/www.atmosferamag.it\/it\/#\/schema\/person\/ab74a44bc124a0796815bc269e4939dc","name":"Redazione AtmosferaMag","image":{"@type":"ImageObject","inLanguage":"it-IT","@id":"https:\/\/www.atmosferamag.it\/it\/#\/schema\/person\/image\/","url":"https:\/\/secure.gravatar.com\/avatar\/75c14bf3645779c6632cf8ba43a7dc0a35c55ddd31ef25cacf675d951cdd4015?s=96&d=mm&r=g","contentUrl":"https:\/\/secure.gravatar.com\/avatar\/75c14bf3645779c6632cf8ba43a7dc0a35c55ddd31ef25cacf675d951cdd4015?s=96&d=mm&r=g","caption":"Redazione AtmosferaMag"},"url":"https:\/\/www.atmosferamag.it\/it\/author\/4tm0sf3r4m4g\/"}]}},"_links":{"self":[{"href":"https:\/\/www.atmosferamag.it\/it\/wp-json\/wp\/v2\/posts\/28892","targetHints":{"allow":["GET"]}}],"collection":[{"href":"https:\/\/www.atmosferamag.it\/it\/wp-json\/wp\/v2\/posts"}],"about":[{"href":"https:\/\/www.atmosferamag.it\/it\/wp-json\/wp\/v2\/types\/post"}],"author":[{"embeddable":true,"href":"https:\/\/www.atmosferamag.it\/it\/wp-json\/wp\/v2\/users\/2"}],"replies":[{"embeddable":true,"href":"https:\/\/www.atmosferamag.it\/it\/wp-json\/wp\/v2\/comments?post=28892"}],"version-history":[{"count":7,"href":"https:\/\/www.atmosferamag.it\/it\/wp-json\/wp\/v2\/posts\/28892\/revisions"}],"predecessor-version":[{"id":28993,"href":"https:\/\/www.atmosferamag.it\/it\/wp-json\/wp\/v2\/posts\/28892\/revisions\/28993"}],"wp:featuredmedia":[{"embeddable":true,"href":"https:\/\/www.atmosferamag.it\/it\/wp-json\/wp\/v2\/media\/28853"}],"wp:attachment":[{"href":"https:\/\/www.atmosferamag.it\/it\/wp-json\/wp\/v2\/media?parent=28892"}],"wp:term":[{"taxonomy":"category","embeddable":true,"href":"https:\/\/www.atmosferamag.it\/it\/wp-json\/wp\/v2\/categories?post=28892"},{"taxonomy":"post_tag","embeddable":true,"href":"https:\/\/www.atmosferamag.it\/it\/wp-json\/wp\/v2\/tags?post=28892"}],"curies":[{"name":"wp","href":"https:\/\/api.w.org\/{rel}","templated":true}]}}