{"id":28064,"date":"2023-04-12T15:34:11","date_gmt":"2023-04-12T13:34:11","guid":{"rendered":"https:\/\/www.atmosferamag.it\/?p=28064"},"modified":"2023-04-17T09:54:07","modified_gmt":"2023-04-17T07:54:07","slug":"per-una-nuova-cultura-della-luce","status":"publish","type":"post","link":"https:\/\/www.atmosferamag.it\/it\/per-una-nuova-cultura-della-luce\/","title":{"rendered":"Per una nuova cultura della luce"},"content":{"rendered":"\t\t<div data-elementor-type=\"wp-post\" data-elementor-id=\"28064\" class=\"elementor elementor-28064 elementor-27722\" data-elementor-post-type=\"post\">\n\t\t\t\t\t\t<section class=\"elementor-section elementor-top-section elementor-element elementor-element-a7eeb14 elementor-section-boxed elementor-section-height-default elementor-section-height-default\" data-id=\"a7eeb14\" data-element_type=\"section\" data-e-type=\"section\">\n\t\t\t\t\t\t<div class=\"elementor-container elementor-column-gap-default\">\n\t\t\t\t\t<div class=\"elementor-column elementor-col-100 elementor-top-column elementor-element elementor-element-862db2d\" data-id=\"862db2d\" data-element_type=\"column\" data-e-type=\"column\">\n\t\t\t<div class=\"elementor-widget-wrap elementor-element-populated\">\n\t\t\t\t\t\t<section class=\"elementor-section elementor-inner-section elementor-element elementor-element-317ffca elementor-section-boxed elementor-section-height-default elementor-section-height-default\" data-id=\"317ffca\" data-element_type=\"section\" data-e-type=\"section\">\n\t\t\t\t\t\t<div class=\"elementor-container elementor-column-gap-no\">\n\t\t\t\t\t<div class=\"elementor-column elementor-col-50 elementor-inner-column elementor-element elementor-element-5c81828\" data-id=\"5c81828\" data-element_type=\"column\" data-e-type=\"column\">\n\t\t\t<div class=\"elementor-widget-wrap elementor-element-populated\">\n\t\t\t\t\t\t<div class=\"elementor-element elementor-element-7981843 elementor-widget elementor-widget-text-editor\" data-id=\"7981843\" data-element_type=\"widget\" data-e-type=\"widget\" data-widget_type=\"text-editor.default\">\n\t\t\t\t<div class=\"elementor-widget-container\">\n\t\t\t\t\t\t\t\t\t<p>La luce \u00e8 un elemento fondamentale per la nostra vita e, in quanto tale, merita di essere esplorata, studiata e raccontata in tutte le sue forme. Da qui nasce il progetto di ATMOSFERA Mag, un magazine che si propone di raccontare la cultura della luce attraverso le voci e le esperienze di chi lavora in questo settore.&nbsp;<\/p>\n<p>Il mondo della luce \u00e8 in costante evoluzione e noi che di luce viviamo, lo sappiamo molto bene. La digitalizzazione \u00e8 un fattore chiave in questo settore e il LED \u00e8 stato il primo elemento a rappresentarla in modo evidente, rivoluzionando completamente il nostro mondo. Oggi, la tecnologia digitale consente di controllare e migliorare l\u2019efficienza della luce in senso lato, ponendo al centro dell\u2019attenzione la qualit\u00e0 della vita di tutti gli esseri viventi.<\/p><p><br><\/p>\t\t\t\t\t\t\t\t<\/div>\n\t\t\t\t<\/div>\n\t\t\t\t\t<\/div>\n\t\t<\/div>\n\t\t\t\t<div class=\"elementor-column elementor-col-50 elementor-inner-column elementor-element elementor-element-aeb2b51\" data-id=\"aeb2b51\" data-element_type=\"column\" data-e-type=\"column\">\n\t\t\t<div class=\"elementor-widget-wrap elementor-element-populated\">\n\t\t\t\t\t\t<div class=\"elementor-element elementor-element-bd6e24d elementor-widget elementor-widget-image\" data-id=\"bd6e24d\" data-element_type=\"widget\" data-e-type=\"widget\" data-widget_type=\"image.default\">\n\t\t\t\t<div class=\"elementor-widget-container\">\n\t\t\t\t\t\t\t\t\t\t\t\t<figure class=\"wp-caption\">\n\t\t\t\t\t\t\t\t\t\t<img fetchpriority=\"high\" decoding=\"async\" width=\"768\" height=\"1024\" src=\"https:\/\/www.atmosferamag.it\/wp-content\/uploads\/2023\/04\/foto-aristide-bn-768x1024.jpg\" class=\"attachment-large size-large wp-image-27728\" alt=\"\" srcset=\"https:\/\/www.atmosferamag.it\/wp-content\/uploads\/2023\/04\/foto-aristide-bn-768x1024.jpg 768w, https:\/\/www.atmosferamag.it\/wp-content\/uploads\/2023\/04\/foto-aristide-bn-225x300.jpg 225w\" sizes=\"(max-width: 768px) 100vw, 768px\" \/>\t\t\t\t\t\t\t\t\t\t\t<figcaption class=\"widget-image-caption wp-caption-text\">1.  Aristide Stucchi, Presidente AAG Stucchi <\/figcaption>\n\t\t\t\t\t\t\t\t\t\t<\/figure>\n\t\t\t\t\t\t\t\t\t<\/div>\n\t\t\t\t<\/div>\n\t\t\t\t\t<\/div>\n\t\t<\/div>\n\t\t\t\t\t<\/div>\n\t\t<\/section>\n\t\t\t\t<div class=\"elementor-element elementor-element-bfc6ed3 elementor-widget elementor-widget-text-editor\" data-id=\"bfc6ed3\" data-element_type=\"widget\" data-e-type=\"widget\" data-widget_type=\"text-editor.default\">\n\t\t\t\t<div class=\"elementor-widget-container\">\n\t\t\t\t\t\t\t\t\t<p>Le nuove tecnologie hanno grandi potenzialit\u00e0 non solo per quanto riguarda lo sviluppo dei prodotti, ma anche per la loro applicazione in tutti i processi aziendali e per l\u2019interazione che l\u2019azienda stessa ha con l\u2019esterno. Industry 4.0, e-commerce e digital marketing ne sono evidenti dimostrazioni ed offrono grandi opportunit\u00e0 in tutti i settori industriali. \u00c8 in questo contesto che un magazine multimediale quale ATMOSFERA Mag, rappresenta un impegno importante per noi.<\/p><p>In questa piattaforma, abbiamo deciso di non parlare di noi, dei nostri prodotti o dei nostri obiettivi come azienda, ma di raccontare la nostra sensibilit\u00e0 nei confronti di questo mondo, cercando di creare uno spazio dove gli esperti possano, attraverso esperienze passate, presenti e future \u2013 interpretando le tendenze e le continue innovazioni \u2013 cercare di dare una bussola per orientarsi in un mondo che sta assumendo velocit\u00e0 e complessit\u00e0 fino a poco tempo fa impensabili.\u00a0<\/p><p>Siamo infatti fermamente convinti che contribuire alla creazione di una cultura della luce su tutta la filiera sia, non solo nostro interesse, ma anche nostro dovere.\u00a0<span style=\"color: var( --e-global-color-text );\">\u00c9 cos\u00ec, infatti, che possiamo garantire le necessarie basi per assicurare la qualit\u00e0 ed il livello di innovazione necessarie per costruire un\u2019industry di successo. ATMOSFERA Mag \u00e8 il luogo dove vorremmo che tutto questo prendesse forma, dove le voci degli addetti ai lavori, dei designer, dei light-artist e dei professionisti possano incontrarsi e trovare uno spazio per esprimersi. Qui si racconteranno le storie della luce, si analizzeranno le tecniche utilizzate per creare installazioni luminose, si parler\u00e0 di come la luce influisce s<\/span><span style=\"color: var( --e-global-color-text );\">ulla nostra vita quotidiana e sul nostro ambiente.<\/span><\/p><p>\u00a0<\/p>\t\t\t\t\t\t\t\t<\/div>\n\t\t\t\t<\/div>\n\t\t\t\t<section class=\"elementor-section elementor-inner-section elementor-element elementor-element-81769b7 elementor-section-boxed elementor-section-height-default elementor-section-height-default\" data-id=\"81769b7\" data-element_type=\"section\" data-e-type=\"section\">\n\t\t\t\t\t\t<div class=\"elementor-container elementor-column-gap-no\">\n\t\t\t\t\t<div class=\"elementor-column elementor-col-100 elementor-inner-column elementor-element elementor-element-a9b8912\" data-id=\"a9b8912\" data-element_type=\"column\" data-e-type=\"column\">\n\t\t\t<div class=\"elementor-widget-wrap elementor-element-populated\">\n\t\t\t\t\t\t<div class=\"elementor-element elementor-element-32c5c31 elementor-widget elementor-widget-image\" data-id=\"32c5c31\" data-element_type=\"widget\" data-e-type=\"widget\" data-widget_type=\"image.default\">\n\t\t\t\t<div class=\"elementor-widget-container\">\n\t\t\t\t\t\t\t\t\t\t\t\t<figure class=\"wp-caption\">\n\t\t\t\t\t\t\t\t\t\t<img decoding=\"async\" width=\"800\" height=\"515\" src=\"https:\/\/www.atmosferamag.it\/wp-content\/uploads\/2023\/04\/IMG_7161-1-1024x659.jpg\" class=\"attachment-large size-large wp-image-27730\" alt=\"\" srcset=\"https:\/\/www.atmosferamag.it\/wp-content\/uploads\/2023\/04\/IMG_7161-1-1024x659.jpg 1024w, https:\/\/www.atmosferamag.it\/wp-content\/uploads\/2023\/04\/IMG_7161-1-300x193.jpg 300w, https:\/\/www.atmosferamag.it\/wp-content\/uploads\/2023\/04\/IMG_7161-1-768x494.jpg 768w, https:\/\/www.atmosferamag.it\/wp-content\/uploads\/2023\/04\/IMG_7161-1-1536x989.jpg 1536w, https:\/\/www.atmosferamag.it\/wp-content\/uploads\/2023\/04\/IMG_7161-1-2048x1319.jpg 2048w\" sizes=\"(max-width: 800px) 100vw, 800px\" \/>\t\t\t\t\t\t\t\t\t\t\t<figcaption class=\"widget-image-caption wp-caption-text\">2.  Micro by A.G.Stucchi<\/figcaption>\n\t\t\t\t\t\t\t\t\t\t<\/figure>\n\t\t\t\t\t\t\t\t\t<\/div>\n\t\t\t\t<\/div>\n\t\t\t\t<div class=\"elementor-element elementor-element-37a1de9 elementor-widget elementor-widget-text-editor\" data-id=\"37a1de9\" data-element_type=\"widget\" data-e-type=\"widget\" data-widget_type=\"text-editor.default\">\n\t\t\t\t<div class=\"elementor-widget-container\">\n\t\t\t\t\t\t\t\t\t<p>ATMOSFERA Mag vuole essere autorevole, affidabile, di respiro internazionale. Inoltre, grazie agli interventi di importanti attori del mondo della luce, si propone di diventare un punto di riferimento per tutti coloro che sono interessati a questo settore.&nbsp;<\/p><p>In un mondo che cambia cos\u00ec rapidamente, \u00e8 importante avere dei punti fermi, delle guide che ci aiutino ad orientarci. ATMOSFERA Mag vuole essere uno di questi; un luogo dove la cultura della luce possa trovare la giusta visibilit\u00e0 e dove le voci degli esperti possano unirsi per creare un dialogo costruttivo e stimolante.<span style=\"color: var( --e-global-color-text );\">&nbsp;<\/span><\/p>\n<p><span style=\"color: var( --e-global-color-text );\">Buona lettura.<\/span><\/p>\n<p>Aristide Stucchi<\/p>\t\t\t\t\t\t\t\t<\/div>\n\t\t\t\t<\/div>\n\t\t\t\t\t<\/div>\n\t\t<\/div>\n\t\t\t\t\t<\/div>\n\t\t<\/section>\n\t\t\t\t\t<\/div>\n\t\t<\/div>\n\t\t\t\t\t<\/div>\n\t\t<\/section>\n\t\t\t\t<\/div>\n\t\t","protected":false},"excerpt":{"rendered":"<p>Il mondo della luce \u00e8 in costante evoluzione e noi che di luce viviamo, lo sappiamo molto bene.<\/p>\n","protected":false},"author":2,"featured_media":28062,"comment_status":"closed","ping_status":"open","sticky":false,"template":"","format":"standard","meta":{"footnotes":""},"categories":[38],"tags":[],"class_list":["post-28064","post","type-post","status-publish","format-standard","has-post-thumbnail","hentry","category-editorial"],"yoast_head":"<!-- This site is optimized with the Yoast SEO plugin v26.0 - https:\/\/yoast.com\/wordpress\/plugins\/seo\/ -->\n<title>Cultura della Luce: storie, tecniche e tendenze | Atmosfera MAG<\/title>\n<meta name=\"description\" content=\"Scopri Atmosfera Mag, il magazine dedicato alla cultura della luce, all&#039;innovazione e alle tecnologie nel settore illuminotecnico\" \/>\n<meta name=\"robots\" content=\"index, follow, max-snippet:-1, max-image-preview:large, max-video-preview:-1\" \/>\n<link rel=\"canonical\" href=\"https:\/\/www.atmosferamag.it\/it\/per-una-nuova-cultura-della-luce\/\" \/>\n<meta property=\"og:locale\" content=\"it_IT\" \/>\n<meta property=\"og:type\" content=\"article\" \/>\n<meta property=\"og:title\" content=\"Cultura della Luce: storie, tecniche e tendenze | Atmosfera MAG\" \/>\n<meta property=\"og:description\" content=\"Scopri Atmosfera Mag, il magazine dedicato alla cultura della luce, all&#039;innovazione e alle tecnologie nel settore illuminotecnico\" \/>\n<meta property=\"og:url\" content=\"https:\/\/www.atmosferamag.it\/it\/per-una-nuova-cultura-della-luce\/\" \/>\n<meta property=\"og:site_name\" content=\"Atmosfera Mag\" \/>\n<meta property=\"article:publisher\" content=\"https:\/\/www.facebook.com\/people\/Atmosfera-Mag\/100086538670476\/\" \/>\n<meta property=\"article:published_time\" content=\"2023-04-12T13:34:11+00:00\" \/>\n<meta property=\"article:modified_time\" content=\"2023-04-17T07:54:07+00:00\" \/>\n<meta property=\"og:image\" content=\"https:\/\/www.atmosferamag.it\/wp-content\/uploads\/2023\/04\/0-HEADER-2-1.jpg\" \/>\n\t<meta property=\"og:image:width\" content=\"1920\" \/>\n\t<meta property=\"og:image:height\" content=\"1280\" \/>\n\t<meta property=\"og:image:type\" content=\"image\/jpeg\" \/>\n<meta name=\"author\" content=\"Redazione AtmosferaMag\" \/>\n<meta name=\"twitter:card\" content=\"summary_large_image\" \/>\n<meta name=\"twitter:label1\" content=\"Scritto da\" \/>\n\t<meta name=\"twitter:data1\" content=\"Redazione AtmosferaMag\" \/>\n<script type=\"application\/ld+json\" class=\"yoast-schema-graph\">{\"@context\":\"https:\/\/schema.org\",\"@graph\":[{\"@type\":\"Article\",\"@id\":\"https:\/\/www.atmosferamag.it\/it\/per-una-nuova-cultura-della-luce\/#article\",\"isPartOf\":{\"@id\":\"https:\/\/www.atmosferamag.it\/it\/per-una-nuova-cultura-della-luce\/\"},\"author\":{\"name\":\"Redazione AtmosferaMag\",\"@id\":\"https:\/\/www.atmosferamag.it\/it\/#\/schema\/person\/ab74a44bc124a0796815bc269e4939dc\"},\"headline\":\"Per una nuova cultura della luce\",\"datePublished\":\"2023-04-12T13:34:11+00:00\",\"dateModified\":\"2023-04-17T07:54:07+00:00\",\"mainEntityOfPage\":{\"@id\":\"https:\/\/www.atmosferamag.it\/it\/per-una-nuova-cultura-della-luce\/\"},\"wordCount\":501,\"publisher\":{\"@id\":\"https:\/\/www.atmosferamag.it\/it\/#organization\"},\"image\":{\"@id\":\"https:\/\/www.atmosferamag.it\/it\/per-una-nuova-cultura-della-luce\/#primaryimage\"},\"thumbnailUrl\":\"https:\/\/www.atmosferamag.it\/wp-content\/uploads\/2023\/04\/0-HEADER-2-1.jpg\",\"articleSection\":[\"Editorial\"],\"inLanguage\":\"it-IT\"},{\"@type\":\"WebPage\",\"@id\":\"https:\/\/www.atmosferamag.it\/it\/per-una-nuova-cultura-della-luce\/\",\"url\":\"https:\/\/www.atmosferamag.it\/it\/per-una-nuova-cultura-della-luce\/\",\"name\":\"Cultura della Luce: storie, tecniche e tendenze | Atmosfera MAG\",\"isPartOf\":{\"@id\":\"https:\/\/www.atmosferamag.it\/it\/#website\"},\"primaryImageOfPage\":{\"@id\":\"https:\/\/www.atmosferamag.it\/it\/per-una-nuova-cultura-della-luce\/#primaryimage\"},\"image\":{\"@id\":\"https:\/\/www.atmosferamag.it\/it\/per-una-nuova-cultura-della-luce\/#primaryimage\"},\"thumbnailUrl\":\"https:\/\/www.atmosferamag.it\/wp-content\/uploads\/2023\/04\/0-HEADER-2-1.jpg\",\"datePublished\":\"2023-04-12T13:34:11+00:00\",\"dateModified\":\"2023-04-17T07:54:07+00:00\",\"description\":\"Scopri Atmosfera Mag, il magazine dedicato alla cultura della luce, all'innovazione e alle tecnologie nel settore illuminotecnico\",\"breadcrumb\":{\"@id\":\"https:\/\/www.atmosferamag.it\/it\/per-una-nuova-cultura-della-luce\/#breadcrumb\"},\"inLanguage\":\"it-IT\",\"potentialAction\":[{\"@type\":\"ReadAction\",\"target\":[\"https:\/\/www.atmosferamag.it\/it\/per-una-nuova-cultura-della-luce\/\"]}]},{\"@type\":\"ImageObject\",\"inLanguage\":\"it-IT\",\"@id\":\"https:\/\/www.atmosferamag.it\/it\/per-una-nuova-cultura-della-luce\/#primaryimage\",\"url\":\"https:\/\/www.atmosferamag.it\/wp-content\/uploads\/2023\/04\/0-HEADER-2-1.jpg\",\"contentUrl\":\"https:\/\/www.atmosferamag.it\/wp-content\/uploads\/2023\/04\/0-HEADER-2-1.jpg\",\"width\":1920,\"height\":1280},{\"@type\":\"BreadcrumbList\",\"@id\":\"https:\/\/www.atmosferamag.it\/it\/per-una-nuova-cultura-della-luce\/#breadcrumb\",\"itemListElement\":[{\"@type\":\"ListItem\",\"position\":1,\"name\":\"Home\",\"item\":\"https:\/\/www.atmosferamag.it\/it\/\"},{\"@type\":\"ListItem\",\"position\":2,\"name\":\"Per una nuova cultura della luce\"}]},{\"@type\":\"WebSite\",\"@id\":\"https:\/\/www.atmosferamag.it\/it\/#website\",\"url\":\"https:\/\/www.atmosferamag.it\/it\/\",\"name\":\"Atmosfera Mag\",\"description\":\"La luce in tutte le sue forme\",\"publisher\":{\"@id\":\"https:\/\/www.atmosferamag.it\/it\/#organization\"},\"potentialAction\":[{\"@type\":\"SearchAction\",\"target\":{\"@type\":\"EntryPoint\",\"urlTemplate\":\"https:\/\/www.atmosferamag.it\/it\/?s={search_term_string}\"},\"query-input\":{\"@type\":\"PropertyValueSpecification\",\"valueRequired\":true,\"valueName\":\"search_term_string\"}}],\"inLanguage\":\"it-IT\"},{\"@type\":\"Organization\",\"@id\":\"https:\/\/www.atmosferamag.it\/it\/#organization\",\"name\":\"Atmosfera Mag\",\"url\":\"https:\/\/www.atmosferamag.it\/it\/\",\"logo\":{\"@type\":\"ImageObject\",\"inLanguage\":\"it-IT\",\"@id\":\"https:\/\/www.atmosferamag.it\/it\/#\/schema\/logo\/image\/\",\"url\":\"https:\/\/www.atmosferamag.it\/wp-content\/uploads\/2022\/09\/titolo.png\",\"contentUrl\":\"https:\/\/www.atmosferamag.it\/wp-content\/uploads\/2022\/09\/titolo.png\",\"width\":2728,\"height\":406,\"caption\":\"Atmosfera Mag\"},\"image\":{\"@id\":\"https:\/\/www.atmosferamag.it\/it\/#\/schema\/logo\/image\/\"},\"sameAs\":[\"https:\/\/www.facebook.com\/people\/Atmosfera-Mag\/100086538670476\/\",\"https:\/\/www.instagram.com\/atmosferamag\/\",\"https:\/\/www.pinterest.it\/atmosfera_mag\/\"]},{\"@type\":\"Person\",\"@id\":\"https:\/\/www.atmosferamag.it\/it\/#\/schema\/person\/ab74a44bc124a0796815bc269e4939dc\",\"name\":\"Redazione AtmosferaMag\",\"image\":{\"@type\":\"ImageObject\",\"inLanguage\":\"it-IT\",\"@id\":\"https:\/\/www.atmosferamag.it\/it\/#\/schema\/person\/image\/\",\"url\":\"https:\/\/secure.gravatar.com\/avatar\/75c14bf3645779c6632cf8ba43a7dc0a35c55ddd31ef25cacf675d951cdd4015?s=96&d=mm&r=g\",\"contentUrl\":\"https:\/\/secure.gravatar.com\/avatar\/75c14bf3645779c6632cf8ba43a7dc0a35c55ddd31ef25cacf675d951cdd4015?s=96&d=mm&r=g\",\"caption\":\"Redazione AtmosferaMag\"},\"url\":\"https:\/\/www.atmosferamag.it\/it\/author\/4tm0sf3r4m4g\/\"}]}<\/script>\n<!-- \/ Yoast SEO plugin. -->","yoast_head_json":{"title":"Cultura della Luce: storie, tecniche e tendenze | Atmosfera MAG","description":"Scopri Atmosfera Mag, il magazine dedicato alla cultura della luce, all'innovazione e alle tecnologie nel settore illuminotecnico","robots":{"index":"index","follow":"follow","max-snippet":"max-snippet:-1","max-image-preview":"max-image-preview:large","max-video-preview":"max-video-preview:-1"},"canonical":"https:\/\/www.atmosferamag.it\/it\/per-una-nuova-cultura-della-luce\/","og_locale":"it_IT","og_type":"article","og_title":"Cultura della Luce: storie, tecniche e tendenze | Atmosfera MAG","og_description":"Scopri Atmosfera Mag, il magazine dedicato alla cultura della luce, all'innovazione e alle tecnologie nel settore illuminotecnico","og_url":"https:\/\/www.atmosferamag.it\/it\/per-una-nuova-cultura-della-luce\/","og_site_name":"Atmosfera Mag","article_publisher":"https:\/\/www.facebook.com\/people\/Atmosfera-Mag\/100086538670476\/","article_published_time":"2023-04-12T13:34:11+00:00","article_modified_time":"2023-04-17T07:54:07+00:00","og_image":[{"width":1920,"height":1280,"url":"https:\/\/www.atmosferamag.it\/wp-content\/uploads\/2023\/04\/0-HEADER-2-1.jpg","type":"image\/jpeg"}],"author":"Redazione AtmosferaMag","twitter_card":"summary_large_image","twitter_misc":{"Scritto da":"Redazione AtmosferaMag"},"schema":{"@context":"https:\/\/schema.org","@graph":[{"@type":"Article","@id":"https:\/\/www.atmosferamag.it\/it\/per-una-nuova-cultura-della-luce\/#article","isPartOf":{"@id":"https:\/\/www.atmosferamag.it\/it\/per-una-nuova-cultura-della-luce\/"},"author":{"name":"Redazione AtmosferaMag","@id":"https:\/\/www.atmosferamag.it\/it\/#\/schema\/person\/ab74a44bc124a0796815bc269e4939dc"},"headline":"Per una nuova cultura della luce","datePublished":"2023-04-12T13:34:11+00:00","dateModified":"2023-04-17T07:54:07+00:00","mainEntityOfPage":{"@id":"https:\/\/www.atmosferamag.it\/it\/per-una-nuova-cultura-della-luce\/"},"wordCount":501,"publisher":{"@id":"https:\/\/www.atmosferamag.it\/it\/#organization"},"image":{"@id":"https:\/\/www.atmosferamag.it\/it\/per-una-nuova-cultura-della-luce\/#primaryimage"},"thumbnailUrl":"https:\/\/www.atmosferamag.it\/wp-content\/uploads\/2023\/04\/0-HEADER-2-1.jpg","articleSection":["Editorial"],"inLanguage":"it-IT"},{"@type":"WebPage","@id":"https:\/\/www.atmosferamag.it\/it\/per-una-nuova-cultura-della-luce\/","url":"https:\/\/www.atmosferamag.it\/it\/per-una-nuova-cultura-della-luce\/","name":"Cultura della Luce: storie, tecniche e tendenze | Atmosfera MAG","isPartOf":{"@id":"https:\/\/www.atmosferamag.it\/it\/#website"},"primaryImageOfPage":{"@id":"https:\/\/www.atmosferamag.it\/it\/per-una-nuova-cultura-della-luce\/#primaryimage"},"image":{"@id":"https:\/\/www.atmosferamag.it\/it\/per-una-nuova-cultura-della-luce\/#primaryimage"},"thumbnailUrl":"https:\/\/www.atmosferamag.it\/wp-content\/uploads\/2023\/04\/0-HEADER-2-1.jpg","datePublished":"2023-04-12T13:34:11+00:00","dateModified":"2023-04-17T07:54:07+00:00","description":"Scopri Atmosfera Mag, il magazine dedicato alla cultura della luce, all'innovazione e alle tecnologie nel settore illuminotecnico","breadcrumb":{"@id":"https:\/\/www.atmosferamag.it\/it\/per-una-nuova-cultura-della-luce\/#breadcrumb"},"inLanguage":"it-IT","potentialAction":[{"@type":"ReadAction","target":["https:\/\/www.atmosferamag.it\/it\/per-una-nuova-cultura-della-luce\/"]}]},{"@type":"ImageObject","inLanguage":"it-IT","@id":"https:\/\/www.atmosferamag.it\/it\/per-una-nuova-cultura-della-luce\/#primaryimage","url":"https:\/\/www.atmosferamag.it\/wp-content\/uploads\/2023\/04\/0-HEADER-2-1.jpg","contentUrl":"https:\/\/www.atmosferamag.it\/wp-content\/uploads\/2023\/04\/0-HEADER-2-1.jpg","width":1920,"height":1280},{"@type":"BreadcrumbList","@id":"https:\/\/www.atmosferamag.it\/it\/per-una-nuova-cultura-della-luce\/#breadcrumb","itemListElement":[{"@type":"ListItem","position":1,"name":"Home","item":"https:\/\/www.atmosferamag.it\/it\/"},{"@type":"ListItem","position":2,"name":"Per una nuova cultura della luce"}]},{"@type":"WebSite","@id":"https:\/\/www.atmosferamag.it\/it\/#website","url":"https:\/\/www.atmosferamag.it\/it\/","name":"Atmosfera Mag","description":"La luce in tutte le sue forme","publisher":{"@id":"https:\/\/www.atmosferamag.it\/it\/#organization"},"potentialAction":[{"@type":"SearchAction","target":{"@type":"EntryPoint","urlTemplate":"https:\/\/www.atmosferamag.it\/it\/?s={search_term_string}"},"query-input":{"@type":"PropertyValueSpecification","valueRequired":true,"valueName":"search_term_string"}}],"inLanguage":"it-IT"},{"@type":"Organization","@id":"https:\/\/www.atmosferamag.it\/it\/#organization","name":"Atmosfera Mag","url":"https:\/\/www.atmosferamag.it\/it\/","logo":{"@type":"ImageObject","inLanguage":"it-IT","@id":"https:\/\/www.atmosferamag.it\/it\/#\/schema\/logo\/image\/","url":"https:\/\/www.atmosferamag.it\/wp-content\/uploads\/2022\/09\/titolo.png","contentUrl":"https:\/\/www.atmosferamag.it\/wp-content\/uploads\/2022\/09\/titolo.png","width":2728,"height":406,"caption":"Atmosfera Mag"},"image":{"@id":"https:\/\/www.atmosferamag.it\/it\/#\/schema\/logo\/image\/"},"sameAs":["https:\/\/www.facebook.com\/people\/Atmosfera-Mag\/100086538670476\/","https:\/\/www.instagram.com\/atmosferamag\/","https:\/\/www.pinterest.it\/atmosfera_mag\/"]},{"@type":"Person","@id":"https:\/\/www.atmosferamag.it\/it\/#\/schema\/person\/ab74a44bc124a0796815bc269e4939dc","name":"Redazione AtmosferaMag","image":{"@type":"ImageObject","inLanguage":"it-IT","@id":"https:\/\/www.atmosferamag.it\/it\/#\/schema\/person\/image\/","url":"https:\/\/secure.gravatar.com\/avatar\/75c14bf3645779c6632cf8ba43a7dc0a35c55ddd31ef25cacf675d951cdd4015?s=96&d=mm&r=g","contentUrl":"https:\/\/secure.gravatar.com\/avatar\/75c14bf3645779c6632cf8ba43a7dc0a35c55ddd31ef25cacf675d951cdd4015?s=96&d=mm&r=g","caption":"Redazione AtmosferaMag"},"url":"https:\/\/www.atmosferamag.it\/it\/author\/4tm0sf3r4m4g\/"}]}},"_links":{"self":[{"href":"https:\/\/www.atmosferamag.it\/it\/wp-json\/wp\/v2\/posts\/28064","targetHints":{"allow":["GET"]}}],"collection":[{"href":"https:\/\/www.atmosferamag.it\/it\/wp-json\/wp\/v2\/posts"}],"about":[{"href":"https:\/\/www.atmosferamag.it\/it\/wp-json\/wp\/v2\/types\/post"}],"author":[{"embeddable":true,"href":"https:\/\/www.atmosferamag.it\/it\/wp-json\/wp\/v2\/users\/2"}],"replies":[{"embeddable":true,"href":"https:\/\/www.atmosferamag.it\/it\/wp-json\/wp\/v2\/comments?post=28064"}],"version-history":[{"count":14,"href":"https:\/\/www.atmosferamag.it\/it\/wp-json\/wp\/v2\/posts\/28064\/revisions"}],"predecessor-version":[{"id":28111,"href":"https:\/\/www.atmosferamag.it\/it\/wp-json\/wp\/v2\/posts\/28064\/revisions\/28111"}],"wp:featuredmedia":[{"embeddable":true,"href":"https:\/\/www.atmosferamag.it\/it\/wp-json\/wp\/v2\/media\/28062"}],"wp:attachment":[{"href":"https:\/\/www.atmosferamag.it\/it\/wp-json\/wp\/v2\/media?parent=28064"}],"wp:term":[{"taxonomy":"category","embeddable":true,"href":"https:\/\/www.atmosferamag.it\/it\/wp-json\/wp\/v2\/categories?post=28064"},{"taxonomy":"post_tag","embeddable":true,"href":"https:\/\/www.atmosferamag.it\/it\/wp-json\/wp\/v2\/tags?post=28064"}],"curies":[{"name":"wp","href":"https:\/\/api.w.org\/{rel}","templated":true}]}}