{"id":27866,"date":"2023-04-12T18:38:07","date_gmt":"2023-04-12T16:38:07","guid":{"rendered":"https:\/\/www.atmosferamag.it\/?p=27866"},"modified":"2023-04-17T10:08:59","modified_gmt":"2023-04-17T08:08:59","slug":"il-pensiero-di-piero-castiglioni","status":"publish","type":"post","link":"https:\/\/www.atmosferamag.it\/it\/il-pensiero-di-piero-castiglioni\/","title":{"rendered":"Il pensiero di Piero Castiglioni"},"content":{"rendered":"\t\t<div data-elementor-type=\"wp-post\" data-elementor-id=\"27866\" class=\"elementor elementor-27866\" data-elementor-post-type=\"post\">\n\t\t\t\t\t\t<section class=\"elementor-section elementor-top-section elementor-element elementor-element-b08cc3b elementor-section-boxed elementor-section-height-default elementor-section-height-default\" data-id=\"b08cc3b\" data-element_type=\"section\" data-e-type=\"section\">\n\t\t\t\t\t\t<div class=\"elementor-container elementor-column-gap-default\">\n\t\t\t\t\t<div class=\"elementor-column elementor-col-100 elementor-top-column elementor-element elementor-element-99837cd\" data-id=\"99837cd\" data-element_type=\"column\" data-e-type=\"column\">\n\t\t\t<div class=\"elementor-widget-wrap elementor-element-populated\">\n\t\t\t\t\t\t<div class=\"elementor-element elementor-element-41e300d elementor-widget elementor-widget-text-editor\" data-id=\"41e300d\" data-element_type=\"widget\" data-e-type=\"widget\" data-widget_type=\"text-editor.default\">\n\t\t\t\t<div class=\"elementor-widget-container\">\n\t\t\t\t\t\t\t\t\t<p>\u00abBisogna dialogare con le forme architettoniche per fare un buon progetto illuminotecnico, sono le pietre e i mattoni stessi a suggerire come devono essere illuminati. Non c\u2019\u00e8 una ricetta perfetta, non esistono ingredienti predosati: serve dialogare con il contesto\u00bb dichiara l\u2019architetto Piero Castiglioni. Lui che, primo in Italia, ha fatto del lighting design una professione, continua a progettare in Italia e all\u2019estero, senza scordarsi mai della \u201csua\u201d Milano.<\/p>\t\t\t\t\t\t\t\t<\/div>\n\t\t\t\t<\/div>\n\t\t\t\t<section class=\"elementor-section elementor-inner-section elementor-element elementor-element-f749c7a elementor-section-boxed elementor-section-height-default elementor-section-height-default\" data-id=\"f749c7a\" data-element_type=\"section\" data-e-type=\"section\">\n\t\t\t\t\t\t<div class=\"elementor-container elementor-column-gap-no\">\n\t\t\t\t\t<div class=\"elementor-column elementor-col-50 elementor-inner-column elementor-element elementor-element-5e9a38e\" data-id=\"5e9a38e\" data-element_type=\"column\" data-e-type=\"column\">\n\t\t\t<div class=\"elementor-widget-wrap elementor-element-populated\">\n\t\t\t\t\t\t<div class=\"elementor-element elementor-element-d4ac558 elementor-widget elementor-widget-text-editor\" data-id=\"d4ac558\" data-element_type=\"widget\" data-e-type=\"widget\" data-widget_type=\"text-editor.default\">\n\t\t\t\t<div class=\"elementor-widget-container\">\n\t\t\t\t\t\t\t\t\t<p><b>In diverse occasioni si \u00e8 definito &#8220;architetto elettricista&#8221;. \u00c9 una descrizione in cui ancora si riconosce e che cosa sottende la scelta di queste parole?<\/b><\/p><p>\u00abLa mia visione del mondo della progettazione \u00e8 artigianale, il saper fare \u00e8 una dimensione che va recuperata. Il mio pensiero deriva dall\u2019esperienza della mia famiglia, mio nonno Giannino Castiglioni era uno scultore-architetto, ha realizzato oltre 60 tra tombe e cappelle al Cimitero Monumentale di Milano, diversi monumenti ai caduti nel nord Italia. Lui si \u00e8 sempre definito artigiano non artista, ed era corretto perch\u00e9 ha sempre lavorato su commissione a differenza di suoi contemporanei, come Medardo Rosso, che invece scolpiva opere di sua iniziativa.\u00a0<\/p><p>In un certo senso anche mio padre Livio e i suoi fratelli, ovvero i miei zii, Achille e Pier Giacomo, hanno sempre lavorato in maniera artigianale. Ricordo che i loro progetti di design nascevano da modelli in gesso e plastilina, non avevano computer o programmi di renderistica, pertanto il loro spazio era una sorta di bottega. Anche io sono un progettista che approccia il lavoro in maniera artigianale, questo significa per me essere architetto elettricista: ogni progetto ha origine dalla visione di uno spazio o di un edificio, la luce nasce di volta in volta come conseguenza di un pensiero e di un\u2019osservazione\u00bb.<span style=\"color: var( --e-global-color-text );\">\u00a0<\/span><\/p>\t\t\t\t\t\t\t\t<\/div>\n\t\t\t\t<\/div>\n\t\t\t\t\t<\/div>\n\t\t<\/div>\n\t\t\t\t<div class=\"elementor-column elementor-col-50 elementor-inner-column elementor-element elementor-element-67e8198\" data-id=\"67e8198\" data-element_type=\"column\" data-e-type=\"column\">\n\t\t\t<div class=\"elementor-widget-wrap elementor-element-populated\">\n\t\t\t\t\t\t<div class=\"elementor-element elementor-element-0935dc0 elementor-widget elementor-widget-image\" data-id=\"0935dc0\" data-element_type=\"widget\" data-e-type=\"widget\" data-widget_type=\"image.default\">\n\t\t\t\t<div class=\"elementor-widget-container\">\n\t\t\t\t\t\t\t\t\t\t\t\t<figure class=\"wp-caption\">\n\t\t\t\t\t\t\t\t\t\t<img fetchpriority=\"high\" decoding=\"async\" width=\"738\" height=\"1024\" src=\"https:\/\/www.atmosferamag.it\/wp-content\/uploads\/2023\/04\/Foto-Piero-Castiglioni-copia-738x1024.jpg\" class=\"attachment-large size-large wp-image-27843\" alt=\"\" srcset=\"https:\/\/www.atmosferamag.it\/wp-content\/uploads\/2023\/04\/Foto-Piero-Castiglioni-copia-738x1024.jpg 738w, https:\/\/www.atmosferamag.it\/wp-content\/uploads\/2023\/04\/Foto-Piero-Castiglioni-copia-216x300.jpg 216w, https:\/\/www.atmosferamag.it\/wp-content\/uploads\/2023\/04\/Foto-Piero-Castiglioni-copia-768x1065.jpg 768w, https:\/\/www.atmosferamag.it\/wp-content\/uploads\/2023\/04\/Foto-Piero-Castiglioni-copia-1107x1536.jpg 1107w, https:\/\/www.atmosferamag.it\/wp-content\/uploads\/2023\/04\/Foto-Piero-Castiglioni-copia-1476x2048.jpg 1476w, https:\/\/www.atmosferamag.it\/wp-content\/uploads\/2023\/04\/Foto-Piero-Castiglioni-copia-scaled.jpg 1846w\" sizes=\"(max-width: 738px) 100vw, 738px\" \/>\t\t\t\t\t\t\t\t\t\t\t<figcaption class=\"widget-image-caption wp-caption-text\">1. Piero Castiglioni  <\/figcaption>\n\t\t\t\t\t\t\t\t\t\t<\/figure>\n\t\t\t\t\t\t\t\t\t<\/div>\n\t\t\t\t<\/div>\n\t\t\t\t\t<\/div>\n\t\t<\/div>\n\t\t\t\t\t<\/div>\n\t\t<\/section>\n\t\t\t\t<div class=\"elementor-element elementor-element-68a0f43 elementor-widget elementor-widget-text-editor\" data-id=\"68a0f43\" data-element_type=\"widget\" data-e-type=\"widget\" data-widget_type=\"text-editor.default\">\n\t\t\t\t<div class=\"elementor-widget-container\">\n\t\t\t\t\t\t\t\t\t<p><b>Come si diventa un professionista della luce?\u00a0<\/b><\/p><p>\u00abBisogna saper progettare, intuire cosa \u00e8 necessario fare e poi riuscire ad applicare alla pratica tutti i pensieri e le idee. Odio la parola creativit\u00e0, \u00e8 un concetto che non esiste! Ci\u00f2 che \u00e8 creativo attiene a concetti religiosi, le divinit\u00e0 fanno apparire dal nulla oggetti o esseri viventi. Gli architetti e i designer, pi\u00f9 semplicemente, hanno delle intuizioni che riescono poi a tradurre in forme. Lo stesso accade nel progetto di illuminazione, tutto sta nel capire cosa si deve fare e come farlo, si devono esaltare le forme e le finiture attraverso la luce, si devono rendere leggibili i dettagli. L\u2019aspetto tecnico si impara frequentando dei master universitari o corsi di specializzazione, le finezze si apprendono sul campo, non pu\u00f2 per\u00f2 mancare una grande cultura di base e la capacit\u00e0 di progettare, di programmare a lungo termine, di avere visioni\u00bb.<\/p><p>\u00a0<\/p><p><b>Nella sua carriera ha lavorato con diversi architetti premi Pritzker su progetti di risonanza internazionale, non da ultimo Chipperfield insignito del riconoscimento quest\u2019anno. Qual \u00e8 stato l\u2019incontro pi\u00f9 importante della sua carriera e perch\u00e9?<\/b><\/p><p>\u00abL\u2019incontro pi\u00f9 importante e pi\u00f9 stimolante dal punto di vista professionale \u00e8 stato quello con Gae Aulenti, quando abbiamo progettato il Mus\u00e9e d\u2019Orsay. Riconvertire una stazione ferroviaria in museo \u00e8 stato qualcosa di eccezionale, studiare le luci \u00e8 stato difficile perch\u00e9 Aulenti non voleva si vedessero gli apparecchi. L\u2019architettura stessa era studiata per distribuire la luce, \u00e8 stato molto difficile arrivare al risultato ottimale e confrontarsi con un\u2019istituzione che, di fatto, \u00e8 tra le pi\u00f9 importanti di tutta la Francia\u00bb.<\/p>\t\t\t\t\t\t\t\t<\/div>\n\t\t\t\t<\/div>\n\t\t\t\t<div class=\"elementor-element elementor-element-16c3b18 elementor-widget elementor-widget-image\" data-id=\"16c3b18\" data-element_type=\"widget\" data-e-type=\"widget\" data-widget_type=\"image.default\">\n\t\t\t\t<div class=\"elementor-widget-container\">\n\t\t\t\t\t\t\t\t\t\t\t\t<figure class=\"wp-caption\">\n\t\t\t\t\t\t\t\t\t\t<img decoding=\"async\" width=\"800\" height=\"600\" src=\"https:\/\/www.atmosferamag.it\/wp-content\/uploads\/2023\/04\/Immagine-3-1024x768.jpg\" class=\"attachment-large size-large wp-image-27851\" alt=\"\" srcset=\"https:\/\/www.atmosferamag.it\/wp-content\/uploads\/2023\/04\/Immagine-3-1024x768.jpg 1024w, https:\/\/www.atmosferamag.it\/wp-content\/uploads\/2023\/04\/Immagine-3-300x225.jpg 300w, https:\/\/www.atmosferamag.it\/wp-content\/uploads\/2023\/04\/Immagine-3-768x576.jpg 768w, https:\/\/www.atmosferamag.it\/wp-content\/uploads\/2023\/04\/Immagine-3-1536x1152.jpg 1536w, https:\/\/www.atmosferamag.it\/wp-content\/uploads\/2023\/04\/Immagine-3-2048x1536.jpg 2048w\" sizes=\"(max-width: 800px) 100vw, 800px\" \/>\t\t\t\t\t\t\t\t\t\t\t<figcaption class=\"widget-image-caption wp-caption-text\">2. Parigi - Museo D\u2019Orsay  - Ph. Piero Castiglioni<\/figcaption>\n\t\t\t\t\t\t\t\t\t\t<\/figure>\n\t\t\t\t\t\t\t\t\t<\/div>\n\t\t\t\t<\/div>\n\t\t\t\t<div class=\"elementor-element elementor-element-4863fb8 elementor-widget elementor-widget-text-editor\" data-id=\"4863fb8\" data-element_type=\"widget\" data-e-type=\"widget\" data-widget_type=\"text-editor.default\">\n\t\t\t\t<div class=\"elementor-widget-container\">\n\t\t\t\t\t\t\t\t\t<p><b>Lei \u00e8 molto attivo a Milano, recentemente ha illuminato la Fondazione Rovati \u2013 nuovo tassello della cultura in citt\u00e0. Che esperienza \u00e8 stata?<\/b><\/p>\n<p>\u00abAnche in questo caso si \u00e8 trattato di un progetto creato passo passo, e non con poche difficolt\u00e0. In una prima fase ho lavorato su un mock-up dell\u2019allestimento di Cucinella, dove i reperti erano sostituiti con oggetti in polistirolo. Quando siamo passati a testare l\u2019illuminazione con le opere museali il risultato era completamente diverso e non soddisfacente, non si leggevano i dettagli, i decori, le incisioni&#8230; Abbiamo dovuto azzerare quanto fatto e ripartire per arrivare al risultato che si vede oggi, di cui siamo molto soddisfatti. L\u2019illuminazione, soprattutto nelle sale sotterranee, \u00e8 fondamentale per creare una semi-oscurit\u00e0 che dia l\u2019impressione di scendere in una tomba o in una grotta, alla scoperta di un tesoro, garantendo per\u00f2 una buona fruizione delle opere in mostra\u00bb.<\/p>\n<p><b style=\"color: var( --e-global-color-text );\">&nbsp;<\/b><\/p>\n<p><b>Ha collaborato all\u2019illuminazione di City Life e ora sta lavorando all\u2019illuminazione di CityWave di BIG, l\u2019ultima aggiunta al quartiere. Che cosa possiamo aspettarci da questo progetto?<\/b><\/p>\n<p>\u00abQuella pensata per la grande vela sospesa del portico di ingresso alla Piazza Tre Torri sar\u00e0 una luce indiretta. Abbiamo cercato apparecchi molto piccoli, da integrare in maniera invisibile nei tiranti che sorreggono la lunga copertura. Attendiamo con ansia la realizzazione per vedere il risultato, abbiamo fatto molte simulazioni digitali ma \u00e8 solo in cantiere che saremo in grado di verificare tutto. Con BIG abbiamo lavorato anche all\u2019illuminazione del nuovo quartier generale di San Pellegrino, esaltando gli intradossi dei grandi archi che compongono il ponte e l\u2019edificio. Bjarke Ingels, fondatore di BIG, \u00e8 un personaggio molto interessante, a differenza di altri progettisti non ha uno stile che lo rende riconoscibile e che adatta al contesto, ma riesce a definire architetture sempre di rottura che sono perfette per il contesto in cui si trovano e per la destinazione d\u2019uso che hanno, senza mai dimenticare la volont\u00e0 dei committenti. Anche Renzo Piano (Premio Pritzker nel 1998, tra i suoi progetti pi\u00f9 conosciuti si annoverano il Centre Pompidou di Parigi, il grattacielo The Shard a Londra e il viadotto sul Polcevera che ha sostituito il ponte Morandi a Genova N.d.R.), con cui ho lavorato diverse volte, ha la stessa capacit\u00e0\u00bb.<\/p>\t\t\t\t\t\t\t\t<\/div>\n\t\t\t\t<\/div>\n\t\t\t\t<div class=\"elementor-element elementor-element-a34bef5 elementor-widget elementor-widget-image\" data-id=\"a34bef5\" data-element_type=\"widget\" data-e-type=\"widget\" data-widget_type=\"image.default\">\n\t\t\t\t<div class=\"elementor-widget-container\">\n\t\t\t\t\t\t\t\t\t\t\t\t<figure class=\"wp-caption\">\n\t\t\t\t\t\t\t\t\t\t<img decoding=\"async\" width=\"800\" height=\"448\" src=\"https:\/\/www.atmosferamag.it\/wp-content\/uploads\/2023\/04\/Render-City-Wave-1024x574.jpg\" class=\"attachment-large size-large wp-image-27856\" alt=\"\" srcset=\"https:\/\/www.atmosferamag.it\/wp-content\/uploads\/2023\/04\/Render-City-Wave-1024x574.jpg 1024w, https:\/\/www.atmosferamag.it\/wp-content\/uploads\/2023\/04\/Render-City-Wave-300x168.jpg 300w, https:\/\/www.atmosferamag.it\/wp-content\/uploads\/2023\/04\/Render-City-Wave-768x430.jpg 768w, https:\/\/www.atmosferamag.it\/wp-content\/uploads\/2023\/04\/Render-City-Wave-1536x860.jpg 1536w\" sizes=\"(max-width: 800px) 100vw, 800px\" \/>\t\t\t\t\t\t\t\t\t\t\t<figcaption class=\"widget-image-caption wp-caption-text\">3. Milano - City Wave Render<\/figcaption>\n\t\t\t\t\t\t\t\t\t\t<\/figure>\n\t\t\t\t\t\t\t\t\t<\/div>\n\t\t\t\t<\/div>\n\t\t\t\t\t<\/div>\n\t\t<\/div>\n\t\t\t\t\t<\/div>\n\t\t<\/section>\n\t\t\t\t<\/div>\n\t\t","protected":false},"excerpt":{"rendered":"<p> La progettazione come forma di artigianato, la luce come materiale costruttivo, la cultura come base imprescindibile di un buon lavoro. Le idee chiare e il pensiero cristallino di un vero maestro della luce.<\/p>\n","protected":false},"author":8,"featured_media":27863,"comment_status":"closed","ping_status":"open","sticky":false,"template":"","format":"standard","meta":{"footnotes":""},"categories":[39],"tags":[],"class_list":["post-27866","post","type-post","status-publish","format-standard","has-post-thumbnail","hentry","category-stories"],"yoast_head":"<!-- This site is optimized with the Yoast SEO plugin v26.0 - https:\/\/yoast.com\/wordpress\/plugins\/seo\/ -->\n<title>Piero Castiglioni: light design e innovazione | Atmosfera MAG<\/title>\n<meta name=\"description\" content=\"Scopri il mondo del light design attraverso lo sguardo di Piero Castiglioni, pioniere del lighting design in Italia e nel mondo.\" \/>\n<meta name=\"robots\" content=\"index, follow, max-snippet:-1, max-image-preview:large, max-video-preview:-1\" \/>\n<link rel=\"canonical\" href=\"https:\/\/www.atmosferamag.it\/it\/il-pensiero-di-piero-castiglioni\/\" \/>\n<meta property=\"og:locale\" content=\"it_IT\" \/>\n<meta property=\"og:type\" content=\"article\" \/>\n<meta property=\"og:title\" content=\"Piero Castiglioni: light design e innovazione | Atmosfera MAG\" \/>\n<meta property=\"og:description\" content=\"Scopri il mondo del light design attraverso lo sguardo di Piero Castiglioni, pioniere del lighting design in Italia e nel mondo.\" \/>\n<meta property=\"og:url\" content=\"https:\/\/www.atmosferamag.it\/it\/il-pensiero-di-piero-castiglioni\/\" \/>\n<meta property=\"og:site_name\" content=\"Atmosfera Mag\" \/>\n<meta property=\"article:publisher\" content=\"https:\/\/www.facebook.com\/people\/Atmosfera-Mag\/100086538670476\/\" \/>\n<meta property=\"article:published_time\" content=\"2023-04-12T16:38:07+00:00\" \/>\n<meta property=\"article:modified_time\" content=\"2023-04-17T08:08:59+00:00\" \/>\n<meta property=\"og:image\" content=\"https:\/\/www.atmosferamag.it\/wp-content\/uploads\/2023\/04\/Piero-Castiglioni-immerso-nella-progettazione-1024x480.jpeg\" \/>\n\t<meta property=\"og:image:width\" content=\"1024\" \/>\n\t<meta property=\"og:image:height\" content=\"480\" \/>\n\t<meta property=\"og:image:type\" content=\"image\/jpeg\" \/>\n<meta name=\"author\" content=\"Francesca Tagliabue\" \/>\n<meta name=\"twitter:card\" content=\"summary_large_image\" \/>\n<meta name=\"twitter:label1\" content=\"Scritto da\" \/>\n\t<meta name=\"twitter:data1\" content=\"Francesca Tagliabue\" \/>\n<script type=\"application\/ld+json\" class=\"yoast-schema-graph\">{\"@context\":\"https:\/\/schema.org\",\"@graph\":[{\"@type\":\"Article\",\"@id\":\"https:\/\/www.atmosferamag.it\/it\/il-pensiero-di-piero-castiglioni\/#article\",\"isPartOf\":{\"@id\":\"https:\/\/www.atmosferamag.it\/it\/il-pensiero-di-piero-castiglioni\/\"},\"author\":{\"name\":\"Francesca Tagliabue\",\"@id\":\"https:\/\/www.atmosferamag.it\/it\/#\/schema\/person\/e94f8c49f46f6497fd88caef7bb88408\"},\"headline\":\"Il pensiero di Piero Castiglioni\",\"datePublished\":\"2023-04-12T16:38:07+00:00\",\"dateModified\":\"2023-04-17T08:08:59+00:00\",\"mainEntityOfPage\":{\"@id\":\"https:\/\/www.atmosferamag.it\/it\/il-pensiero-di-piero-castiglioni\/\"},\"wordCount\":935,\"publisher\":{\"@id\":\"https:\/\/www.atmosferamag.it\/it\/#organization\"},\"image\":{\"@id\":\"https:\/\/www.atmosferamag.it\/it\/il-pensiero-di-piero-castiglioni\/#primaryimage\"},\"thumbnailUrl\":\"https:\/\/www.atmosferamag.it\/wp-content\/uploads\/2023\/04\/Piero-Castiglioni-immerso-nella-progettazione.jpeg\",\"articleSection\":[\"Stories\"],\"inLanguage\":\"it-IT\"},{\"@type\":\"WebPage\",\"@id\":\"https:\/\/www.atmosferamag.it\/it\/il-pensiero-di-piero-castiglioni\/\",\"url\":\"https:\/\/www.atmosferamag.it\/it\/il-pensiero-di-piero-castiglioni\/\",\"name\":\"Piero Castiglioni: light design e innovazione | Atmosfera MAG\",\"isPartOf\":{\"@id\":\"https:\/\/www.atmosferamag.it\/it\/#website\"},\"primaryImageOfPage\":{\"@id\":\"https:\/\/www.atmosferamag.it\/it\/il-pensiero-di-piero-castiglioni\/#primaryimage\"},\"image\":{\"@id\":\"https:\/\/www.atmosferamag.it\/it\/il-pensiero-di-piero-castiglioni\/#primaryimage\"},\"thumbnailUrl\":\"https:\/\/www.atmosferamag.it\/wp-content\/uploads\/2023\/04\/Piero-Castiglioni-immerso-nella-progettazione.jpeg\",\"datePublished\":\"2023-04-12T16:38:07+00:00\",\"dateModified\":\"2023-04-17T08:08:59+00:00\",\"description\":\"Scopri il mondo del light design attraverso lo sguardo di Piero Castiglioni, pioniere del lighting design in Italia e nel mondo.\",\"breadcrumb\":{\"@id\":\"https:\/\/www.atmosferamag.it\/it\/il-pensiero-di-piero-castiglioni\/#breadcrumb\"},\"inLanguage\":\"it-IT\",\"potentialAction\":[{\"@type\":\"ReadAction\",\"target\":[\"https:\/\/www.atmosferamag.it\/it\/il-pensiero-di-piero-castiglioni\/\"]}]},{\"@type\":\"ImageObject\",\"inLanguage\":\"it-IT\",\"@id\":\"https:\/\/www.atmosferamag.it\/it\/il-pensiero-di-piero-castiglioni\/#primaryimage\",\"url\":\"https:\/\/www.atmosferamag.it\/wp-content\/uploads\/2023\/04\/Piero-Castiglioni-immerso-nella-progettazione.jpeg\",\"contentUrl\":\"https:\/\/www.atmosferamag.it\/wp-content\/uploads\/2023\/04\/Piero-Castiglioni-immerso-nella-progettazione.jpeg\",\"width\":2560,\"height\":1200},{\"@type\":\"BreadcrumbList\",\"@id\":\"https:\/\/www.atmosferamag.it\/it\/il-pensiero-di-piero-castiglioni\/#breadcrumb\",\"itemListElement\":[{\"@type\":\"ListItem\",\"position\":1,\"name\":\"Home\",\"item\":\"https:\/\/www.atmosferamag.it\/it\/\"},{\"@type\":\"ListItem\",\"position\":2,\"name\":\"Il pensiero di Piero Castiglioni\"}]},{\"@type\":\"WebSite\",\"@id\":\"https:\/\/www.atmosferamag.it\/it\/#website\",\"url\":\"https:\/\/www.atmosferamag.it\/it\/\",\"name\":\"Atmosfera Mag\",\"description\":\"La luce in tutte le sue forme\",\"publisher\":{\"@id\":\"https:\/\/www.atmosferamag.it\/it\/#organization\"},\"potentialAction\":[{\"@type\":\"SearchAction\",\"target\":{\"@type\":\"EntryPoint\",\"urlTemplate\":\"https:\/\/www.atmosferamag.it\/it\/?s={search_term_string}\"},\"query-input\":{\"@type\":\"PropertyValueSpecification\",\"valueRequired\":true,\"valueName\":\"search_term_string\"}}],\"inLanguage\":\"it-IT\"},{\"@type\":\"Organization\",\"@id\":\"https:\/\/www.atmosferamag.it\/it\/#organization\",\"name\":\"Atmosfera Mag\",\"url\":\"https:\/\/www.atmosferamag.it\/it\/\",\"logo\":{\"@type\":\"ImageObject\",\"inLanguage\":\"it-IT\",\"@id\":\"https:\/\/www.atmosferamag.it\/it\/#\/schema\/logo\/image\/\",\"url\":\"https:\/\/www.atmosferamag.it\/wp-content\/uploads\/2022\/09\/titolo.png\",\"contentUrl\":\"https:\/\/www.atmosferamag.it\/wp-content\/uploads\/2022\/09\/titolo.png\",\"width\":2728,\"height\":406,\"caption\":\"Atmosfera Mag\"},\"image\":{\"@id\":\"https:\/\/www.atmosferamag.it\/it\/#\/schema\/logo\/image\/\"},\"sameAs\":[\"https:\/\/www.facebook.com\/people\/Atmosfera-Mag\/100086538670476\/\",\"https:\/\/www.instagram.com\/atmosferamag\/\",\"https:\/\/www.pinterest.it\/atmosfera_mag\/\"]},{\"@type\":\"Person\",\"@id\":\"https:\/\/www.atmosferamag.it\/it\/#\/schema\/person\/e94f8c49f46f6497fd88caef7bb88408\",\"name\":\"Francesca Tagliabue\",\"image\":{\"@type\":\"ImageObject\",\"inLanguage\":\"it-IT\",\"@id\":\"https:\/\/www.atmosferamag.it\/it\/#\/schema\/person\/image\/\",\"url\":\"https:\/\/secure.gravatar.com\/avatar\/cc6f1d40096ee5dd7102d500a12269d3815701fb844aa918834b119c4244a97f?s=96&d=mm&r=g\",\"contentUrl\":\"https:\/\/secure.gravatar.com\/avatar\/cc6f1d40096ee5dd7102d500a12269d3815701fb844aa918834b119c4244a97f?s=96&d=mm&r=g\",\"caption\":\"Francesca Tagliabue\"},\"url\":\"https:\/\/www.atmosferamag.it\/it\/author\/francesca-tagliabue\/\"}]}<\/script>\n<!-- \/ Yoast SEO plugin. -->","yoast_head_json":{"title":"Piero Castiglioni: light design e innovazione | Atmosfera MAG","description":"Scopri il mondo del light design attraverso lo sguardo di Piero Castiglioni, pioniere del lighting design in Italia e nel mondo.","robots":{"index":"index","follow":"follow","max-snippet":"max-snippet:-1","max-image-preview":"max-image-preview:large","max-video-preview":"max-video-preview:-1"},"canonical":"https:\/\/www.atmosferamag.it\/it\/il-pensiero-di-piero-castiglioni\/","og_locale":"it_IT","og_type":"article","og_title":"Piero Castiglioni: light design e innovazione | Atmosfera MAG","og_description":"Scopri il mondo del light design attraverso lo sguardo di Piero Castiglioni, pioniere del lighting design in Italia e nel mondo.","og_url":"https:\/\/www.atmosferamag.it\/it\/il-pensiero-di-piero-castiglioni\/","og_site_name":"Atmosfera Mag","article_publisher":"https:\/\/www.facebook.com\/people\/Atmosfera-Mag\/100086538670476\/","article_published_time":"2023-04-12T16:38:07+00:00","article_modified_time":"2023-04-17T08:08:59+00:00","og_image":[{"width":1024,"height":480,"url":"https:\/\/www.atmosferamag.it\/wp-content\/uploads\/2023\/04\/Piero-Castiglioni-immerso-nella-progettazione-1024x480.jpeg","type":"image\/jpeg"}],"author":"Francesca Tagliabue","twitter_card":"summary_large_image","twitter_misc":{"Scritto da":"Francesca Tagliabue"},"schema":{"@context":"https:\/\/schema.org","@graph":[{"@type":"Article","@id":"https:\/\/www.atmosferamag.it\/it\/il-pensiero-di-piero-castiglioni\/#article","isPartOf":{"@id":"https:\/\/www.atmosferamag.it\/it\/il-pensiero-di-piero-castiglioni\/"},"author":{"name":"Francesca Tagliabue","@id":"https:\/\/www.atmosferamag.it\/it\/#\/schema\/person\/e94f8c49f46f6497fd88caef7bb88408"},"headline":"Il pensiero di Piero Castiglioni","datePublished":"2023-04-12T16:38:07+00:00","dateModified":"2023-04-17T08:08:59+00:00","mainEntityOfPage":{"@id":"https:\/\/www.atmosferamag.it\/it\/il-pensiero-di-piero-castiglioni\/"},"wordCount":935,"publisher":{"@id":"https:\/\/www.atmosferamag.it\/it\/#organization"},"image":{"@id":"https:\/\/www.atmosferamag.it\/it\/il-pensiero-di-piero-castiglioni\/#primaryimage"},"thumbnailUrl":"https:\/\/www.atmosferamag.it\/wp-content\/uploads\/2023\/04\/Piero-Castiglioni-immerso-nella-progettazione.jpeg","articleSection":["Stories"],"inLanguage":"it-IT"},{"@type":"WebPage","@id":"https:\/\/www.atmosferamag.it\/it\/il-pensiero-di-piero-castiglioni\/","url":"https:\/\/www.atmosferamag.it\/it\/il-pensiero-di-piero-castiglioni\/","name":"Piero Castiglioni: light design e innovazione | Atmosfera MAG","isPartOf":{"@id":"https:\/\/www.atmosferamag.it\/it\/#website"},"primaryImageOfPage":{"@id":"https:\/\/www.atmosferamag.it\/it\/il-pensiero-di-piero-castiglioni\/#primaryimage"},"image":{"@id":"https:\/\/www.atmosferamag.it\/it\/il-pensiero-di-piero-castiglioni\/#primaryimage"},"thumbnailUrl":"https:\/\/www.atmosferamag.it\/wp-content\/uploads\/2023\/04\/Piero-Castiglioni-immerso-nella-progettazione.jpeg","datePublished":"2023-04-12T16:38:07+00:00","dateModified":"2023-04-17T08:08:59+00:00","description":"Scopri il mondo del light design attraverso lo sguardo di Piero Castiglioni, pioniere del lighting design in Italia e nel mondo.","breadcrumb":{"@id":"https:\/\/www.atmosferamag.it\/it\/il-pensiero-di-piero-castiglioni\/#breadcrumb"},"inLanguage":"it-IT","potentialAction":[{"@type":"ReadAction","target":["https:\/\/www.atmosferamag.it\/it\/il-pensiero-di-piero-castiglioni\/"]}]},{"@type":"ImageObject","inLanguage":"it-IT","@id":"https:\/\/www.atmosferamag.it\/it\/il-pensiero-di-piero-castiglioni\/#primaryimage","url":"https:\/\/www.atmosferamag.it\/wp-content\/uploads\/2023\/04\/Piero-Castiglioni-immerso-nella-progettazione.jpeg","contentUrl":"https:\/\/www.atmosferamag.it\/wp-content\/uploads\/2023\/04\/Piero-Castiglioni-immerso-nella-progettazione.jpeg","width":2560,"height":1200},{"@type":"BreadcrumbList","@id":"https:\/\/www.atmosferamag.it\/it\/il-pensiero-di-piero-castiglioni\/#breadcrumb","itemListElement":[{"@type":"ListItem","position":1,"name":"Home","item":"https:\/\/www.atmosferamag.it\/it\/"},{"@type":"ListItem","position":2,"name":"Il pensiero di Piero Castiglioni"}]},{"@type":"WebSite","@id":"https:\/\/www.atmosferamag.it\/it\/#website","url":"https:\/\/www.atmosferamag.it\/it\/","name":"Atmosfera Mag","description":"La luce in tutte le sue forme","publisher":{"@id":"https:\/\/www.atmosferamag.it\/it\/#organization"},"potentialAction":[{"@type":"SearchAction","target":{"@type":"EntryPoint","urlTemplate":"https:\/\/www.atmosferamag.it\/it\/?s={search_term_string}"},"query-input":{"@type":"PropertyValueSpecification","valueRequired":true,"valueName":"search_term_string"}}],"inLanguage":"it-IT"},{"@type":"Organization","@id":"https:\/\/www.atmosferamag.it\/it\/#organization","name":"Atmosfera Mag","url":"https:\/\/www.atmosferamag.it\/it\/","logo":{"@type":"ImageObject","inLanguage":"it-IT","@id":"https:\/\/www.atmosferamag.it\/it\/#\/schema\/logo\/image\/","url":"https:\/\/www.atmosferamag.it\/wp-content\/uploads\/2022\/09\/titolo.png","contentUrl":"https:\/\/www.atmosferamag.it\/wp-content\/uploads\/2022\/09\/titolo.png","width":2728,"height":406,"caption":"Atmosfera Mag"},"image":{"@id":"https:\/\/www.atmosferamag.it\/it\/#\/schema\/logo\/image\/"},"sameAs":["https:\/\/www.facebook.com\/people\/Atmosfera-Mag\/100086538670476\/","https:\/\/www.instagram.com\/atmosferamag\/","https:\/\/www.pinterest.it\/atmosfera_mag\/"]},{"@type":"Person","@id":"https:\/\/www.atmosferamag.it\/it\/#\/schema\/person\/e94f8c49f46f6497fd88caef7bb88408","name":"Francesca Tagliabue","image":{"@type":"ImageObject","inLanguage":"it-IT","@id":"https:\/\/www.atmosferamag.it\/it\/#\/schema\/person\/image\/","url":"https:\/\/secure.gravatar.com\/avatar\/cc6f1d40096ee5dd7102d500a12269d3815701fb844aa918834b119c4244a97f?s=96&d=mm&r=g","contentUrl":"https:\/\/secure.gravatar.com\/avatar\/cc6f1d40096ee5dd7102d500a12269d3815701fb844aa918834b119c4244a97f?s=96&d=mm&r=g","caption":"Francesca Tagliabue"},"url":"https:\/\/www.atmosferamag.it\/it\/author\/francesca-tagliabue\/"}]}},"_links":{"self":[{"href":"https:\/\/www.atmosferamag.it\/it\/wp-json\/wp\/v2\/posts\/27866","targetHints":{"allow":["GET"]}}],"collection":[{"href":"https:\/\/www.atmosferamag.it\/it\/wp-json\/wp\/v2\/posts"}],"about":[{"href":"https:\/\/www.atmosferamag.it\/it\/wp-json\/wp\/v2\/types\/post"}],"author":[{"embeddable":true,"href":"https:\/\/www.atmosferamag.it\/it\/wp-json\/wp\/v2\/users\/8"}],"replies":[{"embeddable":true,"href":"https:\/\/www.atmosferamag.it\/it\/wp-json\/wp\/v2\/comments?post=27866"}],"version-history":[{"count":14,"href":"https:\/\/www.atmosferamag.it\/it\/wp-json\/wp\/v2\/posts\/27866\/revisions"}],"predecessor-version":[{"id":28093,"href":"https:\/\/www.atmosferamag.it\/it\/wp-json\/wp\/v2\/posts\/27866\/revisions\/28093"}],"wp:featuredmedia":[{"embeddable":true,"href":"https:\/\/www.atmosferamag.it\/it\/wp-json\/wp\/v2\/media\/27863"}],"wp:attachment":[{"href":"https:\/\/www.atmosferamag.it\/it\/wp-json\/wp\/v2\/media?parent=27866"}],"wp:term":[{"taxonomy":"category","embeddable":true,"href":"https:\/\/www.atmosferamag.it\/it\/wp-json\/wp\/v2\/categories?post=27866"},{"taxonomy":"post_tag","embeddable":true,"href":"https:\/\/www.atmosferamag.it\/it\/wp-json\/wp\/v2\/tags?post=27866"}],"curies":[{"name":"wp","href":"https:\/\/api.w.org\/{rel}","templated":true}]}}