{"id":27804,"date":"2023-04-12T15:09:47","date_gmt":"2023-04-12T13:09:47","guid":{"rendered":"https:\/\/www.atmosferamag.it\/?p=27804"},"modified":"2023-04-17T09:53:20","modified_gmt":"2023-04-17T07:53:20","slug":"marco-filibeck-luce-e-teatro","status":"publish","type":"post","link":"https:\/\/www.atmosferamag.it\/it\/marco-filibeck-luce-e-teatro\/","title":{"rendered":"Marco Filibeck: luce e teatro"},"content":{"rendered":"\t\t<div data-elementor-type=\"wp-post\" data-elementor-id=\"27804\" class=\"elementor elementor-27804 elementor-27688\" data-elementor-post-type=\"post\">\n\t\t\t\t\t\t<section class=\"elementor-section elementor-top-section elementor-element elementor-element-b08cc3b elementor-section-boxed elementor-section-height-default elementor-section-height-default\" data-id=\"b08cc3b\" data-element_type=\"section\" data-e-type=\"section\">\n\t\t\t\t\t\t<div class=\"elementor-container elementor-column-gap-default\">\n\t\t\t\t\t<div class=\"elementor-column elementor-col-100 elementor-top-column elementor-element elementor-element-99837cd\" data-id=\"99837cd\" data-element_type=\"column\" data-e-type=\"column\">\n\t\t\t<div class=\"elementor-widget-wrap elementor-element-populated\">\n\t\t\t\t\t\t<div class=\"elementor-element elementor-element-41e300d elementor-widget elementor-widget-text-editor\" data-id=\"41e300d\" data-element_type=\"widget\" data-e-type=\"widget\" data-widget_type=\"text-editor.default\">\n\t\t\t\t<div class=\"elementor-widget-container\">\n\t\t\t\t\t\t\t\t\t<p>Esperienza, grande cultura e continuo aggiornamento sono alla base del lavoro di Marco Filibeck, uno dei lighting designer italiani pi\u00f9 importanti. Conosciuto soprattutto per il suo ruolo cruciale al Teatro alla Scala di Milano, dove \u00e8 entrato nel 1985, ha coordinato e progettato l\u2019illuminazione per produzioni ai quattro angoli del globo, occupandosi anche di eventi d\u2019arte, moda e mostre fotografiche.<\/p>\t\t\t\t\t\t\t\t<\/div>\n\t\t\t\t<\/div>\n\t\t\t\t<div class=\"elementor-element elementor-element-44b83f9 elementor-widget elementor-widget-image\" data-id=\"44b83f9\" data-element_type=\"widget\" data-e-type=\"widget\" data-widget_type=\"image.default\">\n\t\t\t\t<div class=\"elementor-widget-container\">\n\t\t\t\t\t\t\t\t\t\t\t\t<figure class=\"wp-caption\">\n\t\t\t\t\t\t\t\t\t\t<img fetchpriority=\"high\" decoding=\"async\" width=\"800\" height=\"532\" src=\"https:\/\/www.atmosferamag.it\/wp-content\/uploads\/2023\/04\/Filibeck-photo-1024x681.jpg\" class=\"attachment-large size-large wp-image-27746\" alt=\"\" srcset=\"https:\/\/www.atmosferamag.it\/wp-content\/uploads\/2023\/04\/Filibeck-photo-1024x681.jpg 1024w, https:\/\/www.atmosferamag.it\/wp-content\/uploads\/2023\/04\/Filibeck-photo-300x200.jpg 300w, https:\/\/www.atmosferamag.it\/wp-content\/uploads\/2023\/04\/Filibeck-photo-768x511.jpg 768w, https:\/\/www.atmosferamag.it\/wp-content\/uploads\/2023\/04\/Filibeck-photo-1536x1022.jpg 1536w, https:\/\/www.atmosferamag.it\/wp-content\/uploads\/2023\/04\/Filibeck-photo-2048x1363.jpg 2048w\" sizes=\"(max-width: 800px) 100vw, 800px\" \/>\t\t\t\t\t\t\t\t\t\t\t<figcaption class=\"widget-image-caption wp-caption-text\">1. Marco Filibeck<\/figcaption>\n\t\t\t\t\t\t\t\t\t\t<\/figure>\n\t\t\t\t\t\t\t\t\t<\/div>\n\t\t\t\t<\/div>\n\t\t\t\t<div class=\"elementor-element elementor-element-c8746d9 elementor-widget elementor-widget-text-editor\" data-id=\"c8746d9\" data-element_type=\"widget\" data-e-type=\"widget\" data-widget_type=\"text-editor.default\">\n\t\t\t\t<div class=\"elementor-widget-container\">\n\t\t\t\t\t\t\t\t\t<p><b>Qual \u00e8 la sua storia lavorativa e come si \u00e8 avvicinato al mondo dell\u2019illuminazione teatrale?<\/b><\/p><p><span style=\"color: var( --e-global-color-text );\">\u00abHo iniziato a lavorare con la luce per i live musicali alla fine degli anni \u201870 \u2013 inizio \u201880. Tutto stava nascendo, in Italia ero una sorta di pioniere; mi sono trovato al posto giusto nel momento giusto, ho incontrato Vasco Rossi giovanissimo e con lui ho iniziato ad approcciare il lighting. Ho colto l\u2019occasione che mi si \u00e8 presentata in modo casuale, come spesso succede, e alla fine di quell\u2019esperienza durata pi\u00f9 di 5 anni, avevo realizzato circa 200 concerti per Vasco e altri personaggi della musica italiana, come Enzo Jannacci e Loredana Bert\u00e9. I tour musicali per\u00f2 erano eventi prevalentemente estivi, e io avevo bisogno di dare continuit\u00e0 al mio lavoro. All\u2019epoca abitavo a Bologna e decisi di seguire un corso biennale della regione Emilia Romagna per tecnici teatrali; conseguito il diploma iniziai a lavorare con dei brevi contratti al Teatro Comunale di Bologna. Qualche tempo dopo partecipai a una selezione per elettricisti del Teatro alla Scala e venni preso. Decisi quindi di trasferirmi a Milano cominciando il percorso che mi ha portato dove sono oggi. \u00c8 stato un lungo viaggio, a tratti sofferto, sono partito dal basso e mi sono preso responsabilit\u00e0 via via crescenti fino a essere nominato lighting designer residente del Teatro. \u00c8 un viaggio davvero lungo, solo la collaborazione con il teatro alla Scala dura da 38 anni! Attualmente ho scelto di interrompere il rapporto stabile con l\u2019istituzione; continuo a collaborare su singole produzioni e lavoro anche per importanti teatri esteri, come l\u2019Opera House di Sidney, il New National Theatre di Tokyo, il Teatro Gran Liceu di Barcellona\u00bb.\u00a0<\/span><\/p><p><span style=\"color: var( --e-global-color-text );\">\u00a0<\/span><\/p><p><b>Come nascono le luci di uno spettacolo teatrale \u2013 si tratti di un\u2019opera lirica o di un balletto \u2013 e a cosa si deve prestare attenzione?\u00a0<\/b><\/p><p>\u00abLa luce negli ultimi tre decenni \u00e8 diventata uno strumento espressivo importante e sempre pi\u00f9 centrale nelle messe in scena, perch\u00e9 permette di supportare un racconto registico e drammaturgico che con il suo linguaggio, oltre che emozionale o estetico, pu\u00f2 diventare concettuale. Non \u00e8 sempre stato cos\u00ec, quando ho iniziato attorno al 1980 la tecnologia non era neppure paragonabile a quella di cui si dispone oggi, le aspettative erano diverse e commisurate allo stato dell\u2019arte. Oggi dalla materia luce si pretende molto e la figura del lighting designer \u00e8 stata ridefinita perch\u00e9 deve utilizzare tecnologie in continuo aggiornamento. Il lavoro \u00e8 diventato molto pi\u00f9 stimolante ma anche molto pi\u00f9 complesso\u00bb.<\/p>\t\t\t\t\t\t\t\t<\/div>\n\t\t\t\t<\/div>\n\t\t\t\t<div class=\"elementor-element elementor-element-16c3b18 elementor-widget elementor-widget-image\" data-id=\"16c3b18\" data-element_type=\"widget\" data-e-type=\"widget\" data-widget_type=\"image.default\">\n\t\t\t\t<div class=\"elementor-widget-container\">\n\t\t\t\t\t\t\t\t\t\t\t\t<figure class=\"wp-caption\">\n\t\t\t\t\t\t\t\t\t\t<img decoding=\"async\" width=\"800\" height=\"473\" src=\"https:\/\/www.atmosferamag.it\/wp-content\/uploads\/2023\/04\/Cos\ufffd-fan-tutte-atto-1-ph-Brescia-e-Amisano-Teatro-alla-Scala-1024x605.jpg\" class=\"attachment-large size-large wp-image-27750\" alt=\"\" srcset=\"https:\/\/www.atmosferamag.it\/wp-content\/uploads\/2023\/04\/Cos\ufffd-fan-tutte-atto-1-ph-Brescia-e-Amisano-Teatro-alla-Scala-1024x605.jpg 1024w, https:\/\/www.atmosferamag.it\/wp-content\/uploads\/2023\/04\/Cos\ufffd-fan-tutte-atto-1-ph-Brescia-e-Amisano-Teatro-alla-Scala-300x177.jpg 300w, https:\/\/www.atmosferamag.it\/wp-content\/uploads\/2023\/04\/Cos\ufffd-fan-tutte-atto-1-ph-Brescia-e-Amisano-Teatro-alla-Scala-768x454.jpg 768w, https:\/\/www.atmosferamag.it\/wp-content\/uploads\/2023\/04\/Cos\ufffd-fan-tutte-atto-1-ph-Brescia-e-Amisano-Teatro-alla-Scala-1536x908.jpg 1536w, https:\/\/www.atmosferamag.it\/wp-content\/uploads\/2023\/04\/Cos\ufffd-fan-tutte-atto-1-ph-Brescia-e-Amisano-Teatro-alla-Scala-2048x1211.jpg 2048w\" sizes=\"(max-width: 800px) 100vw, 800px\" \/>\t\t\t\t\t\t\t\t\t\t\t<figcaption class=\"widget-image-caption wp-caption-text\">2. Cos\u00ec fan tutte, Teatro alla scala\u00a02021 - Ph. Brescia&amp;Amisano<\/figcaption>\n\t\t\t\t\t\t\t\t\t\t<\/figure>\n\t\t\t\t\t\t\t\t\t<\/div>\n\t\t\t\t<\/div>\n\t\t\t\t<div class=\"elementor-element elementor-element-4863fb8 elementor-widget elementor-widget-text-editor\" data-id=\"4863fb8\" data-element_type=\"widget\" data-e-type=\"widget\" data-widget_type=\"text-editor.default\">\n\t\t\t\t<div class=\"elementor-widget-container\">\n\t\t\t\t\t\t\t\t\t<p><b>How much expressive freedom are you usually allowed?<\/b><\/p><p>\u00abIt depends a lot on the director, on his personality, on his approach to work. Some directors leave the lighting designers ample freedom, others want to be supported, but generally it is always a collaboration that is articulated through visual proposals and continuous checks. The lights of an opera, for example, must cover a path along several acts \u2013 two, three, sometimes four \u2013 in which settings, sets and often the tempo of the action can abruptly change. Quite often, working on different acts is like working on different shows. The language tries to be univocal, but there are always big differences from one moment to another\u00bb.<\/p><p>\u00a0<\/p><p>\u00a0<\/p><p><b>Quanto spazio c\u2019\u00e8 per la sperimentazione in ambito teatrale?<\/b><\/p><p>\u00abIl teatro come luogo della rappresentazione, \u00e8 lo spazio naturale della sperimentazione. Il concetto stesso di \u201cprova\u201d \u2013 prova di regia, prova di regia in costume, prova di insieme, prova luci \u2013 sottintende che il palcoscenico si presta a ricercare delle soluzioni nuove e delle innovazioni dal punto di vista del linguaggio. Il teatro \u00e8 stato da sempre la sede delle avanguardie. Prendiamo per esempio il ledwall ad altissima definizione, che \u00e8 stato utilizzato come sfondo per \u201cA riveder le stelle\u201d nel 2020, con la regia di Davide Livermore; in quel contesto si \u00e8 trattato di ricercare nuovi linguaggi per mettere in comunicazione la musica con l\u2019arte visiva. Ci sono due aspetti per\u00f2 da considerare quando si fa ricerca: il budget \u2013 le tecnologie hanno dei costi elevati \u2013 non solo per il materiale ma anche per il personale specializzato che le deve gestire in maniera professionale, e le tempistiche sempre pi\u00f9 compresse delle produzioni\u00bb.<\/p><p><b style=\"color: var( --e-global-color-text );\">\u00a0<\/b><\/p><p><b>Software e sistemi di visualizzazione 3D la aiutano? <\/b><\/p><p>\u00abSono una possibilit\u00e0, al Teatro alla Scala non li utilizziamo, ma mi \u00e8 capitato di sfruttarli in altri contesti, ad esempio a Tokyo o a Londra. Quando il tempo di produzione on stage \u00e8 ridotto ho provato ad avvalermi di strumenti di programmazione per impostare gli spettacoli. Nel caso dell\u2019opera lirica per\u00f2, a differenza del live musicale dove la programmazione \u00e8 all\u2019ordine del giorno e funziona molto bene, tutto \u00e8 pi\u00f9 complesso. La tecnologia digitale consente di gettare delle buone basi, si possono indagare delle possibilit\u00e0 attraverso delle visualizzazioni che aiutano a scegliere il tipo di luce o la posizione delle sorgenti. Per\u00f2 l\u2019effetto dell\u2019illuminazione sui materiali non \u00e8 prevedibile in modo certo, ogni scenografia ha texture e finiture sempre diverse. Si usano i legni, le plastiche, i laminati, i tessuti, tutte le superfici rispondono all\u2019illuminazione in maniera molto diversa\u00bb.<\/p>\t\t\t\t\t\t\t\t<\/div>\n\t\t\t\t<\/div>\n\t\t\t\t<section class=\"elementor-section elementor-inner-section elementor-element elementor-element-f749c7a elementor-section-boxed elementor-section-height-default elementor-section-height-default\" data-id=\"f749c7a\" data-element_type=\"section\" data-e-type=\"section\">\n\t\t\t\t\t\t<div class=\"elementor-container elementor-column-gap-no\">\n\t\t\t\t\t<div class=\"elementor-column elementor-col-50 elementor-inner-column elementor-element elementor-element-5e9a38e\" data-id=\"5e9a38e\" data-element_type=\"column\" data-e-type=\"column\">\n\t\t\t<div class=\"elementor-widget-wrap elementor-element-populated\">\n\t\t\t\t\t\t<div class=\"elementor-element elementor-element-d4ac558 elementor-widget elementor-widget-text-editor\" data-id=\"d4ac558\" data-element_type=\"widget\" data-e-type=\"widget\" data-widget_type=\"text-editor.default\">\n\t\t\t\t<div class=\"elementor-widget-container\">\n\t\t\t\t\t\t\t\t\t<p><b>In teatro le produzioni si avvicendano di continuo, oltre agli spettacoli in cartellone ci sono quelli in prova&#8230;<\/b><\/p><p>\u00a0<\/p><p>\u00abL\u2019impianto del Teatro alla Scala, che ho configurato in prima persona, viene aggiornato ogni anno inserendo apparecchi e tecnologie di ultima generazione. Dalla riapertura del Teatro nel 2004, al termine dei lavori per la torre scenica firmata da Mario Botta, tutto il materiale illuminotecnico venne rinnovato (la dotazione precedente fu lasciata in gran parte al Teatro Arcimboldi). Sono passati quasi 20 anni e quasi tutto il parco luci \u00e8 cambiato di nuovo, gradualmente. Una stagione teatrale come quella della Scala comprende oltre 250 aperture di sipario all\u2019anno se si considerano anche i concerti della Sinfonica. Il palcoscenico gira vorticosamente con cambi di titolo e cambi di scena, mediamente ci sono almeno due spettacoli in scena e uno in prova, i turni di lavoro coprono 21 ore al giorno. Le luci utilizzate oggi sono al 70% motorizzate e comandabili da consolle, questo permette\u00a0 di mettere in scena la replica della sera alle 20.00 interrompendo le prove in corso solo alle 16.00\u00bb.<span style=\"color: var( --e-global-color-text );\">\u00a0<\/span><\/p>\t\t\t\t\t\t\t\t<\/div>\n\t\t\t\t<\/div>\n\t\t\t\t\t<\/div>\n\t\t<\/div>\n\t\t\t\t<div class=\"elementor-column elementor-col-50 elementor-inner-column elementor-element elementor-element-67e8198\" data-id=\"67e8198\" data-element_type=\"column\" data-e-type=\"column\">\n\t\t\t<div class=\"elementor-widget-wrap elementor-element-populated\">\n\t\t\t\t\t\t<div class=\"elementor-element elementor-element-0935dc0 elementor-widget elementor-widget-image\" data-id=\"0935dc0\" data-element_type=\"widget\" data-e-type=\"widget\" data-widget_type=\"image.default\">\n\t\t\t\t<div class=\"elementor-widget-container\">\n\t\t\t\t\t\t\t\t\t\t\t\t<figure class=\"wp-caption\">\n\t\t\t\t\t\t\t\t\t\t<img decoding=\"async\" width=\"800\" height=\"934\" src=\"https:\/\/www.atmosferamag.it\/wp-content\/uploads\/2023\/04\/un-ballo-in-maschera-877x1024.png\" class=\"attachment-large size-large wp-image-27748\" alt=\"\" srcset=\"https:\/\/www.atmosferamag.it\/wp-content\/uploads\/2023\/04\/un-ballo-in-maschera-877x1024.png 877w, https:\/\/www.atmosferamag.it\/wp-content\/uploads\/2023\/04\/un-ballo-in-maschera-257x300.png 257w, https:\/\/www.atmosferamag.it\/wp-content\/uploads\/2023\/04\/un-ballo-in-maschera-768x897.png 768w, https:\/\/www.atmosferamag.it\/wp-content\/uploads\/2023\/04\/un-ballo-in-maschera-1316x1536.png 1316w, https:\/\/www.atmosferamag.it\/wp-content\/uploads\/2023\/04\/un-ballo-in-maschera-1754x2048.png 1754w, https:\/\/www.atmosferamag.it\/wp-content\/uploads\/2023\/04\/un-ballo-in-maschera.png 1756w\" sizes=\"(max-width: 800px) 100vw, 800px\" \/>\t\t\t\t\t\t\t\t\t\t\t<figcaption class=\"widget-image-caption wp-caption-text\">3. Un ballo in maschera, Teatro alla Scala  2022 - Ph.   Brescia&amp;Amisano<\/figcaption>\n\t\t\t\t\t\t\t\t\t\t<\/figure>\n\t\t\t\t\t\t\t\t\t<\/div>\n\t\t\t\t<\/div>\n\t\t\t\t\t<\/div>\n\t\t<\/div>\n\t\t\t\t\t<\/div>\n\t\t<\/section>\n\t\t\t\t<div class=\"elementor-element elementor-element-ec200d7 elementor-widget elementor-widget-text-editor\" data-id=\"ec200d7\" data-element_type=\"widget\" data-e-type=\"widget\" data-widget_type=\"text-editor.default\">\n\t\t\t\t<div class=\"elementor-widget-container\">\n\t\t\t\t\t\t\t\t\t<p><b>Quali sono i suoi progetti futuri?<\/b><\/p>\n<p>\u00abI miei prossimi impegni mi porteranno in giugno all\u2019opera di Roma per una \u201cMadama Butterfly\u201d con la regia di Alex Oll\u00e8 della Fura dels Baus, nata all\u2019aperto per Sidney e Caracalla e per la prima volta al Costanzi, e poi al Regio di Torino immediatamente dopo, ancora con una Butterfly ma con la regia di Damiano Michieletto. Poi ci sar\u00e0 una nuova produzione alla Scala nel mese di ottobre 2023. Si tratta di un\u2019opera rara intitolata \u201cL\u2019amore dei tre re\u201d di Montemezzi, nuovamente con la regia di Alex Oll\u00e8 e le scene incredibili di Alfons Flores, di cui non posso anticipare nulla, ma sar\u00e0 qualcosa di mai visto prima\u00bb.<\/p>\t\t\t\t\t\t\t\t<\/div>\n\t\t\t\t<\/div>\n\t\t\t\t\t<\/div>\n\t\t<\/div>\n\t\t\t\t\t<\/div>\n\t\t<\/section>\n\t\t\t\t<\/div>\n\t\t","protected":false},"excerpt":{"rendered":"<p>Come si illumina un\u2019opera nel tempio della lirica, il Teatro alla Scala? Risponde il maestro Marco Filibeck, da quasi 40 anni figura di spicco nel panorama italiano e internazionale del lighting.<\/p>\n","protected":false},"author":8,"featured_media":27742,"comment_status":"closed","ping_status":"open","sticky":false,"template":"","format":"standard","meta":{"footnotes":""},"categories":[3],"tags":[],"class_list":["post-27804","post","type-post","status-publish","format-standard","has-post-thumbnail","hentry","category-stories"],"yoast_head":"<!-- This site is optimized with the Yoast SEO plugin v26.0 - https:\/\/yoast.com\/wordpress\/plugins\/seo\/ -->\n<title>Marco Filibeck: la Luce nel Teatro e nell&#039;Opera | Atmosfera MAG<\/title>\n<meta name=\"description\" content=\"Scopri il talento e la passione di Marco Filibeck, lighting designer di fama internazionale, e la sua visione dell&#039;illuminazione teatrale.\" \/>\n<meta name=\"robots\" content=\"index, follow, max-snippet:-1, max-image-preview:large, max-video-preview:-1\" \/>\n<link rel=\"canonical\" href=\"https:\/\/www.atmosferamag.it\/it\/marco-filibeck-luce-e-teatro\/\" \/>\n<meta property=\"og:locale\" content=\"it_IT\" \/>\n<meta property=\"og:type\" content=\"article\" \/>\n<meta property=\"og:title\" content=\"Marco Filibeck: la Luce nel Teatro e nell&#039;Opera | Atmosfera MAG\" \/>\n<meta property=\"og:description\" content=\"Scopri il talento e la passione di Marco Filibeck, lighting designer di fama internazionale, e la sua visione dell&#039;illuminazione teatrale.\" \/>\n<meta property=\"og:url\" content=\"https:\/\/www.atmosferamag.it\/it\/marco-filibeck-luce-e-teatro\/\" \/>\n<meta property=\"og:site_name\" content=\"Atmosfera Mag\" \/>\n<meta property=\"article:publisher\" content=\"https:\/\/www.facebook.com\/people\/Atmosfera-Mag\/100086538670476\/\" \/>\n<meta property=\"article:published_time\" content=\"2023-04-12T13:09:47+00:00\" \/>\n<meta property=\"article:modified_time\" content=\"2023-04-17T07:53:20+00:00\" \/>\n<meta property=\"og:image\" content=\"https:\/\/www.atmosferamag.it\/wp-content\/uploads\/2023\/04\/0H3A5455-ph-Brescia-e-Amisano-\u0451-Teatro-alla-Scala-2048x1365-1.jpg\" \/>\n\t<meta property=\"og:image:width\" content=\"2048\" \/>\n\t<meta property=\"og:image:height\" content=\"1365\" \/>\n\t<meta property=\"og:image:type\" content=\"image\/jpeg\" \/>\n<meta name=\"author\" content=\"Francesca Tagliabue\" \/>\n<meta name=\"twitter:card\" content=\"summary_large_image\" \/>\n<meta name=\"twitter:label1\" content=\"Scritto da\" \/>\n\t<meta name=\"twitter:data1\" content=\"Francesca Tagliabue\" \/>\n<script type=\"application\/ld+json\" class=\"yoast-schema-graph\">{\"@context\":\"https:\/\/schema.org\",\"@graph\":[{\"@type\":\"Article\",\"@id\":\"https:\/\/www.atmosferamag.it\/it\/marco-filibeck-luce-e-teatro\/#article\",\"isPartOf\":{\"@id\":\"https:\/\/www.atmosferamag.it\/it\/marco-filibeck-luce-e-teatro\/\"},\"author\":{\"name\":\"Francesca Tagliabue\",\"@id\":\"https:\/\/www.atmosferamag.it\/it\/#\/schema\/person\/e94f8c49f46f6497fd88caef7bb88408\"},\"headline\":\"Marco Filibeck: luce e teatro\",\"datePublished\":\"2023-04-12T13:09:47+00:00\",\"dateModified\":\"2023-04-17T07:53:20+00:00\",\"mainEntityOfPage\":{\"@id\":\"https:\/\/www.atmosferamag.it\/it\/marco-filibeck-luce-e-teatro\/\"},\"wordCount\":1202,\"publisher\":{\"@id\":\"https:\/\/www.atmosferamag.it\/it\/#organization\"},\"image\":{\"@id\":\"https:\/\/www.atmosferamag.it\/it\/marco-filibeck-luce-e-teatro\/#primaryimage\"},\"thumbnailUrl\":\"https:\/\/www.atmosferamag.it\/wp-content\/uploads\/2023\/04\/0H3A5455-ph-Brescia-e-Amisano-\u0451-Teatro-alla-Scala-2048x1365-1.jpg\",\"articleSection\":[\"Stories\"],\"inLanguage\":\"it-IT\"},{\"@type\":\"WebPage\",\"@id\":\"https:\/\/www.atmosferamag.it\/it\/marco-filibeck-luce-e-teatro\/\",\"url\":\"https:\/\/www.atmosferamag.it\/it\/marco-filibeck-luce-e-teatro\/\",\"name\":\"Marco Filibeck: la Luce nel Teatro e nell'Opera | Atmosfera MAG\",\"isPartOf\":{\"@id\":\"https:\/\/www.atmosferamag.it\/it\/#website\"},\"primaryImageOfPage\":{\"@id\":\"https:\/\/www.atmosferamag.it\/it\/marco-filibeck-luce-e-teatro\/#primaryimage\"},\"image\":{\"@id\":\"https:\/\/www.atmosferamag.it\/it\/marco-filibeck-luce-e-teatro\/#primaryimage\"},\"thumbnailUrl\":\"https:\/\/www.atmosferamag.it\/wp-content\/uploads\/2023\/04\/0H3A5455-ph-Brescia-e-Amisano-\u0451-Teatro-alla-Scala-2048x1365-1.jpg\",\"datePublished\":\"2023-04-12T13:09:47+00:00\",\"dateModified\":\"2023-04-17T07:53:20+00:00\",\"description\":\"Scopri il talento e la passione di Marco Filibeck, lighting designer di fama internazionale, e la sua visione dell'illuminazione teatrale.\",\"breadcrumb\":{\"@id\":\"https:\/\/www.atmosferamag.it\/it\/marco-filibeck-luce-e-teatro\/#breadcrumb\"},\"inLanguage\":\"it-IT\",\"potentialAction\":[{\"@type\":\"ReadAction\",\"target\":[\"https:\/\/www.atmosferamag.it\/it\/marco-filibeck-luce-e-teatro\/\"]}]},{\"@type\":\"ImageObject\",\"inLanguage\":\"it-IT\",\"@id\":\"https:\/\/www.atmosferamag.it\/it\/marco-filibeck-luce-e-teatro\/#primaryimage\",\"url\":\"https:\/\/www.atmosferamag.it\/wp-content\/uploads\/2023\/04\/0H3A5455-ph-Brescia-e-Amisano-\u0451-Teatro-alla-Scala-2048x1365-1.jpg\",\"contentUrl\":\"https:\/\/www.atmosferamag.it\/wp-content\/uploads\/2023\/04\/0H3A5455-ph-Brescia-e-Amisano-\u0451-Teatro-alla-Scala-2048x1365-1.jpg\",\"width\":2048,\"height\":1365},{\"@type\":\"BreadcrumbList\",\"@id\":\"https:\/\/www.atmosferamag.it\/it\/marco-filibeck-luce-e-teatro\/#breadcrumb\",\"itemListElement\":[{\"@type\":\"ListItem\",\"position\":1,\"name\":\"Home\",\"item\":\"https:\/\/www.atmosferamag.it\/it\/\"},{\"@type\":\"ListItem\",\"position\":2,\"name\":\"Marco Filibeck: luce e teatro\"}]},{\"@type\":\"WebSite\",\"@id\":\"https:\/\/www.atmosferamag.it\/it\/#website\",\"url\":\"https:\/\/www.atmosferamag.it\/it\/\",\"name\":\"Atmosfera Mag\",\"description\":\"La luce in tutte le sue forme\",\"publisher\":{\"@id\":\"https:\/\/www.atmosferamag.it\/it\/#organization\"},\"potentialAction\":[{\"@type\":\"SearchAction\",\"target\":{\"@type\":\"EntryPoint\",\"urlTemplate\":\"https:\/\/www.atmosferamag.it\/it\/?s={search_term_string}\"},\"query-input\":{\"@type\":\"PropertyValueSpecification\",\"valueRequired\":true,\"valueName\":\"search_term_string\"}}],\"inLanguage\":\"it-IT\"},{\"@type\":\"Organization\",\"@id\":\"https:\/\/www.atmosferamag.it\/it\/#organization\",\"name\":\"Atmosfera Mag\",\"url\":\"https:\/\/www.atmosferamag.it\/it\/\",\"logo\":{\"@type\":\"ImageObject\",\"inLanguage\":\"it-IT\",\"@id\":\"https:\/\/www.atmosferamag.it\/it\/#\/schema\/logo\/image\/\",\"url\":\"https:\/\/www.atmosferamag.it\/wp-content\/uploads\/2022\/09\/titolo.png\",\"contentUrl\":\"https:\/\/www.atmosferamag.it\/wp-content\/uploads\/2022\/09\/titolo.png\",\"width\":2728,\"height\":406,\"caption\":\"Atmosfera Mag\"},\"image\":{\"@id\":\"https:\/\/www.atmosferamag.it\/it\/#\/schema\/logo\/image\/\"},\"sameAs\":[\"https:\/\/www.facebook.com\/people\/Atmosfera-Mag\/100086538670476\/\",\"https:\/\/www.instagram.com\/atmosferamag\/\",\"https:\/\/www.pinterest.it\/atmosfera_mag\/\"]},{\"@type\":\"Person\",\"@id\":\"https:\/\/www.atmosferamag.it\/it\/#\/schema\/person\/e94f8c49f46f6497fd88caef7bb88408\",\"name\":\"Francesca Tagliabue\",\"image\":{\"@type\":\"ImageObject\",\"inLanguage\":\"it-IT\",\"@id\":\"https:\/\/www.atmosferamag.it\/it\/#\/schema\/person\/image\/\",\"url\":\"https:\/\/secure.gravatar.com\/avatar\/cc6f1d40096ee5dd7102d500a12269d3815701fb844aa918834b119c4244a97f?s=96&d=mm&r=g\",\"contentUrl\":\"https:\/\/secure.gravatar.com\/avatar\/cc6f1d40096ee5dd7102d500a12269d3815701fb844aa918834b119c4244a97f?s=96&d=mm&r=g\",\"caption\":\"Francesca Tagliabue\"},\"url\":\"https:\/\/www.atmosferamag.it\/it\/author\/francesca-tagliabue\/\"}]}<\/script>\n<!-- \/ Yoast SEO plugin. -->","yoast_head_json":{"title":"Marco Filibeck: la Luce nel Teatro e nell'Opera | Atmosfera MAG","description":"Scopri il talento e la passione di Marco Filibeck, lighting designer di fama internazionale, e la sua visione dell'illuminazione teatrale.","robots":{"index":"index","follow":"follow","max-snippet":"max-snippet:-1","max-image-preview":"max-image-preview:large","max-video-preview":"max-video-preview:-1"},"canonical":"https:\/\/www.atmosferamag.it\/it\/marco-filibeck-luce-e-teatro\/","og_locale":"it_IT","og_type":"article","og_title":"Marco Filibeck: la Luce nel Teatro e nell'Opera | Atmosfera MAG","og_description":"Scopri il talento e la passione di Marco Filibeck, lighting designer di fama internazionale, e la sua visione dell'illuminazione teatrale.","og_url":"https:\/\/www.atmosferamag.it\/it\/marco-filibeck-luce-e-teatro\/","og_site_name":"Atmosfera Mag","article_publisher":"https:\/\/www.facebook.com\/people\/Atmosfera-Mag\/100086538670476\/","article_published_time":"2023-04-12T13:09:47+00:00","article_modified_time":"2023-04-17T07:53:20+00:00","og_image":[{"width":2048,"height":1365,"url":"https:\/\/www.atmosferamag.it\/wp-content\/uploads\/2023\/04\/0H3A5455-ph-Brescia-e-Amisano-\u0451-Teatro-alla-Scala-2048x1365-1.jpg","type":"image\/jpeg"}],"author":"Francesca Tagliabue","twitter_card":"summary_large_image","twitter_misc":{"Scritto da":"Francesca Tagliabue"},"schema":{"@context":"https:\/\/schema.org","@graph":[{"@type":"Article","@id":"https:\/\/www.atmosferamag.it\/it\/marco-filibeck-luce-e-teatro\/#article","isPartOf":{"@id":"https:\/\/www.atmosferamag.it\/it\/marco-filibeck-luce-e-teatro\/"},"author":{"name":"Francesca Tagliabue","@id":"https:\/\/www.atmosferamag.it\/it\/#\/schema\/person\/e94f8c49f46f6497fd88caef7bb88408"},"headline":"Marco Filibeck: luce e teatro","datePublished":"2023-04-12T13:09:47+00:00","dateModified":"2023-04-17T07:53:20+00:00","mainEntityOfPage":{"@id":"https:\/\/www.atmosferamag.it\/it\/marco-filibeck-luce-e-teatro\/"},"wordCount":1202,"publisher":{"@id":"https:\/\/www.atmosferamag.it\/it\/#organization"},"image":{"@id":"https:\/\/www.atmosferamag.it\/it\/marco-filibeck-luce-e-teatro\/#primaryimage"},"thumbnailUrl":"https:\/\/www.atmosferamag.it\/wp-content\/uploads\/2023\/04\/0H3A5455-ph-Brescia-e-Amisano-\u0451-Teatro-alla-Scala-2048x1365-1.jpg","articleSection":["Stories"],"inLanguage":"it-IT"},{"@type":"WebPage","@id":"https:\/\/www.atmosferamag.it\/it\/marco-filibeck-luce-e-teatro\/","url":"https:\/\/www.atmosferamag.it\/it\/marco-filibeck-luce-e-teatro\/","name":"Marco Filibeck: la Luce nel Teatro e nell'Opera | Atmosfera MAG","isPartOf":{"@id":"https:\/\/www.atmosferamag.it\/it\/#website"},"primaryImageOfPage":{"@id":"https:\/\/www.atmosferamag.it\/it\/marco-filibeck-luce-e-teatro\/#primaryimage"},"image":{"@id":"https:\/\/www.atmosferamag.it\/it\/marco-filibeck-luce-e-teatro\/#primaryimage"},"thumbnailUrl":"https:\/\/www.atmosferamag.it\/wp-content\/uploads\/2023\/04\/0H3A5455-ph-Brescia-e-Amisano-\u0451-Teatro-alla-Scala-2048x1365-1.jpg","datePublished":"2023-04-12T13:09:47+00:00","dateModified":"2023-04-17T07:53:20+00:00","description":"Scopri il talento e la passione di Marco Filibeck, lighting designer di fama internazionale, e la sua visione dell'illuminazione teatrale.","breadcrumb":{"@id":"https:\/\/www.atmosferamag.it\/it\/marco-filibeck-luce-e-teatro\/#breadcrumb"},"inLanguage":"it-IT","potentialAction":[{"@type":"ReadAction","target":["https:\/\/www.atmosferamag.it\/it\/marco-filibeck-luce-e-teatro\/"]}]},{"@type":"ImageObject","inLanguage":"it-IT","@id":"https:\/\/www.atmosferamag.it\/it\/marco-filibeck-luce-e-teatro\/#primaryimage","url":"https:\/\/www.atmosferamag.it\/wp-content\/uploads\/2023\/04\/0H3A5455-ph-Brescia-e-Amisano-\u0451-Teatro-alla-Scala-2048x1365-1.jpg","contentUrl":"https:\/\/www.atmosferamag.it\/wp-content\/uploads\/2023\/04\/0H3A5455-ph-Brescia-e-Amisano-\u0451-Teatro-alla-Scala-2048x1365-1.jpg","width":2048,"height":1365},{"@type":"BreadcrumbList","@id":"https:\/\/www.atmosferamag.it\/it\/marco-filibeck-luce-e-teatro\/#breadcrumb","itemListElement":[{"@type":"ListItem","position":1,"name":"Home","item":"https:\/\/www.atmosferamag.it\/it\/"},{"@type":"ListItem","position":2,"name":"Marco Filibeck: luce e teatro"}]},{"@type":"WebSite","@id":"https:\/\/www.atmosferamag.it\/it\/#website","url":"https:\/\/www.atmosferamag.it\/it\/","name":"Atmosfera Mag","description":"La luce in tutte le sue forme","publisher":{"@id":"https:\/\/www.atmosferamag.it\/it\/#organization"},"potentialAction":[{"@type":"SearchAction","target":{"@type":"EntryPoint","urlTemplate":"https:\/\/www.atmosferamag.it\/it\/?s={search_term_string}"},"query-input":{"@type":"PropertyValueSpecification","valueRequired":true,"valueName":"search_term_string"}}],"inLanguage":"it-IT"},{"@type":"Organization","@id":"https:\/\/www.atmosferamag.it\/it\/#organization","name":"Atmosfera Mag","url":"https:\/\/www.atmosferamag.it\/it\/","logo":{"@type":"ImageObject","inLanguage":"it-IT","@id":"https:\/\/www.atmosferamag.it\/it\/#\/schema\/logo\/image\/","url":"https:\/\/www.atmosferamag.it\/wp-content\/uploads\/2022\/09\/titolo.png","contentUrl":"https:\/\/www.atmosferamag.it\/wp-content\/uploads\/2022\/09\/titolo.png","width":2728,"height":406,"caption":"Atmosfera Mag"},"image":{"@id":"https:\/\/www.atmosferamag.it\/it\/#\/schema\/logo\/image\/"},"sameAs":["https:\/\/www.facebook.com\/people\/Atmosfera-Mag\/100086538670476\/","https:\/\/www.instagram.com\/atmosferamag\/","https:\/\/www.pinterest.it\/atmosfera_mag\/"]},{"@type":"Person","@id":"https:\/\/www.atmosferamag.it\/it\/#\/schema\/person\/e94f8c49f46f6497fd88caef7bb88408","name":"Francesca Tagliabue","image":{"@type":"ImageObject","inLanguage":"it-IT","@id":"https:\/\/www.atmosferamag.it\/it\/#\/schema\/person\/image\/","url":"https:\/\/secure.gravatar.com\/avatar\/cc6f1d40096ee5dd7102d500a12269d3815701fb844aa918834b119c4244a97f?s=96&d=mm&r=g","contentUrl":"https:\/\/secure.gravatar.com\/avatar\/cc6f1d40096ee5dd7102d500a12269d3815701fb844aa918834b119c4244a97f?s=96&d=mm&r=g","caption":"Francesca Tagliabue"},"url":"https:\/\/www.atmosferamag.it\/it\/author\/francesca-tagliabue\/"}]}},"_links":{"self":[{"href":"https:\/\/www.atmosferamag.it\/it\/wp-json\/wp\/v2\/posts\/27804","targetHints":{"allow":["GET"]}}],"collection":[{"href":"https:\/\/www.atmosferamag.it\/it\/wp-json\/wp\/v2\/posts"}],"about":[{"href":"https:\/\/www.atmosferamag.it\/it\/wp-json\/wp\/v2\/types\/post"}],"author":[{"embeddable":true,"href":"https:\/\/www.atmosferamag.it\/it\/wp-json\/wp\/v2\/users\/8"}],"replies":[{"embeddable":true,"href":"https:\/\/www.atmosferamag.it\/it\/wp-json\/wp\/v2\/comments?post=27804"}],"version-history":[{"count":4,"href":"https:\/\/www.atmosferamag.it\/it\/wp-json\/wp\/v2\/posts\/27804\/revisions"}],"predecessor-version":[{"id":28099,"href":"https:\/\/www.atmosferamag.it\/it\/wp-json\/wp\/v2\/posts\/27804\/revisions\/28099"}],"wp:featuredmedia":[{"embeddable":true,"href":"https:\/\/www.atmosferamag.it\/it\/wp-json\/wp\/v2\/media\/27742"}],"wp:attachment":[{"href":"https:\/\/www.atmosferamag.it\/it\/wp-json\/wp\/v2\/media?parent=27804"}],"wp:term":[{"taxonomy":"category","embeddable":true,"href":"https:\/\/www.atmosferamag.it\/it\/wp-json\/wp\/v2\/categories?post=27804"},{"taxonomy":"post_tag","embeddable":true,"href":"https:\/\/www.atmosferamag.it\/it\/wp-json\/wp\/v2\/tags?post=27804"}],"curies":[{"name":"wp","href":"https:\/\/api.w.org\/{rel}","templated":true}]}}