{"id":27712,"date":"2023-04-12T14:55:25","date_gmt":"2023-04-12T12:55:25","guid":{"rendered":"https:\/\/www.atmosferamag.it\/?p=27712"},"modified":"2023-04-17T09:52:22","modified_gmt":"2023-04-17T07:52:22","slug":"un-viaggio-nel-mondo-della-luce","status":"publish","type":"post","link":"https:\/\/www.atmosferamag.it\/it\/un-viaggio-nel-mondo-della-luce\/","title":{"rendered":"Un viaggio nel mondo della luce"},"content":{"rendered":"\t\t<div data-elementor-type=\"wp-post\" data-elementor-id=\"27712\" class=\"elementor elementor-27712 elementor-27673\" data-elementor-post-type=\"post\">\n\t\t\t\t\t\t<section class=\"elementor-section elementor-top-section elementor-element elementor-element-b08cc3b elementor-section-boxed elementor-section-height-default elementor-section-height-default\" data-id=\"b08cc3b\" data-element_type=\"section\" data-e-type=\"section\">\n\t\t\t\t\t\t<div class=\"elementor-container elementor-column-gap-default\">\n\t\t\t\t\t<div class=\"elementor-column elementor-col-100 elementor-top-column elementor-element elementor-element-99837cd\" data-id=\"99837cd\" data-element_type=\"column\" data-e-type=\"column\">\n\t\t\t<div class=\"elementor-widget-wrap elementor-element-populated\">\n\t\t\t\t\t\t<div class=\"elementor-element elementor-element-eef240d elementor-widget elementor-widget-text-editor\" data-id=\"eef240d\" data-element_type=\"widget\" data-e-type=\"widget\" data-widget_type=\"text-editor.default\">\n\t\t\t\t<div class=\"elementor-widget-container\">\n\t\t\t\t\t\t\t\t\t<p><span style=\"color: var( --e-global-color-text );\">Questa edizione speciale cartacea di ATMOSFERA Mag \u00e8 interamente dedicata a Milano, che in questi giorni \u00e8 al centro del mondo del design e noi, questo mondo, vogliamo esplorarlo in lungo e in largo.<\/span><\/p><p>Abbiamo deciso di partire da qui per iniziare a raccontarci, in occasione di Euroluce, del Salone del Mobile, del Fuorisalone e di tutto ci\u00f2 che ruota attorno a questa settimana cos\u00ec importante per una citt\u00e0 che esiste e vive di vita propria anche al di fuori di essa.<\/p><p>Ecco quindi che nasce <i>ATMOSFERA Light Map &#8211; Milan edition<\/i>.\u00a0<span style=\"color: var( --e-global-color-text );\">Una vera e propria mappa\u00a0 in cui raccontiamo alcune delle realt\u00e0 pi\u00f9 rilevanti del panorama internazionale del lighting design che fanno base proprio qui, a Milano.\u00a0\u00a0<\/span><\/p><p>\u00a0<span style=\"color: var( --e-global-color-text );\">Ma questo \u00e8 solo l\u2019inizio. Questa pubblicazione \u00e8 lo start di un progetto pi\u00f9 ampio e in continua evoluzione che si integrer\u00e0 nella nostra piattaforma ATMOSFERA Mag: <i>ATMOSFERA Light Map<\/i>.\u00a0<\/span><\/p><p>Atmosfera Light Map \u00e8 una mappa digitale del mondo intero, interattiva, navigabile e in continua evoluzione, con contenuti relativi alle persone e agli studi, passando per opere, case history e iniziative varie, insomma a tutto quello che succede nel settore dell\u2019illuminazione.<\/p>\t\t\t\t\t\t\t\t<\/div>\n\t\t\t\t<\/div>\n\t\t\t\t<div class=\"elementor-element elementor-element-f14b539 elementor-widget elementor-widget-image\" data-id=\"f14b539\" data-element_type=\"widget\" data-e-type=\"widget\" data-widget_type=\"image.default\">\n\t\t\t\t<div class=\"elementor-widget-container\">\n\t\t\t\t\t\t\t\t\t\t\t\t\t\t\t<img fetchpriority=\"high\" decoding=\"async\" width=\"800\" height=\"533\" src=\"https:\/\/www.atmosferamag.it\/wp-content\/uploads\/2023\/04\/magazine-1024x682.png\" class=\"attachment-large size-large wp-image-27711\" alt=\"\" srcset=\"https:\/\/www.atmosferamag.it\/wp-content\/uploads\/2023\/04\/magazine-1024x682.png 1024w, https:\/\/www.atmosferamag.it\/wp-content\/uploads\/2023\/04\/magazine-300x200.png 300w, https:\/\/www.atmosferamag.it\/wp-content\/uploads\/2023\/04\/magazine-768x511.png 768w, https:\/\/www.atmosferamag.it\/wp-content\/uploads\/2023\/04\/magazine-1536x1022.png 1536w, https:\/\/www.atmosferamag.it\/wp-content\/uploads\/2023\/04\/magazine.png 1998w\" sizes=\"(max-width: 800px) 100vw, 800px\" \/>\t\t\t\t\t\t\t\t\t\t\t\t\t\t\t<\/div>\n\t\t\t\t<\/div>\n\t\t\t\t<div class=\"elementor-element elementor-element-ccae575 elementor-widget elementor-widget-text-editor\" data-id=\"ccae575\" data-element_type=\"widget\" data-e-type=\"widget\" data-widget_type=\"text-editor.default\">\n\t\t\t\t<div class=\"elementor-widget-container\">\n\t\t\t\t\t\t\t\t\t<p><span style=\"color: var( --e-global-color-text );\">Qui troverete ogni contenuto del magazine fissato sulla mappa, per una nuova modalit\u00e0 di fruizione alternativa dei nostri contenuti, delle nostre interviste e riflessioni, da oggi collocate anche nello spazio, per avere una percezione diversa di quello che accade nel nostro settore a livello globale.<\/span><\/p>\n<p>Buon viaggio!<\/p>\t\t\t\t\t\t\t\t<\/div>\n\t\t\t\t<\/div>\n\t\t\t\t\t<\/div>\n\t\t<\/div>\n\t\t\t\t\t<\/div>\n\t\t<\/section>\n\t\t\t\t<\/div>\n\t\t","protected":false},"excerpt":{"rendered":"<p>Atmosfera Light Map \u00e8 una mappa digitale del mondo intero, interattiva, navigabile e in continua evoluzione, con contenuti relativi a tutto quello che succede nel settore dell\u2019illuminazione<\/p>\n","protected":false},"author":2,"featured_media":27792,"comment_status":"closed","ping_status":"open","sticky":false,"template":"","format":"standard","meta":{"footnotes":""},"categories":[43],"tags":[],"class_list":["post-27712","post","type-post","status-publish","format-standard","has-post-thumbnail","hentry","category-highlights"],"yoast_head":"<!-- This site is optimized with the Yoast SEO plugin v26.0 - https:\/\/yoast.com\/wordpress\/plugins\/seo\/ -->\n<title>A journey into the World of Light<\/title>\n<meta name=\"description\" content=\"Atmosfera Light Map is a digital, interactive and navigable map of the entire world, constantly evolving with content related to everything that happens in the lighting industry\" \/>\n<meta name=\"robots\" content=\"index, follow, max-snippet:-1, max-image-preview:large, max-video-preview:-1\" \/>\n<link rel=\"canonical\" href=\"https:\/\/www.atmosferamag.it\/it\/un-viaggio-nel-mondo-della-luce\/\" \/>\n<meta property=\"og:locale\" content=\"it_IT\" \/>\n<meta property=\"og:type\" content=\"article\" \/>\n<meta property=\"og:title\" content=\"A journey into the World of Light\" \/>\n<meta property=\"og:description\" content=\"Atmosfera Light Map is a digital, interactive and navigable map of the entire world, constantly evolving with content related to everything that happens in the lighting industry\" \/>\n<meta property=\"og:url\" content=\"https:\/\/www.atmosferamag.it\/it\/un-viaggio-nel-mondo-della-luce\/\" \/>\n<meta property=\"og:site_name\" content=\"Atmosfera Mag\" \/>\n<meta property=\"article:publisher\" content=\"https:\/\/www.facebook.com\/people\/Atmosfera-Mag\/100086538670476\/\" \/>\n<meta property=\"article:published_time\" content=\"2023-04-12T12:55:25+00:00\" \/>\n<meta property=\"article:modified_time\" content=\"2023-04-17T07:52:22+00:00\" \/>\n<meta property=\"og:image\" content=\"https:\/\/www.atmosferamag.it\/wp-content\/uploads\/2023\/04\/2ipad_lightmap-scaled.jpg\" \/>\n\t<meta property=\"og:image:width\" content=\"2560\" \/>\n\t<meta property=\"og:image:height\" content=\"1707\" \/>\n\t<meta property=\"og:image:type\" content=\"image\/jpeg\" \/>\n<meta name=\"author\" content=\"Redazione AtmosferaMag\" \/>\n<meta name=\"twitter:card\" content=\"summary_large_image\" \/>\n<meta name=\"twitter:label1\" content=\"Scritto da\" \/>\n\t<meta name=\"twitter:data1\" content=\"Redazione AtmosferaMag\" \/>\n\t<meta name=\"twitter:label2\" content=\"Tempo di lettura stimato\" \/>\n\t<meta name=\"twitter:data2\" content=\"2 minuti\" \/>\n<script type=\"application\/ld+json\" class=\"yoast-schema-graph\">{\"@context\":\"https:\/\/schema.org\",\"@graph\":[{\"@type\":\"Article\",\"@id\":\"https:\/\/www.atmosferamag.it\/it\/un-viaggio-nel-mondo-della-luce\/#article\",\"isPartOf\":{\"@id\":\"https:\/\/www.atmosferamag.it\/it\/un-viaggio-nel-mondo-della-luce\/\"},\"author\":{\"name\":\"Redazione AtmosferaMag\",\"@id\":\"https:\/\/www.atmosferamag.it\/it\/#\/schema\/person\/ab74a44bc124a0796815bc269e4939dc\"},\"headline\":\"Un viaggio nel mondo della luce\",\"datePublished\":\"2023-04-12T12:55:25+00:00\",\"dateModified\":\"2023-04-17T07:52:22+00:00\",\"mainEntityOfPage\":{\"@id\":\"https:\/\/www.atmosferamag.it\/it\/un-viaggio-nel-mondo-della-luce\/\"},\"wordCount\":239,\"publisher\":{\"@id\":\"https:\/\/www.atmosferamag.it\/it\/#organization\"},\"image\":{\"@id\":\"https:\/\/www.atmosferamag.it\/it\/un-viaggio-nel-mondo-della-luce\/#primaryimage\"},\"thumbnailUrl\":\"https:\/\/www.atmosferamag.it\/wp-content\/uploads\/2023\/04\/2ipad_lightmap-scaled.jpg\",\"articleSection\":[\"Highlights\"],\"inLanguage\":\"it-IT\"},{\"@type\":\"WebPage\",\"@id\":\"https:\/\/www.atmosferamag.it\/it\/un-viaggio-nel-mondo-della-luce\/\",\"url\":\"https:\/\/www.atmosferamag.it\/it\/un-viaggio-nel-mondo-della-luce\/\",\"name\":\"A journey into the World of Light\",\"isPartOf\":{\"@id\":\"https:\/\/www.atmosferamag.it\/it\/#website\"},\"primaryImageOfPage\":{\"@id\":\"https:\/\/www.atmosferamag.it\/it\/un-viaggio-nel-mondo-della-luce\/#primaryimage\"},\"image\":{\"@id\":\"https:\/\/www.atmosferamag.it\/it\/un-viaggio-nel-mondo-della-luce\/#primaryimage\"},\"thumbnailUrl\":\"https:\/\/www.atmosferamag.it\/wp-content\/uploads\/2023\/04\/2ipad_lightmap-scaled.jpg\",\"datePublished\":\"2023-04-12T12:55:25+00:00\",\"dateModified\":\"2023-04-17T07:52:22+00:00\",\"description\":\"Atmosfera Light Map is a digital, interactive and navigable map of the entire world, constantly evolving with content related to everything that happens in the lighting industry\",\"breadcrumb\":{\"@id\":\"https:\/\/www.atmosferamag.it\/it\/un-viaggio-nel-mondo-della-luce\/#breadcrumb\"},\"inLanguage\":\"it-IT\",\"potentialAction\":[{\"@type\":\"ReadAction\",\"target\":[\"https:\/\/www.atmosferamag.it\/it\/un-viaggio-nel-mondo-della-luce\/\"]}]},{\"@type\":\"ImageObject\",\"inLanguage\":\"it-IT\",\"@id\":\"https:\/\/www.atmosferamag.it\/it\/un-viaggio-nel-mondo-della-luce\/#primaryimage\",\"url\":\"https:\/\/www.atmosferamag.it\/wp-content\/uploads\/2023\/04\/2ipad_lightmap-scaled.jpg\",\"contentUrl\":\"https:\/\/www.atmosferamag.it\/wp-content\/uploads\/2023\/04\/2ipad_lightmap-scaled.jpg\",\"width\":2560,\"height\":1707},{\"@type\":\"BreadcrumbList\",\"@id\":\"https:\/\/www.atmosferamag.it\/it\/un-viaggio-nel-mondo-della-luce\/#breadcrumb\",\"itemListElement\":[{\"@type\":\"ListItem\",\"position\":1,\"name\":\"Home\",\"item\":\"https:\/\/www.atmosferamag.it\/it\/\"},{\"@type\":\"ListItem\",\"position\":2,\"name\":\"Un viaggio nel mondo della luce\"}]},{\"@type\":\"WebSite\",\"@id\":\"https:\/\/www.atmosferamag.it\/it\/#website\",\"url\":\"https:\/\/www.atmosferamag.it\/it\/\",\"name\":\"Atmosfera Mag\",\"description\":\"La luce in tutte le sue forme\",\"publisher\":{\"@id\":\"https:\/\/www.atmosferamag.it\/it\/#organization\"},\"potentialAction\":[{\"@type\":\"SearchAction\",\"target\":{\"@type\":\"EntryPoint\",\"urlTemplate\":\"https:\/\/www.atmosferamag.it\/it\/?s={search_term_string}\"},\"query-input\":{\"@type\":\"PropertyValueSpecification\",\"valueRequired\":true,\"valueName\":\"search_term_string\"}}],\"inLanguage\":\"it-IT\"},{\"@type\":\"Organization\",\"@id\":\"https:\/\/www.atmosferamag.it\/it\/#organization\",\"name\":\"Atmosfera Mag\",\"url\":\"https:\/\/www.atmosferamag.it\/it\/\",\"logo\":{\"@type\":\"ImageObject\",\"inLanguage\":\"it-IT\",\"@id\":\"https:\/\/www.atmosferamag.it\/it\/#\/schema\/logo\/image\/\",\"url\":\"https:\/\/www.atmosferamag.it\/wp-content\/uploads\/2022\/09\/titolo.png\",\"contentUrl\":\"https:\/\/www.atmosferamag.it\/wp-content\/uploads\/2022\/09\/titolo.png\",\"width\":2728,\"height\":406,\"caption\":\"Atmosfera Mag\"},\"image\":{\"@id\":\"https:\/\/www.atmosferamag.it\/it\/#\/schema\/logo\/image\/\"},\"sameAs\":[\"https:\/\/www.facebook.com\/people\/Atmosfera-Mag\/100086538670476\/\",\"https:\/\/www.instagram.com\/atmosferamag\/\",\"https:\/\/www.pinterest.it\/atmosfera_mag\/\"]},{\"@type\":\"Person\",\"@id\":\"https:\/\/www.atmosferamag.it\/it\/#\/schema\/person\/ab74a44bc124a0796815bc269e4939dc\",\"name\":\"Redazione AtmosferaMag\",\"image\":{\"@type\":\"ImageObject\",\"inLanguage\":\"it-IT\",\"@id\":\"https:\/\/www.atmosferamag.it\/it\/#\/schema\/person\/image\/\",\"url\":\"https:\/\/secure.gravatar.com\/avatar\/75c14bf3645779c6632cf8ba43a7dc0a35c55ddd31ef25cacf675d951cdd4015?s=96&d=mm&r=g\",\"contentUrl\":\"https:\/\/secure.gravatar.com\/avatar\/75c14bf3645779c6632cf8ba43a7dc0a35c55ddd31ef25cacf675d951cdd4015?s=96&d=mm&r=g\",\"caption\":\"Redazione AtmosferaMag\"},\"url\":\"https:\/\/www.atmosferamag.it\/it\/author\/4tm0sf3r4m4g\/\"}]}<\/script>\n<!-- \/ Yoast SEO plugin. -->","yoast_head_json":{"title":"A journey into the World of Light","description":"Atmosfera Light Map is a digital, interactive and navigable map of the entire world, constantly evolving with content related to everything that happens in the lighting industry","robots":{"index":"index","follow":"follow","max-snippet":"max-snippet:-1","max-image-preview":"max-image-preview:large","max-video-preview":"max-video-preview:-1"},"canonical":"https:\/\/www.atmosferamag.it\/it\/un-viaggio-nel-mondo-della-luce\/","og_locale":"it_IT","og_type":"article","og_title":"A journey into the World of Light","og_description":"Atmosfera Light Map is a digital, interactive and navigable map of the entire world, constantly evolving with content related to everything that happens in the lighting industry","og_url":"https:\/\/www.atmosferamag.it\/it\/un-viaggio-nel-mondo-della-luce\/","og_site_name":"Atmosfera Mag","article_publisher":"https:\/\/www.facebook.com\/people\/Atmosfera-Mag\/100086538670476\/","article_published_time":"2023-04-12T12:55:25+00:00","article_modified_time":"2023-04-17T07:52:22+00:00","og_image":[{"width":2560,"height":1707,"url":"https:\/\/www.atmosferamag.it\/wp-content\/uploads\/2023\/04\/2ipad_lightmap-scaled.jpg","type":"image\/jpeg"}],"author":"Redazione AtmosferaMag","twitter_card":"summary_large_image","twitter_misc":{"Scritto da":"Redazione AtmosferaMag","Tempo di lettura stimato":"2 minuti"},"schema":{"@context":"https:\/\/schema.org","@graph":[{"@type":"Article","@id":"https:\/\/www.atmosferamag.it\/it\/un-viaggio-nel-mondo-della-luce\/#article","isPartOf":{"@id":"https:\/\/www.atmosferamag.it\/it\/un-viaggio-nel-mondo-della-luce\/"},"author":{"name":"Redazione AtmosferaMag","@id":"https:\/\/www.atmosferamag.it\/it\/#\/schema\/person\/ab74a44bc124a0796815bc269e4939dc"},"headline":"Un viaggio nel mondo della luce","datePublished":"2023-04-12T12:55:25+00:00","dateModified":"2023-04-17T07:52:22+00:00","mainEntityOfPage":{"@id":"https:\/\/www.atmosferamag.it\/it\/un-viaggio-nel-mondo-della-luce\/"},"wordCount":239,"publisher":{"@id":"https:\/\/www.atmosferamag.it\/it\/#organization"},"image":{"@id":"https:\/\/www.atmosferamag.it\/it\/un-viaggio-nel-mondo-della-luce\/#primaryimage"},"thumbnailUrl":"https:\/\/www.atmosferamag.it\/wp-content\/uploads\/2023\/04\/2ipad_lightmap-scaled.jpg","articleSection":["Highlights"],"inLanguage":"it-IT"},{"@type":"WebPage","@id":"https:\/\/www.atmosferamag.it\/it\/un-viaggio-nel-mondo-della-luce\/","url":"https:\/\/www.atmosferamag.it\/it\/un-viaggio-nel-mondo-della-luce\/","name":"A journey into the World of Light","isPartOf":{"@id":"https:\/\/www.atmosferamag.it\/it\/#website"},"primaryImageOfPage":{"@id":"https:\/\/www.atmosferamag.it\/it\/un-viaggio-nel-mondo-della-luce\/#primaryimage"},"image":{"@id":"https:\/\/www.atmosferamag.it\/it\/un-viaggio-nel-mondo-della-luce\/#primaryimage"},"thumbnailUrl":"https:\/\/www.atmosferamag.it\/wp-content\/uploads\/2023\/04\/2ipad_lightmap-scaled.jpg","datePublished":"2023-04-12T12:55:25+00:00","dateModified":"2023-04-17T07:52:22+00:00","description":"Atmosfera Light Map is a digital, interactive and navigable map of the entire world, constantly evolving with content related to everything that happens in the lighting industry","breadcrumb":{"@id":"https:\/\/www.atmosferamag.it\/it\/un-viaggio-nel-mondo-della-luce\/#breadcrumb"},"inLanguage":"it-IT","potentialAction":[{"@type":"ReadAction","target":["https:\/\/www.atmosferamag.it\/it\/un-viaggio-nel-mondo-della-luce\/"]}]},{"@type":"ImageObject","inLanguage":"it-IT","@id":"https:\/\/www.atmosferamag.it\/it\/un-viaggio-nel-mondo-della-luce\/#primaryimage","url":"https:\/\/www.atmosferamag.it\/wp-content\/uploads\/2023\/04\/2ipad_lightmap-scaled.jpg","contentUrl":"https:\/\/www.atmosferamag.it\/wp-content\/uploads\/2023\/04\/2ipad_lightmap-scaled.jpg","width":2560,"height":1707},{"@type":"BreadcrumbList","@id":"https:\/\/www.atmosferamag.it\/it\/un-viaggio-nel-mondo-della-luce\/#breadcrumb","itemListElement":[{"@type":"ListItem","position":1,"name":"Home","item":"https:\/\/www.atmosferamag.it\/it\/"},{"@type":"ListItem","position":2,"name":"Un viaggio nel mondo della luce"}]},{"@type":"WebSite","@id":"https:\/\/www.atmosferamag.it\/it\/#website","url":"https:\/\/www.atmosferamag.it\/it\/","name":"Atmosfera Mag","description":"La luce in tutte le sue forme","publisher":{"@id":"https:\/\/www.atmosferamag.it\/it\/#organization"},"potentialAction":[{"@type":"SearchAction","target":{"@type":"EntryPoint","urlTemplate":"https:\/\/www.atmosferamag.it\/it\/?s={search_term_string}"},"query-input":{"@type":"PropertyValueSpecification","valueRequired":true,"valueName":"search_term_string"}}],"inLanguage":"it-IT"},{"@type":"Organization","@id":"https:\/\/www.atmosferamag.it\/it\/#organization","name":"Atmosfera Mag","url":"https:\/\/www.atmosferamag.it\/it\/","logo":{"@type":"ImageObject","inLanguage":"it-IT","@id":"https:\/\/www.atmosferamag.it\/it\/#\/schema\/logo\/image\/","url":"https:\/\/www.atmosferamag.it\/wp-content\/uploads\/2022\/09\/titolo.png","contentUrl":"https:\/\/www.atmosferamag.it\/wp-content\/uploads\/2022\/09\/titolo.png","width":2728,"height":406,"caption":"Atmosfera Mag"},"image":{"@id":"https:\/\/www.atmosferamag.it\/it\/#\/schema\/logo\/image\/"},"sameAs":["https:\/\/www.facebook.com\/people\/Atmosfera-Mag\/100086538670476\/","https:\/\/www.instagram.com\/atmosferamag\/","https:\/\/www.pinterest.it\/atmosfera_mag\/"]},{"@type":"Person","@id":"https:\/\/www.atmosferamag.it\/it\/#\/schema\/person\/ab74a44bc124a0796815bc269e4939dc","name":"Redazione AtmosferaMag","image":{"@type":"ImageObject","inLanguage":"it-IT","@id":"https:\/\/www.atmosferamag.it\/it\/#\/schema\/person\/image\/","url":"https:\/\/secure.gravatar.com\/avatar\/75c14bf3645779c6632cf8ba43a7dc0a35c55ddd31ef25cacf675d951cdd4015?s=96&d=mm&r=g","contentUrl":"https:\/\/secure.gravatar.com\/avatar\/75c14bf3645779c6632cf8ba43a7dc0a35c55ddd31ef25cacf675d951cdd4015?s=96&d=mm&r=g","caption":"Redazione AtmosferaMag"},"url":"https:\/\/www.atmosferamag.it\/it\/author\/4tm0sf3r4m4g\/"}]}},"_links":{"self":[{"href":"https:\/\/www.atmosferamag.it\/it\/wp-json\/wp\/v2\/posts\/27712","targetHints":{"allow":["GET"]}}],"collection":[{"href":"https:\/\/www.atmosferamag.it\/it\/wp-json\/wp\/v2\/posts"}],"about":[{"href":"https:\/\/www.atmosferamag.it\/it\/wp-json\/wp\/v2\/types\/post"}],"author":[{"embeddable":true,"href":"https:\/\/www.atmosferamag.it\/it\/wp-json\/wp\/v2\/users\/2"}],"replies":[{"embeddable":true,"href":"https:\/\/www.atmosferamag.it\/it\/wp-json\/wp\/v2\/comments?post=27712"}],"version-history":[{"count":19,"href":"https:\/\/www.atmosferamag.it\/it\/wp-json\/wp\/v2\/posts\/27712\/revisions"}],"predecessor-version":[{"id":28087,"href":"https:\/\/www.atmosferamag.it\/it\/wp-json\/wp\/v2\/posts\/27712\/revisions\/28087"}],"wp:featuredmedia":[{"embeddable":true,"href":"https:\/\/www.atmosferamag.it\/it\/wp-json\/wp\/v2\/media\/27792"}],"wp:attachment":[{"href":"https:\/\/www.atmosferamag.it\/it\/wp-json\/wp\/v2\/media?parent=27712"}],"wp:term":[{"taxonomy":"category","embeddable":true,"href":"https:\/\/www.atmosferamag.it\/it\/wp-json\/wp\/v2\/categories?post=27712"},{"taxonomy":"post_tag","embeddable":true,"href":"https:\/\/www.atmosferamag.it\/it\/wp-json\/wp\/v2\/tags?post=27712"}],"curies":[{"name":"wp","href":"https:\/\/api.w.org\/{rel}","templated":true}]}}