{"id":26797,"date":"2023-02-17T16:37:59","date_gmt":"2023-02-17T15:37:59","guid":{"rendered":"https:\/\/www.atmosferamag.it\/?p=26797"},"modified":"2023-02-27T12:40:39","modified_gmt":"2023-02-27T11:40:39","slug":"strongalla-scoperta-delle-lampade-fonoassorbenti-strong","status":"publish","type":"post","link":"https:\/\/www.atmosferamag.it\/it\/strongalla-scoperta-delle-lampade-fonoassorbenti-strong\/","title":{"rendered":"Alla scoperta delle lampade fonoassorbenti"},"content":{"rendered":"\t\t<div data-elementor-type=\"wp-post\" data-elementor-id=\"26797\" class=\"elementor elementor-26797 elementor-26895\" data-elementor-post-type=\"post\">\n\t\t\t\t\t\t<section class=\"elementor-section elementor-top-section elementor-element elementor-element-136f018 elementor-section-boxed elementor-section-height-default elementor-section-height-default\" data-id=\"136f018\" data-element_type=\"section\" data-e-type=\"section\">\n\t\t\t\t\t\t<div class=\"elementor-container elementor-column-gap-default\">\n\t\t\t\t\t<div class=\"elementor-column elementor-col-100 elementor-top-column elementor-element elementor-element-6744b83\" data-id=\"6744b83\" data-element_type=\"column\" data-e-type=\"column\">\n\t\t\t<div class=\"elementor-widget-wrap elementor-element-populated\">\n\t\t\t\t\t\t<div class=\"elementor-element elementor-element-c55ec36 elementor-widget elementor-widget-text-editor\" data-id=\"c55ec36\" data-element_type=\"widget\" data-e-type=\"widget\" data-widget_type=\"text-editor.default\">\n\t\t\t\t<div class=\"elementor-widget-container\">\n\t\t\t\t\t\t\t\t\t<p>Le lampade fonoassorbenti sono <b>oggetti dalla doppia funzione: illuminano e coadiuvano il comfort acustico<\/b> degli ambienti, senza dimenticare l&#8217;estetica e con occhio sempre pi\u00f9 attento all&#8217;ambiente. I primi modelli erano piuttosto tecnici perch\u00e9 pensati principalmente per gli uffici (soprattutto per le sale riunione o gli open-space in cui le postazioni sono disposte in batteria e il brusio \u00e8 inevitabile), per le hall, i grandi negozi o le sale dei ristoranti. Oggi, sempre pi\u00f9 brand si approcciano a questa tipologia di prodotto con un <b>twist pi\u00f9 domestico<\/b>, sicuri che un sistema per attutire il rumore di fondo rendendo pi\u00f9 piacevole e diretta la conversazione possa essere utile anche in casa. Il <b>benessere acustico<\/b> aiuta a sentire e sentirsi meglio, perci\u00f2 cresce il numero delle persone e dei progettisti che scelgono di installare una lampada fonoassorbente in soggiorno o sopra il tavolo da pranzo. <b>Finiture tessili <\/b>morbide e cartelle colori praticamente infinite aiutano nella creazione di <b>living accoglienti e ovattati<\/b>, in cui la componente fonoassorbente &#8220;c&#8217;\u00e8 ma non si vede&#8221;.<\/p>\t\t\t\t\t\t\t\t<\/div>\n\t\t\t\t<\/div>\n\t\t\t\t<div class=\"elementor-element elementor-element-722ba9a elementor-widget elementor-widget-text-editor\" data-id=\"722ba9a\" data-element_type=\"widget\" data-e-type=\"widget\" data-widget_type=\"text-editor.default\">\n\t\t\t\t<div class=\"elementor-widget-container\">\n\t\t\t\t\t\t\t\t\t<p><strong>Come funzionano le lampade fonoassorbenti<\/strong><\/p>\t\t\t\t\t\t\t\t<\/div>\n\t\t\t\t<\/div>\n\t\t\t\t<div class=\"elementor-element elementor-element-09475b5 elementor-widget elementor-widget-text-editor\" data-id=\"09475b5\" data-element_type=\"widget\" data-e-type=\"widget\" data-widget_type=\"text-editor.default\">\n\t\t\t\t<div class=\"elementor-widget-container\">\n\t\t\t\t\t\t\t\t\t<p>Da un punto di vista tecnico le lampade fonoassorbenti assorbono le onde sonore che cos\u00ec non riverberano sulle altre superfici, riducendo il brusio e il rumore di fondo percepito. La loro <b>forma<\/b> \u00e8 generalmente <b>ampia e lineare<\/b> per massimizzare la superficie attiva, lo dimostrano Silent Field 2.0 di Artemide che all&#8217;ampiezza aggiunge dei solchi per accrescere la funzionalit\u00e0 o Acustica di Fabbian, ispirata ai piatti della batteria. Esistono anche <b>modelli a cupola<\/b> che funzionano benissimo, come BuzziDome di BuzziSpace, oppure idee pi\u00f9 sperimentali che virano verso il design come Trypta di Luceplan o l&#8217;applique Butterfly di Modo Luce.<\/p>\t\t\t\t\t\t\t\t<\/div>\n\t\t\t\t<\/div>\n\t\t\t\t<div class=\"elementor-element elementor-element-b6e6006 elementor-widget elementor-widget-text-editor\" data-id=\"b6e6006\" data-element_type=\"widget\" data-e-type=\"widget\" data-widget_type=\"text-editor.default\">\n\t\t\t\t<div class=\"elementor-widget-container\">\n\t\t\t\t\t\t\t\t\t<p><b>Quali materiali<\/b><\/p>\t\t\t\t\t\t\t\t<\/div>\n\t\t\t\t<\/div>\n\t\t\t\t<div class=\"elementor-element elementor-element-2590369 elementor-widget elementor-widget-text-editor\" data-id=\"2590369\" data-element_type=\"widget\" data-e-type=\"widget\" data-widget_type=\"text-editor.default\">\n\t\t\t\t<div class=\"elementor-widget-container\">\n\t\t\t\t\t\t\t\t\t<p>I materiali isolanti che costituiscono l&#8217;anima di questi prodotti vanno dalla comune <b>schiuma<\/b> al <b>PET.<\/b> Interessanti le <b>soluzioni green oriented<\/b>, che colgono la particolare sensibilit\u00e0 dei consumatori sempre pi\u00f9 attenti all&#8217;acquisto di prodotti a basso impatto; va in questa direzione Under the Dome di Muuto che utilizza fino al 41% di fibre provenienti da bottiglie di plastica riciclate. Ci sono infine anche proposte sperimentali, come Eclipse Nuance Silence di Olev che sfrutta le propriet\u00e0 anti-riverbero del lamierino microforato a spessore ridotto.<\/p><p>Nell&#8217;elenco che segue, una selezione di lampade fonoassorbenti adatte ad ambienti pubblici ma perfette anche in casa.<\/p>\t\t\t\t\t\t\t\t<\/div>\n\t\t\t\t<\/div>\n\t\t\t\t<div class=\"elementor-element elementor-element-9616c17 elementor-widget elementor-widget-heading\" data-id=\"9616c17\" data-element_type=\"widget\" data-e-type=\"widget\" data-widget_type=\"heading.default\">\n\t\t\t\t<div class=\"elementor-widget-container\">\n\t\t\t\t\t<h2 class=\"elementor-heading-title elementor-size-default\">1. BuzziDome - BuzziSpace<\/h2>\t\t\t\t<\/div>\n\t\t\t\t<\/div>\n\t\t\t\t<div class=\"elementor-element elementor-element-82aae0d elementor-widget elementor-widget-text-editor\" data-id=\"82aae0d\" data-element_type=\"widget\" data-e-type=\"widget\" data-widget_type=\"text-editor.default\">\n\t\t\t\t<div class=\"elementor-widget-container\">\n\t\t\t\t\t\t\t\t\t<p>Coloratissima, BuzziDome di BuzziSpace \u00e8 una lampada dalla finitura tessile che assorbe il rumore grazie alla forma a semi-cupola e una speciale schiuma. La sospensione a LED con diffusore in PMMA \u00e8 perfetta per i luoghi di lavoro, le strutture ricettive, le sale dei ristoranti ma anche in ambienti domestici. A catalogo si pu\u00f2 scegliere tra diversi rivestimenti e colori.<\/p>\t\t\t\t\t\t\t\t<\/div>\n\t\t\t\t<\/div>\n\t\t\t\t<div class=\"elementor-element elementor-element-2a11a90 elementor-widget elementor-widget-image\" data-id=\"2a11a90\" data-element_type=\"widget\" data-e-type=\"widget\" data-widget_type=\"image.default\">\n\t\t\t\t<div class=\"elementor-widget-container\">\n\t\t\t\t\t\t\t\t\t\t\t\t<figure class=\"wp-caption\">\n\t\t\t\t\t\t\t\t\t\t<img fetchpriority=\"high\" decoding=\"async\" width=\"800\" height=\"533\" src=\"https:\/\/www.atmosferamag.it\/wp-content\/uploads\/2023\/02\/01-BuzziSpace_BuzziDome-1024x682.jpeg\" class=\"attachment-large size-large wp-image-26802\" alt=\"\" srcset=\"https:\/\/www.atmosferamag.it\/wp-content\/uploads\/2023\/02\/01-BuzziSpace_BuzziDome-1024x682.jpeg 1024w, https:\/\/www.atmosferamag.it\/wp-content\/uploads\/2023\/02\/01-BuzziSpace_BuzziDome-300x200.jpeg 300w, https:\/\/www.atmosferamag.it\/wp-content\/uploads\/2023\/02\/01-BuzziSpace_BuzziDome-768x512.jpeg 768w, https:\/\/www.atmosferamag.it\/wp-content\/uploads\/2023\/02\/01-BuzziSpace_BuzziDome-1536x1024.jpeg 1536w, https:\/\/www.atmosferamag.it\/wp-content\/uploads\/2023\/02\/01-BuzziSpace_BuzziDome.jpeg 2000w\" sizes=\"(max-width: 800px) 100vw, 800px\" \/>\t\t\t\t\t\t\t\t\t\t\t<figcaption class=\"widget-image-caption wp-caption-text\">1. BuzziDome by BuzziSpace<\/figcaption>\n\t\t\t\t\t\t\t\t\t\t<\/figure>\n\t\t\t\t\t\t\t\t\t<\/div>\n\t\t\t\t<\/div>\n\t\t\t\t<div class=\"elementor-element elementor-element-b887d3f elementor-widget elementor-widget-heading\" data-id=\"b887d3f\" data-element_type=\"widget\" data-e-type=\"widget\" data-widget_type=\"heading.default\">\n\t\t\t\t<div class=\"elementor-widget-container\">\n\t\t\t\t\t<h2 class=\"elementor-heading-title elementor-size-default\">2. Trypta - Luceplan<\/h2>\t\t\t\t<\/div>\n\t\t\t\t<\/div>\n\t\t\t\t<section class=\"elementor-section elementor-inner-section elementor-element elementor-element-ee384ca elementor-section-boxed elementor-section-height-default elementor-section-height-default\" data-id=\"ee384ca\" data-element_type=\"section\" data-e-type=\"section\">\n\t\t\t\t\t\t<div class=\"elementor-container elementor-column-gap-no\">\n\t\t\t\t\t<div class=\"elementor-column elementor-col-50 elementor-inner-column elementor-element elementor-element-e9ba5f0\" data-id=\"e9ba5f0\" data-element_type=\"column\" data-e-type=\"column\">\n\t\t\t<div class=\"elementor-widget-wrap elementor-element-populated\">\n\t\t\t\t\t\t<div class=\"elementor-element elementor-element-554558f elementor-widget elementor-widget-image\" data-id=\"554558f\" data-element_type=\"widget\" data-e-type=\"widget\" data-widget_type=\"image.default\">\n\t\t\t\t<div class=\"elementor-widget-container\">\n\t\t\t\t\t\t\t\t\t\t\t\t<figure class=\"wp-caption\">\n\t\t\t\t\t\t\t\t\t\t<img decoding=\"async\" width=\"768\" height=\"1024\" src=\"https:\/\/www.atmosferamag.it\/wp-content\/uploads\/2023\/02\/02-Luceplan_Trypta-1-768x1024.jpg\" class=\"attachment-large size-large wp-image-26804\" alt=\"\" srcset=\"https:\/\/www.atmosferamag.it\/wp-content\/uploads\/2023\/02\/02-Luceplan_Trypta-1-768x1024.jpg 768w, https:\/\/www.atmosferamag.it\/wp-content\/uploads\/2023\/02\/02-Luceplan_Trypta-1-225x300.jpg 225w, https:\/\/www.atmosferamag.it\/wp-content\/uploads\/2023\/02\/02-Luceplan_Trypta-1-1152x1536.jpg 1152w, https:\/\/www.atmosferamag.it\/wp-content\/uploads\/2023\/02\/02-Luceplan_Trypta-1-1536x2048.jpg 1536w, https:\/\/www.atmosferamag.it\/wp-content\/uploads\/2023\/02\/02-Luceplan_Trypta-1-scaled.jpg 1920w\" sizes=\"(max-width: 768px) 100vw, 768px\" \/>\t\t\t\t\t\t\t\t\t\t\t<figcaption class=\"widget-image-caption wp-caption-text\">2. Trypta by Luceplan<\/figcaption>\n\t\t\t\t\t\t\t\t\t\t<\/figure>\n\t\t\t\t\t\t\t\t\t<\/div>\n\t\t\t\t<\/div>\n\t\t\t\t\t<\/div>\n\t\t<\/div>\n\t\t\t\t<div class=\"elementor-column elementor-col-50 elementor-inner-column elementor-element elementor-element-406de4b\" data-id=\"406de4b\" data-element_type=\"column\" data-e-type=\"column\">\n\t\t\t<div class=\"elementor-widget-wrap elementor-element-populated\">\n\t\t\t\t\t\t<div class=\"elementor-element elementor-element-86b8426 elementor-widget elementor-widget-text-editor\" data-id=\"86b8426\" data-element_type=\"widget\" data-e-type=\"widget\" data-widget_type=\"text-editor.default\">\n\t\t\t\t<div class=\"elementor-widget-container\">\n\t\t\t\t\t\t\t\t\t<p>\u00abCon la sua simmetria a 120\u00b0, Trypta \u00e8 un elemento efficace nella progettazione degli spazi architettonici. La colonna centrale funge da asse illuminante attorno al quale tre piani rivestiti in tessuto creano un ambiente accogliente, definendo lo spazio sia graficamente che acusticamente\u00bb dichiara il designer Stephen Burks, autore di Trypta per Luceplan. Il lampadario si adatta perfettamente a ogni ambiente grazie a due sorgenti luminose con accensioni separate collocate alle estremit\u00e0 del corpo centrale, in grado di fornire una diffusione della luce sia diretta che indiretta. \u00c8 possibile creare molteplici combinazioni accostando pannelli di tessuti e colori diversi, che ne variano la dimensione e la disposizione; a catalogo ci sono pannelli in tre tonalit\u00e0 e sei misure.<\/p>\t\t\t\t\t\t\t\t<\/div>\n\t\t\t\t<\/div>\n\t\t\t\t\t<\/div>\n\t\t<\/div>\n\t\t\t\t\t<\/div>\n\t\t<\/section>\n\t\t\t\t<div class=\"elementor-element elementor-element-92a15c8 elementor-widget elementor-widget-heading\" data-id=\"92a15c8\" data-element_type=\"widget\" data-e-type=\"widget\" data-widget_type=\"heading.default\">\n\t\t\t\t<div class=\"elementor-widget-container\">\n\t\t\t\t\t<h2 class=\"elementor-heading-title elementor-size-default\">3. Under the Bell - Muuto<\/h2>\t\t\t\t<\/div>\n\t\t\t\t<\/div>\n\t\t\t\t<section class=\"elementor-section elementor-inner-section elementor-element elementor-element-3bd8893 elementor-section-boxed elementor-section-height-default elementor-section-height-default\" data-id=\"3bd8893\" data-element_type=\"section\" data-e-type=\"section\">\n\t\t\t\t\t\t<div class=\"elementor-container elementor-column-gap-no\">\n\t\t\t\t\t<div class=\"elementor-column elementor-col-50 elementor-inner-column elementor-element elementor-element-82bdec0\" data-id=\"82bdec0\" data-element_type=\"column\" data-e-type=\"column\">\n\t\t\t<div class=\"elementor-widget-wrap elementor-element-populated\">\n\t\t\t\t\t\t<div class=\"elementor-element elementor-element-662fe30 elementor-widget elementor-widget-image\" data-id=\"662fe30\" data-element_type=\"widget\" data-e-type=\"widget\" data-widget_type=\"image.default\">\n\t\t\t\t<div class=\"elementor-widget-container\">\n\t\t\t\t\t\t\t\t\t\t\t\t<figure class=\"wp-caption\">\n\t\t\t\t\t\t\t\t\t\t<img decoding=\"async\" width=\"767\" height=\"1024\" src=\"https:\/\/www.atmosferamag.it\/wp-content\/uploads\/2023\/02\/03-Muuto_Under-the-bell-767x1024.webp\" class=\"attachment-large size-large wp-image-26806\" alt=\"\" srcset=\"https:\/\/www.atmosferamag.it\/wp-content\/uploads\/2023\/02\/03-Muuto_Under-the-bell-767x1024.webp 767w, https:\/\/www.atmosferamag.it\/wp-content\/uploads\/2023\/02\/03-Muuto_Under-the-bell-225x300.webp 225w, https:\/\/www.atmosferamag.it\/wp-content\/uploads\/2023\/02\/03-Muuto_Under-the-bell-768x1025.webp 768w, https:\/\/www.atmosferamag.it\/wp-content\/uploads\/2023\/02\/03-Muuto_Under-the-bell-1151x1536.webp 1151w, https:\/\/www.atmosferamag.it\/wp-content\/uploads\/2023\/02\/03-Muuto_Under-the-bell.webp 1500w\" sizes=\"(max-width: 767px) 100vw, 767px\" \/>\t\t\t\t\t\t\t\t\t\t\t<figcaption class=\"widget-image-caption wp-caption-text\">3. Under the Bell by Muuto<\/figcaption>\n\t\t\t\t\t\t\t\t\t\t<\/figure>\n\t\t\t\t\t\t\t\t\t<\/div>\n\t\t\t\t<\/div>\n\t\t\t\t\t<\/div>\n\t\t<\/div>\n\t\t\t\t<div class=\"elementor-column elementor-col-50 elementor-inner-column elementor-element elementor-element-2f6783c\" data-id=\"2f6783c\" data-element_type=\"column\" data-e-type=\"column\">\n\t\t\t<div class=\"elementor-widget-wrap elementor-element-populated\">\n\t\t\t\t\t\t<div class=\"elementor-element elementor-element-afcea37 elementor-widget elementor-widget-text-editor\" data-id=\"afcea37\" data-element_type=\"widget\" data-e-type=\"widget\" data-widget_type=\"text-editor.default\">\n\t\t\t\t<div class=\"elementor-widget-container\">\n\t\t\t\t\t\t\t\t\t<p>Under the Bell \u00e8 l&#8217;ironico nome della maxi sospensione acustica prodotta da Muuto, perfetta in ambienti dalle dimensioni generose. Realizzata con un materiale fonoassorbente sostenibile che utilizza fino al 41% di fibre provenienti da bottiglie di plastica riciclate viene proposta, con discreta eleganza scandinava, nei tre colori neutri bianco, nero e grigio.<\/p>\t\t\t\t\t\t\t\t<\/div>\n\t\t\t\t<\/div>\n\t\t\t\t\t<\/div>\n\t\t<\/div>\n\t\t\t\t\t<\/div>\n\t\t<\/section>\n\t\t\t\t<div class=\"elementor-element elementor-element-6c62ce1 elementor-widget elementor-widget-heading\" data-id=\"6c62ce1\" data-element_type=\"widget\" data-e-type=\"widget\" data-widget_type=\"heading.default\">\n\t\t\t\t<div class=\"elementor-widget-container\">\n\t\t\t\t\t<h2 class=\"elementor-heading-title elementor-size-default\">4. Silent Field 2.0 - Artemide<\/h2>\t\t\t\t<\/div>\n\t\t\t\t<\/div>\n\t\t\t\t<div class=\"elementor-element elementor-element-e158bb2 elementor-widget elementor-widget-text-editor\" data-id=\"e158bb2\" data-element_type=\"widget\" data-e-type=\"widget\" data-widget_type=\"text-editor.default\">\n\t\t\t\t<div class=\"elementor-widget-container\">\n\t\t\t\t\t\t\t\t\t<p>Grazie alle caratteristiche del materiale e alla geometria del corpo lampada, Silent Field 2.0 di Artemide diminuisce il tempo di riverbero dei suoni. L\u2019effetto e\u0300 ottimale rispetto alle frequenze del parlato umano. L&#8217;emissione di luce \u00e8 diretta e indiretta e pu\u00f2 essere comandata tramite app.<span style=\"color: var( --e-global-color-text );\">&nbsp;<\/span><\/p>\t\t\t\t\t\t\t\t<\/div>\n\t\t\t\t<\/div>\n\t\t\t\t<div class=\"elementor-element elementor-element-369d1aa elementor-widget elementor-widget-image\" data-id=\"369d1aa\" data-element_type=\"widget\" data-e-type=\"widget\" data-widget_type=\"image.default\">\n\t\t\t\t<div class=\"elementor-widget-container\">\n\t\t\t\t\t\t\t\t\t\t\t\t<figure class=\"wp-caption\">\n\t\t\t\t\t\t\t\t\t\t<img loading=\"lazy\" decoding=\"async\" width=\"800\" height=\"534\" src=\"https:\/\/www.atmosferamag.it\/wp-content\/uploads\/2023\/02\/04-Artemide_Silent-2-1024x683.jpg\" class=\"attachment-large size-large wp-image-26808\" alt=\"\" srcset=\"https:\/\/www.atmosferamag.it\/wp-content\/uploads\/2023\/02\/04-Artemide_Silent-2-1024x683.jpg 1024w, https:\/\/www.atmosferamag.it\/wp-content\/uploads\/2023\/02\/04-Artemide_Silent-2-300x200.jpg 300w, https:\/\/www.atmosferamag.it\/wp-content\/uploads\/2023\/02\/04-Artemide_Silent-2-768x512.jpg 768w, https:\/\/www.atmosferamag.it\/wp-content\/uploads\/2023\/02\/04-Artemide_Silent-2-1536x1024.jpg 1536w, https:\/\/www.atmosferamag.it\/wp-content\/uploads\/2023\/02\/04-Artemide_Silent-2-2048x1365.jpg 2048w\" sizes=\"(max-width: 800px) 100vw, 800px\" \/>\t\t\t\t\t\t\t\t\t\t\t<figcaption class=\"widget-image-caption wp-caption-text\">4. Silent Field 2.0 by Artemide\u200b<\/figcaption>\n\t\t\t\t\t\t\t\t\t\t<\/figure>\n\t\t\t\t\t\t\t\t\t<\/div>\n\t\t\t\t<\/div>\n\t\t\t\t<div class=\"elementor-element elementor-element-ac83422 elementor-widget elementor-widget-heading\" data-id=\"ac83422\" data-element_type=\"widget\" data-e-type=\"widget\" data-widget_type=\"heading.default\">\n\t\t\t\t<div class=\"elementor-widget-container\">\n\t\t\t\t\t<h2 class=\"elementor-heading-title elementor-size-default\">5. Acustica - Fabbian<\/h2>\t\t\t\t<\/div>\n\t\t\t\t<\/div>\n\t\t\t\t<div class=\"elementor-element elementor-element-f600db9 elementor-widget elementor-widget-text-editor\" data-id=\"f600db9\" data-element_type=\"widget\" data-e-type=\"widget\" data-widget_type=\"text-editor.default\">\n\t\t\t\t<div class=\"elementor-widget-container\">\n\t\t\t\t\t\t\t\t\t<p>Ispirato a un piatto della batteria, il grande e sottile paralume di Acustica ne ribalta il concetto, assorbendo le onde sonore anzich\u00e9 emetterle. Prodotta da Fabbian pu\u00f2 essere installata in posizione leggermente inclinata per dare vita a &#8220;costellazioni&#8221; sospese. Declinata in diametro da 90 cm o 120 cm, la calotta \u00e8 realizzata in PET riciclato con struttura in alluminio alluminio anodizzato nero e diffusore in PMMA opalino che nasconde alla vista la sorgente LED dimmerabile.<span style=\"color: var( --e-global-color-text );\">\u00a0<\/span><\/p>\t\t\t\t\t\t\t\t<\/div>\n\t\t\t\t<\/div>\n\t\t\t\t<div class=\"elementor-element elementor-element-48bfaf9 elementor-widget elementor-widget-image\" data-id=\"48bfaf9\" data-element_type=\"widget\" data-e-type=\"widget\" data-widget_type=\"image.default\">\n\t\t\t\t<div class=\"elementor-widget-container\">\n\t\t\t\t\t\t\t\t\t\t\t\t<figure class=\"wp-caption\">\n\t\t\t\t\t\t\t\t\t\t<img loading=\"lazy\" decoding=\"async\" width=\"800\" height=\"400\" src=\"https:\/\/www.atmosferamag.it\/wp-content\/uploads\/2023\/02\/05-Fabbian_Acustica-1024x512.jpg\" class=\"attachment-large size-large wp-image-26810\" alt=\"\" srcset=\"https:\/\/www.atmosferamag.it\/wp-content\/uploads\/2023\/02\/05-Fabbian_Acustica-1024x512.jpg 1024w, https:\/\/www.atmosferamag.it\/wp-content\/uploads\/2023\/02\/05-Fabbian_Acustica-300x150.jpg 300w, https:\/\/www.atmosferamag.it\/wp-content\/uploads\/2023\/02\/05-Fabbian_Acustica-768x384.jpg 768w, https:\/\/www.atmosferamag.it\/wp-content\/uploads\/2023\/02\/05-Fabbian_Acustica-1536x768.jpg 1536w, https:\/\/www.atmosferamag.it\/wp-content\/uploads\/2023\/02\/05-Fabbian_Acustica.jpg 2000w\" sizes=\"(max-width: 800px) 100vw, 800px\" \/>\t\t\t\t\t\t\t\t\t\t\t<figcaption class=\"widget-image-caption wp-caption-text\">5. Acustica by Fabbian<\/figcaption>\n\t\t\t\t\t\t\t\t\t\t<\/figure>\n\t\t\t\t\t\t\t\t\t<\/div>\n\t\t\t\t<\/div>\n\t\t\t\t<div class=\"elementor-element elementor-element-f1d04fd elementor-widget elementor-widget-heading\" data-id=\"f1d04fd\" data-element_type=\"widget\" data-e-type=\"widget\" data-widget_type=\"heading.default\">\n\t\t\t\t<div class=\"elementor-widget-container\">\n\t\t\t\t\t<h2 class=\"elementor-heading-title elementor-size-default\">6. Butterfly - Modo Luce<\/h2>\t\t\t\t<\/div>\n\t\t\t\t<\/div>\n\t\t\t\t<div class=\"elementor-element elementor-element-a8087d8 elementor-widget elementor-widget-text-editor\" data-id=\"a8087d8\" data-element_type=\"widget\" data-e-type=\"widget\" data-widget_type=\"text-editor.default\">\n\t\t\t\t<div class=\"elementor-widget-container\">\n\t\t\t\t\t\t\t\t\t<p>Metallo e tessuto definiscono la leggera applique acustica Butterfly di Modo Luce. Disegnata dal duo Romano + Menegon, \u00e8 disponibile in due versioni (54 e 75 cm di diametro) ed \u00e8 perfetta per &#8220;muovere&#8221; la parete come un&#8217;opera d&#8217;arte.<\/p>\t\t\t\t\t\t\t\t<\/div>\n\t\t\t\t<\/div>\n\t\t\t\t<div class=\"elementor-element elementor-element-6380bad elementor-widget elementor-widget-image\" data-id=\"6380bad\" data-element_type=\"widget\" data-e-type=\"widget\" data-widget_type=\"image.default\">\n\t\t\t\t<div class=\"elementor-widget-container\">\n\t\t\t\t\t\t\t\t\t\t\t\t<figure class=\"wp-caption\">\n\t\t\t\t\t\t\t\t\t\t<img loading=\"lazy\" decoding=\"async\" width=\"800\" height=\"538\" src=\"https:\/\/www.atmosferamag.it\/wp-content\/uploads\/2023\/02\/06-Modoluce_Butterfly-1024x688.jpg\" class=\"attachment-large size-large wp-image-26812\" alt=\"\" srcset=\"https:\/\/www.atmosferamag.it\/wp-content\/uploads\/2023\/02\/06-Modoluce_Butterfly-1024x688.jpg 1024w, https:\/\/www.atmosferamag.it\/wp-content\/uploads\/2023\/02\/06-Modoluce_Butterfly-300x202.jpg 300w, https:\/\/www.atmosferamag.it\/wp-content\/uploads\/2023\/02\/06-Modoluce_Butterfly-768x516.jpg 768w, https:\/\/www.atmosferamag.it\/wp-content\/uploads\/2023\/02\/06-Modoluce_Butterfly-1536x1033.jpg 1536w, https:\/\/www.atmosferamag.it\/wp-content\/uploads\/2023\/02\/06-Modoluce_Butterfly-2048x1377.jpg 2048w\" sizes=\"(max-width: 800px) 100vw, 800px\" \/>\t\t\t\t\t\t\t\t\t\t\t<figcaption class=\"widget-image-caption wp-caption-text\">6. Butterfly by Modo Luce<\/figcaption>\n\t\t\t\t\t\t\t\t\t\t<\/figure>\n\t\t\t\t\t\t\t\t\t<\/div>\n\t\t\t\t<\/div>\n\t\t\t\t<div class=\"elementor-element elementor-element-34bc56c elementor-widget elementor-widget-heading\" data-id=\"34bc56c\" data-element_type=\"widget\" data-e-type=\"widget\" data-widget_type=\"heading.default\">\n\t\t\t\t<div class=\"elementor-widget-container\">\n\t\t\t\t\t<h2 class=\"elementor-heading-title elementor-size-default\">7. Derby - Stilnovo<\/h2>\t\t\t\t<\/div>\n\t\t\t\t<\/div>\n\t\t\t\t<section class=\"elementor-section elementor-inner-section elementor-element elementor-element-2e27c0d elementor-section-boxed elementor-section-height-default elementor-section-height-default\" data-id=\"2e27c0d\" data-element_type=\"section\" data-e-type=\"section\">\n\t\t\t\t\t\t<div class=\"elementor-container elementor-column-gap-no\">\n\t\t\t\t\t<div class=\"elementor-column elementor-col-50 elementor-inner-column elementor-element elementor-element-f71e38d\" data-id=\"f71e38d\" data-element_type=\"column\" data-e-type=\"column\">\n\t\t\t<div class=\"elementor-widget-wrap elementor-element-populated\">\n\t\t\t\t\t\t<div class=\"elementor-element elementor-element-b3468ed elementor-widget elementor-widget-image\" data-id=\"b3468ed\" data-element_type=\"widget\" data-e-type=\"widget\" data-widget_type=\"image.default\">\n\t\t\t\t<div class=\"elementor-widget-container\">\n\t\t\t\t\t\t\t\t\t\t\t\t<figure class=\"wp-caption\">\n\t\t\t\t\t\t\t\t\t\t<img loading=\"lazy\" decoding=\"async\" width=\"785\" height=\"1024\" src=\"https:\/\/www.atmosferamag.it\/wp-content\/uploads\/2023\/02\/07-Stilnovo_Derby-785x1024.jpg\" class=\"attachment-large size-large wp-image-26814\" alt=\"\" srcset=\"https:\/\/www.atmosferamag.it\/wp-content\/uploads\/2023\/02\/07-Stilnovo_Derby-785x1024.jpg 785w, https:\/\/www.atmosferamag.it\/wp-content\/uploads\/2023\/02\/07-Stilnovo_Derby-230x300.jpg 230w, https:\/\/www.atmosferamag.it\/wp-content\/uploads\/2023\/02\/07-Stilnovo_Derby-768x1001.jpg 768w, https:\/\/www.atmosferamag.it\/wp-content\/uploads\/2023\/02\/07-Stilnovo_Derby-1178x1536.jpg 1178w, https:\/\/www.atmosferamag.it\/wp-content\/uploads\/2023\/02\/07-Stilnovo_Derby.jpg 1280w\" sizes=\"(max-width: 785px) 100vw, 785px\" \/>\t\t\t\t\t\t\t\t\t\t\t<figcaption class=\"widget-image-caption wp-caption-text\">4. Fold by Maison Matisse<\/figcaption>\n\t\t\t\t\t\t\t\t\t\t<\/figure>\n\t\t\t\t\t\t\t\t\t<\/div>\n\t\t\t\t<\/div>\n\t\t\t\t\t<\/div>\n\t\t<\/div>\n\t\t\t\t<div class=\"elementor-column elementor-col-50 elementor-inner-column elementor-element elementor-element-c9ee931\" data-id=\"c9ee931\" data-element_type=\"column\" data-e-type=\"column\">\n\t\t\t<div class=\"elementor-widget-wrap elementor-element-populated\">\n\t\t\t\t\t\t<div class=\"elementor-element elementor-element-90b545d elementor-widget elementor-widget-text-editor\" data-id=\"90b545d\" data-element_type=\"widget\" data-e-type=\"widget\" data-widget_type=\"text-editor.default\">\n\t\t\t\t<div class=\"elementor-widget-container\">\n\t\t\t\t\t\t\t\t\t<p>Derby di Stilnovo ha un&#8217;originale forma parabolica con doppia sorgente topLED dimmerabile che consente sia un&#8217;emissione indiretta diffused, sia un&#8217;emissione diretta a scelta nelle varianti diffused oppure con ottica darklight. Il corpo lampada \u00e8 in 100% fibra di poliestere in fiocco fonoassorbente rivestita in tessuto, proposto nelle colorazioni grigio, marrone e bicolor arancio\/bianco.<\/p>\t\t\t\t\t\t\t\t<\/div>\n\t\t\t\t<\/div>\n\t\t\t\t\t<\/div>\n\t\t<\/div>\n\t\t\t\t\t<\/div>\n\t\t<\/section>\n\t\t\t\t<div class=\"elementor-element elementor-element-41a3401 elementor-widget elementor-widget-heading\" data-id=\"41a3401\" data-element_type=\"widget\" data-e-type=\"widget\" data-widget_type=\"heading.default\">\n\t\t\t\t<div class=\"elementor-widget-container\">\n\t\t\t\t\t<h2 class=\"elementor-heading-title elementor-size-default\">8. Lent - Martinelli Luce <\/h2>\t\t\t\t<\/div>\n\t\t\t\t<\/div>\n\t\t\t\t<section class=\"elementor-section elementor-inner-section elementor-element elementor-element-5d16cb4 elementor-section-boxed elementor-section-height-default elementor-section-height-default\" data-id=\"5d16cb4\" data-element_type=\"section\" data-e-type=\"section\">\n\t\t\t\t\t\t<div class=\"elementor-container elementor-column-gap-no\">\n\t\t\t\t\t<div class=\"elementor-column elementor-col-50 elementor-inner-column elementor-element elementor-element-734b8a2\" data-id=\"734b8a2\" data-element_type=\"column\" data-e-type=\"column\">\n\t\t\t<div class=\"elementor-widget-wrap elementor-element-populated\">\n\t\t\t\t\t\t<div class=\"elementor-element elementor-element-f5696bb elementor-widget elementor-widget-image\" data-id=\"f5696bb\" data-element_type=\"widget\" data-e-type=\"widget\" data-widget_type=\"image.default\">\n\t\t\t\t<div class=\"elementor-widget-container\">\n\t\t\t\t\t\t\t\t\t\t\t\t<figure class=\"wp-caption\">\n\t\t\t\t\t\t\t\t\t\t<img loading=\"lazy\" decoding=\"async\" width=\"800\" height=\"701\" src=\"https:\/\/www.atmosferamag.it\/wp-content\/uploads\/2023\/02\/08-Martinelli-Luce_Lent-1024x897.jpg\" class=\"attachment-large size-large wp-image-26816\" alt=\"\" srcset=\"https:\/\/www.atmosferamag.it\/wp-content\/uploads\/2023\/02\/08-Martinelli-Luce_Lent-1024x897.jpg 1024w, https:\/\/www.atmosferamag.it\/wp-content\/uploads\/2023\/02\/08-Martinelli-Luce_Lent-300x263.jpg 300w, https:\/\/www.atmosferamag.it\/wp-content\/uploads\/2023\/02\/08-Martinelli-Luce_Lent-768x673.jpg 768w, https:\/\/www.atmosferamag.it\/wp-content\/uploads\/2023\/02\/08-Martinelli-Luce_Lent-1536x1346.jpg 1536w, https:\/\/www.atmosferamag.it\/wp-content\/uploads\/2023\/02\/08-Martinelli-Luce_Lent-2048x1795.jpg 2048w\" sizes=\"(max-width: 800px) 100vw, 800px\" \/>\t\t\t\t\t\t\t\t\t\t\t<figcaption class=\"widget-image-caption wp-caption-text\">8. Lent by Martinelli Luce<\/figcaption>\n\t\t\t\t\t\t\t\t\t\t<\/figure>\n\t\t\t\t\t\t\t\t\t<\/div>\n\t\t\t\t<\/div>\n\t\t\t\t\t<\/div>\n\t\t<\/div>\n\t\t\t\t<div class=\"elementor-column elementor-col-50 elementor-inner-column elementor-element elementor-element-57cd79a\" data-id=\"57cd79a\" data-element_type=\"column\" data-e-type=\"column\">\n\t\t\t<div class=\"elementor-widget-wrap elementor-element-populated\">\n\t\t\t\t\t\t<div class=\"elementor-element elementor-element-a379de0 elementor-widget elementor-widget-text-editor\" data-id=\"a379de0\" data-element_type=\"widget\" data-e-type=\"widget\" data-widget_type=\"text-editor.default\">\n\t\t\t\t<div class=\"elementor-widget-container\">\n\t\t\t\t\t\t\t\t\t<p>\u00abLent di Martinelli Luce \u00e8 una creatrice di spazi di coinvolgimento. Abbiamo pensato a una lampada di grandi dimensioni, un oggetto che delimita uno spazio all\u2019interno di un altro spazio. Abbiamo pensato di usare il grande volume come pannello fonoassorbente aggiungendo una nuova funzione\u00bb dichiara il duo Yonoh Studio Creative. Il disco, dal diametro maggiore di un metro, \u00e8 morbido al tatto ed \u00e8 perfetto in luoghi pubblici come nel soggiorno di casa.<\/p>\t\t\t\t\t\t\t\t<\/div>\n\t\t\t\t<\/div>\n\t\t\t\t\t<\/div>\n\t\t<\/div>\n\t\t\t\t\t<\/div>\n\t\t<\/section>\n\t\t\t\t<div class=\"elementor-element elementor-element-114b89c elementor-widget elementor-widget-heading\" data-id=\"114b89c\" data-element_type=\"widget\" data-e-type=\"widget\" data-widget_type=\"heading.default\">\n\t\t\t\t<div class=\"elementor-widget-container\">\n\t\t\t\t\t<h2 class=\"elementor-heading-title elementor-size-default\">9. U-Light Acoustic - Axolight<\/h2>\t\t\t\t<\/div>\n\t\t\t\t<\/div>\n\t\t\t\t<div class=\"elementor-element elementor-element-fd77ced elementor-widget elementor-widget-text-editor\" data-id=\"fd77ced\" data-element_type=\"widget\" data-e-type=\"widget\" data-widget_type=\"text-editor.default\">\n\t\t\t\t<div class=\"elementor-widget-container\">\n\t\t\t\t\t\t\t\t\t<p>U-Light Acoustic di Axolight ha un aspetto minimalista creato dalla combinazione di forme geometriche. Sulla struttura ad anello \u00e8 innestato il pannello fonoassorbente che permette di ridurre i rumori fino al 49% e migliorare il comfort acustico della stanza.<\/p>\t\t\t\t\t\t\t\t<\/div>\n\t\t\t\t<\/div>\n\t\t\t\t<div class=\"elementor-element elementor-element-2492452 elementor-widget elementor-widget-image\" data-id=\"2492452\" data-element_type=\"widget\" data-e-type=\"widget\" data-widget_type=\"image.default\">\n\t\t\t\t<div class=\"elementor-widget-container\">\n\t\t\t\t\t\t\t\t\t\t\t\t<figure class=\"wp-caption\">\n\t\t\t\t\t\t\t\t\t\t<img loading=\"lazy\" decoding=\"async\" width=\"800\" height=\"627\" src=\"https:\/\/www.atmosferamag.it\/wp-content\/uploads\/2023\/02\/09-Axolight_U-LIGHT_suspension_090_rust_sound_absorbing-copia-1024x803.jpg\" class=\"attachment-large size-large wp-image-26821\" alt=\"\" srcset=\"https:\/\/www.atmosferamag.it\/wp-content\/uploads\/2023\/02\/09-Axolight_U-LIGHT_suspension_090_rust_sound_absorbing-copia-1024x803.jpg 1024w, https:\/\/www.atmosferamag.it\/wp-content\/uploads\/2023\/02\/09-Axolight_U-LIGHT_suspension_090_rust_sound_absorbing-copia-300x235.jpg 300w, https:\/\/www.atmosferamag.it\/wp-content\/uploads\/2023\/02\/09-Axolight_U-LIGHT_suspension_090_rust_sound_absorbing-copia-768x602.jpg 768w, https:\/\/www.atmosferamag.it\/wp-content\/uploads\/2023\/02\/09-Axolight_U-LIGHT_suspension_090_rust_sound_absorbing-copia-1536x1205.jpg 1536w, https:\/\/www.atmosferamag.it\/wp-content\/uploads\/2023\/02\/09-Axolight_U-LIGHT_suspension_090_rust_sound_absorbing-copia-2048x1606.jpg 2048w\" sizes=\"(max-width: 800px) 100vw, 800px\" \/>\t\t\t\t\t\t\t\t\t\t\t<figcaption class=\"widget-image-caption wp-caption-text\">9. U-Light Acoustic by Axolight\u200b<\/figcaption>\n\t\t\t\t\t\t\t\t\t\t<\/figure>\n\t\t\t\t\t\t\t\t\t<\/div>\n\t\t\t\t<\/div>\n\t\t\t\t<div class=\"elementor-element elementor-element-410482c elementor-widget elementor-widget-heading\" data-id=\"410482c\" data-element_type=\"widget\" data-e-type=\"widget\" data-widget_type=\"heading.default\">\n\t\t\t\t<div class=\"elementor-widget-container\">\n\t\t\t\t\t<h2 class=\"elementor-heading-title elementor-size-default\">10. Eclipse Nuance Silence - Olev<\/h2>\t\t\t\t<\/div>\n\t\t\t\t<\/div>\n\t\t\t\t<section class=\"elementor-section elementor-inner-section elementor-element elementor-element-a26e7fc elementor-section-boxed elementor-section-height-default elementor-section-height-default\" data-id=\"a26e7fc\" data-element_type=\"section\" data-e-type=\"section\">\n\t\t\t\t\t\t<div class=\"elementor-container elementor-column-gap-no\">\n\t\t\t\t\t<div class=\"elementor-column elementor-col-50 elementor-inner-column elementor-element elementor-element-80064d5\" data-id=\"80064d5\" data-element_type=\"column\" data-e-type=\"column\">\n\t\t\t<div class=\"elementor-widget-wrap elementor-element-populated\">\n\t\t\t\t\t\t<div class=\"elementor-element elementor-element-7136fca elementor-widget elementor-widget-image\" data-id=\"7136fca\" data-element_type=\"widget\" data-e-type=\"widget\" data-widget_type=\"image.default\">\n\t\t\t\t<div class=\"elementor-widget-container\">\n\t\t\t\t\t\t\t\t\t\t\t\t<figure class=\"wp-caption\">\n\t\t\t\t\t\t\t\t\t\t<img loading=\"lazy\" decoding=\"async\" width=\"795\" height=\"1024\" src=\"https:\/\/www.atmosferamag.it\/wp-content\/uploads\/2023\/02\/10-Olev_Eclipse-1-795x1024.webp\" class=\"attachment-large size-large wp-image-26825\" alt=\"\" srcset=\"https:\/\/www.atmosferamag.it\/wp-content\/uploads\/2023\/02\/10-Olev_Eclipse-1-795x1024.webp 795w, https:\/\/www.atmosferamag.it\/wp-content\/uploads\/2023\/02\/10-Olev_Eclipse-1-233x300.webp 233w, https:\/\/www.atmosferamag.it\/wp-content\/uploads\/2023\/02\/10-Olev_Eclipse-1-768x989.webp 768w, https:\/\/www.atmosferamag.it\/wp-content\/uploads\/2023\/02\/10-Olev_Eclipse-1-1193x1536.webp 1193w, https:\/\/www.atmosferamag.it\/wp-content\/uploads\/2023\/02\/10-Olev_Eclipse-1-1590x2048.webp 1590w, https:\/\/www.atmosferamag.it\/wp-content\/uploads\/2023\/02\/10-Olev_Eclipse-1.webp 1988w\" sizes=\"(max-width: 795px) 100vw, 795px\" \/>\t\t\t\t\t\t\t\t\t\t\t<figcaption class=\"widget-image-caption wp-caption-text\">10. Eclipse Nuance Silence by Olev\u200b<\/figcaption>\n\t\t\t\t\t\t\t\t\t\t<\/figure>\n\t\t\t\t\t\t\t\t\t<\/div>\n\t\t\t\t<\/div>\n\t\t\t\t\t<\/div>\n\t\t<\/div>\n\t\t\t\t<div class=\"elementor-column elementor-col-50 elementor-inner-column elementor-element elementor-element-1dd745d\" data-id=\"1dd745d\" data-element_type=\"column\" data-e-type=\"column\">\n\t\t\t<div class=\"elementor-widget-wrap elementor-element-populated\">\n\t\t\t\t\t\t<div class=\"elementor-element elementor-element-6caeb60 elementor-widget elementor-widget-text-editor\" data-id=\"6caeb60\" data-element_type=\"widget\" data-e-type=\"widget\" data-widget_type=\"text-editor.default\">\n\t\t\t\t<div class=\"elementor-widget-container\">\n\t\t\t\t\t\t\t\t\t<p>Firmata da Marc Sadler, Eclipse Nuance Silence di Olev \u00e8 una sospensione decorativa e fonoassorbente che sfrutta le propriet\u00e0 di un materiale inedito nel campo dell\u2019illuminazione, il lamierino microforato a spessore ridotto.<\/p>\t\t\t\t\t\t\t\t<\/div>\n\t\t\t\t<\/div>\n\t\t\t\t\t<\/div>\n\t\t<\/div>\n\t\t\t\t\t<\/div>\n\t\t<\/section>\n\t\t\t\t<div class=\"elementor-element elementor-element-a18ca01 elementor-widget elementor-widget-heading\" data-id=\"a18ca01\" data-element_type=\"widget\" data-e-type=\"widget\" data-widget_type=\"heading.default\">\n\t\t\t\t<div class=\"elementor-widget-container\">\n\t\t\t\t\t<h2 class=\"elementor-heading-title elementor-size-default\">11. Feel - Penta Light<\/h2>\t\t\t\t<\/div>\n\t\t\t\t<\/div>\n\t\t\t\t<div class=\"elementor-element elementor-element-65478f8 elementor-widget elementor-widget-text-editor\" data-id=\"65478f8\" data-element_type=\"widget\" data-e-type=\"widget\" data-widget_type=\"text-editor.default\">\n\t\t\t\t<div class=\"elementor-widget-container\">\n\t\t\t\t\t\t\t\t\t<p>Feel di Penta Light \u00e8 un sistema modulare e componibile fatto di dischi tessili e steli luminosi che danno vita a configurazioni sempre diverse. I dischi sono declinati in tre diametri, rivestiti con tessuto nei colori: bordeaux, blu scuro, petrolio, mattone, sabbia, grigio chiaro, verde scuro.<\/p>\t\t\t\t\t\t\t\t<\/div>\n\t\t\t\t<\/div>\n\t\t\t\t<div class=\"elementor-element elementor-element-35a2995 elementor-widget elementor-widget-image\" data-id=\"35a2995\" data-element_type=\"widget\" data-e-type=\"widget\" data-widget_type=\"image.default\">\n\t\t\t\t<div class=\"elementor-widget-container\">\n\t\t\t\t\t\t\t\t\t\t\t\t<figure class=\"wp-caption\">\n\t\t\t\t\t\t\t\t\t\t<img loading=\"lazy\" decoding=\"async\" width=\"800\" height=\"463\" src=\"https:\/\/www.atmosferamag.it\/wp-content\/uploads\/2023\/02\/11-Pentalight_Feel-1024x592.jpg\" class=\"attachment-large size-large wp-image-26830\" alt=\"\" srcset=\"https:\/\/www.atmosferamag.it\/wp-content\/uploads\/2023\/02\/11-Pentalight_Feel-1024x592.jpg 1024w, https:\/\/www.atmosferamag.it\/wp-content\/uploads\/2023\/02\/11-Pentalight_Feel-300x174.jpg 300w, https:\/\/www.atmosferamag.it\/wp-content\/uploads\/2023\/02\/11-Pentalight_Feel-768x444.jpg 768w, https:\/\/www.atmosferamag.it\/wp-content\/uploads\/2023\/02\/11-Pentalight_Feel.jpg 1400w\" sizes=\"(max-width: 800px) 100vw, 800px\" \/>\t\t\t\t\t\t\t\t\t\t\t<figcaption class=\"widget-image-caption wp-caption-text\">11. Feel by Penta Light\u200b<\/figcaption>\n\t\t\t\t\t\t\t\t\t\t<\/figure>\n\t\t\t\t\t\t\t\t\t<\/div>\n\t\t\t\t<\/div>\n\t\t\t\t\t<\/div>\n\t\t<\/div>\n\t\t\t\t\t<\/div>\n\t\t<\/section>\n\t\t\t\t<\/div>\n\t\t","protected":false},"excerpt":{"rendered":"<p>Nate per l&#8217;ufficio e gli spazi pubblici, le lampade fonoassorbenti sono utili anche in casa.<\/p>\n","protected":false},"author":8,"featured_media":26799,"comment_status":"closed","ping_status":"open","sticky":false,"template":"","format":"standard","meta":{"footnotes":""},"categories":[4,40],"tags":[],"class_list":["post-26797","post","type-post","status-publish","format-standard","has-post-thumbnail","hentry","category-style"],"yoast_head":"<!-- This site is optimized with the Yoast SEO plugin v26.0 - https:\/\/yoast.com\/wordpress\/plugins\/seo\/ -->\n<title>Alla scoperta delle lampade fonoassorbenti<\/title>\n<meta name=\"description\" content=\"Le lampade fonoassorbenti sono oggetti dalla doppia funzione: illuminano e coadiuvano il comfort acustico degli ambienti, senza dimenticare l&#039;estetica e l&#039;ambiente.\" \/>\n<meta name=\"robots\" content=\"index, follow, max-snippet:-1, max-image-preview:large, max-video-preview:-1\" \/>\n<link rel=\"canonical\" href=\"https:\/\/www.atmosferamag.it\/it\/strongalla-scoperta-delle-lampade-fonoassorbenti-strong\/\" \/>\n<meta property=\"og:locale\" content=\"it_IT\" \/>\n<meta property=\"og:type\" content=\"article\" \/>\n<meta property=\"og:title\" content=\"Alla scoperta delle lampade fonoassorbenti\" \/>\n<meta property=\"og:description\" content=\"Le lampade fonoassorbenti sono oggetti dalla doppia funzione: illuminano e coadiuvano il comfort acustico degli ambienti, senza dimenticare l&#039;estetica e l&#039;ambiente.\" \/>\n<meta property=\"og:url\" content=\"https:\/\/www.atmosferamag.it\/it\/strongalla-scoperta-delle-lampade-fonoassorbenti-strong\/\" \/>\n<meta property=\"og:site_name\" content=\"Atmosfera Mag\" \/>\n<meta property=\"article:publisher\" content=\"https:\/\/www.facebook.com\/people\/Atmosfera-Mag\/100086538670476\/\" \/>\n<meta property=\"article:published_time\" content=\"2023-02-17T15:37:59+00:00\" \/>\n<meta property=\"article:modified_time\" content=\"2023-02-27T11:40:39+00:00\" \/>\n<meta property=\"og:image\" content=\"https:\/\/www.atmosferamag.it\/wp-content\/uploads\/2023\/02\/02-Luceplan_Trypta-2-scaled.jpg\" \/>\n\t<meta property=\"og:image:width\" content=\"2560\" \/>\n\t<meta property=\"og:image:height\" content=\"1440\" \/>\n\t<meta property=\"og:image:type\" content=\"image\/jpeg\" \/>\n<meta name=\"author\" content=\"Francesca Tagliabue\" \/>\n<meta name=\"twitter:card\" content=\"summary_large_image\" \/>\n<meta name=\"twitter:label1\" content=\"Scritto da\" \/>\n\t<meta name=\"twitter:data1\" content=\"Francesca Tagliabue\" \/>\n\t<meta name=\"twitter:label2\" content=\"Tempo di lettura stimato\" \/>\n\t<meta name=\"twitter:data2\" content=\"8 minuti\" \/>\n<script type=\"application\/ld+json\" class=\"yoast-schema-graph\">{\"@context\":\"https:\/\/schema.org\",\"@graph\":[{\"@type\":\"Article\",\"@id\":\"https:\/\/www.atmosferamag.it\/it\/strongalla-scoperta-delle-lampade-fonoassorbenti-strong\/#article\",\"isPartOf\":{\"@id\":\"https:\/\/www.atmosferamag.it\/it\/strongalla-scoperta-delle-lampade-fonoassorbenti-strong\/\"},\"author\":{\"name\":\"Francesca Tagliabue\",\"@id\":\"https:\/\/www.atmosferamag.it\/it\/#\/schema\/person\/e94f8c49f46f6497fd88caef7bb88408\"},\"headline\":\"Alla scoperta delle lampade fonoassorbenti\",\"datePublished\":\"2023-02-17T15:37:59+00:00\",\"dateModified\":\"2023-02-27T11:40:39+00:00\",\"mainEntityOfPage\":{\"@id\":\"https:\/\/www.atmosferamag.it\/it\/strongalla-scoperta-delle-lampade-fonoassorbenti-strong\/\"},\"wordCount\":1082,\"publisher\":{\"@id\":\"https:\/\/www.atmosferamag.it\/it\/#organization\"},\"image\":{\"@id\":\"https:\/\/www.atmosferamag.it\/it\/strongalla-scoperta-delle-lampade-fonoassorbenti-strong\/#primaryimage\"},\"thumbnailUrl\":\"https:\/\/www.atmosferamag.it\/wp-content\/uploads\/2023\/02\/02-Luceplan_Trypta-2-scaled.jpg\",\"articleSection\":[\"Style\",\"Style\"],\"inLanguage\":\"it-IT\"},{\"@type\":\"WebPage\",\"@id\":\"https:\/\/www.atmosferamag.it\/it\/strongalla-scoperta-delle-lampade-fonoassorbenti-strong\/\",\"url\":\"https:\/\/www.atmosferamag.it\/it\/strongalla-scoperta-delle-lampade-fonoassorbenti-strong\/\",\"name\":\"Alla scoperta delle lampade fonoassorbenti\",\"isPartOf\":{\"@id\":\"https:\/\/www.atmosferamag.it\/it\/#website\"},\"primaryImageOfPage\":{\"@id\":\"https:\/\/www.atmosferamag.it\/it\/strongalla-scoperta-delle-lampade-fonoassorbenti-strong\/#primaryimage\"},\"image\":{\"@id\":\"https:\/\/www.atmosferamag.it\/it\/strongalla-scoperta-delle-lampade-fonoassorbenti-strong\/#primaryimage\"},\"thumbnailUrl\":\"https:\/\/www.atmosferamag.it\/wp-content\/uploads\/2023\/02\/02-Luceplan_Trypta-2-scaled.jpg\",\"datePublished\":\"2023-02-17T15:37:59+00:00\",\"dateModified\":\"2023-02-27T11:40:39+00:00\",\"description\":\"Le lampade fonoassorbenti sono oggetti dalla doppia funzione: illuminano e coadiuvano il comfort acustico degli ambienti, senza dimenticare l'estetica e l'ambiente.\",\"breadcrumb\":{\"@id\":\"https:\/\/www.atmosferamag.it\/it\/strongalla-scoperta-delle-lampade-fonoassorbenti-strong\/#breadcrumb\"},\"inLanguage\":\"it-IT\",\"potentialAction\":[{\"@type\":\"ReadAction\",\"target\":[\"https:\/\/www.atmosferamag.it\/it\/strongalla-scoperta-delle-lampade-fonoassorbenti-strong\/\"]}]},{\"@type\":\"ImageObject\",\"inLanguage\":\"it-IT\",\"@id\":\"https:\/\/www.atmosferamag.it\/it\/strongalla-scoperta-delle-lampade-fonoassorbenti-strong\/#primaryimage\",\"url\":\"https:\/\/www.atmosferamag.it\/wp-content\/uploads\/2023\/02\/02-Luceplan_Trypta-2-scaled.jpg\",\"contentUrl\":\"https:\/\/www.atmosferamag.it\/wp-content\/uploads\/2023\/02\/02-Luceplan_Trypta-2-scaled.jpg\",\"width\":2560,\"height\":1440},{\"@type\":\"BreadcrumbList\",\"@id\":\"https:\/\/www.atmosferamag.it\/it\/strongalla-scoperta-delle-lampade-fonoassorbenti-strong\/#breadcrumb\",\"itemListElement\":[{\"@type\":\"ListItem\",\"position\":1,\"name\":\"Home\",\"item\":\"https:\/\/www.atmosferamag.it\/it\/\"},{\"@type\":\"ListItem\",\"position\":2,\"name\":\"Alla scoperta delle lampade fonoassorbenti\"}]},{\"@type\":\"WebSite\",\"@id\":\"https:\/\/www.atmosferamag.it\/it\/#website\",\"url\":\"https:\/\/www.atmosferamag.it\/it\/\",\"name\":\"Atmosfera Mag\",\"description\":\"La luce in tutte le sue forme\",\"publisher\":{\"@id\":\"https:\/\/www.atmosferamag.it\/it\/#organization\"},\"potentialAction\":[{\"@type\":\"SearchAction\",\"target\":{\"@type\":\"EntryPoint\",\"urlTemplate\":\"https:\/\/www.atmosferamag.it\/it\/?s={search_term_string}\"},\"query-input\":{\"@type\":\"PropertyValueSpecification\",\"valueRequired\":true,\"valueName\":\"search_term_string\"}}],\"inLanguage\":\"it-IT\"},{\"@type\":\"Organization\",\"@id\":\"https:\/\/www.atmosferamag.it\/it\/#organization\",\"name\":\"Atmosfera Mag\",\"url\":\"https:\/\/www.atmosferamag.it\/it\/\",\"logo\":{\"@type\":\"ImageObject\",\"inLanguage\":\"it-IT\",\"@id\":\"https:\/\/www.atmosferamag.it\/it\/#\/schema\/logo\/image\/\",\"url\":\"https:\/\/www.atmosferamag.it\/wp-content\/uploads\/2022\/09\/titolo.png\",\"contentUrl\":\"https:\/\/www.atmosferamag.it\/wp-content\/uploads\/2022\/09\/titolo.png\",\"width\":2728,\"height\":406,\"caption\":\"Atmosfera Mag\"},\"image\":{\"@id\":\"https:\/\/www.atmosferamag.it\/it\/#\/schema\/logo\/image\/\"},\"sameAs\":[\"https:\/\/www.facebook.com\/people\/Atmosfera-Mag\/100086538670476\/\",\"https:\/\/www.instagram.com\/atmosferamag\/\",\"https:\/\/www.pinterest.it\/atmosfera_mag\/\"]},{\"@type\":\"Person\",\"@id\":\"https:\/\/www.atmosferamag.it\/it\/#\/schema\/person\/e94f8c49f46f6497fd88caef7bb88408\",\"name\":\"Francesca Tagliabue\",\"image\":{\"@type\":\"ImageObject\",\"inLanguage\":\"it-IT\",\"@id\":\"https:\/\/www.atmosferamag.it\/it\/#\/schema\/person\/image\/\",\"url\":\"https:\/\/secure.gravatar.com\/avatar\/cc6f1d40096ee5dd7102d500a12269d3815701fb844aa918834b119c4244a97f?s=96&d=mm&r=g\",\"contentUrl\":\"https:\/\/secure.gravatar.com\/avatar\/cc6f1d40096ee5dd7102d500a12269d3815701fb844aa918834b119c4244a97f?s=96&d=mm&r=g\",\"caption\":\"Francesca Tagliabue\"},\"url\":\"https:\/\/www.atmosferamag.it\/it\/author\/francesca-tagliabue\/\"}]}<\/script>\n<!-- \/ Yoast SEO plugin. -->","yoast_head_json":{"title":"Alla scoperta delle lampade fonoassorbenti","description":"Le lampade fonoassorbenti sono oggetti dalla doppia funzione: illuminano e coadiuvano il comfort acustico degli ambienti, senza dimenticare l'estetica e l'ambiente.","robots":{"index":"index","follow":"follow","max-snippet":"max-snippet:-1","max-image-preview":"max-image-preview:large","max-video-preview":"max-video-preview:-1"},"canonical":"https:\/\/www.atmosferamag.it\/it\/strongalla-scoperta-delle-lampade-fonoassorbenti-strong\/","og_locale":"it_IT","og_type":"article","og_title":"Alla scoperta delle lampade fonoassorbenti","og_description":"Le lampade fonoassorbenti sono oggetti dalla doppia funzione: illuminano e coadiuvano il comfort acustico degli ambienti, senza dimenticare l'estetica e l'ambiente.","og_url":"https:\/\/www.atmosferamag.it\/it\/strongalla-scoperta-delle-lampade-fonoassorbenti-strong\/","og_site_name":"Atmosfera Mag","article_publisher":"https:\/\/www.facebook.com\/people\/Atmosfera-Mag\/100086538670476\/","article_published_time":"2023-02-17T15:37:59+00:00","article_modified_time":"2023-02-27T11:40:39+00:00","og_image":[{"width":2560,"height":1440,"url":"https:\/\/www.atmosferamag.it\/wp-content\/uploads\/2023\/02\/02-Luceplan_Trypta-2-scaled.jpg","type":"image\/jpeg"}],"author":"Francesca Tagliabue","twitter_card":"summary_large_image","twitter_misc":{"Scritto da":"Francesca Tagliabue","Tempo di lettura stimato":"8 minuti"},"schema":{"@context":"https:\/\/schema.org","@graph":[{"@type":"Article","@id":"https:\/\/www.atmosferamag.it\/it\/strongalla-scoperta-delle-lampade-fonoassorbenti-strong\/#article","isPartOf":{"@id":"https:\/\/www.atmosferamag.it\/it\/strongalla-scoperta-delle-lampade-fonoassorbenti-strong\/"},"author":{"name":"Francesca Tagliabue","@id":"https:\/\/www.atmosferamag.it\/it\/#\/schema\/person\/e94f8c49f46f6497fd88caef7bb88408"},"headline":"Alla scoperta delle lampade fonoassorbenti","datePublished":"2023-02-17T15:37:59+00:00","dateModified":"2023-02-27T11:40:39+00:00","mainEntityOfPage":{"@id":"https:\/\/www.atmosferamag.it\/it\/strongalla-scoperta-delle-lampade-fonoassorbenti-strong\/"},"wordCount":1082,"publisher":{"@id":"https:\/\/www.atmosferamag.it\/it\/#organization"},"image":{"@id":"https:\/\/www.atmosferamag.it\/it\/strongalla-scoperta-delle-lampade-fonoassorbenti-strong\/#primaryimage"},"thumbnailUrl":"https:\/\/www.atmosferamag.it\/wp-content\/uploads\/2023\/02\/02-Luceplan_Trypta-2-scaled.jpg","articleSection":["Style","Style"],"inLanguage":"it-IT"},{"@type":"WebPage","@id":"https:\/\/www.atmosferamag.it\/it\/strongalla-scoperta-delle-lampade-fonoassorbenti-strong\/","url":"https:\/\/www.atmosferamag.it\/it\/strongalla-scoperta-delle-lampade-fonoassorbenti-strong\/","name":"Alla scoperta delle lampade fonoassorbenti","isPartOf":{"@id":"https:\/\/www.atmosferamag.it\/it\/#website"},"primaryImageOfPage":{"@id":"https:\/\/www.atmosferamag.it\/it\/strongalla-scoperta-delle-lampade-fonoassorbenti-strong\/#primaryimage"},"image":{"@id":"https:\/\/www.atmosferamag.it\/it\/strongalla-scoperta-delle-lampade-fonoassorbenti-strong\/#primaryimage"},"thumbnailUrl":"https:\/\/www.atmosferamag.it\/wp-content\/uploads\/2023\/02\/02-Luceplan_Trypta-2-scaled.jpg","datePublished":"2023-02-17T15:37:59+00:00","dateModified":"2023-02-27T11:40:39+00:00","description":"Le lampade fonoassorbenti sono oggetti dalla doppia funzione: illuminano e coadiuvano il comfort acustico degli ambienti, senza dimenticare l'estetica e l'ambiente.","breadcrumb":{"@id":"https:\/\/www.atmosferamag.it\/it\/strongalla-scoperta-delle-lampade-fonoassorbenti-strong\/#breadcrumb"},"inLanguage":"it-IT","potentialAction":[{"@type":"ReadAction","target":["https:\/\/www.atmosferamag.it\/it\/strongalla-scoperta-delle-lampade-fonoassorbenti-strong\/"]}]},{"@type":"ImageObject","inLanguage":"it-IT","@id":"https:\/\/www.atmosferamag.it\/it\/strongalla-scoperta-delle-lampade-fonoassorbenti-strong\/#primaryimage","url":"https:\/\/www.atmosferamag.it\/wp-content\/uploads\/2023\/02\/02-Luceplan_Trypta-2-scaled.jpg","contentUrl":"https:\/\/www.atmosferamag.it\/wp-content\/uploads\/2023\/02\/02-Luceplan_Trypta-2-scaled.jpg","width":2560,"height":1440},{"@type":"BreadcrumbList","@id":"https:\/\/www.atmosferamag.it\/it\/strongalla-scoperta-delle-lampade-fonoassorbenti-strong\/#breadcrumb","itemListElement":[{"@type":"ListItem","position":1,"name":"Home","item":"https:\/\/www.atmosferamag.it\/it\/"},{"@type":"ListItem","position":2,"name":"Alla scoperta delle lampade fonoassorbenti"}]},{"@type":"WebSite","@id":"https:\/\/www.atmosferamag.it\/it\/#website","url":"https:\/\/www.atmosferamag.it\/it\/","name":"Atmosfera Mag","description":"La luce in tutte le sue forme","publisher":{"@id":"https:\/\/www.atmosferamag.it\/it\/#organization"},"potentialAction":[{"@type":"SearchAction","target":{"@type":"EntryPoint","urlTemplate":"https:\/\/www.atmosferamag.it\/it\/?s={search_term_string}"},"query-input":{"@type":"PropertyValueSpecification","valueRequired":true,"valueName":"search_term_string"}}],"inLanguage":"it-IT"},{"@type":"Organization","@id":"https:\/\/www.atmosferamag.it\/it\/#organization","name":"Atmosfera Mag","url":"https:\/\/www.atmosferamag.it\/it\/","logo":{"@type":"ImageObject","inLanguage":"it-IT","@id":"https:\/\/www.atmosferamag.it\/it\/#\/schema\/logo\/image\/","url":"https:\/\/www.atmosferamag.it\/wp-content\/uploads\/2022\/09\/titolo.png","contentUrl":"https:\/\/www.atmosferamag.it\/wp-content\/uploads\/2022\/09\/titolo.png","width":2728,"height":406,"caption":"Atmosfera Mag"},"image":{"@id":"https:\/\/www.atmosferamag.it\/it\/#\/schema\/logo\/image\/"},"sameAs":["https:\/\/www.facebook.com\/people\/Atmosfera-Mag\/100086538670476\/","https:\/\/www.instagram.com\/atmosferamag\/","https:\/\/www.pinterest.it\/atmosfera_mag\/"]},{"@type":"Person","@id":"https:\/\/www.atmosferamag.it\/it\/#\/schema\/person\/e94f8c49f46f6497fd88caef7bb88408","name":"Francesca Tagliabue","image":{"@type":"ImageObject","inLanguage":"it-IT","@id":"https:\/\/www.atmosferamag.it\/it\/#\/schema\/person\/image\/","url":"https:\/\/secure.gravatar.com\/avatar\/cc6f1d40096ee5dd7102d500a12269d3815701fb844aa918834b119c4244a97f?s=96&d=mm&r=g","contentUrl":"https:\/\/secure.gravatar.com\/avatar\/cc6f1d40096ee5dd7102d500a12269d3815701fb844aa918834b119c4244a97f?s=96&d=mm&r=g","caption":"Francesca Tagliabue"},"url":"https:\/\/www.atmosferamag.it\/it\/author\/francesca-tagliabue\/"}]}},"_links":{"self":[{"href":"https:\/\/www.atmosferamag.it\/it\/wp-json\/wp\/v2\/posts\/26797","targetHints":{"allow":["GET"]}}],"collection":[{"href":"https:\/\/www.atmosferamag.it\/it\/wp-json\/wp\/v2\/posts"}],"about":[{"href":"https:\/\/www.atmosferamag.it\/it\/wp-json\/wp\/v2\/types\/post"}],"author":[{"embeddable":true,"href":"https:\/\/www.atmosferamag.it\/it\/wp-json\/wp\/v2\/users\/8"}],"replies":[{"embeddable":true,"href":"https:\/\/www.atmosferamag.it\/it\/wp-json\/wp\/v2\/comments?post=26797"}],"version-history":[{"count":24,"href":"https:\/\/www.atmosferamag.it\/it\/wp-json\/wp\/v2\/posts\/26797\/revisions"}],"predecessor-version":[{"id":26848,"href":"https:\/\/www.atmosferamag.it\/it\/wp-json\/wp\/v2\/posts\/26797\/revisions\/26848"}],"wp:featuredmedia":[{"embeddable":true,"href":"https:\/\/www.atmosferamag.it\/it\/wp-json\/wp\/v2\/media\/26799"}],"wp:attachment":[{"href":"https:\/\/www.atmosferamag.it\/it\/wp-json\/wp\/v2\/media?parent=26797"}],"wp:term":[{"taxonomy":"category","embeddable":true,"href":"https:\/\/www.atmosferamag.it\/it\/wp-json\/wp\/v2\/categories?post=26797"},{"taxonomy":"post_tag","embeddable":true,"href":"https:\/\/www.atmosferamag.it\/it\/wp-json\/wp\/v2\/tags?post=26797"}],"curies":[{"name":"wp","href":"https:\/\/api.w.org\/{rel}","templated":true}]}}