{"id":24900,"date":"2022-12-01T17:48:08","date_gmt":"2022-12-01T16:48:08","guid":{"rendered":"https:\/\/www.atmosferamag.it\/?p=24900"},"modified":"2023-02-10T12:03:56","modified_gmt":"2023-02-10T11:03:56","slug":"lighting-design-residenziale-e-commerciale","status":"publish","type":"post","link":"https:\/\/www.atmosferamag.it\/it\/lighting-design-residenziale-e-commerciale\/","title":{"rendered":"La differenza tra lighting design residenziale e commerciale"},"content":{"rendered":"\t\t<div data-elementor-type=\"wp-post\" data-elementor-id=\"24900\" class=\"elementor elementor-24900 elementor-24868\" data-elementor-post-type=\"post\">\n\t\t\t\t\t\t<section class=\"elementor-section elementor-top-section elementor-element elementor-element-b08cc3b elementor-section-boxed elementor-section-height-default elementor-section-height-default\" data-id=\"b08cc3b\" data-element_type=\"section\" data-e-type=\"section\">\n\t\t\t\t\t\t<div class=\"elementor-container elementor-column-gap-default\">\n\t\t\t\t\t<div class=\"elementor-column elementor-col-100 elementor-top-column elementor-element elementor-element-99837cd\" data-id=\"99837cd\" data-element_type=\"column\" data-e-type=\"column\">\n\t\t\t<div class=\"elementor-widget-wrap elementor-element-populated\">\n\t\t\t\t\t\t<div class=\"elementor-element elementor-element-eef240d elementor-widget elementor-widget-text-editor\" data-id=\"eef240d\" data-element_type=\"widget\" data-e-type=\"widget\" data-widget_type=\"text-editor.default\">\n\t\t\t\t<div class=\"elementor-widget-container\">\n\t\t\t\t\t\t\t\t\t<p><span style=\"font-weight: 400;\">Perch\u00e9 un progetto di lighting design commerciale risulta generalmente pi\u00f9 impegnativo e dispendioso rispetto a uno residenziale, anche a parit\u00e0 di metrature? Vediamo in che modo scopi, durevolezza, costi, manutenzione e altre caratteristiche che potrebbero sfuggire a un occhio inesperto distinguono il tipo di progetti e di prodotti utilizzati nei due diversi ambiti.<\/span><\/p>\t\t\t\t\t\t\t\t<\/div>\n\t\t\t\t<\/div>\n\t\t\t\t<div class=\"elementor-element elementor-element-3fe35a2 elementor-widget elementor-widget-text-editor\" data-id=\"3fe35a2\" data-element_type=\"widget\" data-e-type=\"widget\" data-widget_type=\"text-editor.default\">\n\t\t\t\t<div class=\"elementor-widget-container\">\n\t\t\t\t\t\t\t\t\t<h1>Lo scopo<\/h1>\t\t\t\t\t\t\t\t<\/div>\n\t\t\t\t<\/div>\n\t\t\t\t<div class=\"elementor-element elementor-element-a8d5c4c elementor-widget elementor-widget-text-editor\" data-id=\"a8d5c4c\" data-element_type=\"widget\" data-e-type=\"widget\" data-widget_type=\"text-editor.default\">\n\t\t\t\t<div class=\"elementor-widget-container\">\n\t\t\t\t\t\t\t\t\t<p><span style=\"font-weight: 400;\">Mentre l\u2019illuminazione residenziale si trova a rispondere a esigenze legate all\u2019abitare e all\u2019estetica, quella commerciale deve tenere in considerazione altri fattori, come l\u2019influenza della luce sulle vendite o sulla produttivit\u00e0 e la salute dei dipendenti. Non sono rare le <a href=\"https:\/\/www.atmosferamag.it\/it\/la-corretta-illuminazione-per-lo-smartworking\/\"><span style=\"text-decoration: underline;\">problematiche causate da una cattiva illuminazione<\/span><\/a>, come fastidi alla vista o mal di testa: un\u2019illuminazione degli uffici in linea con principi anatomici e di ergonomia evita che questo accada nonostante lunghi periodi di permanenza.<\/span><\/p>\t\t\t\t\t\t\t\t<\/div>\n\t\t\t\t<\/div>\n\t\t\t\t<div class=\"elementor-element elementor-element-a4ae8d1 elementor-widget elementor-widget-image\" data-id=\"a4ae8d1\" data-element_type=\"widget\" data-e-type=\"widget\" data-widget_type=\"image.default\">\n\t\t\t\t<div class=\"elementor-widget-container\">\n\t\t\t\t\t\t\t\t\t\t\t\t<figure class=\"wp-caption\">\n\t\t\t\t\t\t\t\t\t\t<img fetchpriority=\"high\" decoding=\"async\" width=\"800\" height=\"534\" src=\"https:\/\/www.atmosferamag.it\/wp-content\/uploads\/2022\/12\/1-Universal-Design-Studio_s-1024x683.jpg\" class=\"attachment-large size-large wp-image-24873\" alt=\"\" srcset=\"https:\/\/www.atmosferamag.it\/wp-content\/uploads\/2022\/12\/1-Universal-Design-Studio_s-1024x683.jpg 1024w, https:\/\/www.atmosferamag.it\/wp-content\/uploads\/2022\/12\/1-Universal-Design-Studio_s-300x200.jpg 300w, https:\/\/www.atmosferamag.it\/wp-content\/uploads\/2022\/12\/1-Universal-Design-Studio_s-768x512.jpg 768w, https:\/\/www.atmosferamag.it\/wp-content\/uploads\/2022\/12\/1-Universal-Design-Studio_s-1536x1024.jpg 1536w, https:\/\/www.atmosferamag.it\/wp-content\/uploads\/2022\/12\/1-Universal-Design-Studio_s.jpg 1920w\" sizes=\"(max-width: 800px) 100vw, 800px\" \/>\t\t\t\t\t\t\t\t\t\t\t<figcaption class=\"widget-image-caption wp-caption-text\">1. Universal Design Studio<\/figcaption>\n\t\t\t\t\t\t\t\t\t\t<\/figure>\n\t\t\t\t\t\t\t\t\t<\/div>\n\t\t\t\t<\/div>\n\t\t\t\t<section class=\"elementor-section elementor-inner-section elementor-element elementor-element-4202363 elementor-section-content-top elementor-section-boxed elementor-section-height-default elementor-section-height-default\" data-id=\"4202363\" data-element_type=\"section\" data-e-type=\"section\">\n\t\t\t\t\t\t<div class=\"elementor-container elementor-column-gap-no\">\n\t\t\t\t\t<div class=\"elementor-column elementor-col-50 elementor-inner-column elementor-element elementor-element-2991bb7\" data-id=\"2991bb7\" data-element_type=\"column\" data-e-type=\"column\">\n\t\t\t<div class=\"elementor-widget-wrap elementor-element-populated\">\n\t\t\t\t\t\t<div class=\"elementor-element elementor-element-348e53d elementor-widget elementor-widget-text-editor\" data-id=\"348e53d\" data-element_type=\"widget\" data-e-type=\"widget\" data-widget_type=\"text-editor.default\">\n\t\t\t\t<div class=\"elementor-widget-container\">\n\t\t\t\t\t\t\t\t\t<p><span style=\"font-weight: 400;\">Nell\u2019ambito dell\u2019illuminazione commerciale ogni attivit\u00e0 ha necessit\u00e0 specifiche, anche molto diverse tra di loro: quella principale dei negozi \u00e8 attirare i clienti attraverso l\u2019illuminazione delle vetrine e di incoraggiare l\u2019interazione con i prodotti mettendoli in risalto rispetto all\u2019ambiente circostante.<\/span><\/p><p>Nel caso della foto 2 (<em>Design. Curiosity<\/em>), per esempio, l\u2019illuminazione del soffitto \u00e8 stata progettata per imitare l\u2019intensit\u00e0 luminosa degli esterni, in modo da farla assomigliare il pi\u00f9 possibile alla luce naturale, grazie anche alla scelta di pareti rivestite in marmo che riflettono gran parte di questa luce. I prodotti in vendita rappresentano invece l\u2019unico punto con un\u2019illuminazione artificiale dedicata.<\/p>\t\t\t\t\t\t\t\t<\/div>\n\t\t\t\t<\/div>\n\t\t\t\t\t<\/div>\n\t\t<\/div>\n\t\t\t\t<div class=\"elementor-column elementor-col-50 elementor-inner-column elementor-element elementor-element-fbfab63\" data-id=\"fbfab63\" data-element_type=\"column\" data-e-type=\"column\">\n\t\t\t<div class=\"elementor-widget-wrap elementor-element-populated\">\n\t\t\t\t\t\t<div class=\"elementor-element elementor-element-26ba90e elementor-widget elementor-widget-image\" data-id=\"26ba90e\" data-element_type=\"widget\" data-e-type=\"widget\" data-widget_type=\"image.default\">\n\t\t\t\t<div class=\"elementor-widget-container\">\n\t\t\t\t\t\t\t\t\t\t\t\t<figure class=\"wp-caption\">\n\t\t\t\t\t\t\t\t\t\t<img decoding=\"async\" width=\"798\" height=\"1024\" src=\"https:\/\/www.atmosferamag.it\/wp-content\/uploads\/2022\/12\/2-design.-Curiosity-798x1024.jpg\" class=\"attachment-large size-large wp-image-24875\" alt=\"\" srcset=\"https:\/\/www.atmosferamag.it\/wp-content\/uploads\/2022\/12\/2-design.-Curiosity-798x1024.jpg 798w, https:\/\/www.atmosferamag.it\/wp-content\/uploads\/2022\/12\/2-design.-Curiosity-234x300.jpg 234w, https:\/\/www.atmosferamag.it\/wp-content\/uploads\/2022\/12\/2-design.-Curiosity-768x985.jpg 768w, https:\/\/www.atmosferamag.it\/wp-content\/uploads\/2022\/12\/2-design.-Curiosity.jpg 1080w\" sizes=\"(max-width: 798px) 100vw, 798px\" \/>\t\t\t\t\t\t\t\t\t\t\t<figcaption class=\"widget-image-caption wp-caption-text\">2. Design. Curiosity<\/figcaption>\n\t\t\t\t\t\t\t\t\t\t<\/figure>\n\t\t\t\t\t\t\t\t\t<\/div>\n\t\t\t\t<\/div>\n\t\t\t\t\t<\/div>\n\t\t<\/div>\n\t\t\t\t\t<\/div>\n\t\t<\/section>\n\t\t\t\t<section class=\"elementor-section elementor-inner-section elementor-element elementor-element-a92f5ae elementor-section-boxed elementor-section-height-default elementor-section-height-default\" data-id=\"a92f5ae\" data-element_type=\"section\" data-e-type=\"section\">\n\t\t\t\t\t\t<div class=\"elementor-container elementor-column-gap-default\">\n\t\t\t\t\t<div class=\"elementor-column elementor-col-100 elementor-inner-column elementor-element elementor-element-8e09e62\" data-id=\"8e09e62\" data-element_type=\"column\" data-e-type=\"column\">\n\t\t\t<div class=\"elementor-widget-wrap elementor-element-populated\">\n\t\t\t\t\t\t<div class=\"elementor-element elementor-element-251e7bd elementor-widget elementor-widget-heading\" data-id=\"251e7bd\" data-element_type=\"widget\" data-e-type=\"widget\" data-widget_type=\"heading.default\">\n\t\t\t\t<div class=\"elementor-widget-container\">\n\t\t\t\t\t<h2 class=\"elementor-heading-title elementor-size-default\">\u00abNei diversi ambienti commerciali sono necessarie progettazioni specifiche per soddisfare i requisiti di luminosit\u00e0 o particolari combinazioni di colori\u00bb<\/h2>\t\t\t\t<\/div>\n\t\t\t\t<\/div>\n\t\t\t\t\t<\/div>\n\t\t<\/div>\n\t\t\t\t\t<\/div>\n\t\t<\/section>\n\t\t\t\t<section class=\"elementor-section elementor-inner-section elementor-element elementor-element-64f6099 elementor-section-content-top elementor-section-boxed elementor-section-height-default elementor-section-height-default\" data-id=\"64f6099\" data-element_type=\"section\" data-e-type=\"section\">\n\t\t\t\t\t\t<div class=\"elementor-container elementor-column-gap-no\">\n\t\t\t\t\t<div class=\"elementor-column elementor-col-50 elementor-inner-column elementor-element elementor-element-cc04888\" data-id=\"cc04888\" data-element_type=\"column\" data-e-type=\"column\">\n\t\t\t<div class=\"elementor-widget-wrap elementor-element-populated\">\n\t\t\t\t\t\t<div class=\"elementor-element elementor-element-1e15936 elementor-widget elementor-widget-text-editor\" data-id=\"1e15936\" data-element_type=\"widget\" data-e-type=\"widget\" data-widget_type=\"text-editor.default\">\n\t\t\t\t<div class=\"elementor-widget-container\">\n\t\t\t\t\t\t\t\t\t<p><span style=\"font-weight: 400;\">Tra le necessit\u00e0 della ristorazione troviamo invece quella di garantire un\u2019atmosfera ai tavoli che sia confortevole ma anche in linea con l\u2019identit\u00e0 del brand. In questo caso per esempio l\u2019atmosfera calda e intima \u00e8 stata creata lasciando il soffitto in ombra, illuminando dal basso la trama delle alcove che caratterizzano la sala e dedicando lampade a sospensione a ogni tavolo. In questo caso si tratta di lampade Monika di Naomi Paul (<em>foto 3<\/em>), che hanno anche la particolarit\u00e0 di ammorbidire l\u2019intensit\u00e0 luminosa tramite il diffusore in cotone.<\/span><\/p><p><span style=\"font-weight: 400;\">Nella foto 4 (<em>Perimetro<\/em>), invece, vediamo le lampade a sospensione NEURO progettate da Davide Groppi. Queste lampade ricamano linee diagonali decise nell\u2019ambiente e portano la luce al LED direttamente sul tavolo, partendo direttamente dalla presa.<\/span><\/p>\t\t\t\t\t\t\t\t<\/div>\n\t\t\t\t<\/div>\n\t\t\t\t\t<\/div>\n\t\t<\/div>\n\t\t\t\t<div class=\"elementor-column elementor-col-50 elementor-inner-column elementor-element elementor-element-3297edc\" data-id=\"3297edc\" data-element_type=\"column\" data-e-type=\"column\">\n\t\t\t<div class=\"elementor-widget-wrap elementor-element-populated\">\n\t\t\t\t\t\t<div class=\"elementor-element elementor-element-24d7b41 elementor-widget elementor-widget-image\" data-id=\"24d7b41\" data-element_type=\"widget\" data-e-type=\"widget\" data-widget_type=\"image.default\">\n\t\t\t\t<div class=\"elementor-widget-container\">\n\t\t\t\t\t\t\t\t\t\t\t\t<figure class=\"wp-caption\">\n\t\t\t\t\t\t\t\t\t\t<img decoding=\"async\" width=\"798\" height=\"1024\" src=\"https:\/\/www.atmosferamag.it\/wp-content\/uploads\/2022\/12\/3-Porta-Via-Calabasas-Photography-798x1024.jpg\" class=\"attachment-large size-large wp-image-24877\" alt=\"\" srcset=\"https:\/\/www.atmosferamag.it\/wp-content\/uploads\/2022\/12\/3-Porta-Via-Calabasas-Photography-798x1024.jpg 798w, https:\/\/www.atmosferamag.it\/wp-content\/uploads\/2022\/12\/3-Porta-Via-Calabasas-Photography-234x300.jpg 234w, https:\/\/www.atmosferamag.it\/wp-content\/uploads\/2022\/12\/3-Porta-Via-Calabasas-Photography-768x985.jpg 768w, https:\/\/www.atmosferamag.it\/wp-content\/uploads\/2022\/12\/3-Porta-Via-Calabasas-Photography.jpg 1080w\" sizes=\"(max-width: 798px) 100vw, 798px\" \/>\t\t\t\t\t\t\t\t\t\t\t<figcaption class=\"widget-image-caption wp-caption-text\">3. Porta Via Calabasas Photography<\/figcaption>\n\t\t\t\t\t\t\t\t\t\t<\/figure>\n\t\t\t\t\t\t\t\t\t<\/div>\n\t\t\t\t<\/div>\n\t\t\t\t\t<\/div>\n\t\t<\/div>\n\t\t\t\t\t<\/div>\n\t\t<\/section>\n\t\t\t\t<div class=\"elementor-element elementor-element-f14b539 elementor-widget elementor-widget-image\" data-id=\"f14b539\" data-element_type=\"widget\" data-e-type=\"widget\" data-widget_type=\"image.default\">\n\t\t\t\t<div class=\"elementor-widget-container\">\n\t\t\t\t\t\t\t\t\t\t\t\t<figure class=\"wp-caption\">\n\t\t\t\t\t\t\t\t\t\t<img loading=\"lazy\" decoding=\"async\" width=\"800\" height=\"534\" src=\"https:\/\/www.atmosferamag.it\/wp-content\/uploads\/2022\/12\/4-Perimetro.-by-Davide-Groppi-1024x683.jpg\" class=\"attachment-large size-large wp-image-24879\" alt=\"\" srcset=\"https:\/\/www.atmosferamag.it\/wp-content\/uploads\/2022\/12\/4-Perimetro.-by-Davide-Groppi-1024x683.jpg 1024w, https:\/\/www.atmosferamag.it\/wp-content\/uploads\/2022\/12\/4-Perimetro.-by-Davide-Groppi-300x200.jpg 300w, https:\/\/www.atmosferamag.it\/wp-content\/uploads\/2022\/12\/4-Perimetro.-by-Davide-Groppi-768x512.jpg 768w, https:\/\/www.atmosferamag.it\/wp-content\/uploads\/2022\/12\/4-Perimetro.-by-Davide-Groppi-1536x1024.jpg 1536w, https:\/\/www.atmosferamag.it\/wp-content\/uploads\/2022\/12\/4-Perimetro.-by-Davide-Groppi.jpg 1920w\" sizes=\"(max-width: 800px) 100vw, 800px\" \/>\t\t\t\t\t\t\t\t\t\t\t<figcaption class=\"widget-image-caption wp-caption-text\">4. Perimetro - Davide Groppi<\/figcaption>\n\t\t\t\t\t\t\t\t\t\t<\/figure>\n\t\t\t\t\t\t\t\t\t<\/div>\n\t\t\t\t<\/div>\n\t\t\t\t<div class=\"elementor-element elementor-element-6f89894 elementor-widget elementor-widget-text-editor\" data-id=\"6f89894\" data-element_type=\"widget\" data-e-type=\"widget\" data-widget_type=\"text-editor.default\">\n\t\t\t\t<div class=\"elementor-widget-container\">\n\t\t\t\t\t\t\t\t\t<p><span style=\"font-weight: 400;\">Nei diversi ambienti commerciali poi sono necessarie progettazioni specifiche per soddisfare i requisiti di luminosit\u00e0 o particolari combinazioni di colori: basti pensare alle differenze tra un cinema, un centro estetico o un supermercato, tutti ambienti che richiedono lo sviluppo di un progetto di lighting design ad hoc.<\/span><\/p><p><span style=\"font-weight: 400;\">Questo si riflette in luminarie dalle caratteristiche differenti: una struttura commerciale, che tendenzialmente dispone di meno ingressi per la luce naturale, richiede un\u2019intensit\u00e0 luminosa pi\u00f9 alta rispetto a quella di una casa, con una temperatura che tende a colori neutri o leggermente freddi. D\u2019altra parte, in ambito domestico, dove le luci completano l&#8217;estetica, servono luci che rendano la casa il pi\u00f9 possibile funzionale e confortevole, e quindi con temperature dai colori tendenzialmente pi\u00f9 caldi.<\/span><\/p>\t\t\t\t\t\t\t\t<\/div>\n\t\t\t\t<\/div>\n\t\t\t\t<div class=\"elementor-element elementor-element-b0e7d8c elementor-widget elementor-widget-image\" data-id=\"b0e7d8c\" data-element_type=\"widget\" data-e-type=\"widget\" data-widget_type=\"image.default\">\n\t\t\t\t<div class=\"elementor-widget-container\">\n\t\t\t\t\t\t\t\t\t\t\t\t<figure class=\"wp-caption\">\n\t\t\t\t\t\t\t\t\t\t<img loading=\"lazy\" decoding=\"async\" width=\"800\" height=\"534\" src=\"https:\/\/www.atmosferamag.it\/wp-content\/uploads\/2022\/12\/5-alsace-la-hotel-by-home-studios-1024x683.jpg\" class=\"attachment-large size-large wp-image-24881\" alt=\"\" srcset=\"https:\/\/www.atmosferamag.it\/wp-content\/uploads\/2022\/12\/5-alsace-la-hotel-by-home-studios-1024x683.jpg 1024w, https:\/\/www.atmosferamag.it\/wp-content\/uploads\/2022\/12\/5-alsace-la-hotel-by-home-studios-300x200.jpg 300w, https:\/\/www.atmosferamag.it\/wp-content\/uploads\/2022\/12\/5-alsace-la-hotel-by-home-studios-768x512.jpg 768w, https:\/\/www.atmosferamag.it\/wp-content\/uploads\/2022\/12\/5-alsace-la-hotel-by-home-studios-1536x1024.jpg 1536w, https:\/\/www.atmosferamag.it\/wp-content\/uploads\/2022\/12\/5-alsace-la-hotel-by-home-studios.jpg 1920w\" sizes=\"(max-width: 800px) 100vw, 800px\" \/>\t\t\t\t\t\t\t\t\t\t\t<figcaption class=\"widget-image-caption wp-caption-text\">5. Alsace la hotel - Home studios<\/figcaption>\n\t\t\t\t\t\t\t\t\t\t<\/figure>\n\t\t\t\t\t\t\t\t\t<\/div>\n\t\t\t\t<\/div>\n\t\t\t\t<div class=\"elementor-element elementor-element-5024bcc elementor-widget elementor-widget-text-editor\" data-id=\"5024bcc\" data-element_type=\"widget\" data-e-type=\"widget\" data-widget_type=\"text-editor.default\">\n\t\t\t\t<div class=\"elementor-widget-container\">\n\t\t\t\t\t\t\t\t\t<p><span style=\"font-weight: 400;\">Anche per gli aspetti legati alla sicurezza \u2013 in particolare alla necessit\u00e0 di garantire la visibilit\u00e0 di possibili ostacoli al passaggio \u2013 l\u2019illuminazione domestica e quella commerciale presentano delle differenze in fase di progettualit\u00e0: gli esercizi commerciali sono soggetti a grandi flussi di persone, e si trovano quindi a dover investire in un\u2019illuminazione che illumini i percorsi seguendo anche le normative legate a possibili emergenze.<\/span><\/p><p><span style=\"font-weight: 400;\">Come abbiamo visto poi nei requisiti di sicurezza ci sono anche quelli preposti a garantire l\u2019incolumit\u00e0 dei dipendenti, il che richiede che i prodotti di illuminazione siano resistenti alle attivit\u00e0 svolte: in una cucina professionale, ad esempio, vanno considerati parametri ambientali come temperature, umidit\u00e0, sporco e possibili fumi nella scelta di luci resistenti con sistemi di protezione dagli agenti esterni.<\/span><\/p><p><span style=\"font-weight: 400;\">Negli ambienti residenziali invece la sicurezza passa anche da un\u2019illuminazione delle aree esterne volta a limitare incursioni, o comunque a garantire agli abitanti una visibilit\u00e0 ottimale nelle ore buie, soprattutto dei vialetti o dei portoni, o dove sono posizionate delle videocamere di sicurezza.<\/span><\/p>\t\t\t\t\t\t\t\t<\/div>\n\t\t\t\t<\/div>\n\t\t\t\t<div class=\"elementor-element elementor-element-b130d34 elementor-widget elementor-widget-text-editor\" data-id=\"b130d34\" data-element_type=\"widget\" data-e-type=\"widget\" data-widget_type=\"text-editor.default\">\n\t\t\t\t<div class=\"elementor-widget-container\">\n\t\t\t\t\t\t\t\t\t<h1>La durabilit\u00e0<\/h1>\t\t\t\t\t\t\t\t<\/div>\n\t\t\t\t<\/div>\n\t\t\t\t<section class=\"elementor-section elementor-inner-section elementor-element elementor-element-dc73c42 elementor-section-content-top elementor-section-boxed elementor-section-height-default elementor-section-height-default\" data-id=\"dc73c42\" data-element_type=\"section\" data-e-type=\"section\">\n\t\t\t\t\t\t<div class=\"elementor-container elementor-column-gap-no\">\n\t\t\t\t\t<div class=\"elementor-column elementor-col-50 elementor-inner-column elementor-element elementor-element-c9a9abc\" data-id=\"c9a9abc\" data-element_type=\"column\" data-e-type=\"column\">\n\t\t\t<div class=\"elementor-widget-wrap elementor-element-populated\">\n\t\t\t\t\t\t<div class=\"elementor-element elementor-element-1972ee1 elementor-widget elementor-widget-text-editor\" data-id=\"1972ee1\" data-element_type=\"widget\" data-e-type=\"widget\" data-widget_type=\"text-editor.default\">\n\t\t\t\t<div class=\"elementor-widget-container\">\n\t\t\t\t\t\t\t\t\t<p><span style=\"font-weight: 400;\">Attivit\u00e0 come uffici, negozi, bar e ristoranti fanno un utilizzo intensivo e continuativo dell\u2019illuminazione, tanto che non sono rare le realt\u00e0 che mantengono luci accese ininterrottamente. Questo richiede dei prodotti per l\u2019illuminazione ideati e fabbricati per essere pi\u00f9 durevoli nel tempo, con materiali resistenti all\u2019usura e in grado di sostenere l\u2019accensione per tempi prolungati, a intensit\u00e0 pi\u00f9 elevate, e con frequenti variazione di temperatura, oltrech\u00e9 garantire un alto grado di efficienza energetica, visti i costi di utilizzo.\u00a0<\/span><\/p><p><span style=\"font-weight: 400;\">In base al tipo di attivit\u00e0, le luci in ambito commerciale possono andare incontro a diversi stress, come sporco e acqua, intemperie e urti, per questo potrebbero rendersi necessarie caratteristiche specifiche, come un certo grado di protezione (IP) dagli agenti estranei.<\/span><\/p><p><span style=\"font-weight: 400;\">Infine va considerato che un progetto di lighting design commerciale pu\u00f2 andare incontro anche a necessit\u00e0 contemporanee, contribuendo per esempio al risparmio energetico delle attivit\u00e0 che vogliono dirigersi verso un approccio a zero emissioni <\/span><span style=\"font-weight: 400;\">\u2014 <\/span><span style=\"font-weight: 400;\">per esempio scegliendo un\u2019illuminazione delle insegne alimentata a pannelli solari <\/span><span style=\"font-weight: 400;\">\u2014<\/span><span style=\"font-weight: 400;\">, oppure scegliendo produttori che utilizzano materiali e processi di smaltimento che si rifanno a principi di economia circolare e che si impegnano a ripensare gli imballaggi in ottica di riciclo.<\/span><\/p>\t\t\t\t\t\t\t\t<\/div>\n\t\t\t\t<\/div>\n\t\t\t\t\t<\/div>\n\t\t<\/div>\n\t\t\t\t<div class=\"elementor-column elementor-col-50 elementor-inner-column elementor-element elementor-element-340bffc\" data-id=\"340bffc\" data-element_type=\"column\" data-e-type=\"column\">\n\t\t\t<div class=\"elementor-widget-wrap elementor-element-populated\">\n\t\t\t\t\t\t<div class=\"elementor-element elementor-element-e0fc799 elementor-widget elementor-widget-image\" data-id=\"e0fc799\" data-element_type=\"widget\" data-e-type=\"widget\" data-widget_type=\"image.default\">\n\t\t\t\t<div class=\"elementor-widget-container\">\n\t\t\t\t\t\t\t\t\t\t\t\t<figure class=\"wp-caption\">\n\t\t\t\t\t\t\t\t\t\t<img loading=\"lazy\" decoding=\"async\" width=\"798\" height=\"1024\" src=\"https:\/\/www.atmosferamag.it\/wp-content\/uploads\/2022\/12\/6-The-translucent-panels-are-both-durable-and-sustainable_-798x1024.jpg\" class=\"attachment-large size-large wp-image-24883\" alt=\"\" srcset=\"https:\/\/www.atmosferamag.it\/wp-content\/uploads\/2022\/12\/6-The-translucent-panels-are-both-durable-and-sustainable_-798x1024.jpg 798w, https:\/\/www.atmosferamag.it\/wp-content\/uploads\/2022\/12\/6-The-translucent-panels-are-both-durable-and-sustainable_-234x300.jpg 234w, https:\/\/www.atmosferamag.it\/wp-content\/uploads\/2022\/12\/6-The-translucent-panels-are-both-durable-and-sustainable_-768x985.jpg 768w, https:\/\/www.atmosferamag.it\/wp-content\/uploads\/2022\/12\/6-The-translucent-panels-are-both-durable-and-sustainable_.jpg 1080w\" sizes=\"(max-width: 798px) 100vw, 798px\" \/>\t\t\t\t\t\t\t\t\t\t\t<figcaption class=\"widget-image-caption wp-caption-text\">6. The translucent panels are both durable and sustainable<\/figcaption>\n\t\t\t\t\t\t\t\t\t\t<\/figure>\n\t\t\t\t\t\t\t\t\t<\/div>\n\t\t\t\t<\/div>\n\t\t\t\t\t<\/div>\n\t\t<\/div>\n\t\t\t\t\t<\/div>\n\t\t<\/section>\n\t\t\t\t<div class=\"elementor-element elementor-element-7a49348 elementor-widget elementor-widget-text-editor\" data-id=\"7a49348\" data-element_type=\"widget\" data-e-type=\"widget\" data-widget_type=\"text-editor.default\">\n\t\t\t\t<div class=\"elementor-widget-container\">\n\t\t\t\t\t\t\t\t\t<h1>Installazione e manutenzione<\/h1>\t\t\t\t\t\t\t\t<\/div>\n\t\t\t\t<\/div>\n\t\t\t\t<div class=\"elementor-element elementor-element-17744c3 elementor-widget elementor-widget-text-editor\" data-id=\"17744c3\" data-element_type=\"widget\" data-e-type=\"widget\" data-widget_type=\"text-editor.default\">\n\t\t\t\t<div class=\"elementor-widget-container\">\n\t\t\t\t\t\t\t\t\t<p><span style=\"font-weight: 400;\">L&#8217;illuminazione domestica migliora il design degli interni e mantiene la continuit\u00e0 con il resto dello schema progettuale, ma difficilmente l\u2019impianto, la distribuzione dei punti luce e i sistemi di controllo raggiungeranno la stessa complessit\u00e0 di uno spazio commerciale. D\u2019altra parte le luci domestiche richiederanno una manutenzione pi\u00f9 limitata, visto anche l\u2019utilizzo pi\u00f9 moderato.<\/span><\/p><p><span style=\"font-weight: 400;\">Proprio perch\u00e9 richiede prodotti professionali con caratteristiche specifiche, l\u2019impianto di uno spazio commerciale potrebbe invece richiedere l\u2019intervento di personale specializzato, a partire dalla pulizia di luminarie come pannelli led incassati nei soffitti, passando per la sostituzione di lampadari e luminarie pesanti, delicate o con allacci meno comuni, senza dimenticare il periodico controllo dell\u2019efficienza con strumenti che misurano l\u2019illuminamento scotopico e fotopico.\u00a0<\/span><\/p><p><span style=\"font-weight: 400;\">Ecco che tra le ragioni per cui l\u2019illuminazione di livello commerciale prevede solitamente garanzie pi\u00f9 prolungate troviamo proprio il fatto che le attivit\u00e0 di installazione, manutenzione e sostituzione rischiano di tradursi in costi elevati se sostenuti troppo di frequente.<\/span><\/p>\t\t\t\t\t\t\t\t<\/div>\n\t\t\t\t<\/div>\n\t\t\t\t<div class=\"elementor-element elementor-element-2cf1499 elementor-widget elementor-widget-text-editor\" data-id=\"2cf1499\" data-element_type=\"widget\" data-e-type=\"widget\" data-widget_type=\"text-editor.default\">\n\t\t\t\t<div class=\"elementor-widget-container\">\n\t\t\t\t\t\t\t\t\t<h1>Il costo<\/h1>\t\t\t\t\t\t\t\t<\/div>\n\t\t\t\t<\/div>\n\t\t\t\t<div class=\"elementor-element elementor-element-688cdca elementor-widget elementor-widget-text-editor\" data-id=\"688cdca\" data-element_type=\"widget\" data-e-type=\"widget\" data-widget_type=\"text-editor.default\">\n\t\t\t\t<div class=\"elementor-widget-container\">\n\t\t\t\t\t\t\t\t\t<p><span style=\"font-weight: 400;\">Luci che garantiscono durabilit\u00e0 maggiore, resistenza a diverse condizioni ambientali, finiture e leghe pi\u00f9 resistenti, un corpo pi\u00f9 spesso, funzionalit\u00e0 aggiuntive (come la possibilit\u00e0 di variare facilmente la temperatura o il numero di lumen) richiedono maggiore costi di produzione e quindi inevitabilmente hanno un costo finale pi\u00f9 alto per l\u2019acquirente. Gli stessi LED si possono produrre con componentistiche diverse, come i chip e i driver di qualit\u00e0 molto differenti, e per questo prodotti apparentemente simili ottengono performance nettamente diverse a intensit\u00e0 elevate per tempi prolungati. I prodotti certificati per utilizzo commerciale sono prodotti con driver, dissipatori di calore, chip e materiali migliori, e sono quindi pi\u00f9 costosi rispetto a quelli di utilizzo residenziale.\u00a0<\/span><\/p><p><span style=\"font-weight: 400;\">D\u2019altra parte investire in luminarie altamente professionali che si adattano alle caratteristiche della propria attivit\u00e0 significa abbattere nel lungo periodo i costi di utilizzo e manutenzione (soprattutto se la progettazione avviene gi\u00e0 in fase di costruzione, cos\u00ec che non sia necessario in seguito intervenire sulla muratura). Inoltre, a parte la maggiore durata, la progettazione illuminotecnica che utilizza la pi\u00f9 recente tecnologia LED e sensori di movimento o di luce diurna pu\u00f2 anche aiutare a ridurre il numero di apparecchi di illuminazione necessari. Per tutte queste ragioni prevedere un progetto di rinnovamento del lighting design con un\u2019ottimizzazione della tipologia e della posizione delle luci si traduce non solo in un rinnovato aspetto dell\u2019attivit\u00e0 ma anche in un risparmio per il futuro.<\/span><\/p>\t\t\t\t\t\t\t\t<\/div>\n\t\t\t\t<\/div>\n\t\t\t\t<div class=\"elementor-element elementor-element-47272bc elementor-widget elementor-widget-image\" data-id=\"47272bc\" data-element_type=\"widget\" data-e-type=\"widget\" data-widget_type=\"image.default\">\n\t\t\t\t<div class=\"elementor-widget-container\">\n\t\t\t\t\t\t\t\t\t\t\t\t<figure class=\"wp-caption\">\n\t\t\t\t\t\t\t\t\t\t<img loading=\"lazy\" decoding=\"async\" width=\"800\" height=\"534\" src=\"https:\/\/www.atmosferamag.it\/wp-content\/uploads\/2022\/12\/7-Samuel-Wilkinson--1024x683.jpg\" class=\"attachment-large size-large wp-image-24885\" alt=\"\" srcset=\"https:\/\/www.atmosferamag.it\/wp-content\/uploads\/2022\/12\/7-Samuel-Wilkinson--1024x683.jpg 1024w, https:\/\/www.atmosferamag.it\/wp-content\/uploads\/2022\/12\/7-Samuel-Wilkinson--300x200.jpg 300w, https:\/\/www.atmosferamag.it\/wp-content\/uploads\/2022\/12\/7-Samuel-Wilkinson--768x512.jpg 768w, https:\/\/www.atmosferamag.it\/wp-content\/uploads\/2022\/12\/7-Samuel-Wilkinson--1536x1024.jpg 1536w, https:\/\/www.atmosferamag.it\/wp-content\/uploads\/2022\/12\/7-Samuel-Wilkinson-.jpg 1920w\" sizes=\"(max-width: 800px) 100vw, 800px\" \/>\t\t\t\t\t\t\t\t\t\t\t<figcaption class=\"widget-image-caption wp-caption-text\">7. Samuel Wilkinson<\/figcaption>\n\t\t\t\t\t\t\t\t\t\t<\/figure>\n\t\t\t\t\t\t\t\t\t<\/div>\n\t\t\t\t<\/div>\n\t\t\t\t<div class=\"elementor-element elementor-element-0297106 elementor-widget elementor-widget-text-editor\" data-id=\"0297106\" data-element_type=\"widget\" data-e-type=\"widget\" data-widget_type=\"text-editor.default\">\n\t\t\t\t<div class=\"elementor-widget-container\">\n\t\t\t\t\t\t\t\t\t<p><span style=\"font-weight: 400;\">Questo, d\u2019altro canto, non significa affatto che la qualit\u00e0 dei prodotti per l\u2019illuminazione domestica sia inadatta, ma semplicemente pi\u00f9 in linea con il suo utilizzo. Anche questo settore infatti \u00e8 caratterizzato da costante innovazione: basti pensare alle luci smart, da connettere in rete e controllare tramite app (come quelle offerta dalla gamma Philips Hue), ai sensori di presenza e i sensori di luce ambientale che si regolano in base alla luce solare, e alle sempre maggiori possibilit\u00e0 di personalizzazione del progetto: tutte caratteristiche dell\u2019illuminazione di ultima generazione che possono rendere l\u2019esperienza dell\u2019abitare ancora pi\u00f9 confortevole.<\/span><\/p>\t\t\t\t\t\t\t\t<\/div>\n\t\t\t\t<\/div>\n\t\t\t\t\t<\/div>\n\t\t<\/div>\n\t\t\t\t\t<\/div>\n\t\t<\/section>\n\t\t\t\t<\/div>\n\t\t","protected":false},"excerpt":{"rendered":"<p>Perch\u00e9 un progetto di lighting design commerciale risulta generalmente pi\u00f9 impegnativo e dispendioso rispetto a uno residenziale, anche a parit\u00e0 di metrature?<\/p>\n","protected":false},"author":7,"featured_media":24870,"comment_status":"closed","ping_status":"open","sticky":false,"template":"","format":"standard","meta":{"footnotes":""},"categories":[41],"tags":[],"class_list":["post-24900","post","type-post","status-publish","format-standard","has-post-thumbnail","hentry","category-spaces"],"yoast_head":"<!-- This site is optimized with the Yoast SEO plugin v26.0 - https:\/\/yoast.com\/wordpress\/plugins\/seo\/ -->\n<title>Illuminazione commerciale e domestica: le differenze<\/title>\n<meta name=\"description\" content=\"Il lighting design domestico \u00e8 diverso da quello commerciale, anche se spesso ci\u00f2 viene sottovalutato. Ecco perch\u00e9 non devi.\" \/>\n<meta name=\"robots\" content=\"index, follow, max-snippet:-1, max-image-preview:large, max-video-preview:-1\" \/>\n<link rel=\"canonical\" href=\"https:\/\/www.atmosferamag.it\/it\/lighting-design-residenziale-e-commerciale\/\" \/>\n<meta property=\"og:locale\" content=\"it_IT\" \/>\n<meta property=\"og:type\" content=\"article\" \/>\n<meta property=\"og:title\" content=\"Illuminazione commerciale e domestica: le differenze\" \/>\n<meta property=\"og:description\" content=\"Il lighting design domestico \u00e8 diverso da quello commerciale, anche se spesso ci\u00f2 viene sottovalutato. Ecco perch\u00e9 non devi.\" \/>\n<meta property=\"og:url\" content=\"https:\/\/www.atmosferamag.it\/it\/lighting-design-residenziale-e-commerciale\/\" \/>\n<meta property=\"og:site_name\" content=\"Atmosfera Mag\" \/>\n<meta property=\"article:publisher\" content=\"https:\/\/www.facebook.com\/people\/Atmosfera-Mag\/100086538670476\/\" \/>\n<meta property=\"article:published_time\" content=\"2022-12-01T16:48:08+00:00\" \/>\n<meta property=\"article:modified_time\" content=\"2023-02-10T11:03:56+00:00\" \/>\n<meta property=\"og:image\" content=\"https:\/\/www.atmosferamag.it\/wp-content\/uploads\/2022\/12\/0-HEADER-1.jpg\" \/>\n\t<meta property=\"og:image:width\" content=\"1920\" \/>\n\t<meta property=\"og:image:height\" content=\"1280\" \/>\n\t<meta property=\"og:image:type\" content=\"image\/jpeg\" \/>\n<meta name=\"author\" content=\"Nadia Corvino\" \/>\n<meta name=\"twitter:card\" content=\"summary_large_image\" \/>\n<meta name=\"twitter:label1\" content=\"Scritto da\" \/>\n\t<meta name=\"twitter:data1\" content=\"Nadia Corvino\" \/>\n\t<meta name=\"twitter:label2\" content=\"Tempo di lettura stimato\" \/>\n\t<meta name=\"twitter:data2\" content=\"8 minuti\" \/>\n<script type=\"application\/ld+json\" class=\"yoast-schema-graph\">{\"@context\":\"https:\/\/schema.org\",\"@graph\":[{\"@type\":\"Article\",\"@id\":\"https:\/\/www.atmosferamag.it\/it\/lighting-design-residenziale-e-commerciale\/#article\",\"isPartOf\":{\"@id\":\"https:\/\/www.atmosferamag.it\/it\/lighting-design-residenziale-e-commerciale\/\"},\"author\":{\"name\":\"Nadia Corvino\",\"@id\":\"https:\/\/www.atmosferamag.it\/it\/#\/schema\/person\/6cc5c52ae28ebfdc61212e60103f6c86\"},\"headline\":\"La differenza tra lighting design residenziale e commerciale\",\"datePublished\":\"2022-12-01T16:48:08+00:00\",\"dateModified\":\"2023-02-10T11:03:56+00:00\",\"mainEntityOfPage\":{\"@id\":\"https:\/\/www.atmosferamag.it\/it\/lighting-design-residenziale-e-commerciale\/\"},\"wordCount\":1417,\"publisher\":{\"@id\":\"https:\/\/www.atmosferamag.it\/it\/#organization\"},\"image\":{\"@id\":\"https:\/\/www.atmosferamag.it\/it\/lighting-design-residenziale-e-commerciale\/#primaryimage\"},\"thumbnailUrl\":\"https:\/\/www.atmosferamag.it\/wp-content\/uploads\/2022\/12\/0-HEADER-1.jpg\",\"articleSection\":[\"Spaces\"],\"inLanguage\":\"it-IT\"},{\"@type\":\"WebPage\",\"@id\":\"https:\/\/www.atmosferamag.it\/it\/lighting-design-residenziale-e-commerciale\/\",\"url\":\"https:\/\/www.atmosferamag.it\/it\/lighting-design-residenziale-e-commerciale\/\",\"name\":\"Illuminazione commerciale e domestica: le differenze\",\"isPartOf\":{\"@id\":\"https:\/\/www.atmosferamag.it\/it\/#website\"},\"primaryImageOfPage\":{\"@id\":\"https:\/\/www.atmosferamag.it\/it\/lighting-design-residenziale-e-commerciale\/#primaryimage\"},\"image\":{\"@id\":\"https:\/\/www.atmosferamag.it\/it\/lighting-design-residenziale-e-commerciale\/#primaryimage\"},\"thumbnailUrl\":\"https:\/\/www.atmosferamag.it\/wp-content\/uploads\/2022\/12\/0-HEADER-1.jpg\",\"datePublished\":\"2022-12-01T16:48:08+00:00\",\"dateModified\":\"2023-02-10T11:03:56+00:00\",\"description\":\"Il lighting design domestico \u00e8 diverso da quello commerciale, anche se spesso ci\u00f2 viene sottovalutato. Ecco perch\u00e9 non devi.\",\"breadcrumb\":{\"@id\":\"https:\/\/www.atmosferamag.it\/it\/lighting-design-residenziale-e-commerciale\/#breadcrumb\"},\"inLanguage\":\"it-IT\",\"potentialAction\":[{\"@type\":\"ReadAction\",\"target\":[\"https:\/\/www.atmosferamag.it\/it\/lighting-design-residenziale-e-commerciale\/\"]}]},{\"@type\":\"ImageObject\",\"inLanguage\":\"it-IT\",\"@id\":\"https:\/\/www.atmosferamag.it\/it\/lighting-design-residenziale-e-commerciale\/#primaryimage\",\"url\":\"https:\/\/www.atmosferamag.it\/wp-content\/uploads\/2022\/12\/0-HEADER-1.jpg\",\"contentUrl\":\"https:\/\/www.atmosferamag.it\/wp-content\/uploads\/2022\/12\/0-HEADER-1.jpg\",\"width\":1920,\"height\":1280,\"caption\":\"Commercial and residential lighting differences\"},{\"@type\":\"BreadcrumbList\",\"@id\":\"https:\/\/www.atmosferamag.it\/it\/lighting-design-residenziale-e-commerciale\/#breadcrumb\",\"itemListElement\":[{\"@type\":\"ListItem\",\"position\":1,\"name\":\"Home\",\"item\":\"https:\/\/www.atmosferamag.it\/it\/\"},{\"@type\":\"ListItem\",\"position\":2,\"name\":\"La differenza tra lighting design residenziale e commerciale\"}]},{\"@type\":\"WebSite\",\"@id\":\"https:\/\/www.atmosferamag.it\/it\/#website\",\"url\":\"https:\/\/www.atmosferamag.it\/it\/\",\"name\":\"Atmosfera Mag\",\"description\":\"La luce in tutte le sue forme\",\"publisher\":{\"@id\":\"https:\/\/www.atmosferamag.it\/it\/#organization\"},\"potentialAction\":[{\"@type\":\"SearchAction\",\"target\":{\"@type\":\"EntryPoint\",\"urlTemplate\":\"https:\/\/www.atmosferamag.it\/it\/?s={search_term_string}\"},\"query-input\":{\"@type\":\"PropertyValueSpecification\",\"valueRequired\":true,\"valueName\":\"search_term_string\"}}],\"inLanguage\":\"it-IT\"},{\"@type\":\"Organization\",\"@id\":\"https:\/\/www.atmosferamag.it\/it\/#organization\",\"name\":\"Atmosfera Mag\",\"url\":\"https:\/\/www.atmosferamag.it\/it\/\",\"logo\":{\"@type\":\"ImageObject\",\"inLanguage\":\"it-IT\",\"@id\":\"https:\/\/www.atmosferamag.it\/it\/#\/schema\/logo\/image\/\",\"url\":\"https:\/\/www.atmosferamag.it\/wp-content\/uploads\/2022\/09\/titolo.png\",\"contentUrl\":\"https:\/\/www.atmosferamag.it\/wp-content\/uploads\/2022\/09\/titolo.png\",\"width\":2728,\"height\":406,\"caption\":\"Atmosfera Mag\"},\"image\":{\"@id\":\"https:\/\/www.atmosferamag.it\/it\/#\/schema\/logo\/image\/\"},\"sameAs\":[\"https:\/\/www.facebook.com\/people\/Atmosfera-Mag\/100086538670476\/\",\"https:\/\/www.instagram.com\/atmosferamag\/\",\"https:\/\/www.pinterest.it\/atmosfera_mag\/\"]},{\"@type\":\"Person\",\"@id\":\"https:\/\/www.atmosferamag.it\/it\/#\/schema\/person\/6cc5c52ae28ebfdc61212e60103f6c86\",\"name\":\"Nadia Corvino\",\"image\":{\"@type\":\"ImageObject\",\"inLanguage\":\"it-IT\",\"@id\":\"https:\/\/www.atmosferamag.it\/it\/#\/schema\/person\/image\/\",\"url\":\"https:\/\/secure.gravatar.com\/avatar\/a28d131a6d1cdf2fd76b2a72903b281e501ae21ffe74dc474643deb307ebd92c?s=96&d=mm&r=g\",\"contentUrl\":\"https:\/\/secure.gravatar.com\/avatar\/a28d131a6d1cdf2fd76b2a72903b281e501ae21ffe74dc474643deb307ebd92c?s=96&d=mm&r=g\",\"caption\":\"Nadia Corvino\"},\"url\":\"https:\/\/www.atmosferamag.it\/it\/author\/nadia-corvino\/\"}]}<\/script>\n<!-- \/ Yoast SEO plugin. -->","yoast_head_json":{"title":"Illuminazione commerciale e domestica: le differenze","description":"Il lighting design domestico \u00e8 diverso da quello commerciale, anche se spesso ci\u00f2 viene sottovalutato. Ecco perch\u00e9 non devi.","robots":{"index":"index","follow":"follow","max-snippet":"max-snippet:-1","max-image-preview":"max-image-preview:large","max-video-preview":"max-video-preview:-1"},"canonical":"https:\/\/www.atmosferamag.it\/it\/lighting-design-residenziale-e-commerciale\/","og_locale":"it_IT","og_type":"article","og_title":"Illuminazione commerciale e domestica: le differenze","og_description":"Il lighting design domestico \u00e8 diverso da quello commerciale, anche se spesso ci\u00f2 viene sottovalutato. Ecco perch\u00e9 non devi.","og_url":"https:\/\/www.atmosferamag.it\/it\/lighting-design-residenziale-e-commerciale\/","og_site_name":"Atmosfera Mag","article_publisher":"https:\/\/www.facebook.com\/people\/Atmosfera-Mag\/100086538670476\/","article_published_time":"2022-12-01T16:48:08+00:00","article_modified_time":"2023-02-10T11:03:56+00:00","og_image":[{"width":1920,"height":1280,"url":"https:\/\/www.atmosferamag.it\/wp-content\/uploads\/2022\/12\/0-HEADER-1.jpg","type":"image\/jpeg"}],"author":"Nadia Corvino","twitter_card":"summary_large_image","twitter_misc":{"Scritto da":"Nadia Corvino","Tempo di lettura stimato":"8 minuti"},"schema":{"@context":"https:\/\/schema.org","@graph":[{"@type":"Article","@id":"https:\/\/www.atmosferamag.it\/it\/lighting-design-residenziale-e-commerciale\/#article","isPartOf":{"@id":"https:\/\/www.atmosferamag.it\/it\/lighting-design-residenziale-e-commerciale\/"},"author":{"name":"Nadia Corvino","@id":"https:\/\/www.atmosferamag.it\/it\/#\/schema\/person\/6cc5c52ae28ebfdc61212e60103f6c86"},"headline":"La differenza tra lighting design residenziale e commerciale","datePublished":"2022-12-01T16:48:08+00:00","dateModified":"2023-02-10T11:03:56+00:00","mainEntityOfPage":{"@id":"https:\/\/www.atmosferamag.it\/it\/lighting-design-residenziale-e-commerciale\/"},"wordCount":1417,"publisher":{"@id":"https:\/\/www.atmosferamag.it\/it\/#organization"},"image":{"@id":"https:\/\/www.atmosferamag.it\/it\/lighting-design-residenziale-e-commerciale\/#primaryimage"},"thumbnailUrl":"https:\/\/www.atmosferamag.it\/wp-content\/uploads\/2022\/12\/0-HEADER-1.jpg","articleSection":["Spaces"],"inLanguage":"it-IT"},{"@type":"WebPage","@id":"https:\/\/www.atmosferamag.it\/it\/lighting-design-residenziale-e-commerciale\/","url":"https:\/\/www.atmosferamag.it\/it\/lighting-design-residenziale-e-commerciale\/","name":"Illuminazione commerciale e domestica: le differenze","isPartOf":{"@id":"https:\/\/www.atmosferamag.it\/it\/#website"},"primaryImageOfPage":{"@id":"https:\/\/www.atmosferamag.it\/it\/lighting-design-residenziale-e-commerciale\/#primaryimage"},"image":{"@id":"https:\/\/www.atmosferamag.it\/it\/lighting-design-residenziale-e-commerciale\/#primaryimage"},"thumbnailUrl":"https:\/\/www.atmosferamag.it\/wp-content\/uploads\/2022\/12\/0-HEADER-1.jpg","datePublished":"2022-12-01T16:48:08+00:00","dateModified":"2023-02-10T11:03:56+00:00","description":"Il lighting design domestico \u00e8 diverso da quello commerciale, anche se spesso ci\u00f2 viene sottovalutato. Ecco perch\u00e9 non devi.","breadcrumb":{"@id":"https:\/\/www.atmosferamag.it\/it\/lighting-design-residenziale-e-commerciale\/#breadcrumb"},"inLanguage":"it-IT","potentialAction":[{"@type":"ReadAction","target":["https:\/\/www.atmosferamag.it\/it\/lighting-design-residenziale-e-commerciale\/"]}]},{"@type":"ImageObject","inLanguage":"it-IT","@id":"https:\/\/www.atmosferamag.it\/it\/lighting-design-residenziale-e-commerciale\/#primaryimage","url":"https:\/\/www.atmosferamag.it\/wp-content\/uploads\/2022\/12\/0-HEADER-1.jpg","contentUrl":"https:\/\/www.atmosferamag.it\/wp-content\/uploads\/2022\/12\/0-HEADER-1.jpg","width":1920,"height":1280,"caption":"Commercial and residential lighting differences"},{"@type":"BreadcrumbList","@id":"https:\/\/www.atmosferamag.it\/it\/lighting-design-residenziale-e-commerciale\/#breadcrumb","itemListElement":[{"@type":"ListItem","position":1,"name":"Home","item":"https:\/\/www.atmosferamag.it\/it\/"},{"@type":"ListItem","position":2,"name":"La differenza tra lighting design residenziale e commerciale"}]},{"@type":"WebSite","@id":"https:\/\/www.atmosferamag.it\/it\/#website","url":"https:\/\/www.atmosferamag.it\/it\/","name":"Atmosfera Mag","description":"La luce in tutte le sue forme","publisher":{"@id":"https:\/\/www.atmosferamag.it\/it\/#organization"},"potentialAction":[{"@type":"SearchAction","target":{"@type":"EntryPoint","urlTemplate":"https:\/\/www.atmosferamag.it\/it\/?s={search_term_string}"},"query-input":{"@type":"PropertyValueSpecification","valueRequired":true,"valueName":"search_term_string"}}],"inLanguage":"it-IT"},{"@type":"Organization","@id":"https:\/\/www.atmosferamag.it\/it\/#organization","name":"Atmosfera Mag","url":"https:\/\/www.atmosferamag.it\/it\/","logo":{"@type":"ImageObject","inLanguage":"it-IT","@id":"https:\/\/www.atmosferamag.it\/it\/#\/schema\/logo\/image\/","url":"https:\/\/www.atmosferamag.it\/wp-content\/uploads\/2022\/09\/titolo.png","contentUrl":"https:\/\/www.atmosferamag.it\/wp-content\/uploads\/2022\/09\/titolo.png","width":2728,"height":406,"caption":"Atmosfera Mag"},"image":{"@id":"https:\/\/www.atmosferamag.it\/it\/#\/schema\/logo\/image\/"},"sameAs":["https:\/\/www.facebook.com\/people\/Atmosfera-Mag\/100086538670476\/","https:\/\/www.instagram.com\/atmosferamag\/","https:\/\/www.pinterest.it\/atmosfera_mag\/"]},{"@type":"Person","@id":"https:\/\/www.atmosferamag.it\/it\/#\/schema\/person\/6cc5c52ae28ebfdc61212e60103f6c86","name":"Nadia Corvino","image":{"@type":"ImageObject","inLanguage":"it-IT","@id":"https:\/\/www.atmosferamag.it\/it\/#\/schema\/person\/image\/","url":"https:\/\/secure.gravatar.com\/avatar\/a28d131a6d1cdf2fd76b2a72903b281e501ae21ffe74dc474643deb307ebd92c?s=96&d=mm&r=g","contentUrl":"https:\/\/secure.gravatar.com\/avatar\/a28d131a6d1cdf2fd76b2a72903b281e501ae21ffe74dc474643deb307ebd92c?s=96&d=mm&r=g","caption":"Nadia Corvino"},"url":"https:\/\/www.atmosferamag.it\/it\/author\/nadia-corvino\/"}]}},"_links":{"self":[{"href":"https:\/\/www.atmosferamag.it\/it\/wp-json\/wp\/v2\/posts\/24900","targetHints":{"allow":["GET"]}}],"collection":[{"href":"https:\/\/www.atmosferamag.it\/it\/wp-json\/wp\/v2\/posts"}],"about":[{"href":"https:\/\/www.atmosferamag.it\/it\/wp-json\/wp\/v2\/types\/post"}],"author":[{"embeddable":true,"href":"https:\/\/www.atmosferamag.it\/it\/wp-json\/wp\/v2\/users\/7"}],"replies":[{"embeddable":true,"href":"https:\/\/www.atmosferamag.it\/it\/wp-json\/wp\/v2\/comments?post=24900"}],"version-history":[{"count":32,"href":"https:\/\/www.atmosferamag.it\/it\/wp-json\/wp\/v2\/posts\/24900\/revisions"}],"predecessor-version":[{"id":26635,"href":"https:\/\/www.atmosferamag.it\/it\/wp-json\/wp\/v2\/posts\/24900\/revisions\/26635"}],"wp:featuredmedia":[{"embeddable":true,"href":"https:\/\/www.atmosferamag.it\/it\/wp-json\/wp\/v2\/media\/24870"}],"wp:attachment":[{"href":"https:\/\/www.atmosferamag.it\/it\/wp-json\/wp\/v2\/media?parent=24900"}],"wp:term":[{"taxonomy":"category","embeddable":true,"href":"https:\/\/www.atmosferamag.it\/it\/wp-json\/wp\/v2\/categories?post=24900"},{"taxonomy":"post_tag","embeddable":true,"href":"https:\/\/www.atmosferamag.it\/it\/wp-json\/wp\/v2\/tags?post=24900"}],"curies":[{"name":"wp","href":"https:\/\/api.w.org\/{rel}","templated":true}]}}