{"id":20810,"date":"2022-10-29T14:22:35","date_gmt":"2022-10-29T12:22:35","guid":{"rendered":"https:\/\/www.atmosferamag.it\/?p=20810"},"modified":"2023-02-10T12:08:46","modified_gmt":"2023-02-10T11:08:46","slug":"il-rapporto-discreto-tra-luce-e-natura-una-conversazione-con-jan-van-lierde","status":"publish","type":"post","link":"https:\/\/www.atmosferamag.it\/it\/il-rapporto-discreto-tra-luce-e-natura-una-conversazione-con-jan-van-lierde\/","title":{"rendered":"Il rapporto discreto tra luce e natura"},"content":{"rendered":"\t\t<div data-elementor-type=\"wp-post\" data-elementor-id=\"20810\" class=\"elementor elementor-20810 elementor-20858\" data-elementor-post-type=\"post\">\n\t\t\t\t\t\t<section class=\"elementor-section elementor-top-section elementor-element elementor-element-b08cc3b elementor-section-boxed elementor-section-height-default elementor-section-height-default\" data-id=\"b08cc3b\" data-element_type=\"section\" data-e-type=\"section\">\n\t\t\t\t\t\t<div class=\"elementor-container elementor-column-gap-default\">\n\t\t\t\t\t<div class=\"elementor-column elementor-col-100 elementor-top-column elementor-element elementor-element-99837cd\" data-id=\"99837cd\" data-element_type=\"column\" data-e-type=\"column\">\n\t\t\t<div class=\"elementor-widget-wrap elementor-element-populated\">\n\t\t\t\t\t\t<section class=\"elementor-section elementor-inner-section elementor-element elementor-element-6e811d6 elementor-section-boxed elementor-section-height-default elementor-section-height-default\" data-id=\"6e811d6\" data-element_type=\"section\" data-e-type=\"section\">\n\t\t\t\t\t\t<div class=\"elementor-container elementor-column-gap-no\">\n\t\t\t\t\t<div class=\"elementor-column elementor-col-50 elementor-inner-column elementor-element elementor-element-a3f69ce\" data-id=\"a3f69ce\" data-element_type=\"column\" data-e-type=\"column\">\n\t\t\t<div class=\"elementor-widget-wrap elementor-element-populated\">\n\t\t\t\t\t\t<div class=\"elementor-element elementor-element-0a19425 elementor-arrows-position-inside elementor-widget elementor-widget-image-carousel\" data-id=\"0a19425\" data-element_type=\"widget\" data-e-type=\"widget\" data-settings=\"{&quot;slides_to_show&quot;:&quot;1&quot;,&quot;navigation&quot;:&quot;arrows&quot;,&quot;autoplay&quot;:&quot;yes&quot;,&quot;pause_on_hover&quot;:&quot;yes&quot;,&quot;pause_on_interaction&quot;:&quot;yes&quot;,&quot;autoplay_speed&quot;:5000,&quot;infinite&quot;:&quot;yes&quot;,&quot;effect&quot;:&quot;slide&quot;,&quot;speed&quot;:500}\" data-widget_type=\"image-carousel.default\">\n\t\t\t\t<div class=\"elementor-widget-container\">\n\t\t\t\t\t\t\t<div class=\"elementor-image-carousel-wrapper swiper\" role=\"region\" aria-roledescription=\"carousel\" aria-label=\"Carosello d&#039;immagini\" dir=\"ltr\">\n\t\t\t<div class=\"elementor-image-carousel swiper-wrapper swiper-image-stretch\" aria-live=\"off\">\n\t\t\t\t\t\t\t\t<div class=\"swiper-slide\" role=\"group\" aria-roledescription=\"slide\" aria-label=\"1 di 7\"><figure class=\"swiper-slide-inner\"><img decoding=\"async\" class=\"swiper-slide-image\" src=\"https:\/\/www.atmosferamag.it\/wp-content\/uploads\/2022\/11\/1.jpg\" alt=\"DOT by Platek\" \/><figcaption class=\"elementor-image-carousel-caption\">DOT by Platek<\/figcaption><\/figure><\/div><div class=\"swiper-slide\" role=\"group\" aria-roledescription=\"slide\" aria-label=\"2 di 7\"><figure class=\"swiper-slide-inner\"><img decoding=\"async\" class=\"swiper-slide-image\" src=\"https:\/\/www.atmosferamag.it\/wp-content\/uploads\/2022\/11\/2.jpg\" alt=\"DOT by Platek\" \/><figcaption class=\"elementor-image-carousel-caption\">DOT by Platek<\/figcaption><\/figure><\/div><div class=\"swiper-slide\" role=\"group\" aria-roledescription=\"slide\" aria-label=\"3 di 7\"><figure class=\"swiper-slide-inner\"><img decoding=\"async\" class=\"swiper-slide-image\" src=\"https:\/\/www.atmosferamag.it\/wp-content\/uploads\/2022\/11\/3.jpg\" alt=\"DOT by Platek\" \/><figcaption class=\"elementor-image-carousel-caption\">DOT by Platek<\/figcaption><\/figure><\/div><div class=\"swiper-slide\" role=\"group\" aria-roledescription=\"slide\" aria-label=\"4 di 7\"><figure class=\"swiper-slide-inner\"><img decoding=\"async\" class=\"swiper-slide-image\" src=\"https:\/\/www.atmosferamag.it\/wp-content\/uploads\/2022\/11\/4.jpg\" alt=\"DOT by Platek\" \/><figcaption class=\"elementor-image-carousel-caption\">DOT by Platek<\/figcaption><\/figure><\/div><div class=\"swiper-slide\" role=\"group\" aria-roledescription=\"slide\" aria-label=\"5 di 7\"><figure class=\"swiper-slide-inner\"><img decoding=\"async\" class=\"swiper-slide-image\" src=\"https:\/\/www.atmosferamag.it\/wp-content\/uploads\/2022\/11\/5.jpg\" alt=\"DOT by Platek\" \/><figcaption class=\"elementor-image-carousel-caption\">DOT by Platek<\/figcaption><\/figure><\/div><div class=\"swiper-slide\" role=\"group\" aria-roledescription=\"slide\" aria-label=\"6 di 7\"><figure class=\"swiper-slide-inner\"><img decoding=\"async\" class=\"swiper-slide-image\" src=\"https:\/\/www.atmosferamag.it\/wp-content\/uploads\/2022\/11\/6.jpg\" alt=\"DOT by Platek\" \/><figcaption class=\"elementor-image-carousel-caption\">DOT by Platek<\/figcaption><\/figure><\/div><div class=\"swiper-slide\" role=\"group\" aria-roledescription=\"slide\" aria-label=\"7 di 7\"><figure class=\"swiper-slide-inner\"><img decoding=\"async\" class=\"swiper-slide-image\" src=\"https:\/\/www.atmosferamag.it\/wp-content\/uploads\/2022\/11\/7.jpg\" alt=\"DOT by Platek\" \/><figcaption class=\"elementor-image-carousel-caption\">DOT by Platek<\/figcaption><\/figure><\/div>\t\t\t<\/div>\n\t\t\t\t\t\t\t\t\t\t\t\t<div class=\"elementor-swiper-button elementor-swiper-button-prev\" role=\"button\" tabindex=\"0\">\n\t\t\t\t\t\t<svg xmlns=\"http:\/\/www.w3.org\/2000\/svg\" width=\"33.571\" height=\"28.74\" viewBox=\"0 0 33.571 28.74\"><g id=\"Raggruppa_79\" data-name=\"Raggruppa 79\" transform=\"translate(-1808.929 -4328.879)\"><g id=\"Raggruppa_78\" data-name=\"Raggruppa 78\" transform=\"translate(1774.412 3656.135)\"><line id=\"Linea_17\" data-name=\"Linea 17\" y1=\"12.308\" x2=\"12.5\" transform=\"translate(36.639 674.865)\" fill=\"none\" stroke=\"#242424\" stroke-linecap=\"round\" stroke-width=\"3\"><\/line><line id=\"Linea_18\" data-name=\"Linea 18\" x2=\"13.547\" y2=\"12.193\" transform=\"translate(36.639 687.173)\" fill=\"none\" stroke=\"#242424\" stroke-linecap=\"round\" stroke-width=\"3\"><\/line><\/g><path id=\"Tracciato_30\" data-name=\"Tracciato 30\" d=\"M43.173,0H14.551\" transform=\"translate(1855.551 4343.248) rotate(180)\" fill=\"none\" stroke=\"#242424\" stroke-linecap=\"round\" stroke-width=\"3\"><\/path><\/g><\/svg>\t\t\t\t\t<\/div>\n\t\t\t\t\t<div class=\"elementor-swiper-button elementor-swiper-button-next\" role=\"button\" tabindex=\"0\">\n\t\t\t\t\t\t<svg xmlns=\"http:\/\/www.w3.org\/2000\/svg\" width=\"33.571\" height=\"28.74\" viewBox=\"0 0 33.571 28.74\"><g id=\"Raggruppa_474\" data-name=\"Raggruppa 474\" transform=\"translate(-3852.551 -4760.882)\"><g id=\"Raggruppa_77\" data-name=\"Raggruppa 77\" transform=\"translate(3920.639 5462.367) rotate(180)\"><line id=\"Linea_17\" data-name=\"Linea 17\" y1=\"12.308\" x2=\"12.5\" transform=\"translate(36.639 674.865)\" fill=\"none\" stroke=\"#242424\" stroke-linecap=\"round\" stroke-width=\"3\"><\/line><line id=\"Linea_18\" data-name=\"Linea 18\" x2=\"13.547\" y2=\"12.193\" transform=\"translate(36.639 687.173)\" fill=\"none\" stroke=\"#242424\" stroke-linecap=\"round\" stroke-width=\"3\"><\/line><\/g><path id=\"Tracciato_29\" data-name=\"Tracciato 29\" d=\"M43.173,0H14.551\" transform=\"translate(3839.5 4774.25)\" fill=\"none\" stroke=\"#242424\" stroke-linecap=\"round\" stroke-width=\"3\"><\/path><\/g><\/svg>\t\t\t\t\t<\/div>\n\t\t\t\t\n\t\t\t\t\t\t\t\t\t<\/div>\n\t\t\t\t\t\t<\/div>\n\t\t\t\t<\/div>\n\t\t\t\t\t<\/div>\n\t\t<\/div>\n\t\t\t\t<div class=\"elementor-column elementor-col-50 elementor-inner-column elementor-element elementor-element-08c94a4\" data-id=\"08c94a4\" data-element_type=\"column\" data-e-type=\"column\">\n\t\t\t<div class=\"elementor-widget-wrap elementor-element-populated\">\n\t\t\t\t\t\t<div class=\"elementor-element elementor-element-dcd4c17 elementor-widget elementor-widget-text-editor\" data-id=\"dcd4c17\" data-element_type=\"widget\" data-e-type=\"widget\" data-widget_type=\"text-editor.default\">\n\t\t\t\t<div class=\"elementor-widget-container\">\n\t\t\t\t\t\t\t\t\t<p><span style=\"font-weight: 400;\">Piccoli e intensi bagliori si intervallano tra il verde di bamb\u00f9, podocarpus e oleandri in fiore, oppure nascosti ma in piena vista in un salotto da giardino o a bordo piscina. Le linee eleganti e minimali delle lampade da esterni DOT, disegnate dall<\/span><span style=\"font-weight: 400;\">\u2019<\/span><span style=\"font-weight: 400;\">imprenditore e architetto Jan Van Lierde per PLATEK, sono solo l<\/span><span style=\"font-weight: 400;\">\u2019<\/span><span style=\"font-weight: 400;\">ultimo lavoro \u2013 presentato alla scorsa edizione del FuoriSalone22 \u2013 di un maestro della luce di fama internazionale e con un<\/span><span style=\"font-weight: 400;\">\u2019<\/span><span style=\"font-weight: 400;\">esperienza ultra-decennale.\u00a0<\/span><\/p><p><span style=\"font-weight: 400;\">Fondatore di Kreon e assiduo collaboratore di Artemide, per citare due case history, con questo particolare prodotto il designer ha voluto avvicinarsi ed elogiare la natura con un messaggio chiaro \u00abL&#8217;uomo stesso \u00e8 un prodotto della natura; solo per un breve periodo nella storia umana i bambini nascono negli edifici, ad esempio. Il rispetto per quella stessa natura \u00e8 quindi per me evidente. Aggiungere luce qua e l\u00e0 alla natura (nelle nostre immediate vicinanze) dovrebbe essere fatto nel modo pi\u00f9 discreto possibile, per non turbare il suo fragile equilibrio\u00bb ci dice Van Lierde all<\/span><span style=\"font-weight: 400;\">\u2019<\/span><span style=\"font-weight: 400;\">inizio della nostra conversazione, e prosegue \u00abDesign semplice, materiali senza tempo sono sempre stati parte della mia firma creativa e quindi sono sicuramente al loro posto qui\u00bb.<\/span><\/p>\t\t\t\t\t\t\t\t<\/div>\n\t\t\t\t<\/div>\n\t\t\t\t\t<\/div>\n\t\t<\/div>\n\t\t\t\t\t<\/div>\n\t\t<\/section>\n\t\t\t\t<section class=\"elementor-section elementor-inner-section elementor-element elementor-element-a92f5ae elementor-section-boxed elementor-section-height-default elementor-section-height-default\" data-id=\"a92f5ae\" data-element_type=\"section\" data-e-type=\"section\">\n\t\t\t\t\t\t<div class=\"elementor-container elementor-column-gap-default\">\n\t\t\t\t\t<div class=\"elementor-column elementor-col-100 elementor-inner-column elementor-element elementor-element-8e09e62\" data-id=\"8e09e62\" data-element_type=\"column\" data-e-type=\"column\">\n\t\t\t<div class=\"elementor-widget-wrap elementor-element-populated\">\n\t\t\t\t\t\t<div class=\"elementor-element elementor-element-251e7bd elementor-widget elementor-widget-heading\" data-id=\"251e7bd\" data-element_type=\"widget\" data-e-type=\"widget\" data-widget_type=\"heading.default\">\n\t\t\t\t<div class=\"elementor-widget-container\">\n\t\t\t\t\t<h2 class=\"elementor-heading-title elementor-size-default\">\u00abAggiungere luce qua e l\u00e0 alla natura dovrebbe essere fatto nel modo pi\u00f9 discreto possibile, per non turbare il suo fragile equilibrio\u00bb<\/h2>\t\t\t\t<\/div>\n\t\t\t\t<\/div>\n\t\t\t\t\t<\/div>\n\t\t<\/div>\n\t\t\t\t\t<\/div>\n\t\t<\/section>\n\t\t\t\t<div class=\"elementor-element elementor-element-b5066d4 elementor-widget elementor-widget-text-editor\" data-id=\"b5066d4\" data-element_type=\"widget\" data-e-type=\"widget\" data-widget_type=\"text-editor.default\">\n\t\t\t\t<div class=\"elementor-widget-container\">\n\t\t\t\t\t\t\t\t\t<p><span style=\"font-weight: 400;\">Il rapporto silenzioso tra queste lampade e la vegetazione di un giardino, fa pensare al nostro \u2013 in quanto umanit\u00e0 \u2013 di rapporto con la natura, che al contrario, \u00e8 tutt<\/span><span style=\"font-weight: 400;\">\u2019<\/span><span style=\"font-weight: 400;\">altro che discreto<\/span><span style=\"font-weight: 400;\">.<\/span><span style=\"font-weight: 400;\"> Portiamo quindi immediatamente il discorso su un tema che fa parte di questa epoca e che riguarda trasversalmente ogni ambito della societ\u00e0 e dell<\/span><span style=\"font-weight: 400;\">\u2019<\/span><span style=\"font-weight: 400;\">industria, ovvero la sostenibilit\u00e0. \u00abUn tema che mi sta molto a cuore\u00bb dice subito Van Lierde.<\/span><\/p><p><span style=\"font-weight: 400;\">Oggi \u00e8 diventato imprescindibile ragionare in termini di sostenibilit\u00e0 ambientale quando parliamo di spostamenti, di produzione, di consumi per esempio, e sviluppare soluzioni innovative e dirompenti, \u00e8 quanto mai necessario per tracciare una nuova strada percorribile verso il futuro.<\/span><\/p><p><span style=\"font-weight: 400;\">Van Lierde fa da sempre di questi ingredienti il suo pane quotidiano \u2013 innovazione e soluzioni dirompenti, appunto \u2013 e proprio per questo gli chiediamo se, dal suo punto di vista, immagina che nell<\/span><span style=\"font-weight: 400;\">\u2019<\/span><span style=\"font-weight: 400;\">ambito del lighting design ci siano novit\u00e0 in arrivo, che possano rappresentare un passo avanti creativo e tecnologico verso una maggiore sostenibilit\u00e0: \u00abOggi \u00e8 un tema chiaro per tutti il doverci rapportare in modo sostenibile con il nostro pianeta e non esaurirne ulteriormente le energie. <\/span><\/p>\t\t\t\t\t\t\t\t<\/div>\n\t\t\t\t<\/div>\n\t\t\t\t<div class=\"elementor-element elementor-element-44b83f9 elementor-widget elementor-widget-image\" data-id=\"44b83f9\" data-element_type=\"widget\" data-e-type=\"widget\" data-widget_type=\"image.default\">\n\t\t\t\t<div class=\"elementor-widget-container\">\n\t\t\t\t\t\t\t\t\t\t\t\t\t\t\t<img fetchpriority=\"high\" decoding=\"async\" width=\"800\" height=\"534\" src=\"https:\/\/www.atmosferamag.it\/wp-content\/uploads\/2022\/10\/8-flos-van-lierde-1024x683.jpg\" class=\"attachment-large size-large wp-image-21698\" alt=\"\" srcset=\"https:\/\/www.atmosferamag.it\/wp-content\/uploads\/2022\/10\/8-flos-van-lierde-1024x683.jpg 1024w, https:\/\/www.atmosferamag.it\/wp-content\/uploads\/2022\/10\/8-flos-van-lierde-300x200.jpg 300w, https:\/\/www.atmosferamag.it\/wp-content\/uploads\/2022\/10\/8-flos-van-lierde-768x512.jpg 768w, https:\/\/www.atmosferamag.it\/wp-content\/uploads\/2022\/10\/8-flos-van-lierde-1536x1024.jpg 1536w, https:\/\/www.atmosferamag.it\/wp-content\/uploads\/2022\/10\/8-flos-van-lierde.jpg 1920w\" sizes=\"(max-width: 800px) 100vw, 800px\" \/>\t\t\t\t\t\t\t\t\t\t\t\t\t\t\t<\/div>\n\t\t\t\t<\/div>\n\t\t\t\t<div class=\"elementor-element elementor-element-35172b4 elementor-hidden-desktop elementor-hidden-tablet elementor-hidden-mobile elementor-widget elementor-widget-text-editor\" data-id=\"35172b4\" data-element_type=\"widget\" data-e-type=\"widget\" data-widget_type=\"text-editor.default\">\n\t\t\t\t<div class=\"elementor-widget-container\">\n\t\t\t\t\t\t\t\t\t<p>Lorem ipsum dolor sit amet, consectetur adipiscing elit.<\/p>\t\t\t\t\t\t\t\t<\/div>\n\t\t\t\t<\/div>\n\t\t\t\t<section class=\"elementor-section elementor-inner-section elementor-element elementor-element-4d9f0bc elementor-section-boxed elementor-section-height-default elementor-section-height-default\" data-id=\"4d9f0bc\" data-element_type=\"section\" data-e-type=\"section\">\n\t\t\t\t\t\t<div class=\"elementor-container elementor-column-gap-default\">\n\t\t\t\t\t<div class=\"elementor-column elementor-col-50 elementor-inner-column elementor-element elementor-element-ebc0e07\" data-id=\"ebc0e07\" data-element_type=\"column\" data-e-type=\"column\">\n\t\t\t<div class=\"elementor-widget-wrap elementor-element-populated\">\n\t\t\t\t\t\t<div class=\"elementor-element elementor-element-fd55dac elementor-widget elementor-widget-heading\" data-id=\"fd55dac\" data-element_type=\"widget\" data-e-type=\"widget\" data-widget_type=\"heading.default\">\n\t\t\t\t<div class=\"elementor-widget-container\">\n\t\t\t\t\t<h2 class=\"elementor-heading-title elementor-size-default\">\u00abOggi \u00e8 un tema chiaro per tutti il doverci rapportare in modo sostenibile con il nostro pianeta e non esaurirne ulteriormente le energie\u00bb<br><\/h2>\t\t\t\t<\/div>\n\t\t\t\t<\/div>\n\t\t\t\t\t<\/div>\n\t\t<\/div>\n\t\t\t\t<div class=\"elementor-column elementor-col-50 elementor-inner-column elementor-element elementor-element-243944c\" data-id=\"243944c\" data-element_type=\"column\" data-e-type=\"column\">\n\t\t\t<div class=\"elementor-widget-wrap elementor-element-populated\">\n\t\t\t\t\t\t<div class=\"elementor-element elementor-element-6d2e2a4 elementor-widget elementor-widget-text-editor\" data-id=\"6d2e2a4\" data-element_type=\"widget\" data-e-type=\"widget\" data-widget_type=\"text-editor.default\">\n\t\t\t\t<div class=\"elementor-widget-container\">\n\t\t\t\t\t\t\t\t\t<p><span style=\"font-weight: 400;\">Grazie allo sviluppo delle sorgenti luminose a LED, si \u00e8 presentata una grande opportunit\u00e0 per questa questione globale. Quasi tutte le nostre attuali sorgenti luminose utilizzano ancora un voltaggio diverso e ci sarebbe bisogno di ristrutturare tutta la rete e convertirla alle necessit\u00e0 del LED.&nbsp;<\/span><\/p><p><span style=\"font-weight: 400;\">Alcuni produttori incorporano questo passaggio in un unico driver. Altri separano il trasformatore (220-24\/48 volt) dalla funzione driver (tensione costante o corrente costante)\u00bb A conferma delle nostre premesse, Van Lierde sembra come esaltarsi nell<\/span><span style=\"font-weight: 400;\">\u2019<\/span><span style=\"font-weight: 400;\">entrare nei dettagli di scelte che potrebbero cambiare radicalmente il modo in cui consumiamo energia in questo momento nelle nostre case o per illuminare le nostre citt\u00e0. \u00abUtilizzando l&#8217;energia rinnovabile, possiamo immagazzinare l<\/span><span style=\"font-weight: 400;\">\u2019<\/span><span style=\"font-weight: 400;\">energia generata in batterie alla stessa tensione del fabbisogno della sorgente luminosa a LED.&nbsp;<\/span><\/p><p><span style=\"font-weight: 400;\">Di conseguenza, \u00e8 possibile evitare una conversione dall&#8217;energia solare verso l&#8217;alimentazione di rete e viceversa e quindi \u00e8 possibile risparmiare energia interrompendo questa trasformazione. In questa maniera, per grandi progetti istituzionali (e anche residenziali), si potr\u00e0 sviluppare un&#8217;applicazione pi\u00f9 ecologica\u00bb.<\/span><\/p>\t\t\t\t\t\t\t\t<\/div>\n\t\t\t\t<\/div>\n\t\t\t\t\t<\/div>\n\t\t<\/div>\n\t\t\t\t\t<\/div>\n\t\t<\/section>\n\t\t\t\t<div class=\"elementor-element elementor-element-fbde41e carosello elementor-arrows-position-inside elementor-widget elementor-widget-image-carousel\" data-id=\"fbde41e\" data-element_type=\"widget\" data-e-type=\"widget\" data-settings=\"{&quot;slides_to_show&quot;:&quot;4&quot;,&quot;navigation&quot;:&quot;arrows&quot;,&quot;image_spacing_custom&quot;:{&quot;unit&quot;:&quot;px&quot;,&quot;size&quot;:13,&quot;sizes&quot;:[]},&quot;autoplay&quot;:&quot;yes&quot;,&quot;pause_on_hover&quot;:&quot;yes&quot;,&quot;pause_on_interaction&quot;:&quot;yes&quot;,&quot;autoplay_speed&quot;:5000,&quot;infinite&quot;:&quot;yes&quot;,&quot;speed&quot;:500,&quot;image_spacing_custom_laptop&quot;:{&quot;unit&quot;:&quot;px&quot;,&quot;size&quot;:&quot;&quot;,&quot;sizes&quot;:[]},&quot;image_spacing_custom_tablet&quot;:{&quot;unit&quot;:&quot;px&quot;,&quot;size&quot;:&quot;&quot;,&quot;sizes&quot;:[]},&quot;image_spacing_custom_mobile&quot;:{&quot;unit&quot;:&quot;px&quot;,&quot;size&quot;:&quot;&quot;,&quot;sizes&quot;:[]}}\" data-widget_type=\"image-carousel.default\">\n\t\t\t\t<div class=\"elementor-widget-container\">\n\t\t\t\t\t\t\t<div class=\"elementor-image-carousel-wrapper swiper\" role=\"region\" aria-roledescription=\"carousel\" aria-label=\"Carosello d&#039;immagini\" dir=\"ltr\">\n\t\t\t<div class=\"elementor-image-carousel swiper-wrapper swiper-image-stretch\" aria-live=\"off\">\n\t\t\t\t\t\t\t\t<div class=\"swiper-slide\" role=\"group\" aria-roledescription=\"slide\" aria-label=\"1 di 4\"><figure class=\"swiper-slide-inner\"><img decoding=\"async\" class=\"swiper-slide-image\" src=\"https:\/\/www.atmosferamag.it\/wp-content\/uploads\/2022\/10\/12.jpg\" alt=\"12\" \/><\/figure><\/div><div class=\"swiper-slide\" role=\"group\" aria-roledescription=\"slide\" aria-label=\"2 di 4\"><figure class=\"swiper-slide-inner\"><img decoding=\"async\" class=\"swiper-slide-image\" src=\"https:\/\/www.atmosferamag.it\/wp-content\/uploads\/2022\/10\/11.jpg\" alt=\"11\" \/><\/figure><\/div><div class=\"swiper-slide\" role=\"group\" aria-roledescription=\"slide\" aria-label=\"3 di 4\"><figure class=\"swiper-slide-inner\"><img decoding=\"async\" class=\"swiper-slide-image\" src=\"https:\/\/www.atmosferamag.it\/wp-content\/uploads\/2022\/10\/10.jpg\" alt=\"10\" \/><\/figure><\/div><div class=\"swiper-slide\" role=\"group\" aria-roledescription=\"slide\" aria-label=\"4 di 4\"><figure class=\"swiper-slide-inner\"><img decoding=\"async\" class=\"swiper-slide-image\" src=\"https:\/\/www.atmosferamag.it\/wp-content\/uploads\/2022\/10\/9.jpg\" alt=\"9\" \/><\/figure><\/div>\t\t\t<\/div>\n\t\t\t\t\t\t\t\t\t\t\t\t<div class=\"elementor-swiper-button elementor-swiper-button-prev\" role=\"button\" tabindex=\"0\">\n\t\t\t\t\t\t<svg xmlns=\"http:\/\/www.w3.org\/2000\/svg\" width=\"33.571\" height=\"28.74\" viewBox=\"0 0 33.571 28.74\"><g id=\"Raggruppa_79\" data-name=\"Raggruppa 79\" transform=\"translate(-1808.929 -4328.879)\"><g id=\"Raggruppa_78\" data-name=\"Raggruppa 78\" transform=\"translate(1774.412 3656.135)\"><line id=\"Linea_17\" data-name=\"Linea 17\" y1=\"12.308\" x2=\"12.5\" transform=\"translate(36.639 674.865)\" fill=\"none\" stroke=\"#242424\" stroke-linecap=\"round\" stroke-width=\"3\"><\/line><line id=\"Linea_18\" data-name=\"Linea 18\" x2=\"13.547\" y2=\"12.193\" transform=\"translate(36.639 687.173)\" fill=\"none\" stroke=\"#242424\" stroke-linecap=\"round\" stroke-width=\"3\"><\/line><\/g><path id=\"Tracciato_30\" data-name=\"Tracciato 30\" d=\"M43.173,0H14.551\" transform=\"translate(1855.551 4343.248) rotate(180)\" fill=\"none\" stroke=\"#242424\" stroke-linecap=\"round\" stroke-width=\"3\"><\/path><\/g><\/svg>\t\t\t\t\t<\/div>\n\t\t\t\t\t<div class=\"elementor-swiper-button elementor-swiper-button-next\" role=\"button\" tabindex=\"0\">\n\t\t\t\t\t\t<svg xmlns=\"http:\/\/www.w3.org\/2000\/svg\" width=\"33.571\" height=\"28.74\" viewBox=\"0 0 33.571 28.74\"><g id=\"Raggruppa_474\" data-name=\"Raggruppa 474\" transform=\"translate(-3852.551 -4760.882)\"><g id=\"Raggruppa_77\" data-name=\"Raggruppa 77\" transform=\"translate(3920.639 5462.367) rotate(180)\"><line id=\"Linea_17\" data-name=\"Linea 17\" y1=\"12.308\" x2=\"12.5\" transform=\"translate(36.639 674.865)\" fill=\"none\" stroke=\"#242424\" stroke-linecap=\"round\" stroke-width=\"3\"><\/line><line id=\"Linea_18\" data-name=\"Linea 18\" x2=\"13.547\" y2=\"12.193\" transform=\"translate(36.639 687.173)\" fill=\"none\" stroke=\"#242424\" stroke-linecap=\"round\" stroke-width=\"3\"><\/line><\/g><path id=\"Tracciato_29\" data-name=\"Tracciato 29\" d=\"M43.173,0H14.551\" transform=\"translate(3839.5 4774.25)\" fill=\"none\" stroke=\"#242424\" stroke-linecap=\"round\" stroke-width=\"3\"><\/path><\/g><\/svg>\t\t\t\t\t<\/div>\n\t\t\t\t\n\t\t\t\t\t\t\t\t\t<\/div>\n\t\t\t\t\t\t<\/div>\n\t\t\t\t<\/div>\n\t\t\t\t<section class=\"elementor-section elementor-inner-section elementor-element elementor-element-4202363 elementor-section-content-top elementor-section-boxed elementor-section-height-default elementor-section-height-default\" data-id=\"4202363\" data-element_type=\"section\" data-e-type=\"section\">\n\t\t\t\t\t\t<div class=\"elementor-container elementor-column-gap-no\">\n\t\t\t\t\t<div class=\"elementor-column elementor-col-50 elementor-inner-column elementor-element elementor-element-2991bb7\" data-id=\"2991bb7\" data-element_type=\"column\" data-e-type=\"column\">\n\t\t\t<div class=\"elementor-widget-wrap elementor-element-populated\">\n\t\t\t\t\t\t<div class=\"elementor-element elementor-element-348e53d elementor-widget elementor-widget-text-editor\" data-id=\"348e53d\" data-element_type=\"widget\" data-e-type=\"widget\" data-widget_type=\"text-editor.default\">\n\t\t\t\t<div class=\"elementor-widget-container\">\n\t\t\t\t\t\t\t\t\t\u00c8 impossibile inoltre non menzionare l\u2019attuale crisi energetica e l\u2019attenzione mediatica e politica che viene data al cosiddetto \u201ccaro bollette\u201d. Chiediamo a Van Lierde se da questa situazione di difficolt\u00e0 possano nascere maggiori consapevolezze riguardo i nostri consumi e se, a suo parere, esperti del settore come lighting designer, andrebbero coinvolti maggiormente nelle riflessioni attorno a questo delicato tema. \u00abIn questo periodo \u00e8 iniziato un processo di sensibilizzazione a causa delle improvvise bollette energetiche alle stelle che ci sta portando a pensare a cosa \u00e8 necessario e cosa si pu\u00f2 fare per riportare l&#8217;equilibrio tra costi e benessere. Le leggi e le norme vengono fatte dai politici, ma mi sembra logico che si debba dare pi\u00f9 spazio anche a persone con esperienza pratica, per costruire soluzioni che contribuiscano al benessere generale\u00bb.\n\nPrima di congedarci proviamo a strappare qualche notizia in esclusiva al designer, sui lavori in corso. Sebbene non ami parlare esplicitamente del suo lavoro, preferendo rimanere tra le righe o essere riconosciuto autonomamente da occhi curiosi ed esperti, ci lascia per\u00f2 con una curiosit\u00e0 \u00abstiamo lavorando a una nuova formula per offrire luce al mercato internazionale, in termini di approccio e roll-out, ne saprete meglio fra un anno o poco pi\u00f9\u00bb.\n\nCerti che ne varr\u00e0 la pena, aspetteremo pazientemente.\t\t\t\t\t\t\t\t<\/div>\n\t\t\t\t<\/div>\n\t\t\t\t\t<\/div>\n\t\t<\/div>\n\t\t\t\t<div class=\"elementor-column elementor-col-50 elementor-inner-column elementor-element elementor-element-fbfab63\" data-id=\"fbfab63\" data-element_type=\"column\" data-e-type=\"column\">\n\t\t\t<div class=\"elementor-widget-wrap elementor-element-populated\">\n\t\t\t\t\t\t<div class=\"elementor-element elementor-element-26ba90e elementor-widget elementor-widget-image\" data-id=\"26ba90e\" data-element_type=\"widget\" data-e-type=\"widget\" data-widget_type=\"image.default\">\n\t\t\t\t<div class=\"elementor-widget-container\">\n\t\t\t\t\t\t\t\t\t\t\t\t<figure class=\"wp-caption\">\n\t\t\t\t\t\t\t\t\t\t<img decoding=\"async\" width=\"798\" height=\"1024\" src=\"https:\/\/www.atmosferamag.it\/wp-content\/uploads\/2022\/10\/13-artemide-van-lierde-798x1024.jpg\" class=\"attachment-large size-large wp-image-21310\" alt=\"\" srcset=\"https:\/\/www.atmosferamag.it\/wp-content\/uploads\/2022\/10\/13-artemide-van-lierde-798x1024.jpg 798w, https:\/\/www.atmosferamag.it\/wp-content\/uploads\/2022\/10\/13-artemide-van-lierde-234x300.jpg 234w, https:\/\/www.atmosferamag.it\/wp-content\/uploads\/2022\/10\/13-artemide-van-lierde-768x985.jpg 768w, https:\/\/www.atmosferamag.it\/wp-content\/uploads\/2022\/10\/13-artemide-van-lierde.jpg 1080w\" sizes=\"(max-width: 798px) 100vw, 798px\" \/>\t\t\t\t\t\t\t\t\t\t\t<figcaption class=\"widget-image-caption wp-caption-text\">Jan Van Lierde per Artemide<\/figcaption>\n\t\t\t\t\t\t\t\t\t\t<\/figure>\n\t\t\t\t\t\t\t\t\t<\/div>\n\t\t\t\t<\/div>\n\t\t\t\t<div class=\"elementor-element elementor-element-1b0dd6a elementor-hidden-desktop elementor-hidden-tablet elementor-hidden-mobile elementor-widget elementor-widget-text-editor\" data-id=\"1b0dd6a\" data-element_type=\"widget\" data-e-type=\"widget\" data-widget_type=\"text-editor.default\">\n\t\t\t\t<div class=\"elementor-widget-container\">\n\t\t\t\t\t\t\t\t\t<p>Lorem ipsum dolor sit amet, consectetur adipiscing elit.<\/p>\t\t\t\t\t\t\t\t<\/div>\n\t\t\t\t<\/div>\n\t\t\t\t\t<\/div>\n\t\t<\/div>\n\t\t\t\t\t<\/div>\n\t\t<\/section>\n\t\t\t\t\t<\/div>\n\t\t<\/div>\n\t\t\t\t\t<\/div>\n\t\t<\/section>\n\t\t\t\t<\/div>\n\t\t","protected":false},"excerpt":{"rendered":"<p>Una conversazione con Jan Van Lierde su lighting design, sostenibilit\u00e0 e rapporto con la natura.<\/p>\n","protected":false},"author":2,"featured_media":20838,"comment_status":"closed","ping_status":"open","sticky":false,"template":"","format":"standard","meta":{"footnotes":""},"categories":[39],"tags":[],"class_list":["post-20810","post","type-post","status-publish","format-standard","has-post-thumbnail","hentry","category-stories"],"yoast_head":"<!-- This site is optimized with the Yoast SEO plugin v26.0 - https:\/\/yoast.com\/wordpress\/plugins\/seo\/ -->\n<title>Intervista con Jan Van Lierde su luce e natura - Atmosfera Mag<\/title>\n<meta name=\"description\" content=\"Abbiamo intervistato Jan Van Lierde, il quale ci ha parlato della sua visione, in un viaggio sul rapporto tra luce e natura.\" \/>\n<meta name=\"robots\" content=\"index, follow, max-snippet:-1, max-image-preview:large, max-video-preview:-1\" \/>\n<link rel=\"canonical\" href=\"https:\/\/www.atmosferamag.it\/it\/il-rapporto-discreto-tra-luce-e-natura-una-conversazione-con-jan-van-lierde\/\" \/>\n<meta property=\"og:locale\" content=\"it_IT\" \/>\n<meta property=\"og:type\" content=\"article\" \/>\n<meta property=\"og:title\" content=\"Intervista con Jan Van Lierde su luce e natura - Atmosfera Mag\" \/>\n<meta property=\"og:description\" content=\"Abbiamo intervistato Jan Van Lierde, il quale ci ha parlato della sua visione, in un viaggio sul rapporto tra luce e natura.\" \/>\n<meta property=\"og:url\" content=\"https:\/\/www.atmosferamag.it\/it\/il-rapporto-discreto-tra-luce-e-natura-una-conversazione-con-jan-van-lierde\/\" \/>\n<meta property=\"og:site_name\" content=\"Atmosfera Mag\" \/>\n<meta property=\"article:publisher\" content=\"https:\/\/www.facebook.com\/people\/Atmosfera-Mag\/100086538670476\/\" \/>\n<meta property=\"article:published_time\" content=\"2022-10-29T12:22:35+00:00\" \/>\n<meta property=\"article:modified_time\" content=\"2023-02-10T11:08:46+00:00\" \/>\n<meta property=\"og:image\" content=\"https:\/\/www.atmosferamag.it\/wp-content\/uploads\/2022\/10\/0-HEADER-3.jpg\" \/>\n\t<meta property=\"og:image:width\" content=\"1920\" \/>\n\t<meta property=\"og:image:height\" content=\"1280\" \/>\n\t<meta property=\"og:image:type\" content=\"image\/jpeg\" \/>\n<meta name=\"author\" content=\"Redazione AtmosferaMag\" \/>\n<meta name=\"twitter:card\" content=\"summary_large_image\" \/>\n<meta name=\"twitter:label1\" content=\"Scritto da\" \/>\n\t<meta name=\"twitter:data1\" content=\"Redazione AtmosferaMag\" \/>\n\t<meta name=\"twitter:label2\" content=\"Tempo di lettura stimato\" \/>\n\t<meta name=\"twitter:data2\" content=\"7 minuti\" \/>\n<script type=\"application\/ld+json\" class=\"yoast-schema-graph\">{\"@context\":\"https:\/\/schema.org\",\"@graph\":[{\"@type\":\"Article\",\"@id\":\"https:\/\/www.atmosferamag.it\/it\/il-rapporto-discreto-tra-luce-e-natura-una-conversazione-con-jan-van-lierde\/#article\",\"isPartOf\":{\"@id\":\"https:\/\/www.atmosferamag.it\/it\/il-rapporto-discreto-tra-luce-e-natura-una-conversazione-con-jan-van-lierde\/\"},\"author\":{\"name\":\"Redazione AtmosferaMag\",\"@id\":\"https:\/\/www.atmosferamag.it\/it\/#\/schema\/person\/ab74a44bc124a0796815bc269e4939dc\"},\"headline\":\"Il rapporto discreto tra luce e natura\",\"datePublished\":\"2022-10-29T12:22:35+00:00\",\"dateModified\":\"2023-02-10T11:08:46+00:00\",\"mainEntityOfPage\":{\"@id\":\"https:\/\/www.atmosferamag.it\/it\/il-rapporto-discreto-tra-luce-e-natura-una-conversazione-con-jan-van-lierde\/\"},\"wordCount\":856,\"publisher\":{\"@id\":\"https:\/\/www.atmosferamag.it\/it\/#organization\"},\"image\":{\"@id\":\"https:\/\/www.atmosferamag.it\/it\/il-rapporto-discreto-tra-luce-e-natura-una-conversazione-con-jan-van-lierde\/#primaryimage\"},\"thumbnailUrl\":\"https:\/\/www.atmosferamag.it\/wp-content\/uploads\/2022\/10\/0-HEADER-3.jpg\",\"articleSection\":[\"Stories\"],\"inLanguage\":\"it-IT\"},{\"@type\":\"WebPage\",\"@id\":\"https:\/\/www.atmosferamag.it\/it\/il-rapporto-discreto-tra-luce-e-natura-una-conversazione-con-jan-van-lierde\/\",\"url\":\"https:\/\/www.atmosferamag.it\/it\/il-rapporto-discreto-tra-luce-e-natura-una-conversazione-con-jan-van-lierde\/\",\"name\":\"Intervista con Jan Van Lierde su luce e natura - Atmosfera Mag\",\"isPartOf\":{\"@id\":\"https:\/\/www.atmosferamag.it\/it\/#website\"},\"primaryImageOfPage\":{\"@id\":\"https:\/\/www.atmosferamag.it\/it\/il-rapporto-discreto-tra-luce-e-natura-una-conversazione-con-jan-van-lierde\/#primaryimage\"},\"image\":{\"@id\":\"https:\/\/www.atmosferamag.it\/it\/il-rapporto-discreto-tra-luce-e-natura-una-conversazione-con-jan-van-lierde\/#primaryimage\"},\"thumbnailUrl\":\"https:\/\/www.atmosferamag.it\/wp-content\/uploads\/2022\/10\/0-HEADER-3.jpg\",\"datePublished\":\"2022-10-29T12:22:35+00:00\",\"dateModified\":\"2023-02-10T11:08:46+00:00\",\"description\":\"Abbiamo intervistato Jan Van Lierde, il quale ci ha parlato della sua visione, in un viaggio sul rapporto tra luce e natura.\",\"breadcrumb\":{\"@id\":\"https:\/\/www.atmosferamag.it\/it\/il-rapporto-discreto-tra-luce-e-natura-una-conversazione-con-jan-van-lierde\/#breadcrumb\"},\"inLanguage\":\"it-IT\",\"potentialAction\":[{\"@type\":\"ReadAction\",\"target\":[\"https:\/\/www.atmosferamag.it\/it\/il-rapporto-discreto-tra-luce-e-natura-una-conversazione-con-jan-van-lierde\/\"]}]},{\"@type\":\"ImageObject\",\"inLanguage\":\"it-IT\",\"@id\":\"https:\/\/www.atmosferamag.it\/it\/il-rapporto-discreto-tra-luce-e-natura-una-conversazione-con-jan-van-lierde\/#primaryimage\",\"url\":\"https:\/\/www.atmosferamag.it\/wp-content\/uploads\/2022\/10\/0-HEADER-3.jpg\",\"contentUrl\":\"https:\/\/www.atmosferamag.it\/wp-content\/uploads\/2022\/10\/0-HEADER-3.jpg\",\"width\":1920,\"height\":1280,\"caption\":\"Jan Van Lierde\"},{\"@type\":\"BreadcrumbList\",\"@id\":\"https:\/\/www.atmosferamag.it\/it\/il-rapporto-discreto-tra-luce-e-natura-una-conversazione-con-jan-van-lierde\/#breadcrumb\",\"itemListElement\":[{\"@type\":\"ListItem\",\"position\":1,\"name\":\"Home\",\"item\":\"https:\/\/www.atmosferamag.it\/it\/\"},{\"@type\":\"ListItem\",\"position\":2,\"name\":\"Il rapporto discreto tra luce e natura\"}]},{\"@type\":\"WebSite\",\"@id\":\"https:\/\/www.atmosferamag.it\/it\/#website\",\"url\":\"https:\/\/www.atmosferamag.it\/it\/\",\"name\":\"Atmosfera Mag\",\"description\":\"La luce in tutte le sue forme\",\"publisher\":{\"@id\":\"https:\/\/www.atmosferamag.it\/it\/#organization\"},\"potentialAction\":[{\"@type\":\"SearchAction\",\"target\":{\"@type\":\"EntryPoint\",\"urlTemplate\":\"https:\/\/www.atmosferamag.it\/it\/?s={search_term_string}\"},\"query-input\":{\"@type\":\"PropertyValueSpecification\",\"valueRequired\":true,\"valueName\":\"search_term_string\"}}],\"inLanguage\":\"it-IT\"},{\"@type\":\"Organization\",\"@id\":\"https:\/\/www.atmosferamag.it\/it\/#organization\",\"name\":\"Atmosfera Mag\",\"url\":\"https:\/\/www.atmosferamag.it\/it\/\",\"logo\":{\"@type\":\"ImageObject\",\"inLanguage\":\"it-IT\",\"@id\":\"https:\/\/www.atmosferamag.it\/it\/#\/schema\/logo\/image\/\",\"url\":\"https:\/\/www.atmosferamag.it\/wp-content\/uploads\/2022\/09\/titolo.png\",\"contentUrl\":\"https:\/\/www.atmosferamag.it\/wp-content\/uploads\/2022\/09\/titolo.png\",\"width\":2728,\"height\":406,\"caption\":\"Atmosfera Mag\"},\"image\":{\"@id\":\"https:\/\/www.atmosferamag.it\/it\/#\/schema\/logo\/image\/\"},\"sameAs\":[\"https:\/\/www.facebook.com\/people\/Atmosfera-Mag\/100086538670476\/\",\"https:\/\/www.instagram.com\/atmosferamag\/\",\"https:\/\/www.pinterest.it\/atmosfera_mag\/\"]},{\"@type\":\"Person\",\"@id\":\"https:\/\/www.atmosferamag.it\/it\/#\/schema\/person\/ab74a44bc124a0796815bc269e4939dc\",\"name\":\"Redazione AtmosferaMag\",\"image\":{\"@type\":\"ImageObject\",\"inLanguage\":\"it-IT\",\"@id\":\"https:\/\/www.atmosferamag.it\/it\/#\/schema\/person\/image\/\",\"url\":\"https:\/\/secure.gravatar.com\/avatar\/75c14bf3645779c6632cf8ba43a7dc0a35c55ddd31ef25cacf675d951cdd4015?s=96&d=mm&r=g\",\"contentUrl\":\"https:\/\/secure.gravatar.com\/avatar\/75c14bf3645779c6632cf8ba43a7dc0a35c55ddd31ef25cacf675d951cdd4015?s=96&d=mm&r=g\",\"caption\":\"Redazione AtmosferaMag\"},\"url\":\"https:\/\/www.atmosferamag.it\/it\/author\/4tm0sf3r4m4g\/\"}]}<\/script>\n<!-- \/ Yoast SEO plugin. -->","yoast_head_json":{"title":"Intervista con Jan Van Lierde su luce e natura - Atmosfera Mag","description":"Abbiamo intervistato Jan Van Lierde, il quale ci ha parlato della sua visione, in un viaggio sul rapporto tra luce e natura.","robots":{"index":"index","follow":"follow","max-snippet":"max-snippet:-1","max-image-preview":"max-image-preview:large","max-video-preview":"max-video-preview:-1"},"canonical":"https:\/\/www.atmosferamag.it\/it\/il-rapporto-discreto-tra-luce-e-natura-una-conversazione-con-jan-van-lierde\/","og_locale":"it_IT","og_type":"article","og_title":"Intervista con Jan Van Lierde su luce e natura - Atmosfera Mag","og_description":"Abbiamo intervistato Jan Van Lierde, il quale ci ha parlato della sua visione, in un viaggio sul rapporto tra luce e natura.","og_url":"https:\/\/www.atmosferamag.it\/it\/il-rapporto-discreto-tra-luce-e-natura-una-conversazione-con-jan-van-lierde\/","og_site_name":"Atmosfera Mag","article_publisher":"https:\/\/www.facebook.com\/people\/Atmosfera-Mag\/100086538670476\/","article_published_time":"2022-10-29T12:22:35+00:00","article_modified_time":"2023-02-10T11:08:46+00:00","og_image":[{"width":1920,"height":1280,"url":"https:\/\/www.atmosferamag.it\/wp-content\/uploads\/2022\/10\/0-HEADER-3.jpg","type":"image\/jpeg"}],"author":"Redazione AtmosferaMag","twitter_card":"summary_large_image","twitter_misc":{"Scritto da":"Redazione AtmosferaMag","Tempo di lettura stimato":"7 minuti"},"schema":{"@context":"https:\/\/schema.org","@graph":[{"@type":"Article","@id":"https:\/\/www.atmosferamag.it\/it\/il-rapporto-discreto-tra-luce-e-natura-una-conversazione-con-jan-van-lierde\/#article","isPartOf":{"@id":"https:\/\/www.atmosferamag.it\/it\/il-rapporto-discreto-tra-luce-e-natura-una-conversazione-con-jan-van-lierde\/"},"author":{"name":"Redazione AtmosferaMag","@id":"https:\/\/www.atmosferamag.it\/it\/#\/schema\/person\/ab74a44bc124a0796815bc269e4939dc"},"headline":"Il rapporto discreto tra luce e natura","datePublished":"2022-10-29T12:22:35+00:00","dateModified":"2023-02-10T11:08:46+00:00","mainEntityOfPage":{"@id":"https:\/\/www.atmosferamag.it\/it\/il-rapporto-discreto-tra-luce-e-natura-una-conversazione-con-jan-van-lierde\/"},"wordCount":856,"publisher":{"@id":"https:\/\/www.atmosferamag.it\/it\/#organization"},"image":{"@id":"https:\/\/www.atmosferamag.it\/it\/il-rapporto-discreto-tra-luce-e-natura-una-conversazione-con-jan-van-lierde\/#primaryimage"},"thumbnailUrl":"https:\/\/www.atmosferamag.it\/wp-content\/uploads\/2022\/10\/0-HEADER-3.jpg","articleSection":["Stories"],"inLanguage":"it-IT"},{"@type":"WebPage","@id":"https:\/\/www.atmosferamag.it\/it\/il-rapporto-discreto-tra-luce-e-natura-una-conversazione-con-jan-van-lierde\/","url":"https:\/\/www.atmosferamag.it\/it\/il-rapporto-discreto-tra-luce-e-natura-una-conversazione-con-jan-van-lierde\/","name":"Intervista con Jan Van Lierde su luce e natura - Atmosfera Mag","isPartOf":{"@id":"https:\/\/www.atmosferamag.it\/it\/#website"},"primaryImageOfPage":{"@id":"https:\/\/www.atmosferamag.it\/it\/il-rapporto-discreto-tra-luce-e-natura-una-conversazione-con-jan-van-lierde\/#primaryimage"},"image":{"@id":"https:\/\/www.atmosferamag.it\/it\/il-rapporto-discreto-tra-luce-e-natura-una-conversazione-con-jan-van-lierde\/#primaryimage"},"thumbnailUrl":"https:\/\/www.atmosferamag.it\/wp-content\/uploads\/2022\/10\/0-HEADER-3.jpg","datePublished":"2022-10-29T12:22:35+00:00","dateModified":"2023-02-10T11:08:46+00:00","description":"Abbiamo intervistato Jan Van Lierde, il quale ci ha parlato della sua visione, in un viaggio sul rapporto tra luce e natura.","breadcrumb":{"@id":"https:\/\/www.atmosferamag.it\/it\/il-rapporto-discreto-tra-luce-e-natura-una-conversazione-con-jan-van-lierde\/#breadcrumb"},"inLanguage":"it-IT","potentialAction":[{"@type":"ReadAction","target":["https:\/\/www.atmosferamag.it\/it\/il-rapporto-discreto-tra-luce-e-natura-una-conversazione-con-jan-van-lierde\/"]}]},{"@type":"ImageObject","inLanguage":"it-IT","@id":"https:\/\/www.atmosferamag.it\/it\/il-rapporto-discreto-tra-luce-e-natura-una-conversazione-con-jan-van-lierde\/#primaryimage","url":"https:\/\/www.atmosferamag.it\/wp-content\/uploads\/2022\/10\/0-HEADER-3.jpg","contentUrl":"https:\/\/www.atmosferamag.it\/wp-content\/uploads\/2022\/10\/0-HEADER-3.jpg","width":1920,"height":1280,"caption":"Jan Van Lierde"},{"@type":"BreadcrumbList","@id":"https:\/\/www.atmosferamag.it\/it\/il-rapporto-discreto-tra-luce-e-natura-una-conversazione-con-jan-van-lierde\/#breadcrumb","itemListElement":[{"@type":"ListItem","position":1,"name":"Home","item":"https:\/\/www.atmosferamag.it\/it\/"},{"@type":"ListItem","position":2,"name":"Il rapporto discreto tra luce e natura"}]},{"@type":"WebSite","@id":"https:\/\/www.atmosferamag.it\/it\/#website","url":"https:\/\/www.atmosferamag.it\/it\/","name":"Atmosfera Mag","description":"La luce in tutte le sue forme","publisher":{"@id":"https:\/\/www.atmosferamag.it\/it\/#organization"},"potentialAction":[{"@type":"SearchAction","target":{"@type":"EntryPoint","urlTemplate":"https:\/\/www.atmosferamag.it\/it\/?s={search_term_string}"},"query-input":{"@type":"PropertyValueSpecification","valueRequired":true,"valueName":"search_term_string"}}],"inLanguage":"it-IT"},{"@type":"Organization","@id":"https:\/\/www.atmosferamag.it\/it\/#organization","name":"Atmosfera Mag","url":"https:\/\/www.atmosferamag.it\/it\/","logo":{"@type":"ImageObject","inLanguage":"it-IT","@id":"https:\/\/www.atmosferamag.it\/it\/#\/schema\/logo\/image\/","url":"https:\/\/www.atmosferamag.it\/wp-content\/uploads\/2022\/09\/titolo.png","contentUrl":"https:\/\/www.atmosferamag.it\/wp-content\/uploads\/2022\/09\/titolo.png","width":2728,"height":406,"caption":"Atmosfera Mag"},"image":{"@id":"https:\/\/www.atmosferamag.it\/it\/#\/schema\/logo\/image\/"},"sameAs":["https:\/\/www.facebook.com\/people\/Atmosfera-Mag\/100086538670476\/","https:\/\/www.instagram.com\/atmosferamag\/","https:\/\/www.pinterest.it\/atmosfera_mag\/"]},{"@type":"Person","@id":"https:\/\/www.atmosferamag.it\/it\/#\/schema\/person\/ab74a44bc124a0796815bc269e4939dc","name":"Redazione AtmosferaMag","image":{"@type":"ImageObject","inLanguage":"it-IT","@id":"https:\/\/www.atmosferamag.it\/it\/#\/schema\/person\/image\/","url":"https:\/\/secure.gravatar.com\/avatar\/75c14bf3645779c6632cf8ba43a7dc0a35c55ddd31ef25cacf675d951cdd4015?s=96&d=mm&r=g","contentUrl":"https:\/\/secure.gravatar.com\/avatar\/75c14bf3645779c6632cf8ba43a7dc0a35c55ddd31ef25cacf675d951cdd4015?s=96&d=mm&r=g","caption":"Redazione AtmosferaMag"},"url":"https:\/\/www.atmosferamag.it\/it\/author\/4tm0sf3r4m4g\/"}]}},"_links":{"self":[{"href":"https:\/\/www.atmosferamag.it\/it\/wp-json\/wp\/v2\/posts\/20810","targetHints":{"allow":["GET"]}}],"collection":[{"href":"https:\/\/www.atmosferamag.it\/it\/wp-json\/wp\/v2\/posts"}],"about":[{"href":"https:\/\/www.atmosferamag.it\/it\/wp-json\/wp\/v2\/types\/post"}],"author":[{"embeddable":true,"href":"https:\/\/www.atmosferamag.it\/it\/wp-json\/wp\/v2\/users\/2"}],"replies":[{"embeddable":true,"href":"https:\/\/www.atmosferamag.it\/it\/wp-json\/wp\/v2\/comments?post=20810"}],"version-history":[{"count":45,"href":"https:\/\/www.atmosferamag.it\/it\/wp-json\/wp\/v2\/posts\/20810\/revisions"}],"predecessor-version":[{"id":26648,"href":"https:\/\/www.atmosferamag.it\/it\/wp-json\/wp\/v2\/posts\/20810\/revisions\/26648"}],"wp:featuredmedia":[{"embeddable":true,"href":"https:\/\/www.atmosferamag.it\/it\/wp-json\/wp\/v2\/media\/20838"}],"wp:attachment":[{"href":"https:\/\/www.atmosferamag.it\/it\/wp-json\/wp\/v2\/media?parent=20810"}],"wp:term":[{"taxonomy":"category","embeddable":true,"href":"https:\/\/www.atmosferamag.it\/it\/wp-json\/wp\/v2\/categories?post=20810"},{"taxonomy":"post_tag","embeddable":true,"href":"https:\/\/www.atmosferamag.it\/it\/wp-json\/wp\/v2\/tags?post=20810"}],"curies":[{"name":"wp","href":"https:\/\/api.w.org\/{rel}","templated":true}]}}